{"id":32400,"date":"2024-03-21T09:00:00","date_gmt":"2024-03-21T12:00:00","guid":{"rendered":"https:\/\/www.paudalho.pe.gov.br\/portal\/?p=32400"},"modified":"2025-01-08T00:38:14","modified_gmt":"2025-01-08T03:38:14","slug":"rg-esportivo-nas-maos-paudalho-realiza-acao-da-emissao-1-via-da-identidade-na-ultima-terca-feira-19","status":"publish","type":"post","link":"https:\/\/www.paudalho.pe.gov.br\/portal\/rg-esportivo-nas-maos-paudalho-realiza-acao-da-emissao-1-via-da-identidade-na-ultima-terca-feira-19\/","title":{"rendered":"RG Esportivo nas M\u00e3os: Paudalho realiza a\u00e7\u00e3o da emiss\u00e3o 1\u00b0 via da identidade na \u00faltima ter\u00e7a-feira (19)\u00a0"},"content":{"rendered":"\n<p>Com a proximidade da realiza\u00e7\u00e3o dos Jogos Escolares de Pernambuco &#8211; Fase Municipal, a Prefeitura do Paudalho, atrav\u00e9s da Secretaria de Educa\u00e7\u00e3o e Esportes (Seduc), em parceria com o Instituto Tavares Buril, realizou a a\u00e7\u00e3o de cidadania RG Esportivo nas m\u00e3os na \u00faltima ter\u00e7a-feira (19). A a\u00e7\u00e3o teve como objetivo garantir o direito de cidadania aos alunos e atletas da Rede Municipal de Ensino, emitindo um documento t\u00e3o importante para o brasileiro como o RG, afim de tamb\u00e9m habilitar os mesmos \u00e0 participa\u00e7\u00e3o nos jogos escolares do munic\u00edpio previsto para o m\u00eas de abril.\u00a0<\/p>\n\n\n\n<p>Sendo esta a segunda edi\u00e7\u00e3o da a\u00e7\u00e3o do munic\u00edpio, o evento contou com cerca de 50 alunos, com idades entre 6 e 17 anos.<\/p>\n\n\n\n<p>Segundo o Secret\u00e1rio Executivo de Esportes, Di\u00f3genes Porf\u00edrio, a ideia da a\u00e7\u00e3o \u00e9 tamb\u00e9m assegurar a participa\u00e7\u00e3o dos alunos nos jogos escolares, onde os mesmos necessitam estar devidamente documentados para ingressar na primeira etapa que \u00e9 a fase municipal; al\u00e9m das demais etapas, que tem por exig\u00eancia e pr\u00e9-requisito a apresenta\u00e7\u00e3o de um documento oficial com foto.\u00a0<\/p>\n\n\n\n<p>Ainda segundo o secret\u00e1rio, na primeira edi\u00e7\u00e3o da a\u00e7\u00e3o no ano de 2023, o munic\u00edpio atendeu cerca de 200 alunos, em quatro encontros diferentes. Essa foi a primeira a\u00e7\u00e3o deste ano e, em breve, outras datas ser\u00e3o lan\u00e7adas, afim de atender o m\u00e1ximo de alunos poss\u00edveis.<\/p>\n\n\n\n<figure class=\"wp-block-gallery has-nested-images columns-default is-cropped wp-block-gallery-1 is-layout-flex wp-block-gallery-is-layout-flex\">\n<figure class=\"wp-block-image size-large\"><img loading=\"lazy\" decoding=\"async\" width=\"800\" height=\"450\" data-attachment-id=\"32408\" data-permalink=\"https:\/\/www.paudalho.pe.gov.br\/portal\/rg-esportivo-nas-maos-paudalho-realiza-acao-da-emissao-1-via-da-identidade-na-ultima-terca-feira-19\/whatsapp-image-2024-03-19-at-16-06-39\/\" data-orig-file=\"https:\/\/www.paudalho.pe.gov.br\/portal\/wp-content\/uploads\/2024\/03\/WhatsApp-Image-2024-03-19-at-16.06.39.jpeg\" data-orig-size=\"1600,1200\" data-comments-opened=\"1\" data-image-meta=\"{&quot;aperture&quot;:&quot;0&quot;,&quot;credit&quot;:&quot;&quot;,&quot;camera&quot;:&quot;&quot;,&quot;caption&quot;:&quot;&quot;,&quot;created_timestamp&quot;:&quot;0&quot;,&quot;copyright&quot;:&quot;&quot;,&quot;focal_length&quot;:&quot;0&quot;,&quot;iso&quot;:&quot;0&quot;,&quot;shutter_speed&quot;:&quot;0&quot;,&quot;title&quot;:&quot;&quot;,&quot;orientation&quot;:&quot;0&quot;}\" data-image-title=\"WhatsApp Image 2024-03-19 at 16.06.39\" data-image-description=\"\" data-image-caption=\"&lt;p&gt;Cr\u00e9dito: Giovanna Lira\/PMP&lt;\/p&gt;\n\" data-medium-file=\"https:\/\/www.paudalho.pe.gov.br\/portal\/wp-content\/uploads\/2024\/03\/WhatsApp-Image-2024-03-19-at-16.06.39-350x230.jpeg\" data-large-file=\"https:\/\/www.paudalho.pe.gov.br\/portal\/wp-content\/uploads\/2024\/03\/WhatsApp-Image-2024-03-19-at-16.06.39-800x450.jpeg\" data-id=\"32408\" src=\"https:\/\/www.paudalho.pe.gov.br\/portal\/wp-content\/uploads\/2024\/03\/WhatsApp-Image-2024-03-19-at-16.06.39-800x450.jpeg\" alt=\"\" class=\"wp-image-32408\"\/><figcaption class=\"wp-element-caption\">Cr\u00e9dito: Giovanna Lira\/PMP<\/figcaption><\/figure>\n\n\n\n<figure class=\"wp-block-image size-large\"><img loading=\"lazy\" decoding=\"async\" width=\"800\" height=\"450\" data-attachment-id=\"32405\" data-permalink=\"https:\/\/www.paudalho.pe.gov.br\/portal\/rg-esportivo-nas-maos-paudalho-realiza-acao-da-emissao-1-via-da-identidade-na-ultima-terca-feira-19\/whatsapp-image-2024-03-19-at-16-06-43\/\" data-orig-file=\"https:\/\/www.paudalho.pe.gov.br\/portal\/wp-content\/uploads\/2024\/03\/WhatsApp-Image-2024-03-19-at-16.06.43.jpeg\" data-orig-size=\"1600,1200\" data-comments-opened=\"1\" data-image-meta=\"{&quot;aperture&quot;:&quot;0&quot;,&quot;credit&quot;:&quot;&quot;,&quot;camera&quot;:&quot;&quot;,&quot;caption&quot;:&quot;&quot;,&quot;created_timestamp&quot;:&quot;0&quot;,&quot;copyright&quot;:&quot;&quot;,&quot;focal_length&quot;:&quot;0&quot;,&quot;iso&quot;:&quot;0&quot;,&quot;shutter_speed&quot;:&quot;0&quot;,&quot;title&quot;:&quot;&quot;,&quot;orientation&quot;:&quot;0&quot;}\" data-image-title=\"WhatsApp Image 2024-03-19 at 16.06.43\" data-image-description=\"\" data-image-caption=\"&lt;p&gt;Cr\u00e9dito: Giovanna Lira\/PMP&lt;\/p&gt;\n\" data-medium-file=\"https:\/\/www.paudalho.pe.gov.br\/portal\/wp-content\/uploads\/2024\/03\/WhatsApp-Image-2024-03-19-at-16.06.43-350x230.jpeg\" data-large-file=\"https:\/\/www.paudalho.pe.gov.br\/portal\/wp-content\/uploads\/2024\/03\/WhatsApp-Image-2024-03-19-at-16.06.43-800x450.jpeg\" data-id=\"32405\" src=\"https:\/\/www.paudalho.pe.gov.br\/portal\/wp-content\/uploads\/2024\/03\/WhatsApp-Image-2024-03-19-at-16.06.43-800x450.jpeg\" alt=\"\" class=\"wp-image-32405\"\/><figcaption class=\"wp-element-caption\">Cr\u00e9dito: Giovanna Lira\/PMP<\/figcaption><\/figure>\n\n\n\n<figure class=\"wp-block-image size-large\"><img loading=\"lazy\" decoding=\"async\" width=\"800\" height=\"450\" data-attachment-id=\"32406\" data-permalink=\"https:\/\/www.paudalho.pe.gov.br\/portal\/rg-esportivo-nas-maos-paudalho-realiza-acao-da-emissao-1-via-da-identidade-na-ultima-terca-feira-19\/whatsapp-image-2024-03-19-at-16-06-44\/\" data-orig-file=\"https:\/\/www.paudalho.pe.gov.br\/portal\/wp-content\/uploads\/2024\/03\/WhatsApp-Image-2024-03-19-at-16.06.44.jpeg\" data-orig-size=\"1600,1200\" data-comments-opened=\"1\" data-image-meta=\"{&quot;aperture&quot;:&quot;0&quot;,&quot;credit&quot;:&quot;&quot;,&quot;camera&quot;:&quot;&quot;,&quot;caption&quot;:&quot;&quot;,&quot;created_timestamp&quot;:&quot;0&quot;,&quot;copyright&quot;:&quot;&quot;,&quot;focal_length&quot;:&quot;0&quot;,&quot;iso&quot;:&quot;0&quot;,&quot;shutter_speed&quot;:&quot;0&quot;,&quot;title&quot;:&quot;&quot;,&quot;orientation&quot;:&quot;0&quot;}\" data-image-title=\"WhatsApp Image 2024-03-19 at 16.06.44\" data-image-description=\"\" data-image-caption=\"&lt;p&gt;Cr\u00e9dito: Giovanna Lira\/PMP&lt;\/p&gt;\n\" data-medium-file=\"https:\/\/www.paudalho.pe.gov.br\/portal\/wp-content\/uploads\/2024\/03\/WhatsApp-Image-2024-03-19-at-16.06.44-350x230.jpeg\" data-large-file=\"https:\/\/www.paudalho.pe.gov.br\/portal\/wp-content\/uploads\/2024\/03\/WhatsApp-Image-2024-03-19-at-16.06.44-800x450.jpeg\" data-id=\"32406\" src=\"https:\/\/www.paudalho.pe.gov.br\/portal\/wp-content\/uploads\/2024\/03\/WhatsApp-Image-2024-03-19-at-16.06.44-800x450.jpeg\" alt=\"\" class=\"wp-image-32406\"\/><figcaption class=\"wp-element-caption\">Cr\u00e9dito: Giovanna Lira\/PMP<\/figcaption><\/figure>\n\n\n\n<figure class=\"wp-block-image size-large\"><img loading=\"lazy\" decoding=\"async\" width=\"800\" height=\"450\" data-attachment-id=\"32409\" data-permalink=\"https:\/\/www.paudalho.pe.gov.br\/portal\/rg-esportivo-nas-maos-paudalho-realiza-acao-da-emissao-1-via-da-identidade-na-ultima-terca-feira-19\/whatsapp-image-2024-03-19-at-16-06-40\/\" data-orig-file=\"https:\/\/www.paudalho.pe.gov.br\/portal\/wp-content\/uploads\/2024\/03\/WhatsApp-Image-2024-03-19-at-16.06.40.jpeg\" data-orig-size=\"1600,1200\" data-comments-opened=\"1\" data-image-meta=\"{&quot;aperture&quot;:&quot;0&quot;,&quot;credit&quot;:&quot;&quot;,&quot;camera&quot;:&quot;&quot;,&quot;caption&quot;:&quot;&quot;,&quot;created_timestamp&quot;:&quot;0&quot;,&quot;copyright&quot;:&quot;&quot;,&quot;focal_length&quot;:&quot;0&quot;,&quot;iso&quot;:&quot;0&quot;,&quot;shutter_speed&quot;:&quot;0&quot;,&quot;title&quot;:&quot;&quot;,&quot;orientation&quot;:&quot;0&quot;}\" data-image-title=\"WhatsApp Image 2024-03-19 at 16.06.40\" data-image-description=\"\" data-image-caption=\"&lt;p&gt;Cr\u00e9dito: Giovanna Lira\/PMP&lt;\/p&gt;\n\" data-medium-file=\"https:\/\/www.paudalho.pe.gov.br\/portal\/wp-content\/uploads\/2024\/03\/WhatsApp-Image-2024-03-19-at-16.06.40-350x230.jpeg\" data-large-file=\"https:\/\/www.paudalho.pe.gov.br\/portal\/wp-content\/uploads\/2024\/03\/WhatsApp-Image-2024-03-19-at-16.06.40-800x450.jpeg\" data-id=\"32409\" src=\"https:\/\/www.paudalho.pe.gov.br\/portal\/wp-content\/uploads\/2024\/03\/WhatsApp-Image-2024-03-19-at-16.06.40-800x450.jpeg\" alt=\"\" class=\"wp-image-32409\"\/><figcaption class=\"wp-element-caption\">Cr\u00e9dito: Giovanna Lira\/PMP<\/figcaption><\/figure>\n\n\n\n<figure class=\"wp-block-image size-large\"><img loading=\"lazy\" decoding=\"async\" width=\"800\" height=\"450\" data-attachment-id=\"32404\" data-permalink=\"https:\/\/www.paudalho.pe.gov.br\/portal\/rg-esportivo-nas-maos-paudalho-realiza-acao-da-emissao-1-via-da-identidade-na-ultima-terca-feira-19\/whatsapp-image-2024-03-19-at-16-06-43-1\/\" data-orig-file=\"https:\/\/www.paudalho.pe.gov.br\/portal\/wp-content\/uploads\/2024\/03\/WhatsApp-Image-2024-03-19-at-16.06.43-1.jpeg\" data-orig-size=\"1600,1200\" data-comments-opened=\"1\" data-image-meta=\"{&quot;aperture&quot;:&quot;0&quot;,&quot;credit&quot;:&quot;&quot;,&quot;camera&quot;:&quot;&quot;,&quot;caption&quot;:&quot;&quot;,&quot;created_timestamp&quot;:&quot;0&quot;,&quot;copyright&quot;:&quot;&quot;,&quot;focal_length&quot;:&quot;0&quot;,&quot;iso&quot;:&quot;0&quot;,&quot;shutter_speed&quot;:&quot;0&quot;,&quot;title&quot;:&quot;&quot;,&quot;orientation&quot;:&quot;0&quot;}\" data-image-title=\"WhatsApp Image 2024-03-19 at 16.06.43 (1)\" data-image-description=\"\" data-image-caption=\"&lt;p&gt;Cr\u00e9dito: Giovanna Lira\/PMP&lt;\/p&gt;\n\" data-medium-file=\"https:\/\/www.paudalho.pe.gov.br\/portal\/wp-content\/uploads\/2024\/03\/WhatsApp-Image-2024-03-19-at-16.06.43-1-350x230.jpeg\" data-large-file=\"https:\/\/www.paudalho.pe.gov.br\/portal\/wp-content\/uploads\/2024\/03\/WhatsApp-Image-2024-03-19-at-16.06.43-1-800x450.jpeg\" data-id=\"32404\" src=\"https:\/\/www.paudalho.pe.gov.br\/portal\/wp-content\/uploads\/2024\/03\/WhatsApp-Image-2024-03-19-at-16.06.43-1-800x450.jpeg\" alt=\"\" class=\"wp-image-32404\"\/><figcaption class=\"wp-element-caption\">Cr\u00e9dito: Giovanna Lira\/PMP<\/figcaption><\/figure>\n\n\n\n<figure class=\"wp-block-image size-large\"><img loading=\"lazy\" decoding=\"async\" width=\"800\" height=\"450\" data-attachment-id=\"32403\" data-permalink=\"https:\/\/www.paudalho.pe.gov.br\/portal\/rg-esportivo-nas-maos-paudalho-realiza-acao-da-emissao-1-via-da-identidade-na-ultima-terca-feira-19\/whatsapp-image-2024-03-19-at-16-06-42\/\" data-orig-file=\"https:\/\/www.paudalho.pe.gov.br\/portal\/wp-content\/uploads\/2024\/03\/WhatsApp-Image-2024-03-19-at-16.06.42.jpeg\" data-orig-size=\"1600,1200\" data-comments-opened=\"1\" data-image-meta=\"{&quot;aperture&quot;:&quot;0&quot;,&quot;credit&quot;:&quot;&quot;,&quot;camera&quot;:&quot;&quot;,&quot;caption&quot;:&quot;&quot;,&quot;created_timestamp&quot;:&quot;0&quot;,&quot;copyright&quot;:&quot;&quot;,&quot;focal_length&quot;:&quot;0&quot;,&quot;iso&quot;:&quot;0&quot;,&quot;shutter_speed&quot;:&quot;0&quot;,&quot;title&quot;:&quot;&quot;,&quot;orientation&quot;:&quot;0&quot;}\" data-image-title=\"WhatsApp Image 2024-03-19 at 16.06.42\" data-image-description=\"\" data-image-caption=\"&lt;p&gt;Cr\u00e9dito: Giovanna Lira\/PMP&lt;\/p&gt;\n\" data-medium-file=\"https:\/\/www.paudalho.pe.gov.br\/portal\/wp-content\/uploads\/2024\/03\/WhatsApp-Image-2024-03-19-at-16.06.42-350x230.jpeg\" data-large-file=\"https:\/\/www.paudalho.pe.gov.br\/portal\/wp-content\/uploads\/2024\/03\/WhatsApp-Image-2024-03-19-at-16.06.42-800x450.jpeg\" data-id=\"32403\" src=\"https:\/\/www.paudalho.pe.gov.br\/portal\/wp-content\/uploads\/2024\/03\/WhatsApp-Image-2024-03-19-at-16.06.42-800x450.jpeg\" alt=\"\" class=\"wp-image-32403\"\/><figcaption class=\"wp-element-caption\">Cr\u00e9dito: Giovanna Lira\/PMP<\/figcaption><\/figure>\n\n\n\n<figure class=\"wp-block-image size-large\"><img loading=\"lazy\" decoding=\"async\" width=\"800\" height=\"450\" data-attachment-id=\"32402\" data-permalink=\"https:\/\/www.paudalho.pe.gov.br\/portal\/rg-esportivo-nas-maos-paudalho-realiza-acao-da-emissao-1-via-da-identidade-na-ultima-terca-feira-19\/whatsapp-image-2024-03-19-at-16-06-41\/\" data-orig-file=\"https:\/\/www.paudalho.pe.gov.br\/portal\/wp-content\/uploads\/2024\/03\/WhatsApp-Image-2024-03-19-at-16.06.41.jpeg\" data-orig-size=\"1600,1200\" data-comments-opened=\"1\" data-image-meta=\"{&quot;aperture&quot;:&quot;0&quot;,&quot;credit&quot;:&quot;&quot;,&quot;camera&quot;:&quot;&quot;,&quot;caption&quot;:&quot;&quot;,&quot;created_timestamp&quot;:&quot;0&quot;,&quot;copyright&quot;:&quot;&quot;,&quot;focal_length&quot;:&quot;0&quot;,&quot;iso&quot;:&quot;0&quot;,&quot;shutter_speed&quot;:&quot;0&quot;,&quot;title&quot;:&quot;&quot;,&quot;orientation&quot;:&quot;0&quot;}\" data-image-title=\"WhatsApp Image 2024-03-19 at 16.06.41\" data-image-description=\"\" data-image-caption=\"&lt;p&gt;Cr\u00e9dito: Giovanna Lira\/PMP&lt;\/p&gt;\n\" data-medium-file=\"https:\/\/www.paudalho.pe.gov.br\/portal\/wp-content\/uploads\/2024\/03\/WhatsApp-Image-2024-03-19-at-16.06.41-350x230.jpeg\" data-large-file=\"https:\/\/www.paudalho.pe.gov.br\/portal\/wp-content\/uploads\/2024\/03\/WhatsApp-Image-2024-03-19-at-16.06.41-800x450.jpeg\" data-id=\"32402\" src=\"https:\/\/www.paudalho.pe.gov.br\/portal\/wp-content\/uploads\/2024\/03\/WhatsApp-Image-2024-03-19-at-16.06.41-800x450.jpeg\" alt=\"\" class=\"wp-image-32402\"\/><figcaption class=\"wp-element-caption\">Cr\u00e9dito: Giovanna Lira\/PMP<\/figcaption><\/figure>\n\n\n\n<figure class=\"wp-block-image size-large\"><img loading=\"lazy\" decoding=\"async\" width=\"800\" height=\"450\" data-attachment-id=\"32401\" data-permalink=\"https:\/\/www.paudalho.pe.gov.br\/portal\/rg-esportivo-nas-maos-paudalho-realiza-acao-da-emissao-1-via-da-identidade-na-ultima-terca-feira-19\/rg-esportivo-nas-maos-educacao-e-esportes\/\" data-orig-file=\"https:\/\/www.paudalho.pe.gov.br\/portal\/wp-content\/uploads\/2024\/03\/RG-ESPORTIVO-NAS-MAOS-EDUCACAO-E-ESPORTES.jpeg\" data-orig-size=\"1600,1200\" data-comments-opened=\"1\" data-image-meta=\"{&quot;aperture&quot;:&quot;0&quot;,&quot;credit&quot;:&quot;&quot;,&quot;camera&quot;:&quot;&quot;,&quot;caption&quot;:&quot;&quot;,&quot;created_timestamp&quot;:&quot;0&quot;,&quot;copyright&quot;:&quot;&quot;,&quot;focal_length&quot;:&quot;0&quot;,&quot;iso&quot;:&quot;0&quot;,&quot;shutter_speed&quot;:&quot;0&quot;,&quot;title&quot;:&quot;&quot;,&quot;orientation&quot;:&quot;0&quot;}\" data-image-title=\"RG ESPORTIVO NAS M\u00c3OS EDUCA\u00c7\u00c3O E ESPORTES\" data-image-description=\"\" data-image-caption=\"&lt;p&gt;Cr\u00e9dito: Giovanna Lira\/PMP&lt;\/p&gt;\n\" data-medium-file=\"https:\/\/www.paudalho.pe.gov.br\/portal\/wp-content\/uploads\/2024\/03\/RG-ESPORTIVO-NAS-MAOS-EDUCACAO-E-ESPORTES-350x230.jpeg\" data-large-file=\"https:\/\/www.paudalho.pe.gov.br\/portal\/wp-content\/uploads\/2024\/03\/RG-ESPORTIVO-NAS-MAOS-EDUCACAO-E-ESPORTES-800x450.jpeg\" data-id=\"32401\" src=\"https:\/\/www.paudalho.pe.gov.br\/portal\/wp-content\/uploads\/2024\/03\/RG-ESPORTIVO-NAS-MAOS-EDUCACAO-E-ESPORTES-800x450.jpeg\" alt=\"\" class=\"wp-image-32401\"\/><figcaption class=\"wp-element-caption\">Cr\u00e9dito: Giovanna Lira\/PMP<\/figcaption><\/figure>\n<\/figure>\n","protected":false},"excerpt":{"rendered":"<p>Com a proximidade da realiza\u00e7\u00e3o dos Jogos Escolares de Pernambuco &#8211; Fase Municipal, a Prefeitura do Paudalho, atrav\u00e9s da Secretaria de Educa\u00e7\u00e3o e Esportes (Seduc), em parceria com o Instituto Tavares Buril, realizou a a\u00e7\u00e3o de cidadania RG Esportivo nas m\u00e3os na \u00faltima ter\u00e7a-feira (19). A a\u00e7\u00e3o teve como objetivo garantir o direito de cidadania [&hellip;]<\/p>\n","protected":false},"author":10,"featured_media":32407,"comment_status":"open","ping_status":"open","sticky":false,"template":"","format":"standard","meta":{"_jetpack_newsletter_access":"","_jetpack_dont_email_post_to_subs":false,"_jetpack_newsletter_tier_id":0,"_jetpack_memberships_contains_paywalled_content":false,"_jetpack_memberships_contains_paid_content":false,"footnotes":""},"categories":[2,520,4,7,1],"tags":[30,121,282,53,22,1431,106],"class_list":["post-32400","post","type-post","status-publish","format-standard","has-post-thumbnail","hentry","category-destaque","category-educacao-2","category-educacao","category-esportes","category-noticias","tag-educacao","tag-esporte","tag-esportes","tag-esportes-paudalho","tag-prefeitura-do-paudalho","tag-rg-esportivo-nas-maos","tag-secretaria-de-educacao"],"jetpack_featured_media_url":"https:\/\/www.paudalho.pe.gov.br\/portal\/wp-content\/uploads\/2024\/03\/WhatsApp-Image-2024-03-19-at-16.06.38-e1710960974912.jpeg","jetpack_sharing_enabled":true,"jetpack_shortlink":"https:\/\/wp.me\/p98mS2-8qA","_links":{"self":[{"href":"https:\/\/www.paudalho.pe.gov.br\/portal\/wp-json\/wp\/v2\/posts\/32400","targetHints":{"allow":["GET"]}}],"collection":[{"href":"https:\/\/www.paudalho.pe.gov.br\/portal\/wp-json\/wp\/v2\/posts"}],"about":[{"href":"https:\/\/www.paudalho.pe.gov.br\/portal\/wp-json\/wp\/v2\/types\/post"}],"author":[{"embeddable":true,"href":"https:\/\/www.paudalho.pe.gov.br\/portal\/wp-json\/wp\/v2\/users\/10"}],"replies":[{"embeddable":true,"href":"https:\/\/www.paudalho.pe.gov.br\/portal\/wp-json\/wp\/v2\/comments?post=32400"}],"version-history":[{"count":3,"href":"https:\/\/www.paudalho.pe.gov.br\/portal\/wp-json\/wp\/v2\/posts\/32400\/revisions"}],"predecessor-version":[{"id":32414,"href":"https:\/\/www.paudalho.pe.gov.br\/portal\/wp-json\/wp\/v2\/posts\/32400\/revisions\/32414"}],"wp:featuredmedia":[{"embeddable":true,"href":"https:\/\/www.paudalho.pe.gov.br\/portal\/wp-json\/wp\/v2\/media\/32407"}],"wp:attachment":[{"href":"https:\/\/www.paudalho.pe.gov.br\/portal\/wp-json\/wp\/v2\/media?parent=32400"}],"wp:term":[{"taxonomy":"category","embeddable":true,"href":"https:\/\/www.paudalho.pe.gov.br\/portal\/wp-json\/wp\/v2\/categories?post=32400"},{"taxonomy":"post_tag","embeddable":true,"href":"https:\/\/www.paudalho.pe.gov.br\/portal\/wp-json\/wp\/v2\/tags?post=32400"}],"curies":[{"name":"wp","href":"https:\/\/api.w.org\/{rel}","templated":true}]}}