{"id":32394,"date":"2024-03-21T09:43:47","date_gmt":"2024-03-21T12:43:47","guid":{"rendered":"https:\/\/www.paudalho.pe.gov.br\/portal\/?p=32394"},"modified":"2025-01-08T00:38:13","modified_gmt":"2025-01-08T03:38:13","slug":"implementando-o-ensino-integral-paudalho-avanca-na-educacao-com-o-programa-educacao-integral","status":"publish","type":"post","link":"https:\/\/www.paudalho.pe.gov.br\/portal\/implementando-o-ensino-integral-paudalho-avanca-na-educacao-com-o-programa-educacao-integral\/","title":{"rendered":"Implementando o ensino integral, Paudalho avan\u00e7a na educa\u00e7\u00e3o com o Programa Educa\u00e7\u00e3o Integral"},"content":{"rendered":"\n<p>Ingl\u00eas, espanhol, italiano, letramento financeiro e educa\u00e7\u00e3o ambiental s\u00e3o algumas das disciplinas eletivas ofertadas no novo programa nacional Educa\u00e7\u00e3o Integral, implementado pela Prefeitura de Paudalho, atrav\u00e9s da Secretaria de Educa\u00e7\u00e3o e Esportes do munic\u00edpio. Com o objetivo de transformar as escolas municipais em escolas em tempo integral, o programa nacional j\u00e1 est\u00e1 em atua\u00e7\u00e3o no munic\u00edpio &#8211; sendo uma das primeiras cidades da Mata Norte a executar o programa &#8211; , com tr\u00eas escolas em fase piloto: as Escolas Municipais Eliza Fidelis da Silva, Sinh\u00f4 Bandeira (ambas com as turmas dos Anos Finais do 6\u00ba ao 9\u00ba ano) e Paulo VI (com as turmas dos Anos Iniciais do 1\u00ba ao 5\u00ba ano).&nbsp;<\/p>\n\n\n\n<p>Al\u00e9m de seguir a grade curricular nacional do Ensino Fundamental, as escolas integrais da fase piloto disp\u00f5em de aulas eletivas de ingl\u00eas, espanhol e italiano; racioc\u00ednio l\u00f3gico; direitos humanos; protagonismo juvenil; pr\u00e1ticas culturais; pr\u00e1ticas esportivas como artes marciais, xadrez, futsal, v\u00f4lei, entre outras; al\u00e9m de oficinas de letramento financeiro, matem\u00e1tica, artes, leitura e de educa\u00e7\u00e3o ambiental.<\/p>\n\n\n\n<p>\u201cEu &#8216;to&#8217; gostando bastante do ensino integral, que \u2018t\u00e1\u2019 dando para a pessoa aprender bem mais [&#8230;] Est\u00e1 tendo nove aulas, que antes era cinco\u201d, destacou Jos\u00e9 Washington, de 14 anos, aluno do nono ano da Escola Municipal Sinh\u00f4 Bandeira, que ressaltou como a variedade nas aulas eletivas vem sendo positiva no ensino dos estudantes.\u201dPra n\u00e3o ficar naquela de s\u00f3 aula de matem\u00e1tica, est\u00e1 tendo eletivas, aulas na quadra que eu tamb\u00e9m gosto muito. E \u00e9 isso, estou gostando bastante do ensino integral\u201d, finalizou.<\/p>\n\n\n\n<p>Funcionando das 7h30 \u00e0s 16h40, o Programa garante pluralidade no ensino pedag\u00f3gico municipal, enriquecimento no curr\u00edculo dos estudantes e alimenta\u00e7\u00e3o de qualidade para os alunos, com tr\u00eas refei\u00e7\u00f5es di\u00e1rias.<\/p>\n\n\n\n<p>Antes da pandemia de 2020, o munic\u00edpio j\u00e1 contava com escolas semi-integrais, afim de potencializar a educa\u00e7\u00e3o local. Neste ano, abra\u00e7ando o programa nacional Escola Integral, o munic\u00edpio decidiu ampliar o funcionamento transformando as escolas semi-integrais em integrais e englobando mais uma escola ao programa. A secret\u00e1ria de Educa\u00e7\u00e3o e Esporte de Paudalho, Paula Marinho, destaca as melhorias no desenvolvimento infantil atrav\u00e9s do novo programa. \u201dA escola \u00e9 um lugar de forma\u00e7\u00e3o do ser humano como um todo e deve atuar pensando nessa singularidade do estudante, por isso, mesmo antes da pandemia, n\u00f3s j\u00e1 hav\u00edamos implantando o projeto de escolas semi-integrais visando atuar com os alunos paudalhenses essa quest\u00e3o [&#8230;] Agora, n\u00f3s abra\u00e7amos o programa nacional e seguimos trabalhando com as crian\u00e7as tanto o ensino tradicional, com a grade curricular nacional, como com atividades que v\u00e3o ajudar no desenvolvimento interpessoal, f\u00edsico, na sa\u00fade f\u00edsica e mental dos estudantes.\u201d, pontuou.<\/p>\n","protected":false},"excerpt":{"rendered":"<p>Ingl\u00eas, espanhol, italiano, letramento financeiro e educa\u00e7\u00e3o ambiental s\u00e3o algumas das disciplinas eletivas ofertadas no novo programa nacional Educa\u00e7\u00e3o Integral, implementado pela Prefeitura de Paudalho, atrav\u00e9s da Secretaria de Educa\u00e7\u00e3o e Esportes do munic\u00edpio. Com o objetivo de transformar as escolas municipais em escolas em tempo integral, o programa nacional j\u00e1 est\u00e1 em atua\u00e7\u00e3o no [&hellip;]<\/p>\n","protected":false},"author":10,"featured_media":26294,"comment_status":"open","ping_status":"open","sticky":false,"template":"","format":"standard","meta":{"_jetpack_newsletter_access":"","_jetpack_dont_email_post_to_subs":false,"_jetpack_newsletter_tier_id":0,"_jetpack_memberships_contains_paywalled_content":false,"_jetpack_memberships_contains_paid_content":false,"footnotes":""},"categories":[2,520,4,1,588],"tags":[30,374,75,1428,14,22,1429,106],"class_list":["post-32394","post","type-post","status-publish","format-standard","has-post-thumbnail","hentry","category-destaque","category-educacao-2","category-educacao","category-noticias","category-projetos-e-programas","tag-educacao","tag-escola","tag-escolas","tag-escolas-integrais","tag-paudalho","tag-prefeitura-do-paudalho","tag-programa-educacao-integral","tag-secretaria-de-educacao"],"jetpack_featured_media_url":"https:\/\/www.paudalho.pe.gov.br\/portal\/wp-content\/uploads\/2023\/08\/PAUDALHO-IDEPE-scaled.jpg","jetpack_sharing_enabled":true,"jetpack_shortlink":"https:\/\/wp.me\/p98mS2-8qu","_links":{"self":[{"href":"https:\/\/www.paudalho.pe.gov.br\/portal\/wp-json\/wp\/v2\/posts\/32394","targetHints":{"allow":["GET"]}}],"collection":[{"href":"https:\/\/www.paudalho.pe.gov.br\/portal\/wp-json\/wp\/v2\/posts"}],"about":[{"href":"https:\/\/www.paudalho.pe.gov.br\/portal\/wp-json\/wp\/v2\/types\/post"}],"author":[{"embeddable":true,"href":"https:\/\/www.paudalho.pe.gov.br\/portal\/wp-json\/wp\/v2\/users\/10"}],"replies":[{"embeddable":true,"href":"https:\/\/www.paudalho.pe.gov.br\/portal\/wp-json\/wp\/v2\/comments?post=32394"}],"version-history":[{"count":2,"href":"https:\/\/www.paudalho.pe.gov.br\/portal\/wp-json\/wp\/v2\/posts\/32394\/revisions"}],"predecessor-version":[{"id":32411,"href":"https:\/\/www.paudalho.pe.gov.br\/portal\/wp-json\/wp\/v2\/posts\/32394\/revisions\/32411"}],"wp:featuredmedia":[{"embeddable":true,"href":"https:\/\/www.paudalho.pe.gov.br\/portal\/wp-json\/wp\/v2\/media\/26294"}],"wp:attachment":[{"href":"https:\/\/www.paudalho.pe.gov.br\/portal\/wp-json\/wp\/v2\/media?parent=32394"}],"wp:term":[{"taxonomy":"category","embeddable":true,"href":"https:\/\/www.paudalho.pe.gov.br\/portal\/wp-json\/wp\/v2\/categories?post=32394"},{"taxonomy":"post_tag","embeddable":true,"href":"https:\/\/www.paudalho.pe.gov.br\/portal\/wp-json\/wp\/v2\/tags?post=32394"}],"curies":[{"name":"wp","href":"https:\/\/api.w.org\/{rel}","templated":true}]}}