{"id":3227,"date":"2018-06-26T10:48:59","date_gmt":"2018-06-26T13:48:59","guid":{"rendered":"http:\/\/www.paudalho.pe.gov.br\/portal\/?p=3227"},"modified":"2018-06-26T10:53:00","modified_gmt":"2018-06-26T13:53:00","slug":"escolas-municipais-do-paudalho-comemoram-os-festejos-juninos","status":"publish","type":"post","link":"https:\/\/www.paudalho.pe.gov.br\/portal\/escolas-municipais-do-paudalho-comemoram-os-festejos-juninos\/","title":{"rendered":"Escolas Municipais do Paudalho comemoram os festejos juninos"},"content":{"rendered":"<p>Com o objetivo de introduzir a cultura no aprendizado dos alunos do Munic\u00edpio, a Prefeitura do Paudalho realiza at\u00e9 o dia 14 de julho as celebra\u00e7\u00f5es juninas nas unidades de ensino Municipais. Os festejos come\u00e7aram na \u00faltima quinta-feira (21), nas Escolas Municipais Paulo VI, Jo\u00e3o Francisco Bezerra e Maria de F\u00e1tima, al\u00e9m do Col\u00e9gio Municipal Tancredo Neves.<\/p>\n<div id=\"attachment_3230\" style=\"width: 540px\" class=\"wp-caption alignnone\"><img loading=\"lazy\" decoding=\"async\" aria-describedby=\"caption-attachment-3230\" data-attachment-id=\"3230\" data-permalink=\"https:\/\/www.paudalho.pe.gov.br\/portal\/escolas-municipais-do-paudalho-comemoram-os-festejos-juninos\/b9e17cee-ee09-4843-9a27-8d0fcd614197\/\" data-orig-file=\"https:\/\/www.paudalho.pe.gov.br\/portal\/wp-content\/uploads\/2018\/06\/b9e17cee-ee09-4843-9a27-8d0fcd614197.jpg\" data-orig-size=\"780,780\" data-comments-opened=\"1\" data-image-meta=\"{&quot;aperture&quot;:&quot;0&quot;,&quot;credit&quot;:&quot;&quot;,&quot;camera&quot;:&quot;&quot;,&quot;caption&quot;:&quot;&quot;,&quot;created_timestamp&quot;:&quot;0&quot;,&quot;copyright&quot;:&quot;&quot;,&quot;focal_length&quot;:&quot;0&quot;,&quot;iso&quot;:&quot;0&quot;,&quot;shutter_speed&quot;:&quot;0&quot;,&quot;title&quot;:&quot;&quot;,&quot;orientation&quot;:&quot;0&quot;}\" data-image-title=\"b9e17cee-ee09-4843-9a27-8d0fcd614197\" data-image-description=\"\" data-image-caption=\"&lt;p&gt;Foto: Thales K\u00edrion &lt;\/p&gt;\n\" data-medium-file=\"https:\/\/www.paudalho.pe.gov.br\/portal\/wp-content\/uploads\/2018\/06\/b9e17cee-ee09-4843-9a27-8d0fcd614197-350x230.jpg\" data-large-file=\"https:\/\/www.paudalho.pe.gov.br\/portal\/wp-content\/uploads\/2018\/06\/b9e17cee-ee09-4843-9a27-8d0fcd614197-780x450.jpg\" class=\" wp-image-3230\" src=\"http:\/\/www.paudalho.pe.gov.br\/portal\/wp-content\/uploads\/2018\/06\/b9e17cee-ee09-4843-9a27-8d0fcd614197-350x230.jpg\" alt=\"\" width=\"530\" height=\"348\" \/><p id=\"caption-attachment-3230\" class=\"wp-caption-text\">Foto: Thales K\u00edrion\/PMP<\/p><\/div>\n<p>Rosa Santana, de 39 anos, \u00e9 m\u00e3e dos alunos Franciele, de 14 anos, Adrielly, 10, e Adriene, de 6. A moradora do Paudalho elogiou a programa\u00e7\u00e3o afirmando que a programa\u00e7\u00e3o proporciona um divertimento seguro. \u201cEst\u00e1 muito organizado, muito bom. Gostei muito. Eu acho importante fazer as festas juninas na escola, porque tem mais seguran\u00e7a\u201d, comentou.<\/p>\n<div id=\"attachment_3229\" style=\"width: 540px\" class=\"wp-caption alignnone\"><img loading=\"lazy\" decoding=\"async\" aria-describedby=\"caption-attachment-3229\" data-attachment-id=\"3229\" data-permalink=\"https:\/\/www.paudalho.pe.gov.br\/portal\/escolas-municipais-do-paudalho-comemoram-os-festejos-juninos\/7f38afe4-d86b-4bea-929b-a59848d3175c\/\" data-orig-file=\"https:\/\/www.paudalho.pe.gov.br\/portal\/wp-content\/uploads\/2018\/06\/7f38afe4-d86b-4bea-929b-a59848d3175c.jpg\" data-orig-size=\"1040,780\" data-comments-opened=\"1\" data-image-meta=\"{&quot;aperture&quot;:&quot;0&quot;,&quot;credit&quot;:&quot;&quot;,&quot;camera&quot;:&quot;&quot;,&quot;caption&quot;:&quot;&quot;,&quot;created_timestamp&quot;:&quot;0&quot;,&quot;copyright&quot;:&quot;&quot;,&quot;focal_length&quot;:&quot;0&quot;,&quot;iso&quot;:&quot;0&quot;,&quot;shutter_speed&quot;:&quot;0&quot;,&quot;title&quot;:&quot;&quot;,&quot;orientation&quot;:&quot;0&quot;}\" data-image-title=\"7f38afe4-d86b-4bea-929b-a59848d3175c\" data-image-description=\"\" data-image-caption=\"\" data-medium-file=\"https:\/\/www.paudalho.pe.gov.br\/portal\/wp-content\/uploads\/2018\/06\/7f38afe4-d86b-4bea-929b-a59848d3175c-350x230.jpg\" data-large-file=\"https:\/\/www.paudalho.pe.gov.br\/portal\/wp-content\/uploads\/2018\/06\/7f38afe4-d86b-4bea-929b-a59848d3175c-800x450.jpg\" class=\"wp-image-3229\" src=\"http:\/\/www.paudalho.pe.gov.br\/portal\/wp-content\/uploads\/2018\/06\/7f38afe4-d86b-4bea-929b-a59848d3175c-350x230.jpg\" alt=\"\" width=\"530\" height=\"348\" \/><p id=\"caption-attachment-3229\" class=\"wp-caption-text\">Foto: Thales K\u00edrion\/PMP<\/p><\/div>\n<p>O prefeito do Munic\u00edpio, Marcelo Gouveia, destacou a import\u00e2ncia da programa\u00e7\u00e3o. \u201c\u00c9 importante a gente participar e promover o S\u00e3o Jo\u00e3o nas escolas porque a cultura \u00e9 inserida no aprendizado das crian\u00e7as. O S\u00e3o Jo\u00e3o das Tradi\u00e7\u00f5es \u00e9 o S\u00e3o Jo\u00e3o democr\u00e1tico que atinge a todos. Estou muito feliz!\u201d, disse.<\/p>\n<p>&nbsp;<\/p>\n<p>E os festejos seguem ocorrendo em todo o Munic\u00edpio. <strong>Confira a lista:<\/strong><\/p>\n<h2><strong>Sexta-feira \u2013 22 de junho<\/strong><\/h2>\n<div id=\"attachment_3232\" style=\"width: 538px\" class=\"wp-caption alignnone\"><img loading=\"lazy\" decoding=\"async\" aria-describedby=\"caption-attachment-3232\" data-attachment-id=\"3232\" data-permalink=\"https:\/\/www.paudalho.pe.gov.br\/portal\/escolas-municipais-do-paudalho-comemoram-os-festejos-juninos\/4cc52412-c9bb-48c5-b884-8dfe7e4dcda1\/\" data-orig-file=\"https:\/\/www.paudalho.pe.gov.br\/portal\/wp-content\/uploads\/2018\/06\/4cc52412-c9bb-48c5-b884-8dfe7e4dcda1.jpg\" data-orig-size=\"780,780\" data-comments-opened=\"1\" data-image-meta=\"{&quot;aperture&quot;:&quot;0&quot;,&quot;credit&quot;:&quot;&quot;,&quot;camera&quot;:&quot;&quot;,&quot;caption&quot;:&quot;&quot;,&quot;created_timestamp&quot;:&quot;0&quot;,&quot;copyright&quot;:&quot;&quot;,&quot;focal_length&quot;:&quot;0&quot;,&quot;iso&quot;:&quot;0&quot;,&quot;shutter_speed&quot;:&quot;0&quot;,&quot;title&quot;:&quot;&quot;,&quot;orientation&quot;:&quot;0&quot;}\" data-image-title=\"4cc52412-c9bb-48c5-b884-8dfe7e4dcda1\" data-image-description=\"\" data-image-caption=\"&lt;p&gt;Foto: Thales K\u00edrion\/PMP&lt;\/p&gt;\n\" data-medium-file=\"https:\/\/www.paudalho.pe.gov.br\/portal\/wp-content\/uploads\/2018\/06\/4cc52412-c9bb-48c5-b884-8dfe7e4dcda1-350x230.jpg\" data-large-file=\"https:\/\/www.paudalho.pe.gov.br\/portal\/wp-content\/uploads\/2018\/06\/4cc52412-c9bb-48c5-b884-8dfe7e4dcda1-780x450.jpg\" class=\" wp-image-3232\" src=\"http:\/\/www.paudalho.pe.gov.br\/portal\/wp-content\/uploads\/2018\/06\/4cc52412-c9bb-48c5-b884-8dfe7e4dcda1-350x230.jpg\" alt=\"\" width=\"528\" height=\"347\" \/><p id=\"caption-attachment-3232\" class=\"wp-caption-text\">Foto: Thales K\u00edrion\/PMP<\/p><\/div>\n<p>-Escola Municipal Doutor Ant\u00f4nio Montenegro \u2013 8h<\/p>\n<p>-Secretaria Municipal de Educa\u00e7\u00e3o \u2013 Espa\u00e7o Bel\u00e9m &#8211; 14h<\/p>\n<h2><strong>Quinta-feira \u2013 28 de junho<\/strong><\/h2>\n<p>-Escola Municipal S\u00e3o Bernardo \u2013 14h<\/p>\n<p>-Creche Leonel Francisco Soares \u2013 16h<\/p>\n<h2><strong>Sexta-feira \u2013 29 junho<\/strong><\/h2>\n<p>-Escola Municipal Rodr\u00edzio \u2013 8h<\/p>\n<p>-Escola Municipal Maur\u00edcio Carneiro \u2013 9h<\/p>\n<p>-Escola Municipal Menino Jesus \u2013 14h<\/p>\n<p>-Col\u00e9gio Municipal do Paudalho \u2013 14h<\/p>\n<p>-Escola Municipal Ch\u00e3 de Capoeira \u2013 17h<\/p>\n<h2><strong>S\u00e1bado \u2013 30 de junho<\/strong><\/h2>\n<p>-Escola Municipal Sinh\u00f4 Bandeira \u2013 20h<\/p>\n<h2><strong>Quinta-feira \u2013 05 de julho<\/strong><\/h2>\n<p>-Escola Municipal L\u00edrio dos Vales &#8211; 15h<\/p>\n<h2><strong>Sexta-feira \u2013 06 de julho<\/strong><\/h2>\n<p>-Escola Municipal do Junco \u2013 18h<\/p>\n<p>-Col\u00e9gio Municipal de Guadalajara \u2013 16h<\/p>\n<h2><strong>S\u00e1bado \u2013 07 de julho<\/strong><\/h2>\n<p>-Escola Municipal Elisa Fidelis \u2013 18h<\/p>\n<h2><strong>Quinta-feira \u2013 12 de julho<\/strong><\/h2>\n<p>-Escola Municipal SAMAP \u2013 9h<\/p>\n<p>-Escola Municipal Manoel da Rosa \u2013 13h<\/p>\n<p>-Escola Municipal Gilda Barbosa \u2013 14h<\/p>\n<p>-Escola Municipal Doutor Paulo Eleut\u00e9rio \u2013 14h<\/p>\n<p>-Escola Municipal Herculano Bandeira de Melo Filho \u2013 14h<\/p>\n<p>-Escola Municipal Severino Jos\u00e9 Valentim \u2013 16h<\/p>\n<h2><strong>Sexta-feira \u2013 13 de julho<\/strong><\/h2>\n<p>-Escola Municipal de Guadalajara \u2013 9h<\/p>\n<p>-Escola Municipal Jos\u00e9 Bonif\u00e1cio \u2013 14h<\/p>\n<p>-Escola Municipal Genilda Martins \u2013 15h<\/p>\n<h2><strong>S\u00e1bado \u2013 14 e julho<\/strong><\/h2>\n<p>-Escola Municipal Bartolomeu \u2013 19h<\/p>\n<p>&nbsp;<\/p>\n","protected":false},"excerpt":{"rendered":"<p>Com o objetivo de introduzir a cultura no aprendizado dos alunos do Munic\u00edpio, a Prefeitura do Paudalho realiza at\u00e9 o dia 14 de julho as celebra\u00e7\u00f5es juninas nas unidades de ensino Municipais. Os festejos come\u00e7aram na \u00faltima quinta-feira (21), nas Escolas Municipais Paulo VI, Jo\u00e3o Francisco Bezerra e Maria de F\u00e1tima, al\u00e9m do Col\u00e9gio Municipal [&hellip;]<\/p>\n","protected":false},"author":4,"featured_media":3228,"comment_status":"open","ping_status":"open","sticky":false,"template":"","format":"standard","meta":{"_jetpack_newsletter_access":"","_jetpack_dont_email_post_to_subs":false,"_jetpack_newsletter_tier_id":0,"_jetpack_memberships_contains_paywalled_content":false,"_jetpack_memberships_contains_paid_content":false,"footnotes":""},"categories":[6,2,1],"tags":[75,14,294],"class_list":["post-3227","post","type-post","status-publish","format-standard","has-post-thumbnail","hentry","category-cultura","category-destaque","category-noticias","tag-escolas","tag-paudalho","tag-sao-joao"],"jetpack_featured_media_url":"https:\/\/www.paudalho.pe.gov.br\/portal\/wp-content\/uploads\/2018\/06\/c3904cdd-6020-4817-9110-de0b6aeaa861.jpg","jetpack_sharing_enabled":true,"jetpack_shortlink":"https:\/\/wp.me\/p98mS2-Q3","_links":{"self":[{"href":"https:\/\/www.paudalho.pe.gov.br\/portal\/wp-json\/wp\/v2\/posts\/3227","targetHints":{"allow":["GET"]}}],"collection":[{"href":"https:\/\/www.paudalho.pe.gov.br\/portal\/wp-json\/wp\/v2\/posts"}],"about":[{"href":"https:\/\/www.paudalho.pe.gov.br\/portal\/wp-json\/wp\/v2\/types\/post"}],"author":[{"embeddable":true,"href":"https:\/\/www.paudalho.pe.gov.br\/portal\/wp-json\/wp\/v2\/users\/4"}],"replies":[{"embeddable":true,"href":"https:\/\/www.paudalho.pe.gov.br\/portal\/wp-json\/wp\/v2\/comments?post=3227"}],"version-history":[{"count":3,"href":"https:\/\/www.paudalho.pe.gov.br\/portal\/wp-json\/wp\/v2\/posts\/3227\/revisions"}],"predecessor-version":[{"id":3235,"href":"https:\/\/www.paudalho.pe.gov.br\/portal\/wp-json\/wp\/v2\/posts\/3227\/revisions\/3235"}],"wp:featuredmedia":[{"embeddable":true,"href":"https:\/\/www.paudalho.pe.gov.br\/portal\/wp-json\/wp\/v2\/media\/3228"}],"wp:attachment":[{"href":"https:\/\/www.paudalho.pe.gov.br\/portal\/wp-json\/wp\/v2\/media?parent=3227"}],"wp:term":[{"taxonomy":"category","embeddable":true,"href":"https:\/\/www.paudalho.pe.gov.br\/portal\/wp-json\/wp\/v2\/categories?post=3227"},{"taxonomy":"post_tag","embeddable":true,"href":"https:\/\/www.paudalho.pe.gov.br\/portal\/wp-json\/wp\/v2\/tags?post=3227"}],"curies":[{"name":"wp","href":"https:\/\/api.w.org\/{rel}","templated":true}]}}