{"id":32127,"date":"2024-03-13T10:21:10","date_gmt":"2024-03-13T13:21:10","guid":{"rendered":"https:\/\/www.paudalho.pe.gov.br\/portal\/?p=32127"},"modified":"2025-01-08T00:38:14","modified_gmt":"2025-01-08T03:38:14","slug":"prefeitura-de-paudalho-lanca-campanha-de-vacinacao-contra-a-influenza-2024","status":"publish","type":"post","link":"https:\/\/www.paudalho.pe.gov.br\/portal\/prefeitura-de-paudalho-lanca-campanha-de-vacinacao-contra-a-influenza-2024\/","title":{"rendered":"Prefeitura de Paudalho lan\u00e7a campanha de vacina\u00e7\u00e3o contra a influenza 2024"},"content":{"rendered":"\n<p>Em raz\u00e3o do aumento da circula\u00e7\u00e3o de v\u00edrus respirat\u00f3rios no munic\u00edpio e em todo o pa\u00eds, a Prefeitura de Paudalho, atrav\u00e9s da Secretaria de Sa\u00fade, lan\u00e7a a campanha de vacina\u00e7\u00e3o contra a influenza, a famosa gripe.<\/p>\n\n\n\n<p>A campanha, que tem por t\u00edtulo &#8220;T\u00e1 na hora de Paudalho se vacinar contra a influenza&#8221;, inicia no dia 14 de mar\u00e7o e finaliza no dia 31 de maio, com vacina\u00e7\u00e3o em todas as Unidades B\u00e1sicas de Sa\u00fade (UBS) de Paudalho. No dia 13 de abril, o munic\u00edpio realiza o Dia D de vacina\u00e7\u00e3o em todas as comunidades paudalhenses.<\/p>\n\n\n\n<p>Nesta primeira etapa da campanha, ser\u00e3o vacinadas:<\/p>\n\n\n\n<ul class=\"wp-block-list\">\n<li>Pessoas idosas<\/li>\n\n\n\n<li>Trabalhadores de sa\u00fade<\/li>\n\n\n\n<li>Crian\u00e7as a partir de 6 meses e menores de 6 anos<\/li>\n\n\n\n<li>Gestantes e pu\u00e9rperas<\/li>\n\n\n\n<li>Pessoas com comorbidades e com defici\u00eancia permanente<\/li>\n\n\n\n<li>Professores<\/li>\n\n\n\n<li>Caminhoneiros<\/li>\n\n\n\n<li>Trabalhadores do transporte coletivo<\/li>\n\n\n\n<li>Trabalhadores portu\u00e1rios<\/li>\n\n\n\n<li>For\u00e7as de seguran\u00e7a e salvamento<\/li>\n\n\n\n<li>For\u00e7as armadas<\/li>\n\n\n\n<li>Povos ind\u00edgenas<\/li>\n\n\n\n<li>Pessoas em situa\u00e7\u00e3o de rua<\/li>\n\n\n\n<li>Funcion\u00e1rios do sistema prisional<\/li>\n\n\n\n<li>Popula\u00e7\u00e3o privada de liberdade e adolescentes e jovens em medidas socioeducativas (entre 12 a 21 anos)<\/li>\n<\/ul>\n\n\n\n<p>Posteriormente, a campanha ir\u00e1 englobar outros perfis, garantindo assim que todos tenham acesso \u00e0 vacina\u00e7\u00e3o, promovendo mais sa\u00fade para o povo paudalhense. A campanha segue a agenda nacional do Minist\u00e9rio da Sa\u00fade e, segundo a pr\u00f3pria institui\u00e7\u00e3o, a vacina utilizada ser\u00e1 a trivalente, ou seja, a que apresenta tr\u00eas tipos de cepas de v\u00edrus em combina\u00e7\u00e3o, protegendo contra os principais v\u00edrus em circula\u00e7\u00e3o no Brasil.<\/p>\n","protected":false},"excerpt":{"rendered":"<p>Em raz\u00e3o do aumento da circula\u00e7\u00e3o de v\u00edrus respirat\u00f3rios no munic\u00edpio e em todo o pa\u00eds, a Prefeitura de Paudalho, atrav\u00e9s da Secretaria de Sa\u00fade, lan\u00e7a a campanha de vacina\u00e7\u00e3o contra a influenza, a famosa gripe. A campanha, que tem por t\u00edtulo &#8220;T\u00e1 na hora de Paudalho se vacinar contra a influenza&#8221;, inicia no dia [&hellip;]<\/p>\n","protected":false},"author":10,"featured_media":32128,"comment_status":"open","ping_status":"open","sticky":false,"template":"","format":"standard","meta":{"_jetpack_newsletter_access":"","_jetpack_dont_email_post_to_subs":false,"_jetpack_newsletter_tier_id":0,"_jetpack_memberships_contains_paywalled_content":false,"_jetpack_memberships_contains_paid_content":false,"footnotes":""},"categories":[2,1,3,1227],"tags":[648,285,922,287,14,22,16,168,897,314],"class_list":["post-32127","post","type-post","status-publish","format-standard","has-post-thumbnail","hentry","category-destaque","category-noticias","category-saude","category-saude-2","tag-campanha-de-vacinacao","tag-campanha-vacinacao","tag-gripe","tag-influenza","tag-paudalho","tag-prefeitura-do-paudalho","tag-saude","tag-secretaria-de-saude","tag-vacina","tag-vacinacao"],"jetpack_featured_media_url":"https:\/\/www.paudalho.pe.gov.br\/portal\/wp-content\/uploads\/2024\/03\/fup20210202108.jpg","jetpack_sharing_enabled":true,"jetpack_shortlink":"https:\/\/wp.me\/p98mS2-8mb","_links":{"self":[{"href":"https:\/\/www.paudalho.pe.gov.br\/portal\/wp-json\/wp\/v2\/posts\/32127","targetHints":{"allow":["GET"]}}],"collection":[{"href":"https:\/\/www.paudalho.pe.gov.br\/portal\/wp-json\/wp\/v2\/posts"}],"about":[{"href":"https:\/\/www.paudalho.pe.gov.br\/portal\/wp-json\/wp\/v2\/types\/post"}],"author":[{"embeddable":true,"href":"https:\/\/www.paudalho.pe.gov.br\/portal\/wp-json\/wp\/v2\/users\/10"}],"replies":[{"embeddable":true,"href":"https:\/\/www.paudalho.pe.gov.br\/portal\/wp-json\/wp\/v2\/comments?post=32127"}],"version-history":[{"count":1,"href":"https:\/\/www.paudalho.pe.gov.br\/portal\/wp-json\/wp\/v2\/posts\/32127\/revisions"}],"predecessor-version":[{"id":32129,"href":"https:\/\/www.paudalho.pe.gov.br\/portal\/wp-json\/wp\/v2\/posts\/32127\/revisions\/32129"}],"wp:featuredmedia":[{"embeddable":true,"href":"https:\/\/www.paudalho.pe.gov.br\/portal\/wp-json\/wp\/v2\/media\/32128"}],"wp:attachment":[{"href":"https:\/\/www.paudalho.pe.gov.br\/portal\/wp-json\/wp\/v2\/media?parent=32127"}],"wp:term":[{"taxonomy":"category","embeddable":true,"href":"https:\/\/www.paudalho.pe.gov.br\/portal\/wp-json\/wp\/v2\/categories?post=32127"},{"taxonomy":"post_tag","embeddable":true,"href":"https:\/\/www.paudalho.pe.gov.br\/portal\/wp-json\/wp\/v2\/tags?post=32127"}],"curies":[{"name":"wp","href":"https:\/\/api.w.org\/{rel}","templated":true}]}}