{"id":32099,"date":"2024-03-08T16:06:32","date_gmt":"2024-03-08T19:06:32","guid":{"rendered":"https:\/\/www.paudalho.pe.gov.br\/portal\/?p=32099"},"modified":"2025-01-08T00:38:15","modified_gmt":"2025-01-08T03:38:15","slug":"em-alusao-ao-dia-internacional-da-mulher-a-prefeitura-de-paudalho-realizou-diversas-acoes-na-ultima-sexta-feira8","status":"publish","type":"post","link":"https:\/\/www.paudalho.pe.gov.br\/portal\/em-alusao-ao-dia-internacional-da-mulher-a-prefeitura-de-paudalho-realizou-diversas-acoes-na-ultima-sexta-feira8\/","title":{"rendered":"Em alus\u00e3o ao Dia Internacional da Mulher, a Prefeitura de Paudalho realizou diversas a\u00e7\u00f5es na \u00faltima sexta-feira(8)"},"content":{"rendered":"\n<p>A Prefeitura de Paudalho realizou diversas a\u00e7\u00f5es, com servi\u00e7os gratuitos de est\u00e9tica e palestras neste dia 8 de mar\u00e7o, em alus\u00e3o ao Dia Internacional da Mulher. Os eventos foram promovidos atrav\u00e9s das Secretarias de Cultura, Turismo, Lazer e Juventude (SecultJuv) e de Desenvolvimento e Assist\u00eancia Social (Sedas) do munic\u00edpio.<\/p>\n\n\n\n<p>A SecultJuv realizou a\u00e7\u00e3o com o tema &#8220;Mulheres desafiando limites, inspirando o mundo&#8221;, com programa\u00e7\u00e3o extensa para a popula\u00e7\u00e3o. \u00c0s 10h, o evento contou com roda de conversa Sa\u00fade da Mulher; j\u00e1 das 11h \u00e0s 12h30 e das 14h30 \u00e0s 16h, a a\u00e7\u00e3o promoveu o Dia da Beleza, com servi\u00e7os de maquiagem, trancista, design de sobrancelhas e escovista; \u00e0s 12h, o evento contou com roda de conversa Seguran\u00e7a para Mulher. A a\u00e7\u00e3o foi realizada na Casa das Juventudes de Paudalho, localizada no Alto do Cruzeiro.<\/p>\n\n\n\n<p>Com o tema &#8220;Nosso dia \u00e9 hoje. Nossa luta \u00e9 di\u00e1ria&#8221;, a Sedas, em parceria com a Coordenadoria da Mulher de Paudalho e o Conselho Municipal dos Direitos da Mulher, realizou um evento tamb\u00e9m no dia 8 de mar\u00e7o, a partir das 14h, na Quadra Poliesportiva do Centro em Paudalho, localizada ao lado do Beira-Rio. O evento contou com palestra abordando o tema do evento.<\/p>\n\n\n\n<p>Todas a\u00e7\u00f5es foram gratuitas e visaram celebrar o Dia Internacional da Mulher no munic\u00edpio, com servi\u00e7os e palestras de conscientiza\u00e7\u00e3o voltados para o p\u00fablico feminino.<\/p>\n\n\n\n<figure class=\"wp-block-gallery has-nested-images columns-default is-cropped wp-block-gallery-1 is-layout-flex wp-block-gallery-is-layout-flex\">\n<figure class=\"wp-block-image size-large\"><img loading=\"lazy\" decoding=\"async\" width=\"800\" height=\"450\" data-attachment-id=\"32110\" data-permalink=\"https:\/\/www.paudalho.pe.gov.br\/portal\/em-alusao-ao-dia-internacional-da-mulher-a-prefeitura-de-paudalho-realizou-diversas-acoes-na-ultima-sexta-feira8\/img_6899\/\" data-orig-file=\"https:\/\/www.paudalho.pe.gov.br\/portal\/wp-content\/uploads\/2024\/03\/IMG_6899-scaled.jpg\" data-orig-size=\"2560,1920\" data-comments-opened=\"1\" data-image-meta=\"{&quot;aperture&quot;:&quot;1.8&quot;,&quot;credit&quot;:&quot;&quot;,&quot;camera&quot;:&quot;iPhone 14 Pro Max&quot;,&quot;caption&quot;:&quot;&quot;,&quot;created_timestamp&quot;:&quot;1709910845&quot;,&quot;copyright&quot;:&quot;&quot;,&quot;focal_length&quot;:&quot;6.86&quot;,&quot;iso&quot;:&quot;80&quot;,&quot;shutter_speed&quot;:&quot;0.00055555555555556&quot;,&quot;title&quot;:&quot;&quot;,&quot;orientation&quot;:&quot;0&quot;}\" data-image-title=\"IMG_6899\" data-image-description=\"\" data-image-caption=\"\" data-medium-file=\"https:\/\/www.paudalho.pe.gov.br\/portal\/wp-content\/uploads\/2024\/03\/IMG_6899-350x230.jpg\" data-large-file=\"https:\/\/www.paudalho.pe.gov.br\/portal\/wp-content\/uploads\/2024\/03\/IMG_6899-800x450.jpg\" data-id=\"32110\" src=\"https:\/\/www.paudalho.pe.gov.br\/portal\/wp-content\/uploads\/2024\/03\/IMG_6899-800x450.jpg\" alt=\"\" class=\"wp-image-32110\"\/><\/figure>\n\n\n\n<figure class=\"wp-block-image size-large\"><img loading=\"lazy\" decoding=\"async\" width=\"800\" height=\"450\" data-attachment-id=\"32120\" data-permalink=\"https:\/\/www.paudalho.pe.gov.br\/portal\/em-alusao-ao-dia-internacional-da-mulher-a-prefeitura-de-paudalho-realizou-diversas-acoes-na-ultima-sexta-feira8\/whatsapp-image-2024-03-11-at-16-02-08\/\" data-orig-file=\"https:\/\/www.paudalho.pe.gov.br\/portal\/wp-content\/uploads\/2024\/03\/WhatsApp-Image-2024-03-11-at-16.02.08-scaled.jpeg\" data-orig-size=\"2560,1920\" data-comments-opened=\"1\" data-image-meta=\"{&quot;aperture&quot;:&quot;0&quot;,&quot;credit&quot;:&quot;&quot;,&quot;camera&quot;:&quot;&quot;,&quot;caption&quot;:&quot;&quot;,&quot;created_timestamp&quot;:&quot;0&quot;,&quot;copyright&quot;:&quot;&quot;,&quot;focal_length&quot;:&quot;0&quot;,&quot;iso&quot;:&quot;0&quot;,&quot;shutter_speed&quot;:&quot;0&quot;,&quot;title&quot;:&quot;&quot;,&quot;orientation&quot;:&quot;0&quot;}\" data-image-title=\"WhatsApp Image 2024-03-11 at 16.02.08\" data-image-description=\"\" data-image-caption=\"\" data-medium-file=\"https:\/\/www.paudalho.pe.gov.br\/portal\/wp-content\/uploads\/2024\/03\/WhatsApp-Image-2024-03-11-at-16.02.08-350x230.jpeg\" data-large-file=\"https:\/\/www.paudalho.pe.gov.br\/portal\/wp-content\/uploads\/2024\/03\/WhatsApp-Image-2024-03-11-at-16.02.08-800x450.jpeg\" data-id=\"32120\" src=\"https:\/\/www.paudalho.pe.gov.br\/portal\/wp-content\/uploads\/2024\/03\/WhatsApp-Image-2024-03-11-at-16.02.08-800x450.jpeg\" alt=\"\" class=\"wp-image-32120\"\/><\/figure>\n\n\n\n<figure class=\"wp-block-image size-large\"><img loading=\"lazy\" decoding=\"async\" width=\"800\" height=\"450\" data-attachment-id=\"32119\" data-permalink=\"https:\/\/www.paudalho.pe.gov.br\/portal\/em-alusao-ao-dia-internacional-da-mulher-a-prefeitura-de-paudalho-realizou-diversas-acoes-na-ultima-sexta-feira8\/whatsapp-image-2024-03-11-at-16-02-09\/\" data-orig-file=\"https:\/\/www.paudalho.pe.gov.br\/portal\/wp-content\/uploads\/2024\/03\/WhatsApp-Image-2024-03-11-at-16.02.09-scaled.jpeg\" data-orig-size=\"2560,1920\" data-comments-opened=\"1\" data-image-meta=\"{&quot;aperture&quot;:&quot;0&quot;,&quot;credit&quot;:&quot;&quot;,&quot;camera&quot;:&quot;&quot;,&quot;caption&quot;:&quot;&quot;,&quot;created_timestamp&quot;:&quot;0&quot;,&quot;copyright&quot;:&quot;&quot;,&quot;focal_length&quot;:&quot;0&quot;,&quot;iso&quot;:&quot;0&quot;,&quot;shutter_speed&quot;:&quot;0&quot;,&quot;title&quot;:&quot;&quot;,&quot;orientation&quot;:&quot;0&quot;}\" data-image-title=\"WhatsApp Image 2024-03-11 at 16.02.09\" data-image-description=\"\" data-image-caption=\"\" data-medium-file=\"https:\/\/www.paudalho.pe.gov.br\/portal\/wp-content\/uploads\/2024\/03\/WhatsApp-Image-2024-03-11-at-16.02.09-350x230.jpeg\" data-large-file=\"https:\/\/www.paudalho.pe.gov.br\/portal\/wp-content\/uploads\/2024\/03\/WhatsApp-Image-2024-03-11-at-16.02.09-800x450.jpeg\" data-id=\"32119\" src=\"https:\/\/www.paudalho.pe.gov.br\/portal\/wp-content\/uploads\/2024\/03\/WhatsApp-Image-2024-03-11-at-16.02.09-800x450.jpeg\" alt=\"\" class=\"wp-image-32119\"\/><\/figure>\n<\/figure>\n","protected":false},"excerpt":{"rendered":"<p>A Prefeitura de Paudalho realizou diversas a\u00e7\u00f5es, com servi\u00e7os gratuitos de est\u00e9tica e palestras neste dia 8 de mar\u00e7o, em alus\u00e3o ao Dia Internacional da Mulher. Os eventos foram promovidos atrav\u00e9s das Secretarias de Cultura, Turismo, Lazer e Juventude (SecultJuv) e de Desenvolvimento e Assist\u00eancia Social (Sedas) do munic\u00edpio. A SecultJuv realizou a\u00e7\u00e3o com o [&hellip;]<\/p>\n","protected":false},"author":10,"featured_media":32121,"comment_status":"open","ping_status":"open","sticky":false,"template":"","format":"standard","meta":{"_jetpack_newsletter_access":"","_jetpack_dont_email_post_to_subs":false,"_jetpack_newsletter_tier_id":0,"_jetpack_memberships_contains_paywalled_content":false,"_jetpack_memberships_contains_paid_content":false,"footnotes":""},"categories":[850,1184,6,793,1],"tags":[816,14,22,124,1350],"class_list":["post-32099","post","type-post","status-publish","format-standard","has-post-thumbnail","hentry","category-assistencia-social","category-cultura-2","category-cultura","category-juventudes","category-noticias","tag-casa-das-juventudes","tag-paudalho","tag-prefeitura-do-paudalho","tag-secretaria-de-desenvolvimento-e-assistencia-social","tag-secultjuv"],"jetpack_featured_media_url":"https:\/\/www.paudalho.pe.gov.br\/portal\/wp-content\/uploads\/2024\/03\/WhatsApp-Image-2024-03-11-at-16.02.07-scaled.jpeg","jetpack_sharing_enabled":true,"jetpack_shortlink":"https:\/\/wp.me\/p98mS2-8lJ","_links":{"self":[{"href":"https:\/\/www.paudalho.pe.gov.br\/portal\/wp-json\/wp\/v2\/posts\/32099","targetHints":{"allow":["GET"]}}],"collection":[{"href":"https:\/\/www.paudalho.pe.gov.br\/portal\/wp-json\/wp\/v2\/posts"}],"about":[{"href":"https:\/\/www.paudalho.pe.gov.br\/portal\/wp-json\/wp\/v2\/types\/post"}],"author":[{"embeddable":true,"href":"https:\/\/www.paudalho.pe.gov.br\/portal\/wp-json\/wp\/v2\/users\/10"}],"replies":[{"embeddable":true,"href":"https:\/\/www.paudalho.pe.gov.br\/portal\/wp-json\/wp\/v2\/comments?post=32099"}],"version-history":[{"count":3,"href":"https:\/\/www.paudalho.pe.gov.br\/portal\/wp-json\/wp\/v2\/posts\/32099\/revisions"}],"predecessor-version":[{"id":32124,"href":"https:\/\/www.paudalho.pe.gov.br\/portal\/wp-json\/wp\/v2\/posts\/32099\/revisions\/32124"}],"wp:featuredmedia":[{"embeddable":true,"href":"https:\/\/www.paudalho.pe.gov.br\/portal\/wp-json\/wp\/v2\/media\/32121"}],"wp:attachment":[{"href":"https:\/\/www.paudalho.pe.gov.br\/portal\/wp-json\/wp\/v2\/media?parent=32099"}],"wp:term":[{"taxonomy":"category","embeddable":true,"href":"https:\/\/www.paudalho.pe.gov.br\/portal\/wp-json\/wp\/v2\/categories?post=32099"},{"taxonomy":"post_tag","embeddable":true,"href":"https:\/\/www.paudalho.pe.gov.br\/portal\/wp-json\/wp\/v2\/tags?post=32099"}],"curies":[{"name":"wp","href":"https:\/\/api.w.org\/{rel}","templated":true}]}}