{"id":31992,"date":"2024-02-14T15:44:03","date_gmt":"2024-02-14T18:44:03","guid":{"rendered":"https:\/\/www.paudalho.pe.gov.br\/portal\/?p=31992"},"modified":"2025-01-08T00:38:16","modified_gmt":"2025-01-08T03:38:16","slug":"paudalho-realiza-o-carnaval-da-educacao-e-reune-criancas-pais-e-educadores-da-rede-municipal-de-ensino","status":"publish","type":"post","link":"https:\/\/www.paudalho.pe.gov.br\/portal\/paudalho-realiza-o-carnaval-da-educacao-e-reune-criancas-pais-e-educadores-da-rede-municipal-de-ensino\/","title":{"rendered":"Paudalho realiza o Carnaval da Educa\u00e7\u00e3o e re\u00fane crian\u00e7as, pais e educadores da Rede Municipal de Ensino"},"content":{"rendered":"\n<p>Em um munic\u00edpio que respira Carnaval, j\u00e1 virou tradi\u00e7\u00e3o em Paudalho o desfile do Carnaval da Educa\u00e7\u00e3o. O evento, realizado pela Prefeitura do Paudalho, por meio da Secretaria de Educa\u00e7\u00e3o e Esportes, saiu na manh\u00e3 do dia 9 de fevereiro da Pra\u00e7a Joaquim Nabuco, tamb\u00e9m conhecida como Pra\u00e7a do Ros\u00e1rio, e seguiu at\u00e9 o P\u00e1tio de Eventos Beira-Rio, onde os foli\u00f5es puderam provar um pouco do que seria o tradicional Banho de Frevo.<\/p>\n\n\n\n<figure class=\"wp-block-gallery has-nested-images columns-default is-cropped wp-block-gallery-1 is-layout-flex wp-block-gallery-is-layout-flex\">\n<figure class=\"wp-block-image size-large\"><img loading=\"lazy\" decoding=\"async\" width=\"800\" height=\"450\" data-attachment-id=\"32023\" data-permalink=\"https:\/\/www.paudalho.pe.gov.br\/portal\/paudalho-realiza-o-carnaval-da-educacao-e-reune-criancas-pais-e-educadores-da-rede-municipal-de-ensino\/_h5a6716\/\" data-orig-file=\"https:\/\/www.paudalho.pe.gov.br\/portal\/wp-content\/uploads\/2024\/02\/H5A6716-scaled.jpg\" data-orig-size=\"2560,1707\" data-comments-opened=\"1\" data-image-meta=\"{&quot;aperture&quot;:&quot;2&quot;,&quot;credit&quot;:&quot;CHARLES JOHNSON&quot;,&quot;camera&quot;:&quot;Canon EOS 5D Mark IV&quot;,&quot;caption&quot;:&quot;&quot;,&quot;created_timestamp&quot;:&quot;1707472995&quot;,&quot;copyright&quot;:&quot;CHARLES JOHNSON 81 986016133&quot;,&quot;focal_length&quot;:&quot;50&quot;,&quot;iso&quot;:&quot;100&quot;,&quot;shutter_speed&quot;:&quot;0.001&quot;,&quot;title&quot;:&quot;&quot;,&quot;orientation&quot;:&quot;1&quot;}\" data-image-title=\"_H5A6716\" data-image-description=\"\" data-image-caption=\"&lt;p&gt;Cr\u00e9ditos: Josu\u00e9 J\u00fanior\/PMP&lt;\/p&gt;\n\" data-medium-file=\"https:\/\/www.paudalho.pe.gov.br\/portal\/wp-content\/uploads\/2024\/02\/H5A6716-350x230.jpg\" data-large-file=\"https:\/\/www.paudalho.pe.gov.br\/portal\/wp-content\/uploads\/2024\/02\/H5A6716-800x450.jpg\" data-id=\"32023\" src=\"https:\/\/www.paudalho.pe.gov.br\/portal\/wp-content\/uploads\/2024\/02\/H5A6716-800x450.jpg\" alt=\"\" class=\"wp-image-32023\"\/><figcaption class=\"wp-element-caption\">Cr\u00e9ditos: Josu\u00e9 J\u00fanior\/PMP<\/figcaption><\/figure>\n\n\n\n<figure class=\"wp-block-image size-large\"><img loading=\"lazy\" decoding=\"async\" width=\"800\" height=\"450\" data-attachment-id=\"32018\" data-permalink=\"https:\/\/www.paudalho.pe.gov.br\/portal\/paudalho-realiza-o-carnaval-da-educacao-e-reune-criancas-pais-e-educadores-da-rede-municipal-de-ensino\/_h5a6708\/\" data-orig-file=\"https:\/\/www.paudalho.pe.gov.br\/portal\/wp-content\/uploads\/2024\/02\/H5A6708-scaled.jpg\" data-orig-size=\"2560,1707\" data-comments-opened=\"1\" data-image-meta=\"{&quot;aperture&quot;:&quot;2.2&quot;,&quot;credit&quot;:&quot;CHARLES JOHNSON&quot;,&quot;camera&quot;:&quot;Canon EOS 5D Mark IV&quot;,&quot;caption&quot;:&quot;&quot;,&quot;created_timestamp&quot;:&quot;1707472674&quot;,&quot;copyright&quot;:&quot;CHARLES JOHNSON 81 986016133&quot;,&quot;focal_length&quot;:&quot;50&quot;,&quot;iso&quot;:&quot;100&quot;,&quot;shutter_speed&quot;:&quot;0.001&quot;,&quot;title&quot;:&quot;&quot;,&quot;orientation&quot;:&quot;1&quot;}\" data-image-title=\"_H5A6708\" data-image-description=\"\" data-image-caption=\"&lt;p&gt;Cr\u00e9ditos: Josu\u00e9 J\u00fanior\/PMP&lt;\/p&gt;\n\" data-medium-file=\"https:\/\/www.paudalho.pe.gov.br\/portal\/wp-content\/uploads\/2024\/02\/H5A6708-350x230.jpg\" data-large-file=\"https:\/\/www.paudalho.pe.gov.br\/portal\/wp-content\/uploads\/2024\/02\/H5A6708-800x450.jpg\" data-id=\"32018\" src=\"https:\/\/www.paudalho.pe.gov.br\/portal\/wp-content\/uploads\/2024\/02\/H5A6708-800x450.jpg\" alt=\"\" class=\"wp-image-32018\"\/><figcaption class=\"wp-element-caption\">Cr\u00e9ditos: Josu\u00e9 J\u00fanior\/PMP<\/figcaption><\/figure>\n<\/figure>\n\n\n\n<p>Intitulado Educa\u00e7\u00e3o na Folia, o desfile reuniu crian\u00e7as, pais, educadores e diversos funcion\u00e1rios da Rede Municipal de Ensino de Paudalho para cantar e dan\u00e7ar ao som da Orquestra 100% Frevo, carregando estandartes com os nomes dos blocos criados por cada escola. Al\u00e9m disso, os foli\u00f5es passaram nas ruas jogando confetes e serpentinas, levando o clima contagiante do Carnaval a todos que prestigiavam.<\/p>\n\n\n\n<p>As ruas pelas quais o desfile passou foi parcialmente interditada, visando manter a seguran\u00e7a do festejo.<\/p>\n\n\n\n<figure class=\"wp-block-gallery has-nested-images columns-default is-cropped wp-block-gallery-2 is-layout-flex wp-block-gallery-is-layout-flex\">\n<figure class=\"wp-block-image size-large\"><img loading=\"lazy\" decoding=\"async\" width=\"800\" height=\"450\" data-attachment-id=\"32015\" data-permalink=\"https:\/\/www.paudalho.pe.gov.br\/portal\/paudalho-realiza-o-carnaval-da-educacao-e-reune-criancas-pais-e-educadores-da-rede-municipal-de-ensino\/_h5a6699\/\" data-orig-file=\"https:\/\/www.paudalho.pe.gov.br\/portal\/wp-content\/uploads\/2024\/02\/H5A6699-scaled.jpg\" data-orig-size=\"2560,1707\" data-comments-opened=\"1\" data-image-meta=\"{&quot;aperture&quot;:&quot;2&quot;,&quot;credit&quot;:&quot;CHARLES JOHNSON&quot;,&quot;camera&quot;:&quot;Canon EOS 5D Mark IV&quot;,&quot;caption&quot;:&quot;&quot;,&quot;created_timestamp&quot;:&quot;1707472632&quot;,&quot;copyright&quot;:&quot;CHARLES JOHNSON 81 986016133&quot;,&quot;focal_length&quot;:&quot;50&quot;,&quot;iso&quot;:&quot;100&quot;,&quot;shutter_speed&quot;:&quot;0.001&quot;,&quot;title&quot;:&quot;&quot;,&quot;orientation&quot;:&quot;1&quot;}\" data-image-title=\"_H5A6699\" data-image-description=\"\" data-image-caption=\"&lt;p&gt;Cr\u00e9ditos: Josu\u00e9 J\u00fanior\/PMP&lt;\/p&gt;\n\" data-medium-file=\"https:\/\/www.paudalho.pe.gov.br\/portal\/wp-content\/uploads\/2024\/02\/H5A6699-350x230.jpg\" data-large-file=\"https:\/\/www.paudalho.pe.gov.br\/portal\/wp-content\/uploads\/2024\/02\/H5A6699-800x450.jpg\" data-id=\"32015\" src=\"https:\/\/www.paudalho.pe.gov.br\/portal\/wp-content\/uploads\/2024\/02\/H5A6699-800x450.jpg\" alt=\"\" class=\"wp-image-32015\"\/><figcaption class=\"wp-element-caption\">Cr\u00e9ditos: Josu\u00e9 J\u00fanior\/PMP<\/figcaption><\/figure>\n\n\n\n<figure class=\"wp-block-image size-large\"><img loading=\"lazy\" decoding=\"async\" width=\"800\" height=\"450\" data-attachment-id=\"32017\" data-permalink=\"https:\/\/www.paudalho.pe.gov.br\/portal\/paudalho-realiza-o-carnaval-da-educacao-e-reune-criancas-pais-e-educadores-da-rede-municipal-de-ensino\/_h5a6706\/\" data-orig-file=\"https:\/\/www.paudalho.pe.gov.br\/portal\/wp-content\/uploads\/2024\/02\/H5A6706-scaled.jpg\" data-orig-size=\"2560,1707\" data-comments-opened=\"1\" data-image-meta=\"{&quot;aperture&quot;:&quot;2.2&quot;,&quot;credit&quot;:&quot;CHARLES JOHNSON&quot;,&quot;camera&quot;:&quot;Canon EOS 5D Mark IV&quot;,&quot;caption&quot;:&quot;&quot;,&quot;created_timestamp&quot;:&quot;1707472645&quot;,&quot;copyright&quot;:&quot;CHARLES JOHNSON 81 986016133&quot;,&quot;focal_length&quot;:&quot;50&quot;,&quot;iso&quot;:&quot;100&quot;,&quot;shutter_speed&quot;:&quot;0.001&quot;,&quot;title&quot;:&quot;&quot;,&quot;orientation&quot;:&quot;1&quot;}\" data-image-title=\"_H5A6706\" data-image-description=\"\" data-image-caption=\"&lt;p&gt;Cr\u00e9ditos: Josu\u00e9 J\u00fanior\/PMP&lt;\/p&gt;\n\" data-medium-file=\"https:\/\/www.paudalho.pe.gov.br\/portal\/wp-content\/uploads\/2024\/02\/H5A6706-350x230.jpg\" data-large-file=\"https:\/\/www.paudalho.pe.gov.br\/portal\/wp-content\/uploads\/2024\/02\/H5A6706-800x450.jpg\" data-id=\"32017\" src=\"https:\/\/www.paudalho.pe.gov.br\/portal\/wp-content\/uploads\/2024\/02\/H5A6706-800x450.jpg\" alt=\"\" class=\"wp-image-32017\"\/><figcaption class=\"wp-element-caption\">Cr\u00e9ditos: Josu\u00e9 J\u00fanior\/PMP<\/figcaption><\/figure>\n\n\n\n<figure class=\"wp-block-image size-large\"><img loading=\"lazy\" decoding=\"async\" width=\"800\" height=\"450\" data-attachment-id=\"32011\" data-permalink=\"https:\/\/www.paudalho.pe.gov.br\/portal\/paudalho-realiza-o-carnaval-da-educacao-e-reune-criancas-pais-e-educadores-da-rede-municipal-de-ensino\/_h5a6694\/\" data-orig-file=\"https:\/\/www.paudalho.pe.gov.br\/portal\/wp-content\/uploads\/2024\/02\/H5A6694-scaled.jpg\" data-orig-size=\"2560,1707\" data-comments-opened=\"1\" data-image-meta=\"{&quot;aperture&quot;:&quot;3.2&quot;,&quot;credit&quot;:&quot;CHARLES JOHNSON&quot;,&quot;camera&quot;:&quot;Canon EOS 5D Mark IV&quot;,&quot;caption&quot;:&quot;&quot;,&quot;created_timestamp&quot;:&quot;1707472551&quot;,&quot;copyright&quot;:&quot;CHARLES JOHNSON 81 986016133&quot;,&quot;focal_length&quot;:&quot;50&quot;,&quot;iso&quot;:&quot;100&quot;,&quot;shutter_speed&quot;:&quot;0.001&quot;,&quot;title&quot;:&quot;&quot;,&quot;orientation&quot;:&quot;1&quot;}\" data-image-title=\"_H5A6694\" data-image-description=\"\" data-image-caption=\"&lt;p&gt;Cr\u00e9ditos: Josu\u00e9 J\u00fanior\/PMP&lt;\/p&gt;\n\" data-medium-file=\"https:\/\/www.paudalho.pe.gov.br\/portal\/wp-content\/uploads\/2024\/02\/H5A6694-350x230.jpg\" data-large-file=\"https:\/\/www.paudalho.pe.gov.br\/portal\/wp-content\/uploads\/2024\/02\/H5A6694-800x450.jpg\" data-id=\"32011\" src=\"https:\/\/www.paudalho.pe.gov.br\/portal\/wp-content\/uploads\/2024\/02\/H5A6694-800x450.jpg\" alt=\"\" class=\"wp-image-32011\"\/><figcaption class=\"wp-element-caption\">Cr\u00e9ditos: Josu\u00e9 J\u00fanior\/PMP<\/figcaption><\/figure>\n\n\n\n<figure class=\"wp-block-image size-large\"><img loading=\"lazy\" decoding=\"async\" width=\"800\" height=\"450\" data-attachment-id=\"32025\" data-permalink=\"https:\/\/www.paudalho.pe.gov.br\/portal\/paudalho-realiza-o-carnaval-da-educacao-e-reune-criancas-pais-e-educadores-da-rede-municipal-de-ensino\/_h5a6728\/\" data-orig-file=\"https:\/\/www.paudalho.pe.gov.br\/portal\/wp-content\/uploads\/2024\/02\/H5A6728-scaled.jpg\" data-orig-size=\"2560,1707\" data-comments-opened=\"1\" data-image-meta=\"{&quot;aperture&quot;:&quot;3.2&quot;,&quot;credit&quot;:&quot;CHARLES JOHNSON&quot;,&quot;camera&quot;:&quot;Canon EOS 5D Mark IV&quot;,&quot;caption&quot;:&quot;&quot;,&quot;created_timestamp&quot;:&quot;1707473126&quot;,&quot;copyright&quot;:&quot;CHARLES JOHNSON 81 986016133&quot;,&quot;focal_length&quot;:&quot;50&quot;,&quot;iso&quot;:&quot;100&quot;,&quot;shutter_speed&quot;:&quot;0.002&quot;,&quot;title&quot;:&quot;&quot;,&quot;orientation&quot;:&quot;1&quot;}\" data-image-title=\"_H5A6728\" data-image-description=\"\" data-image-caption=\"&lt;p&gt;Cr\u00e9ditos: Josu\u00e9 J\u00fanior\/PMP&lt;\/p&gt;\n\" data-medium-file=\"https:\/\/www.paudalho.pe.gov.br\/portal\/wp-content\/uploads\/2024\/02\/H5A6728-350x230.jpg\" data-large-file=\"https:\/\/www.paudalho.pe.gov.br\/portal\/wp-content\/uploads\/2024\/02\/H5A6728-800x450.jpg\" data-id=\"32025\" src=\"https:\/\/www.paudalho.pe.gov.br\/portal\/wp-content\/uploads\/2024\/02\/H5A6728-800x450.jpg\" alt=\"\" class=\"wp-image-32025\"\/><figcaption class=\"wp-element-caption\">Cr\u00e9ditos: Josu\u00e9 J\u00fanior\/PMP<\/figcaption><\/figure>\n\n\n\n<figure class=\"wp-block-image size-large\"><img loading=\"lazy\" decoding=\"async\" width=\"800\" height=\"450\" data-attachment-id=\"32026\" data-permalink=\"https:\/\/www.paudalho.pe.gov.br\/portal\/paudalho-realiza-o-carnaval-da-educacao-e-reune-criancas-pais-e-educadores-da-rede-municipal-de-ensino\/_h5a6729\/\" data-orig-file=\"https:\/\/www.paudalho.pe.gov.br\/portal\/wp-content\/uploads\/2024\/02\/H5A6729-scaled.jpg\" data-orig-size=\"2560,1707\" data-comments-opened=\"1\" data-image-meta=\"{&quot;aperture&quot;:&quot;3.5&quot;,&quot;credit&quot;:&quot;CHARLES JOHNSON&quot;,&quot;camera&quot;:&quot;Canon EOS 5D Mark IV&quot;,&quot;caption&quot;:&quot;&quot;,&quot;created_timestamp&quot;:&quot;1707473130&quot;,&quot;copyright&quot;:&quot;CHARLES JOHNSON 81 986016133&quot;,&quot;focal_length&quot;:&quot;50&quot;,&quot;iso&quot;:&quot;100&quot;,&quot;shutter_speed&quot;:&quot;0.002&quot;,&quot;title&quot;:&quot;&quot;,&quot;orientation&quot;:&quot;1&quot;}\" data-image-title=\"_H5A6729\" data-image-description=\"\" data-image-caption=\"&lt;p&gt;Cr\u00e9ditos: Josu\u00e9 J\u00fanior\/PMP&lt;\/p&gt;\n\" data-medium-file=\"https:\/\/www.paudalho.pe.gov.br\/portal\/wp-content\/uploads\/2024\/02\/H5A6729-350x230.jpg\" data-large-file=\"https:\/\/www.paudalho.pe.gov.br\/portal\/wp-content\/uploads\/2024\/02\/H5A6729-800x450.jpg\" data-id=\"32026\" src=\"https:\/\/www.paudalho.pe.gov.br\/portal\/wp-content\/uploads\/2024\/02\/H5A6729-800x450.jpg\" alt=\"\" class=\"wp-image-32026\"\/><figcaption class=\"wp-element-caption\">Cr\u00e9ditos: Josu\u00e9 J\u00fanior\/PMP<\/figcaption><\/figure>\n\n\n\n<figure class=\"wp-block-image size-large\"><img loading=\"lazy\" decoding=\"async\" width=\"800\" height=\"450\" data-attachment-id=\"32024\" data-permalink=\"https:\/\/www.paudalho.pe.gov.br\/portal\/paudalho-realiza-o-carnaval-da-educacao-e-reune-criancas-pais-e-educadores-da-rede-municipal-de-ensino\/_h5a6719\/\" data-orig-file=\"https:\/\/www.paudalho.pe.gov.br\/portal\/wp-content\/uploads\/2024\/02\/H5A6719-scaled.jpg\" data-orig-size=\"2560,1707\" data-comments-opened=\"1\" data-image-meta=\"{&quot;aperture&quot;:&quot;2.2&quot;,&quot;credit&quot;:&quot;CHARLES JOHNSON&quot;,&quot;camera&quot;:&quot;Canon EOS 5D Mark IV&quot;,&quot;caption&quot;:&quot;&quot;,&quot;created_timestamp&quot;:&quot;1707473050&quot;,&quot;copyright&quot;:&quot;CHARLES JOHNSON 81 986016133&quot;,&quot;focal_length&quot;:&quot;50&quot;,&quot;iso&quot;:&quot;100&quot;,&quot;shutter_speed&quot;:&quot;0.002&quot;,&quot;title&quot;:&quot;&quot;,&quot;orientation&quot;:&quot;1&quot;}\" data-image-title=\"_H5A6719\" data-image-description=\"\" data-image-caption=\"&lt;p&gt;Cr\u00e9ditos: Josu\u00e9 J\u00fanior\/PMP&lt;\/p&gt;\n\" data-medium-file=\"https:\/\/www.paudalho.pe.gov.br\/portal\/wp-content\/uploads\/2024\/02\/H5A6719-350x230.jpg\" data-large-file=\"https:\/\/www.paudalho.pe.gov.br\/portal\/wp-content\/uploads\/2024\/02\/H5A6719-800x450.jpg\" data-id=\"32024\" src=\"https:\/\/www.paudalho.pe.gov.br\/portal\/wp-content\/uploads\/2024\/02\/H5A6719-800x450.jpg\" alt=\"\" class=\"wp-image-32024\"\/><figcaption class=\"wp-element-caption\">Cr\u00e9ditos: Josu\u00e9 J\u00fanior\/PMP<\/figcaption><\/figure>\n\n\n\n<figure class=\"wp-block-image size-large\"><img loading=\"lazy\" decoding=\"async\" width=\"800\" height=\"450\" data-attachment-id=\"32027\" data-permalink=\"https:\/\/www.paudalho.pe.gov.br\/portal\/paudalho-realiza-o-carnaval-da-educacao-e-reune-criancas-pais-e-educadores-da-rede-municipal-de-ensino\/_h5a6732\/\" data-orig-file=\"https:\/\/www.paudalho.pe.gov.br\/portal\/wp-content\/uploads\/2024\/02\/H5A6732-scaled.jpg\" data-orig-size=\"2560,1707\" data-comments-opened=\"1\" data-image-meta=\"{&quot;aperture&quot;:&quot;4.5&quot;,&quot;credit&quot;:&quot;CHARLES JOHNSON&quot;,&quot;camera&quot;:&quot;Canon EOS 5D Mark IV&quot;,&quot;caption&quot;:&quot;&quot;,&quot;created_timestamp&quot;:&quot;1707473145&quot;,&quot;copyright&quot;:&quot;CHARLES JOHNSON 81 986016133&quot;,&quot;focal_length&quot;:&quot;50&quot;,&quot;iso&quot;:&quot;100&quot;,&quot;shutter_speed&quot;:&quot;0.002&quot;,&quot;title&quot;:&quot;&quot;,&quot;orientation&quot;:&quot;1&quot;}\" data-image-title=\"_H5A6732\" data-image-description=\"\" data-image-caption=\"&lt;p&gt;Cr\u00e9ditos: Josu\u00e9 J\u00fanior\/PMP&lt;\/p&gt;\n\" data-medium-file=\"https:\/\/www.paudalho.pe.gov.br\/portal\/wp-content\/uploads\/2024\/02\/H5A6732-350x230.jpg\" data-large-file=\"https:\/\/www.paudalho.pe.gov.br\/portal\/wp-content\/uploads\/2024\/02\/H5A6732-800x450.jpg\" data-id=\"32027\" src=\"https:\/\/www.paudalho.pe.gov.br\/portal\/wp-content\/uploads\/2024\/02\/H5A6732-800x450.jpg\" alt=\"\" class=\"wp-image-32027\"\/><figcaption class=\"wp-element-caption\">Cr\u00e9ditos: Josu\u00e9 J\u00fanior\/PMP<\/figcaption><\/figure>\n\n\n\n<figure class=\"wp-block-image size-large\"><img loading=\"lazy\" decoding=\"async\" width=\"800\" height=\"450\" data-attachment-id=\"32021\" data-permalink=\"https:\/\/www.paudalho.pe.gov.br\/portal\/paudalho-realiza-o-carnaval-da-educacao-e-reune-criancas-pais-e-educadores-da-rede-municipal-de-ensino\/_h5a6713\/\" data-orig-file=\"https:\/\/www.paudalho.pe.gov.br\/portal\/wp-content\/uploads\/2024\/02\/H5A6713-scaled.jpg\" data-orig-size=\"2560,1707\" data-comments-opened=\"1\" data-image-meta=\"{&quot;aperture&quot;:&quot;2&quot;,&quot;credit&quot;:&quot;CHARLES JOHNSON&quot;,&quot;camera&quot;:&quot;Canon EOS 5D Mark IV&quot;,&quot;caption&quot;:&quot;&quot;,&quot;created_timestamp&quot;:&quot;1707472738&quot;,&quot;copyright&quot;:&quot;CHARLES JOHNSON 81 986016133&quot;,&quot;focal_length&quot;:&quot;50&quot;,&quot;iso&quot;:&quot;100&quot;,&quot;shutter_speed&quot;:&quot;0.001&quot;,&quot;title&quot;:&quot;&quot;,&quot;orientation&quot;:&quot;1&quot;}\" data-image-title=\"_H5A6713\" data-image-description=\"\" data-image-caption=\"&lt;p&gt;Cr\u00e9ditos: Josu\u00e9 J\u00fanior\/PMP&lt;\/p&gt;\n\" data-medium-file=\"https:\/\/www.paudalho.pe.gov.br\/portal\/wp-content\/uploads\/2024\/02\/H5A6713-350x230.jpg\" data-large-file=\"https:\/\/www.paudalho.pe.gov.br\/portal\/wp-content\/uploads\/2024\/02\/H5A6713-800x450.jpg\" data-id=\"32021\" src=\"https:\/\/www.paudalho.pe.gov.br\/portal\/wp-content\/uploads\/2024\/02\/H5A6713-800x450.jpg\" alt=\"\" class=\"wp-image-32021\"\/><figcaption class=\"wp-element-caption\">Cr\u00e9ditos: Josu\u00e9 J\u00fanior\/PMP<\/figcaption><\/figure>\n\n\n\n<figure class=\"wp-block-image size-large\"><img loading=\"lazy\" decoding=\"async\" width=\"800\" height=\"450\" data-attachment-id=\"32006\" data-permalink=\"https:\/\/www.paudalho.pe.gov.br\/portal\/paudalho-realiza-o-carnaval-da-educacao-e-reune-criancas-pais-e-educadores-da-rede-municipal-de-ensino\/_h5a6685\/\" data-orig-file=\"https:\/\/www.paudalho.pe.gov.br\/portal\/wp-content\/uploads\/2024\/02\/H5A6685-scaled.jpg\" data-orig-size=\"2560,1707\" data-comments-opened=\"1\" data-image-meta=\"{&quot;aperture&quot;:&quot;2.5&quot;,&quot;credit&quot;:&quot;CHARLES JOHNSON&quot;,&quot;camera&quot;:&quot;Canon EOS 5D Mark IV&quot;,&quot;caption&quot;:&quot;&quot;,&quot;created_timestamp&quot;:&quot;1707472526&quot;,&quot;copyright&quot;:&quot;CHARLES JOHNSON 81 986016133&quot;,&quot;focal_length&quot;:&quot;50&quot;,&quot;iso&quot;:&quot;100&quot;,&quot;shutter_speed&quot;:&quot;0.001&quot;,&quot;title&quot;:&quot;&quot;,&quot;orientation&quot;:&quot;1&quot;}\" data-image-title=\"_H5A6685\" data-image-description=\"\" data-image-caption=\"&lt;p&gt;Cr\u00e9ditos: Josu\u00e9 J\u00fanior\/PMP&lt;\/p&gt;\n\" data-medium-file=\"https:\/\/www.paudalho.pe.gov.br\/portal\/wp-content\/uploads\/2024\/02\/H5A6685-350x230.jpg\" data-large-file=\"https:\/\/www.paudalho.pe.gov.br\/portal\/wp-content\/uploads\/2024\/02\/H5A6685-800x450.jpg\" data-id=\"32006\" src=\"https:\/\/www.paudalho.pe.gov.br\/portal\/wp-content\/uploads\/2024\/02\/H5A6685-800x450.jpg\" alt=\"\" class=\"wp-image-32006\"\/><figcaption class=\"wp-element-caption\">Cr\u00e9ditos: Josu\u00e9 J\u00fanior\/PMP<\/figcaption><\/figure>\n\n\n\n<figure class=\"wp-block-image size-large\"><img loading=\"lazy\" decoding=\"async\" width=\"800\" height=\"450\" data-attachment-id=\"31998\" data-permalink=\"https:\/\/www.paudalho.pe.gov.br\/portal\/paudalho-realiza-o-carnaval-da-educacao-e-reune-criancas-pais-e-educadores-da-rede-municipal-de-ensino\/_h5a6672\/\" data-orig-file=\"https:\/\/www.paudalho.pe.gov.br\/portal\/wp-content\/uploads\/2024\/02\/H5A6672-scaled.jpg\" data-orig-size=\"2560,1707\" data-comments-opened=\"1\" data-image-meta=\"{&quot;aperture&quot;:&quot;2.5&quot;,&quot;credit&quot;:&quot;CHARLES JOHNSON&quot;,&quot;camera&quot;:&quot;Canon EOS 5D Mark IV&quot;,&quot;caption&quot;:&quot;&quot;,&quot;created_timestamp&quot;:&quot;1707472444&quot;,&quot;copyright&quot;:&quot;CHARLES JOHNSON 81 986016133&quot;,&quot;focal_length&quot;:&quot;50&quot;,&quot;iso&quot;:&quot;100&quot;,&quot;shutter_speed&quot;:&quot;0.001&quot;,&quot;title&quot;:&quot;&quot;,&quot;orientation&quot;:&quot;1&quot;}\" data-image-title=\"_H5A6672\" data-image-description=\"\" data-image-caption=\"&lt;p&gt;Cr\u00e9ditos: Josu\u00e9 J\u00fanior\/PMP&lt;\/p&gt;\n\" data-medium-file=\"https:\/\/www.paudalho.pe.gov.br\/portal\/wp-content\/uploads\/2024\/02\/H5A6672-350x230.jpg\" data-large-file=\"https:\/\/www.paudalho.pe.gov.br\/portal\/wp-content\/uploads\/2024\/02\/H5A6672-800x450.jpg\" data-id=\"31998\" src=\"https:\/\/www.paudalho.pe.gov.br\/portal\/wp-content\/uploads\/2024\/02\/H5A6672-800x450.jpg\" alt=\"\" class=\"wp-image-31998\"\/><figcaption class=\"wp-element-caption\">Cr\u00e9ditos: Josu\u00e9 J\u00fanior\/PMP<\/figcaption><\/figure>\n\n\n\n<figure class=\"wp-block-image size-large\"><img loading=\"lazy\" decoding=\"async\" width=\"800\" height=\"450\" data-attachment-id=\"31997\" data-permalink=\"https:\/\/www.paudalho.pe.gov.br\/portal\/paudalho-realiza-o-carnaval-da-educacao-e-reune-criancas-pais-e-educadores-da-rede-municipal-de-ensino\/_h5a6667\/\" data-orig-file=\"https:\/\/www.paudalho.pe.gov.br\/portal\/wp-content\/uploads\/2024\/02\/H5A6667-scaled.jpg\" data-orig-size=\"2560,1707\" data-comments-opened=\"1\" data-image-meta=\"{&quot;aperture&quot;:&quot;3.2&quot;,&quot;credit&quot;:&quot;CHARLES JOHNSON&quot;,&quot;camera&quot;:&quot;Canon EOS 5D Mark IV&quot;,&quot;caption&quot;:&quot;&quot;,&quot;created_timestamp&quot;:&quot;1707472422&quot;,&quot;copyright&quot;:&quot;CHARLES JOHNSON 81 986016133&quot;,&quot;focal_length&quot;:&quot;50&quot;,&quot;iso&quot;:&quot;100&quot;,&quot;shutter_speed&quot;:&quot;0.0015625&quot;,&quot;title&quot;:&quot;&quot;,&quot;orientation&quot;:&quot;1&quot;}\" data-image-title=\"_H5A6667\" data-image-description=\"\" data-image-caption=\"&lt;p&gt;Cr\u00e9ditos: Josu\u00e9 J\u00fanior\/PMP&lt;\/p&gt;\n\" data-medium-file=\"https:\/\/www.paudalho.pe.gov.br\/portal\/wp-content\/uploads\/2024\/02\/H5A6667-350x230.jpg\" data-large-file=\"https:\/\/www.paudalho.pe.gov.br\/portal\/wp-content\/uploads\/2024\/02\/H5A6667-800x450.jpg\" data-id=\"31997\" src=\"https:\/\/www.paudalho.pe.gov.br\/portal\/wp-content\/uploads\/2024\/02\/H5A6667-800x450.jpg\" alt=\"\" class=\"wp-image-31997\"\/><figcaption class=\"wp-element-caption\">Cr\u00e9ditos: Josu\u00e9 J\u00fanior\/PMP<\/figcaption><\/figure>\n\n\n\n<figure class=\"wp-block-image size-large\"><img loading=\"lazy\" decoding=\"async\" width=\"800\" height=\"450\" data-attachment-id=\"31999\" data-permalink=\"https:\/\/www.paudalho.pe.gov.br\/portal\/paudalho-realiza-o-carnaval-da-educacao-e-reune-criancas-pais-e-educadores-da-rede-municipal-de-ensino\/_h5a6676\/\" data-orig-file=\"https:\/\/www.paudalho.pe.gov.br\/portal\/wp-content\/uploads\/2024\/02\/H5A6676-scaled.jpg\" data-orig-size=\"2560,1707\" data-comments-opened=\"1\" data-image-meta=\"{&quot;aperture&quot;:&quot;2.5&quot;,&quot;credit&quot;:&quot;CHARLES JOHNSON&quot;,&quot;camera&quot;:&quot;Canon EOS 5D Mark IV&quot;,&quot;caption&quot;:&quot;&quot;,&quot;created_timestamp&quot;:&quot;1707472467&quot;,&quot;copyright&quot;:&quot;CHARLES JOHNSON 81 986016133&quot;,&quot;focal_length&quot;:&quot;50&quot;,&quot;iso&quot;:&quot;100&quot;,&quot;shutter_speed&quot;:&quot;0.001&quot;,&quot;title&quot;:&quot;&quot;,&quot;orientation&quot;:&quot;1&quot;}\" data-image-title=\"_H5A6676\" data-image-description=\"\" data-image-caption=\"&lt;p&gt;Cr\u00e9ditos: Josu\u00e9 J\u00fanior\/PMP&lt;\/p&gt;\n\" data-medium-file=\"https:\/\/www.paudalho.pe.gov.br\/portal\/wp-content\/uploads\/2024\/02\/H5A6676-350x230.jpg\" data-large-file=\"https:\/\/www.paudalho.pe.gov.br\/portal\/wp-content\/uploads\/2024\/02\/H5A6676-800x450.jpg\" data-id=\"31999\" src=\"https:\/\/www.paudalho.pe.gov.br\/portal\/wp-content\/uploads\/2024\/02\/H5A6676-800x450.jpg\" alt=\"\" class=\"wp-image-31999\"\/><figcaption class=\"wp-element-caption\">Cr\u00e9ditos: Josu\u00e9 J\u00fanior\/PMP<\/figcaption><\/figure>\n\n\n\n<figure class=\"wp-block-image size-large\"><img loading=\"lazy\" decoding=\"async\" width=\"800\" height=\"450\" data-attachment-id=\"31996\" data-permalink=\"https:\/\/www.paudalho.pe.gov.br\/portal\/paudalho-realiza-o-carnaval-da-educacao-e-reune-criancas-pais-e-educadores-da-rede-municipal-de-ensino\/_h5a6661\/\" data-orig-file=\"https:\/\/www.paudalho.pe.gov.br\/portal\/wp-content\/uploads\/2024\/02\/H5A6661-scaled.jpg\" data-orig-size=\"2560,1707\" data-comments-opened=\"1\" data-image-meta=\"{&quot;aperture&quot;:&quot;2.8&quot;,&quot;credit&quot;:&quot;CHARLES JOHNSON&quot;,&quot;camera&quot;:&quot;Canon EOS 5D Mark IV&quot;,&quot;caption&quot;:&quot;&quot;,&quot;created_timestamp&quot;:&quot;1707472400&quot;,&quot;copyright&quot;:&quot;CHARLES JOHNSON 81 986016133&quot;,&quot;focal_length&quot;:&quot;50&quot;,&quot;iso&quot;:&quot;100&quot;,&quot;shutter_speed&quot;:&quot;0.0015625&quot;,&quot;title&quot;:&quot;&quot;,&quot;orientation&quot;:&quot;1&quot;}\" data-image-title=\"_H5A6661\" data-image-description=\"\" data-image-caption=\"&lt;p&gt;Cr\u00e9ditos: Josu\u00e9 J\u00fanior\/PMP&lt;\/p&gt;\n\" data-medium-file=\"https:\/\/www.paudalho.pe.gov.br\/portal\/wp-content\/uploads\/2024\/02\/H5A6661-350x230.jpg\" data-large-file=\"https:\/\/www.paudalho.pe.gov.br\/portal\/wp-content\/uploads\/2024\/02\/H5A6661-800x450.jpg\" data-id=\"31996\" src=\"https:\/\/www.paudalho.pe.gov.br\/portal\/wp-content\/uploads\/2024\/02\/H5A6661-800x450.jpg\" alt=\"\" class=\"wp-image-31996\"\/><figcaption class=\"wp-element-caption\">Cr\u00e9ditos: Josu\u00e9 J\u00fanior\/PMP<\/figcaption><\/figure>\n\n\n\n<figure class=\"wp-block-image size-large\"><img loading=\"lazy\" decoding=\"async\" width=\"800\" height=\"450\" data-attachment-id=\"32001\" data-permalink=\"https:\/\/www.paudalho.pe.gov.br\/portal\/paudalho-realiza-o-carnaval-da-educacao-e-reune-criancas-pais-e-educadores-da-rede-municipal-de-ensino\/_h5a6679\/\" data-orig-file=\"https:\/\/www.paudalho.pe.gov.br\/portal\/wp-content\/uploads\/2024\/02\/H5A6679-scaled.jpg\" data-orig-size=\"2560,1707\" data-comments-opened=\"1\" data-image-meta=\"{&quot;aperture&quot;:&quot;2&quot;,&quot;credit&quot;:&quot;CHARLES JOHNSON&quot;,&quot;camera&quot;:&quot;Canon EOS 5D Mark IV&quot;,&quot;caption&quot;:&quot;&quot;,&quot;created_timestamp&quot;:&quot;1707472494&quot;,&quot;copyright&quot;:&quot;CHARLES JOHNSON 81 986016133&quot;,&quot;focal_length&quot;:&quot;50&quot;,&quot;iso&quot;:&quot;100&quot;,&quot;shutter_speed&quot;:&quot;0.001&quot;,&quot;title&quot;:&quot;&quot;,&quot;orientation&quot;:&quot;1&quot;}\" data-image-title=\"_H5A6679\" data-image-description=\"\" data-image-caption=\"&lt;p&gt;Cr\u00e9ditos: Josu\u00e9 J\u00fanior\/PMP&lt;\/p&gt;\n\" data-medium-file=\"https:\/\/www.paudalho.pe.gov.br\/portal\/wp-content\/uploads\/2024\/02\/H5A6679-350x230.jpg\" data-large-file=\"https:\/\/www.paudalho.pe.gov.br\/portal\/wp-content\/uploads\/2024\/02\/H5A6679-800x450.jpg\" data-id=\"32001\" src=\"https:\/\/www.paudalho.pe.gov.br\/portal\/wp-content\/uploads\/2024\/02\/H5A6679-800x450.jpg\" alt=\"\" class=\"wp-image-32001\"\/><figcaption class=\"wp-element-caption\">Cr\u00e9ditos: Josu\u00e9 J\u00fanior\/PMP<\/figcaption><\/figure>\n\n\n\n<figure class=\"wp-block-image size-large\"><img loading=\"lazy\" decoding=\"async\" width=\"800\" height=\"450\" data-attachment-id=\"32002\" data-permalink=\"https:\/\/www.paudalho.pe.gov.br\/portal\/paudalho-realiza-o-carnaval-da-educacao-e-reune-criancas-pais-e-educadores-da-rede-municipal-de-ensino\/_h5a6680\/\" data-orig-file=\"https:\/\/www.paudalho.pe.gov.br\/portal\/wp-content\/uploads\/2024\/02\/H5A6680-scaled.jpg\" data-orig-size=\"2560,1707\" data-comments-opened=\"1\" data-image-meta=\"{&quot;aperture&quot;:&quot;2&quot;,&quot;credit&quot;:&quot;CHARLES JOHNSON&quot;,&quot;camera&quot;:&quot;Canon EOS 5D Mark IV&quot;,&quot;caption&quot;:&quot;&quot;,&quot;created_timestamp&quot;:&quot;1707472499&quot;,&quot;copyright&quot;:&quot;CHARLES JOHNSON 81 986016133&quot;,&quot;focal_length&quot;:&quot;50&quot;,&quot;iso&quot;:&quot;100&quot;,&quot;shutter_speed&quot;:&quot;0.001&quot;,&quot;title&quot;:&quot;&quot;,&quot;orientation&quot;:&quot;1&quot;}\" data-image-title=\"_H5A6680\" data-image-description=\"\" data-image-caption=\"&lt;p&gt;Cr\u00e9ditos: Josu\u00e9 J\u00fanior\/PMP&lt;\/p&gt;\n\" data-medium-file=\"https:\/\/www.paudalho.pe.gov.br\/portal\/wp-content\/uploads\/2024\/02\/H5A6680-350x230.jpg\" data-large-file=\"https:\/\/www.paudalho.pe.gov.br\/portal\/wp-content\/uploads\/2024\/02\/H5A6680-800x450.jpg\" data-id=\"32002\" src=\"https:\/\/www.paudalho.pe.gov.br\/portal\/wp-content\/uploads\/2024\/02\/H5A6680-800x450.jpg\" alt=\"\" class=\"wp-image-32002\"\/><figcaption class=\"wp-element-caption\">Cr\u00e9ditos: Josu\u00e9 J\u00fanior\/PMP<\/figcaption><\/figure>\n\n\n\n<figure class=\"wp-block-image size-large\"><img loading=\"lazy\" decoding=\"async\" width=\"800\" height=\"450\" data-attachment-id=\"32000\" data-permalink=\"https:\/\/www.paudalho.pe.gov.br\/portal\/paudalho-realiza-o-carnaval-da-educacao-e-reune-criancas-pais-e-educadores-da-rede-municipal-de-ensino\/_h5a6678\/\" data-orig-file=\"https:\/\/www.paudalho.pe.gov.br\/portal\/wp-content\/uploads\/2024\/02\/H5A6678-scaled.jpg\" data-orig-size=\"2560,1707\" data-comments-opened=\"1\" data-image-meta=\"{&quot;aperture&quot;:&quot;2.8&quot;,&quot;credit&quot;:&quot;CHARLES JOHNSON&quot;,&quot;camera&quot;:&quot;Canon EOS 5D Mark IV&quot;,&quot;caption&quot;:&quot;&quot;,&quot;created_timestamp&quot;:&quot;1707472486&quot;,&quot;copyright&quot;:&quot;CHARLES JOHNSON 81 986016133&quot;,&quot;focal_length&quot;:&quot;50&quot;,&quot;iso&quot;:&quot;100&quot;,&quot;shutter_speed&quot;:&quot;0.001&quot;,&quot;title&quot;:&quot;&quot;,&quot;orientation&quot;:&quot;1&quot;}\" data-image-title=\"_H5A6678\" data-image-description=\"\" data-image-caption=\"&lt;p&gt;Cr\u00e9ditos: Josu\u00e9 J\u00fanior\/PMP&lt;\/p&gt;\n\" data-medium-file=\"https:\/\/www.paudalho.pe.gov.br\/portal\/wp-content\/uploads\/2024\/02\/H5A6678-350x230.jpg\" data-large-file=\"https:\/\/www.paudalho.pe.gov.br\/portal\/wp-content\/uploads\/2024\/02\/H5A6678-800x450.jpg\" data-id=\"32000\" src=\"https:\/\/www.paudalho.pe.gov.br\/portal\/wp-content\/uploads\/2024\/02\/H5A6678-800x450.jpg\" alt=\"\" class=\"wp-image-32000\"\/><figcaption class=\"wp-element-caption\">Cr\u00e9ditos: Josu\u00e9 J\u00fanior\/PMP<\/figcaption><\/figure>\n\n\n\n<figure class=\"wp-block-image size-large\"><img loading=\"lazy\" decoding=\"async\" width=\"800\" height=\"450\" data-attachment-id=\"32004\" data-permalink=\"https:\/\/www.paudalho.pe.gov.br\/portal\/paudalho-realiza-o-carnaval-da-educacao-e-reune-criancas-pais-e-educadores-da-rede-municipal-de-ensino\/_h5a6683\/\" data-orig-file=\"https:\/\/www.paudalho.pe.gov.br\/portal\/wp-content\/uploads\/2024\/02\/H5A6683-scaled.jpg\" data-orig-size=\"2560,1707\" data-comments-opened=\"1\" data-image-meta=\"{&quot;aperture&quot;:&quot;2.8&quot;,&quot;credit&quot;:&quot;CHARLES JOHNSON&quot;,&quot;camera&quot;:&quot;Canon EOS 5D Mark IV&quot;,&quot;caption&quot;:&quot;&quot;,&quot;created_timestamp&quot;:&quot;1707472517&quot;,&quot;copyright&quot;:&quot;CHARLES JOHNSON 81 986016133&quot;,&quot;focal_length&quot;:&quot;50&quot;,&quot;iso&quot;:&quot;100&quot;,&quot;shutter_speed&quot;:&quot;0.001&quot;,&quot;title&quot;:&quot;&quot;,&quot;orientation&quot;:&quot;1&quot;}\" data-image-title=\"_H5A6683\" data-image-description=\"\" data-image-caption=\"&lt;p&gt;Cr\u00e9ditos: Josu\u00e9 J\u00fanior\/PMP&lt;\/p&gt;\n\" data-medium-file=\"https:\/\/www.paudalho.pe.gov.br\/portal\/wp-content\/uploads\/2024\/02\/H5A6683-350x230.jpg\" data-large-file=\"https:\/\/www.paudalho.pe.gov.br\/portal\/wp-content\/uploads\/2024\/02\/H5A6683-800x450.jpg\" data-id=\"32004\" src=\"https:\/\/www.paudalho.pe.gov.br\/portal\/wp-content\/uploads\/2024\/02\/H5A6683-800x450.jpg\" alt=\"\" class=\"wp-image-32004\"\/><figcaption class=\"wp-element-caption\">Cr\u00e9ditos: Josu\u00e9 J\u00fanior\/PMP<\/figcaption><\/figure>\n\n\n\n<figure class=\"wp-block-image size-large\"><img loading=\"lazy\" decoding=\"async\" width=\"800\" height=\"450\" data-attachment-id=\"32013\" data-permalink=\"https:\/\/www.paudalho.pe.gov.br\/portal\/paudalho-realiza-o-carnaval-da-educacao-e-reune-criancas-pais-e-educadores-da-rede-municipal-de-ensino\/_h5a6697\/\" data-orig-file=\"https:\/\/www.paudalho.pe.gov.br\/portal\/wp-content\/uploads\/2024\/02\/H5A6697-scaled.jpg\" data-orig-size=\"2560,1707\" data-comments-opened=\"1\" data-image-meta=\"{&quot;aperture&quot;:&quot;3.2&quot;,&quot;credit&quot;:&quot;CHARLES JOHNSON&quot;,&quot;camera&quot;:&quot;Canon EOS 5D Mark IV&quot;,&quot;caption&quot;:&quot;&quot;,&quot;created_timestamp&quot;:&quot;1707472582&quot;,&quot;copyright&quot;:&quot;CHARLES JOHNSON 81 986016133&quot;,&quot;focal_length&quot;:&quot;50&quot;,&quot;iso&quot;:&quot;100&quot;,&quot;shutter_speed&quot;:&quot;0.001&quot;,&quot;title&quot;:&quot;&quot;,&quot;orientation&quot;:&quot;1&quot;}\" data-image-title=\"_H5A6697\" data-image-description=\"\" data-image-caption=\"&lt;p&gt;Cr\u00e9ditos: Josu\u00e9 J\u00fanior\/PMP&lt;\/p&gt;\n\" data-medium-file=\"https:\/\/www.paudalho.pe.gov.br\/portal\/wp-content\/uploads\/2024\/02\/H5A6697-350x230.jpg\" data-large-file=\"https:\/\/www.paudalho.pe.gov.br\/portal\/wp-content\/uploads\/2024\/02\/H5A6697-800x450.jpg\" data-id=\"32013\" src=\"https:\/\/www.paudalho.pe.gov.br\/portal\/wp-content\/uploads\/2024\/02\/H5A6697-800x450.jpg\" alt=\"\" class=\"wp-image-32013\"\/><figcaption class=\"wp-element-caption\">Cr\u00e9ditos: Josu\u00e9 J\u00fanior\/PMP<\/figcaption><\/figure>\n\n\n\n<figure class=\"wp-block-image size-large\"><img loading=\"lazy\" decoding=\"async\" width=\"800\" height=\"450\" data-attachment-id=\"32014\" data-permalink=\"https:\/\/www.paudalho.pe.gov.br\/portal\/paudalho-realiza-o-carnaval-da-educacao-e-reune-criancas-pais-e-educadores-da-rede-municipal-de-ensino\/_h5a6698\/\" data-orig-file=\"https:\/\/www.paudalho.pe.gov.br\/portal\/wp-content\/uploads\/2024\/02\/H5A6698-scaled.jpg\" data-orig-size=\"2560,1707\" data-comments-opened=\"1\" data-image-meta=\"{&quot;aperture&quot;:&quot;2.5&quot;,&quot;credit&quot;:&quot;CHARLES JOHNSON&quot;,&quot;camera&quot;:&quot;Canon EOS 5D Mark IV&quot;,&quot;caption&quot;:&quot;&quot;,&quot;created_timestamp&quot;:&quot;1707472607&quot;,&quot;copyright&quot;:&quot;CHARLES JOHNSON 81 986016133&quot;,&quot;focal_length&quot;:&quot;50&quot;,&quot;iso&quot;:&quot;100&quot;,&quot;shutter_speed&quot;:&quot;0.001&quot;,&quot;title&quot;:&quot;&quot;,&quot;orientation&quot;:&quot;1&quot;}\" data-image-title=\"_H5A6698\" data-image-description=\"\" data-image-caption=\"&lt;p&gt;Cr\u00e9ditos: Josu\u00e9 J\u00fanior\/PMP&lt;\/p&gt;\n\" data-medium-file=\"https:\/\/www.paudalho.pe.gov.br\/portal\/wp-content\/uploads\/2024\/02\/H5A6698-350x230.jpg\" data-large-file=\"https:\/\/www.paudalho.pe.gov.br\/portal\/wp-content\/uploads\/2024\/02\/H5A6698-800x450.jpg\" data-id=\"32014\" src=\"https:\/\/www.paudalho.pe.gov.br\/portal\/wp-content\/uploads\/2024\/02\/H5A6698-800x450.jpg\" alt=\"\" class=\"wp-image-32014\"\/><figcaption class=\"wp-element-caption\">Cr\u00e9ditos: Josu\u00e9 J\u00fanior\/PMP<\/figcaption><\/figure>\n\n\n\n<figure class=\"wp-block-image size-large\"><img loading=\"lazy\" decoding=\"async\" width=\"800\" height=\"450\" data-attachment-id=\"32030\" data-permalink=\"https:\/\/www.paudalho.pe.gov.br\/portal\/paudalho-realiza-o-carnaval-da-educacao-e-reune-criancas-pais-e-educadores-da-rede-municipal-de-ensino\/_h5a6654\/\" data-orig-file=\"https:\/\/www.paudalho.pe.gov.br\/portal\/wp-content\/uploads\/2024\/02\/H5A6654-scaled.jpg\" data-orig-size=\"2560,1707\" data-comments-opened=\"1\" data-image-meta=\"{&quot;aperture&quot;:&quot;4&quot;,&quot;credit&quot;:&quot;CHARLES JOHNSON&quot;,&quot;camera&quot;:&quot;Canon EOS 5D Mark IV&quot;,&quot;caption&quot;:&quot;&quot;,&quot;created_timestamp&quot;:&quot;1707472353&quot;,&quot;copyright&quot;:&quot;CHARLES JOHNSON 81 986016133&quot;,&quot;focal_length&quot;:&quot;50&quot;,&quot;iso&quot;:&quot;100&quot;,&quot;shutter_speed&quot;:&quot;0.0015625&quot;,&quot;title&quot;:&quot;&quot;,&quot;orientation&quot;:&quot;1&quot;}\" data-image-title=\"_H5A6654\" data-image-description=\"\" data-image-caption=\"&lt;p&gt;Cr\u00e9ditos: Josu\u00e9 J\u00fanior\/PMP&lt;\/p&gt;\n\" data-medium-file=\"https:\/\/www.paudalho.pe.gov.br\/portal\/wp-content\/uploads\/2024\/02\/H5A6654-350x230.jpg\" data-large-file=\"https:\/\/www.paudalho.pe.gov.br\/portal\/wp-content\/uploads\/2024\/02\/H5A6654-800x450.jpg\" data-id=\"32030\" src=\"https:\/\/www.paudalho.pe.gov.br\/portal\/wp-content\/uploads\/2024\/02\/H5A6654-800x450.jpg\" alt=\"\" class=\"wp-image-32030\"\/><figcaption class=\"wp-element-caption\">Cr\u00e9ditos: Josu\u00e9 J\u00fanior\/PMP<\/figcaption><\/figure>\n\n\n\n<figure class=\"wp-block-image size-large\"><img loading=\"lazy\" decoding=\"async\" width=\"800\" height=\"450\" data-attachment-id=\"32031\" data-permalink=\"https:\/\/www.paudalho.pe.gov.br\/portal\/paudalho-realiza-o-carnaval-da-educacao-e-reune-criancas-pais-e-educadores-da-rede-municipal-de-ensino\/_h5a6655\/\" data-orig-file=\"https:\/\/www.paudalho.pe.gov.br\/portal\/wp-content\/uploads\/2024\/02\/H5A6655-scaled.jpg\" data-orig-size=\"2560,1707\" data-comments-opened=\"1\" data-image-meta=\"{&quot;aperture&quot;:&quot;3.5&quot;,&quot;credit&quot;:&quot;CHARLES JOHNSON&quot;,&quot;camera&quot;:&quot;Canon EOS 5D Mark IV&quot;,&quot;caption&quot;:&quot;&quot;,&quot;created_timestamp&quot;:&quot;1707472361&quot;,&quot;copyright&quot;:&quot;CHARLES JOHNSON 81 986016133&quot;,&quot;focal_length&quot;:&quot;50&quot;,&quot;iso&quot;:&quot;100&quot;,&quot;shutter_speed&quot;:&quot;0.0015625&quot;,&quot;title&quot;:&quot;&quot;,&quot;orientation&quot;:&quot;1&quot;}\" data-image-title=\"_H5A6655\" data-image-description=\"\" data-image-caption=\"&lt;p&gt;Cr\u00e9ditos: Josu\u00e9 J\u00fanior\/PMP&lt;\/p&gt;\n\" data-medium-file=\"https:\/\/www.paudalho.pe.gov.br\/portal\/wp-content\/uploads\/2024\/02\/H5A6655-350x230.jpg\" data-large-file=\"https:\/\/www.paudalho.pe.gov.br\/portal\/wp-content\/uploads\/2024\/02\/H5A6655-800x450.jpg\" data-id=\"32031\" src=\"https:\/\/www.paudalho.pe.gov.br\/portal\/wp-content\/uploads\/2024\/02\/H5A6655-800x450.jpg\" alt=\"\" class=\"wp-image-32031\"\/><figcaption class=\"wp-element-caption\">Cr\u00e9ditos: Josu\u00e9 J\u00fanior\/PMP<\/figcaption><\/figure>\n\n\n\n<figure class=\"wp-block-image size-large\"><img loading=\"lazy\" decoding=\"async\" width=\"800\" height=\"450\" data-attachment-id=\"32020\" data-permalink=\"https:\/\/www.paudalho.pe.gov.br\/portal\/paudalho-realiza-o-carnaval-da-educacao-e-reune-criancas-pais-e-educadores-da-rede-municipal-de-ensino\/_h5a6710\/\" data-orig-file=\"https:\/\/www.paudalho.pe.gov.br\/portal\/wp-content\/uploads\/2024\/02\/H5A6710-scaled.jpg\" data-orig-size=\"2560,1707\" data-comments-opened=\"1\" data-image-meta=\"{&quot;aperture&quot;:&quot;2&quot;,&quot;credit&quot;:&quot;CHARLES JOHNSON&quot;,&quot;camera&quot;:&quot;Canon EOS 5D Mark IV&quot;,&quot;caption&quot;:&quot;&quot;,&quot;created_timestamp&quot;:&quot;1707472720&quot;,&quot;copyright&quot;:&quot;CHARLES JOHNSON 81 986016133&quot;,&quot;focal_length&quot;:&quot;50&quot;,&quot;iso&quot;:&quot;100&quot;,&quot;shutter_speed&quot;:&quot;0.001&quot;,&quot;title&quot;:&quot;&quot;,&quot;orientation&quot;:&quot;1&quot;}\" data-image-title=\"_H5A6710\" data-image-description=\"\" data-image-caption=\"&lt;p&gt;Cr\u00e9ditos: Josu\u00e9 J\u00fanior\/PMP&lt;\/p&gt;\n\" data-medium-file=\"https:\/\/www.paudalho.pe.gov.br\/portal\/wp-content\/uploads\/2024\/02\/H5A6710-350x230.jpg\" data-large-file=\"https:\/\/www.paudalho.pe.gov.br\/portal\/wp-content\/uploads\/2024\/02\/H5A6710-800x450.jpg\" data-id=\"32020\" src=\"https:\/\/www.paudalho.pe.gov.br\/portal\/wp-content\/uploads\/2024\/02\/H5A6710-800x450.jpg\" alt=\"\" class=\"wp-image-32020\"\/><figcaption class=\"wp-element-caption\">Cr\u00e9ditos: Josu\u00e9 J\u00fanior\/PMP<\/figcaption><\/figure>\n\n\n\n<figure class=\"wp-block-image size-large\"><img loading=\"lazy\" decoding=\"async\" width=\"800\" height=\"450\" data-attachment-id=\"32019\" data-permalink=\"https:\/\/www.paudalho.pe.gov.br\/portal\/paudalho-realiza-o-carnaval-da-educacao-e-reune-criancas-pais-e-educadores-da-rede-municipal-de-ensino\/_h5a6709\/\" data-orig-file=\"https:\/\/www.paudalho.pe.gov.br\/portal\/wp-content\/uploads\/2024\/02\/H5A6709-scaled.jpg\" data-orig-size=\"2560,1707\" data-comments-opened=\"1\" data-image-meta=\"{&quot;aperture&quot;:&quot;3.2&quot;,&quot;credit&quot;:&quot;CHARLES JOHNSON&quot;,&quot;camera&quot;:&quot;Canon EOS 5D Mark IV&quot;,&quot;caption&quot;:&quot;&quot;,&quot;created_timestamp&quot;:&quot;1707472696&quot;,&quot;copyright&quot;:&quot;CHARLES JOHNSON 81 986016133&quot;,&quot;focal_length&quot;:&quot;50&quot;,&quot;iso&quot;:&quot;100&quot;,&quot;shutter_speed&quot;:&quot;0.001&quot;,&quot;title&quot;:&quot;&quot;,&quot;orientation&quot;:&quot;1&quot;}\" data-image-title=\"_H5A6709\" data-image-description=\"\" data-image-caption=\"&lt;p&gt;Cr\u00e9ditos: Josu\u00e9 J\u00fanior\/PMP&lt;\/p&gt;\n\" data-medium-file=\"https:\/\/www.paudalho.pe.gov.br\/portal\/wp-content\/uploads\/2024\/02\/H5A6709-350x230.jpg\" data-large-file=\"https:\/\/www.paudalho.pe.gov.br\/portal\/wp-content\/uploads\/2024\/02\/H5A6709-800x450.jpg\" data-id=\"32019\" src=\"https:\/\/www.paudalho.pe.gov.br\/portal\/wp-content\/uploads\/2024\/02\/H5A6709-800x450.jpg\" alt=\"\" class=\"wp-image-32019\"\/><figcaption class=\"wp-element-caption\">Cr\u00e9ditos: Josu\u00e9 J\u00fanior\/PMP<\/figcaption><\/figure>\n\n\n\n<figure class=\"wp-block-image size-large\"><img loading=\"lazy\" decoding=\"async\" width=\"800\" height=\"450\" data-attachment-id=\"32012\" data-permalink=\"https:\/\/www.paudalho.pe.gov.br\/portal\/paudalho-realiza-o-carnaval-da-educacao-e-reune-criancas-pais-e-educadores-da-rede-municipal-de-ensino\/_h5a6695\/\" data-orig-file=\"https:\/\/www.paudalho.pe.gov.br\/portal\/wp-content\/uploads\/2024\/02\/H5A6695-scaled.jpg\" data-orig-size=\"2560,1707\" data-comments-opened=\"1\" data-image-meta=\"{&quot;aperture&quot;:&quot;4.5&quot;,&quot;credit&quot;:&quot;CHARLES JOHNSON&quot;,&quot;camera&quot;:&quot;Canon EOS 5D Mark IV&quot;,&quot;caption&quot;:&quot;&quot;,&quot;created_timestamp&quot;:&quot;1707472561&quot;,&quot;copyright&quot;:&quot;CHARLES JOHNSON 81 986016133&quot;,&quot;focal_length&quot;:&quot;50&quot;,&quot;iso&quot;:&quot;100&quot;,&quot;shutter_speed&quot;:&quot;0.001&quot;,&quot;title&quot;:&quot;&quot;,&quot;orientation&quot;:&quot;1&quot;}\" data-image-title=\"_H5A6695\" data-image-description=\"\" data-image-caption=\"&lt;p&gt;Cr\u00e9ditos: Josu\u00e9 J\u00fanior\/PMP&lt;\/p&gt;\n\" data-medium-file=\"https:\/\/www.paudalho.pe.gov.br\/portal\/wp-content\/uploads\/2024\/02\/H5A6695-350x230.jpg\" data-large-file=\"https:\/\/www.paudalho.pe.gov.br\/portal\/wp-content\/uploads\/2024\/02\/H5A6695-800x450.jpg\" data-id=\"32012\" src=\"https:\/\/www.paudalho.pe.gov.br\/portal\/wp-content\/uploads\/2024\/02\/H5A6695-800x450.jpg\" alt=\"\" class=\"wp-image-32012\"\/><figcaption class=\"wp-element-caption\">Cr\u00e9ditos: Josu\u00e9 J\u00fanior\/PMP<\/figcaption><\/figure>\n\n\n\n<figure class=\"wp-block-image size-large\"><img loading=\"lazy\" decoding=\"async\" width=\"800\" height=\"450\" data-attachment-id=\"32008\" data-permalink=\"https:\/\/www.paudalho.pe.gov.br\/portal\/paudalho-realiza-o-carnaval-da-educacao-e-reune-criancas-pais-e-educadores-da-rede-municipal-de-ensino\/_h5a6691\/\" data-orig-file=\"https:\/\/www.paudalho.pe.gov.br\/portal\/wp-content\/uploads\/2024\/02\/H5A6691-scaled.jpg\" data-orig-size=\"2560,1707\" data-comments-opened=\"1\" data-image-meta=\"{&quot;aperture&quot;:&quot;3.2&quot;,&quot;credit&quot;:&quot;CHARLES JOHNSON&quot;,&quot;camera&quot;:&quot;Canon EOS 5D Mark IV&quot;,&quot;caption&quot;:&quot;&quot;,&quot;created_timestamp&quot;:&quot;1707472545&quot;,&quot;copyright&quot;:&quot;CHARLES JOHNSON 81 986016133&quot;,&quot;focal_length&quot;:&quot;50&quot;,&quot;iso&quot;:&quot;100&quot;,&quot;shutter_speed&quot;:&quot;0.001&quot;,&quot;title&quot;:&quot;&quot;,&quot;orientation&quot;:&quot;1&quot;}\" data-image-title=\"_H5A6691\" data-image-description=\"\" data-image-caption=\"\" data-medium-file=\"https:\/\/www.paudalho.pe.gov.br\/portal\/wp-content\/uploads\/2024\/02\/H5A6691-350x230.jpg\" data-large-file=\"https:\/\/www.paudalho.pe.gov.br\/portal\/wp-content\/uploads\/2024\/02\/H5A6691-800x450.jpg\" data-id=\"32008\" src=\"https:\/\/www.paudalho.pe.gov.br\/portal\/wp-content\/uploads\/2024\/02\/H5A6691-800x450.jpg\" alt=\"\" class=\"wp-image-32008\"\/><\/figure>\n\n\n\n<figure class=\"wp-block-image size-large\"><img loading=\"lazy\" decoding=\"async\" width=\"800\" height=\"450\" data-attachment-id=\"32007\" data-permalink=\"https:\/\/www.paudalho.pe.gov.br\/portal\/paudalho-realiza-o-carnaval-da-educacao-e-reune-criancas-pais-e-educadores-da-rede-municipal-de-ensino\/_h5a6688\/\" data-orig-file=\"https:\/\/www.paudalho.pe.gov.br\/portal\/wp-content\/uploads\/2024\/02\/H5A6688-scaled.jpg\" data-orig-size=\"2560,1707\" data-comments-opened=\"1\" data-image-meta=\"{&quot;aperture&quot;:&quot;2.8&quot;,&quot;credit&quot;:&quot;CHARLES JOHNSON&quot;,&quot;camera&quot;:&quot;Canon EOS 5D Mark IV&quot;,&quot;caption&quot;:&quot;&quot;,&quot;created_timestamp&quot;:&quot;1707472540&quot;,&quot;copyright&quot;:&quot;CHARLES JOHNSON 81 986016133&quot;,&quot;focal_length&quot;:&quot;50&quot;,&quot;iso&quot;:&quot;100&quot;,&quot;shutter_speed&quot;:&quot;0.001&quot;,&quot;title&quot;:&quot;&quot;,&quot;orientation&quot;:&quot;1&quot;}\" data-image-title=\"_H5A6688\" data-image-description=\"\" data-image-caption=\"&lt;p&gt;Cr\u00e9ditos: Josu\u00e9 J\u00fanior\/PMP&lt;\/p&gt;\n\" data-medium-file=\"https:\/\/www.paudalho.pe.gov.br\/portal\/wp-content\/uploads\/2024\/02\/H5A6688-350x230.jpg\" data-large-file=\"https:\/\/www.paudalho.pe.gov.br\/portal\/wp-content\/uploads\/2024\/02\/H5A6688-800x450.jpg\" data-id=\"32007\" src=\"https:\/\/www.paudalho.pe.gov.br\/portal\/wp-content\/uploads\/2024\/02\/H5A6688-800x450.jpg\" alt=\"\" class=\"wp-image-32007\"\/><figcaption class=\"wp-element-caption\">Cr\u00e9ditos: Josu\u00e9 J\u00fanior\/PMP<\/figcaption><\/figure>\n\n\n\n<figure class=\"wp-block-image size-large\"><img loading=\"lazy\" decoding=\"async\" width=\"800\" height=\"450\" data-attachment-id=\"32005\" data-permalink=\"https:\/\/www.paudalho.pe.gov.br\/portal\/paudalho-realiza-o-carnaval-da-educacao-e-reune-criancas-pais-e-educadores-da-rede-municipal-de-ensino\/_h5a6684\/\" data-orig-file=\"https:\/\/www.paudalho.pe.gov.br\/portal\/wp-content\/uploads\/2024\/02\/H5A6684-scaled.jpg\" data-orig-size=\"2560,1707\" data-comments-opened=\"1\" data-image-meta=\"{&quot;aperture&quot;:&quot;2.5&quot;,&quot;credit&quot;:&quot;CHARLES JOHNSON&quot;,&quot;camera&quot;:&quot;Canon EOS 5D Mark IV&quot;,&quot;caption&quot;:&quot;&quot;,&quot;created_timestamp&quot;:&quot;1707472525&quot;,&quot;copyright&quot;:&quot;CHARLES JOHNSON 81 986016133&quot;,&quot;focal_length&quot;:&quot;50&quot;,&quot;iso&quot;:&quot;100&quot;,&quot;shutter_speed&quot;:&quot;0.001&quot;,&quot;title&quot;:&quot;&quot;,&quot;orientation&quot;:&quot;1&quot;}\" data-image-title=\"_H5A6684\" data-image-description=\"\" data-image-caption=\"&lt;p&gt;Cr\u00e9ditos: Josu\u00e9 J\u00fanior\/PMP&lt;\/p&gt;\n\" data-medium-file=\"https:\/\/www.paudalho.pe.gov.br\/portal\/wp-content\/uploads\/2024\/02\/H5A6684-350x230.jpg\" data-large-file=\"https:\/\/www.paudalho.pe.gov.br\/portal\/wp-content\/uploads\/2024\/02\/H5A6684-800x450.jpg\" data-id=\"32005\" src=\"https:\/\/www.paudalho.pe.gov.br\/portal\/wp-content\/uploads\/2024\/02\/H5A6684-800x450.jpg\" alt=\"\" class=\"wp-image-32005\"\/><figcaption class=\"wp-element-caption\">Cr\u00e9ditos: Josu\u00e9 J\u00fanior\/PMP<\/figcaption><\/figure>\n\n\n\n<figure class=\"wp-block-image size-large\"><img loading=\"lazy\" decoding=\"async\" width=\"800\" height=\"450\" data-attachment-id=\"31995\" data-permalink=\"https:\/\/www.paudalho.pe.gov.br\/portal\/paudalho-realiza-o-carnaval-da-educacao-e-reune-criancas-pais-e-educadores-da-rede-municipal-de-ensino\/_h5a6658\/\" data-orig-file=\"https:\/\/www.paudalho.pe.gov.br\/portal\/wp-content\/uploads\/2024\/02\/H5A6658-scaled.jpg\" data-orig-size=\"1707,2560\" data-comments-opened=\"1\" data-image-meta=\"{&quot;aperture&quot;:&quot;2.5&quot;,&quot;credit&quot;:&quot;CHARLES JOHNSON&quot;,&quot;camera&quot;:&quot;Canon EOS 5D Mark IV&quot;,&quot;caption&quot;:&quot;&quot;,&quot;created_timestamp&quot;:&quot;1707472372&quot;,&quot;copyright&quot;:&quot;CHARLES JOHNSON 81 986016133&quot;,&quot;focal_length&quot;:&quot;50&quot;,&quot;iso&quot;:&quot;100&quot;,&quot;shutter_speed&quot;:&quot;0.0015625&quot;,&quot;title&quot;:&quot;&quot;,&quot;orientation&quot;:&quot;1&quot;}\" data-image-title=\"_H5A6658\" data-image-description=\"\" data-image-caption=\"&lt;p&gt;Cr\u00e9ditos: Josu\u00e9 J\u00fanior\/PMP&lt;\/p&gt;\n\" data-medium-file=\"https:\/\/www.paudalho.pe.gov.br\/portal\/wp-content\/uploads\/2024\/02\/H5A6658-350x230.jpg\" data-large-file=\"https:\/\/www.paudalho.pe.gov.br\/portal\/wp-content\/uploads\/2024\/02\/H5A6658-800x450.jpg\" data-id=\"31995\" src=\"https:\/\/www.paudalho.pe.gov.br\/portal\/wp-content\/uploads\/2024\/02\/H5A6658-800x450.jpg\" alt=\"\" class=\"wp-image-31995\"\/><figcaption class=\"wp-element-caption\">Cr\u00e9ditos: Josu\u00e9 J\u00fanior\/PMP<\/figcaption><\/figure>\n\n\n\n<figure class=\"wp-block-image size-large\"><img loading=\"lazy\" decoding=\"async\" width=\"800\" height=\"450\" data-attachment-id=\"31994\" data-permalink=\"https:\/\/www.paudalho.pe.gov.br\/portal\/paudalho-realiza-o-carnaval-da-educacao-e-reune-criancas-pais-e-educadores-da-rede-municipal-de-ensino\/_h5a6739\/\" data-orig-file=\"https:\/\/www.paudalho.pe.gov.br\/portal\/wp-content\/uploads\/2024\/02\/H5A6739-scaled.jpg\" data-orig-size=\"2560,1707\" data-comments-opened=\"1\" data-image-meta=\"{&quot;aperture&quot;:&quot;4&quot;,&quot;credit&quot;:&quot;CHARLES JOHNSON&quot;,&quot;camera&quot;:&quot;Canon EOS 5D Mark IV&quot;,&quot;caption&quot;:&quot;&quot;,&quot;created_timestamp&quot;:&quot;1707473320&quot;,&quot;copyright&quot;:&quot;CHARLES JOHNSON 81 986016133&quot;,&quot;focal_length&quot;:&quot;50&quot;,&quot;iso&quot;:&quot;100&quot;,&quot;shutter_speed&quot;:&quot;0.002&quot;,&quot;title&quot;:&quot;&quot;,&quot;orientation&quot;:&quot;1&quot;}\" data-image-title=\"_H5A6739\" data-image-description=\"\" data-image-caption=\"&lt;p&gt;Cr\u00e9ditos: Josu\u00e9 J\u00fanior\/PMP&lt;\/p&gt;\n\" data-medium-file=\"https:\/\/www.paudalho.pe.gov.br\/portal\/wp-content\/uploads\/2024\/02\/H5A6739-350x230.jpg\" data-large-file=\"https:\/\/www.paudalho.pe.gov.br\/portal\/wp-content\/uploads\/2024\/02\/H5A6739-800x450.jpg\" data-id=\"31994\" src=\"https:\/\/www.paudalho.pe.gov.br\/portal\/wp-content\/uploads\/2024\/02\/H5A6739-800x450.jpg\" alt=\"\" class=\"wp-image-31994\"\/><figcaption class=\"wp-element-caption\">Cr\u00e9ditos: Josu\u00e9 J\u00fanior\/PMP<\/figcaption><\/figure>\n\n\n\n<figure class=\"wp-block-image size-large\"><img loading=\"lazy\" decoding=\"async\" width=\"800\" height=\"450\" data-attachment-id=\"31993\" data-permalink=\"https:\/\/www.paudalho.pe.gov.br\/portal\/paudalho-realiza-o-carnaval-da-educacao-e-reune-criancas-pais-e-educadores-da-rede-municipal-de-ensino\/_h5a6738\/\" data-orig-file=\"https:\/\/www.paudalho.pe.gov.br\/portal\/wp-content\/uploads\/2024\/02\/H5A6738-scaled.jpg\" data-orig-size=\"2560,1707\" data-comments-opened=\"1\" data-image-meta=\"{&quot;aperture&quot;:&quot;4.5&quot;,&quot;credit&quot;:&quot;CHARLES JOHNSON&quot;,&quot;camera&quot;:&quot;Canon EOS 5D Mark IV&quot;,&quot;caption&quot;:&quot;&quot;,&quot;created_timestamp&quot;:&quot;1707473284&quot;,&quot;copyright&quot;:&quot;CHARLES JOHNSON 81 986016133&quot;,&quot;focal_length&quot;:&quot;50&quot;,&quot;iso&quot;:&quot;100&quot;,&quot;shutter_speed&quot;:&quot;0.002&quot;,&quot;title&quot;:&quot;&quot;,&quot;orientation&quot;:&quot;1&quot;}\" data-image-title=\"_H5A6738\" data-image-description=\"\" data-image-caption=\"&lt;p&gt;Cr\u00e9ditos: Josu\u00e9 J\u00fanior\/PMP&lt;\/p&gt;\n\" data-medium-file=\"https:\/\/www.paudalho.pe.gov.br\/portal\/wp-content\/uploads\/2024\/02\/H5A6738-350x230.jpg\" data-large-file=\"https:\/\/www.paudalho.pe.gov.br\/portal\/wp-content\/uploads\/2024\/02\/H5A6738-800x450.jpg\" data-id=\"31993\" src=\"https:\/\/www.paudalho.pe.gov.br\/portal\/wp-content\/uploads\/2024\/02\/H5A6738-800x450.jpg\" alt=\"\" class=\"wp-image-31993\"\/><figcaption class=\"wp-element-caption\">Cr\u00e9ditos: Josu\u00e9 J\u00fanior\/PMP<\/figcaption><\/figure>\n<\/figure>\n","protected":false},"excerpt":{"rendered":"<p>Em um munic\u00edpio que respira Carnaval, j\u00e1 virou tradi\u00e7\u00e3o em Paudalho o desfile do Carnaval da Educa\u00e7\u00e3o. O evento, realizado pela Prefeitura do Paudalho, por meio da Secretaria de Educa\u00e7\u00e3o e Esportes, saiu na manh\u00e3 do dia 9 de fevereiro da Pra\u00e7a Joaquim Nabuco, tamb\u00e9m conhecida como Pra\u00e7a do Ros\u00e1rio, e seguiu at\u00e9 o P\u00e1tio [&hellip;]<\/p>\n","protected":false},"author":10,"featured_media":32029,"comment_status":"open","ping_status":"open","sticky":false,"template":"","format":"standard","meta":{"_jetpack_newsletter_access":"","_jetpack_dont_email_post_to_subs":false,"_jetpack_newsletter_tier_id":0,"_jetpack_memberships_contains_paywalled_content":false,"_jetpack_memberships_contains_paid_content":false,"footnotes":""},"categories":[37,2,4,520,1],"tags":[38,1348,1121,30,1400,14,22,106],"class_list":["post-31992","post","type-post","status-publish","format-standard","has-post-thumbnail","hentry","category-carnaval","category-destaque","category-educacao","category-educacao-2","category-noticias","tag-carnaval","tag-carnaval-2024","tag-carnaval-da-educacao","tag-educacao","tag-educacao-na-folia","tag-paudalho","tag-prefeitura-do-paudalho","tag-secretaria-de-educacao"],"jetpack_featured_media_url":"https:\/\/www.paudalho.pe.gov.br\/portal\/wp-content\/uploads\/2024\/02\/H5A6736-scaled.jpg","jetpack_sharing_enabled":true,"jetpack_shortlink":"https:\/\/wp.me\/p98mS2-8k0","_links":{"self":[{"href":"https:\/\/www.paudalho.pe.gov.br\/portal\/wp-json\/wp\/v2\/posts\/31992","targetHints":{"allow":["GET"]}}],"collection":[{"href":"https:\/\/www.paudalho.pe.gov.br\/portal\/wp-json\/wp\/v2\/posts"}],"about":[{"href":"https:\/\/www.paudalho.pe.gov.br\/portal\/wp-json\/wp\/v2\/types\/post"}],"author":[{"embeddable":true,"href":"https:\/\/www.paudalho.pe.gov.br\/portal\/wp-json\/wp\/v2\/users\/10"}],"replies":[{"embeddable":true,"href":"https:\/\/www.paudalho.pe.gov.br\/portal\/wp-json\/wp\/v2\/comments?post=31992"}],"version-history":[{"count":1,"href":"https:\/\/www.paudalho.pe.gov.br\/portal\/wp-json\/wp\/v2\/posts\/31992\/revisions"}],"predecessor-version":[{"id":32033,"href":"https:\/\/www.paudalho.pe.gov.br\/portal\/wp-json\/wp\/v2\/posts\/31992\/revisions\/32033"}],"wp:featuredmedia":[{"embeddable":true,"href":"https:\/\/www.paudalho.pe.gov.br\/portal\/wp-json\/wp\/v2\/media\/32029"}],"wp:attachment":[{"href":"https:\/\/www.paudalho.pe.gov.br\/portal\/wp-json\/wp\/v2\/media?parent=31992"}],"wp:term":[{"taxonomy":"category","embeddable":true,"href":"https:\/\/www.paudalho.pe.gov.br\/portal\/wp-json\/wp\/v2\/categories?post=31992"},{"taxonomy":"post_tag","embeddable":true,"href":"https:\/\/www.paudalho.pe.gov.br\/portal\/wp-json\/wp\/v2\/tags?post=31992"}],"curies":[{"name":"wp","href":"https:\/\/api.w.org\/{rel}","templated":true}]}}