{"id":31929,"date":"2024-02-09T09:48:20","date_gmt":"2024-02-09T12:48:20","guid":{"rendered":"https:\/\/www.paudalho.pe.gov.br\/portal\/?p=31929"},"modified":"2025-01-08T00:38:16","modified_gmt":"2025-01-08T03:38:16","slug":"paudalho-realiza-encontro-de-blocos-liricos-em-apoteose-de-abertura-do-polo-cultural-do-carnaval-2024-nesta-sexta-feira9","status":"publish","type":"post","link":"https:\/\/www.paudalho.pe.gov.br\/portal\/paudalho-realiza-encontro-de-blocos-liricos-em-apoteose-de-abertura-do-polo-cultural-do-carnaval-2024-nesta-sexta-feira9\/","title":{"rendered":"Paudalho realiza Encontro de Blocos L\u00edricos em Apoteose de Abertura do Polo Cultural do Carnaval 2024 nesta sexta-feira(9)"},"content":{"rendered":"\n<p>Valorizando a tradi\u00e7\u00e3o local dos blocos l\u00edricos, a Prefeitura do Paudalho, atrav\u00e9s da Secretaria de Cultura, Turismo, Lazer e Juventude (SecultJuv), realiza nesta sexta-feira(9), a partir das 19h, a Apoteose de Abertura do Polo Cultural do Carnaval 2024. O evento ir\u00e1 contar com o Encontro de Blocos L\u00edricos, tradicional no munic\u00edpio.<\/p>\n\n\n\n<p>A concentra\u00e7\u00e3o ser\u00e1 \u00e0s 19h, na Pra\u00e7a Joaquim Nabuco, conhecida como Pra\u00e7a do Ros\u00e1rio, e segue pelas principais ruas do munic\u00edpio at\u00e9 a sede do Polo Cultural, localizado na Pra\u00e7a Pedro Coutinho, conhecida como Pra\u00e7a do Lenhadores.<\/p>\n\n\n\n<p>Entre as agremia\u00e7\u00f5es confirmadas, teremos a presen\u00e7a dos blocos l\u00edricos Som de Serenata, Magia L\u00edrica, Amantes do Luar, Lira do Carpina e Flor do Tamarindo Carpina, trazendo a magia das vestimentas t\u00edpicas de blocos l\u00edricos, frevos antigos e marchinhas que fizeram a hist\u00f3ria do tradicional carnaval pernambucano.<\/p>\n\n\n\n<p><strong>POLO CULTURAL<\/strong><\/p>\n\n\n\n<p>O Polo Cultural, localizado na Pra\u00e7a Pedro Coutinho, no Centro do munic\u00edpio, contar\u00e1 com programa\u00e7\u00e3o nos dias 11, 12 e 13 de fevereiro, das 9h \u00e0s 23h, recebendo grupos locais e convidados de maracatus, caboclinhos, bois, blocos l\u00edricos, escolas de samba, entre outras agremia\u00e7\u00f5es carnavalescas. A partir das 20h, o Polo receber\u00e1 os tradicionais desfiles dos clubes carnavalescos de Paudalho, que sempre marcam o carnaval paudalhense.<\/p>\n\n\n\n<p><strong>CARNAVAL PARA TODOS OS GOSTOS<\/strong><\/p>\n\n\n\n<p>Anualmente, o Carnaval de Paudalho carrega em sua programa\u00e7\u00e3o a multiculturalidade, reunindo diversas culturas e tradi\u00e7\u00f5es que envolvem o munic\u00edpio e o seu povo. Assim, a programa\u00e7\u00e3o carnavalesca deste ano cria pontes musicais entre diversos ritmos, recebendo bandas e cantores de frevo, forr\u00f3, brega, brega-funk, reggae, samba e pagode, al\u00e9m de espet\u00e1culo infantil, em tr\u00eas dias intensos de festa, no Polo Cultural e Principal &#8211; o \u00faltimo est\u00e1 localizado no P\u00e1tio de Eventos Beira-Rio, e conta com a presen\u00e7a de cantores\/grupos como Ferrugem, Marcelo Falc\u00e3o, Elba Ramalho, Alceu Valen\u00e7a, Pablo, Priscila Senna, Os Neiffs e Troinha.<\/p>\n\n\n\n<p><strong>SERVI\u00c7O<\/strong>: Apoteose de Abertura do Polo Cultural do Carnaval 2024 &#8211; Encontro dos Blocos L\u00edricos<br>Data: Sexta-feira, 09\/02<br>Hor\u00e1rio: 19h<br>Concentra\u00e7\u00e3o: Pra\u00e7a Joaquim Nabuco (Pra\u00e7a do Ros\u00e1rio)<br>Local: sede do Polo Cultural, na Pra\u00e7a Pedro Coutinho<br>Percurso do cortejo:<br>Pra\u00e7a Joaquim Nabuco, Rua Dr. Jos\u00e9 Mariano, Pra\u00e7a Pedro Coutinho, Rua Jo\u00e3o Alfredo, Rua Ter\u00eancio Bacalhau, Avenida Senador Pinheiro Ramos, Rua Ant\u00f4nio Montenegro e t\u00e9rmino na Pra\u00e7a Pedro Coutinho.<\/p>\n\n\n\n<p>Confira alguns registros da Apoteose de Abertura do Carnaval 2023:<\/p>\n\n\n\n<figure class=\"wp-block-gallery has-nested-images columns-default is-cropped wp-block-gallery-1 is-layout-flex wp-block-gallery-is-layout-flex\">\n<figure class=\"wp-block-image size-large\"><img loading=\"lazy\" decoding=\"async\" width=\"800\" height=\"450\" data-attachment-id=\"31931\" data-permalink=\"https:\/\/www.paudalho.pe.gov.br\/portal\/paudalho-realiza-encontro-de-blocos-liricos-em-apoteose-de-abertura-do-polo-cultural-do-carnaval-2024-nesta-sexta-feira9\/photo1676689885-2\/\" data-orig-file=\"https:\/\/www.paudalho.pe.gov.br\/portal\/wp-content\/uploads\/2024\/02\/photo1676689885-2.jpeg\" data-orig-size=\"1280,853\" data-comments-opened=\"1\" data-image-meta=\"{&quot;aperture&quot;:&quot;0&quot;,&quot;credit&quot;:&quot;&quot;,&quot;camera&quot;:&quot;&quot;,&quot;caption&quot;:&quot;&quot;,&quot;created_timestamp&quot;:&quot;0&quot;,&quot;copyright&quot;:&quot;&quot;,&quot;focal_length&quot;:&quot;0&quot;,&quot;iso&quot;:&quot;0&quot;,&quot;shutter_speed&quot;:&quot;0&quot;,&quot;title&quot;:&quot;&quot;,&quot;orientation&quot;:&quot;0&quot;}\" data-image-title=\"photo1676689885 (2)\" data-image-description=\"\" data-image-caption=\"\" data-medium-file=\"https:\/\/www.paudalho.pe.gov.br\/portal\/wp-content\/uploads\/2024\/02\/photo1676689885-2-350x230.jpeg\" data-large-file=\"https:\/\/www.paudalho.pe.gov.br\/portal\/wp-content\/uploads\/2024\/02\/photo1676689885-2-800x450.jpeg\" data-id=\"31931\" src=\"https:\/\/www.paudalho.pe.gov.br\/portal\/wp-content\/uploads\/2024\/02\/photo1676689885-2-800x450.jpeg\" alt=\"\" class=\"wp-image-31931\"\/><figcaption class=\"wp-element-caption\">Cr\u00e9dito: Josu\u00e9 J\u00fanior\/PMP<\/figcaption><\/figure>\n\n\n\n<figure class=\"wp-block-image size-large\"><img loading=\"lazy\" decoding=\"async\" width=\"800\" height=\"450\" data-attachment-id=\"31971\" data-permalink=\"https:\/\/www.paudalho.pe.gov.br\/portal\/paudalho-realiza-encontro-de-blocos-liricos-em-apoteose-de-abertura-do-polo-cultural-do-carnaval-2024-nesta-sexta-feira9\/photo1676689925-9\/\" data-orig-file=\"https:\/\/www.paudalho.pe.gov.br\/portal\/wp-content\/uploads\/2024\/02\/photo1676689925-9.jpeg\" data-orig-size=\"1280,853\" data-comments-opened=\"1\" data-image-meta=\"{&quot;aperture&quot;:&quot;0&quot;,&quot;credit&quot;:&quot;&quot;,&quot;camera&quot;:&quot;&quot;,&quot;caption&quot;:&quot;&quot;,&quot;created_timestamp&quot;:&quot;0&quot;,&quot;copyright&quot;:&quot;&quot;,&quot;focal_length&quot;:&quot;0&quot;,&quot;iso&quot;:&quot;0&quot;,&quot;shutter_speed&quot;:&quot;0&quot;,&quot;title&quot;:&quot;&quot;,&quot;orientation&quot;:&quot;0&quot;}\" data-image-title=\"photo1676689925 (9)\" data-image-description=\"\" data-image-caption=\"&lt;p&gt;Cr\u00e9dito: Josu\u00e9 J\u00fanior\/PMP&lt;\/p&gt;\n\" data-medium-file=\"https:\/\/www.paudalho.pe.gov.br\/portal\/wp-content\/uploads\/2024\/02\/photo1676689925-9-350x230.jpeg\" data-large-file=\"https:\/\/www.paudalho.pe.gov.br\/portal\/wp-content\/uploads\/2024\/02\/photo1676689925-9-800x450.jpeg\" data-id=\"31971\" src=\"https:\/\/www.paudalho.pe.gov.br\/portal\/wp-content\/uploads\/2024\/02\/photo1676689925-9-800x450.jpeg\" alt=\"\" class=\"wp-image-31971\"\/><figcaption class=\"wp-element-caption\">Cr\u00e9dito: Josu\u00e9 J\u00fanior\/PMP<\/figcaption><\/figure>\n\n\n\n<figure class=\"wp-block-image size-large\"><img loading=\"lazy\" decoding=\"async\" width=\"800\" height=\"450\" data-attachment-id=\"31970\" data-permalink=\"https:\/\/www.paudalho.pe.gov.br\/portal\/paudalho-realiza-encontro-de-blocos-liricos-em-apoteose-de-abertura-do-polo-cultural-do-carnaval-2024-nesta-sexta-feira9\/photo1676689925-8\/\" data-orig-file=\"https:\/\/www.paudalho.pe.gov.br\/portal\/wp-content\/uploads\/2024\/02\/photo1676689925-8.jpeg\" data-orig-size=\"1280,853\" data-comments-opened=\"1\" data-image-meta=\"{&quot;aperture&quot;:&quot;0&quot;,&quot;credit&quot;:&quot;&quot;,&quot;camera&quot;:&quot;&quot;,&quot;caption&quot;:&quot;&quot;,&quot;created_timestamp&quot;:&quot;0&quot;,&quot;copyright&quot;:&quot;&quot;,&quot;focal_length&quot;:&quot;0&quot;,&quot;iso&quot;:&quot;0&quot;,&quot;shutter_speed&quot;:&quot;0&quot;,&quot;title&quot;:&quot;&quot;,&quot;orientation&quot;:&quot;0&quot;}\" data-image-title=\"photo1676689925 (8)\" data-image-description=\"\" data-image-caption=\"&lt;p&gt;Cr\u00e9dito: Josu\u00e9 J\u00fanior\/PMP&lt;\/p&gt;\n\" data-medium-file=\"https:\/\/www.paudalho.pe.gov.br\/portal\/wp-content\/uploads\/2024\/02\/photo1676689925-8-350x230.jpeg\" data-large-file=\"https:\/\/www.paudalho.pe.gov.br\/portal\/wp-content\/uploads\/2024\/02\/photo1676689925-8-800x450.jpeg\" data-id=\"31970\" src=\"https:\/\/www.paudalho.pe.gov.br\/portal\/wp-content\/uploads\/2024\/02\/photo1676689925-8-800x450.jpeg\" alt=\"\" class=\"wp-image-31970\"\/><figcaption class=\"wp-element-caption\">Cr\u00e9dito: Josu\u00e9 J\u00fanior\/PMP<\/figcaption><\/figure>\n\n\n\n<figure class=\"wp-block-image size-large\"><img loading=\"lazy\" decoding=\"async\" width=\"800\" height=\"450\" data-attachment-id=\"31969\" data-permalink=\"https:\/\/www.paudalho.pe.gov.br\/portal\/paudalho-realiza-encontro-de-blocos-liricos-em-apoteose-de-abertura-do-polo-cultural-do-carnaval-2024-nesta-sexta-feira9\/photo1676689925-7\/\" data-orig-file=\"https:\/\/www.paudalho.pe.gov.br\/portal\/wp-content\/uploads\/2024\/02\/photo1676689925-7.jpeg\" data-orig-size=\"853,1280\" data-comments-opened=\"1\" data-image-meta=\"{&quot;aperture&quot;:&quot;0&quot;,&quot;credit&quot;:&quot;&quot;,&quot;camera&quot;:&quot;&quot;,&quot;caption&quot;:&quot;&quot;,&quot;created_timestamp&quot;:&quot;0&quot;,&quot;copyright&quot;:&quot;&quot;,&quot;focal_length&quot;:&quot;0&quot;,&quot;iso&quot;:&quot;0&quot;,&quot;shutter_speed&quot;:&quot;0&quot;,&quot;title&quot;:&quot;&quot;,&quot;orientation&quot;:&quot;0&quot;}\" data-image-title=\"photo1676689925 (7)\" data-image-description=\"\" data-image-caption=\"&lt;p&gt;Cr\u00e9dito: Josu\u00e9 J\u00fanior\/PMP&lt;\/p&gt;\n\" data-medium-file=\"https:\/\/www.paudalho.pe.gov.br\/portal\/wp-content\/uploads\/2024\/02\/photo1676689925-7-350x230.jpeg\" data-large-file=\"https:\/\/www.paudalho.pe.gov.br\/portal\/wp-content\/uploads\/2024\/02\/photo1676689925-7-800x450.jpeg\" data-id=\"31969\" src=\"https:\/\/www.paudalho.pe.gov.br\/portal\/wp-content\/uploads\/2024\/02\/photo1676689925-7-800x450.jpeg\" alt=\"\" class=\"wp-image-31969\"\/><figcaption class=\"wp-element-caption\">Cr\u00e9dito: Josu\u00e9 J\u00fanior\/PMP<\/figcaption><\/figure>\n\n\n\n<figure class=\"wp-block-image size-large\"><img loading=\"lazy\" decoding=\"async\" width=\"800\" height=\"450\" data-attachment-id=\"31968\" data-permalink=\"https:\/\/www.paudalho.pe.gov.br\/portal\/paudalho-realiza-encontro-de-blocos-liricos-em-apoteose-de-abertura-do-polo-cultural-do-carnaval-2024-nesta-sexta-feira9\/photo1676689925-6\/\" data-orig-file=\"https:\/\/www.paudalho.pe.gov.br\/portal\/wp-content\/uploads\/2024\/02\/photo1676689925-6.jpeg\" data-orig-size=\"1280,853\" data-comments-opened=\"1\" data-image-meta=\"{&quot;aperture&quot;:&quot;0&quot;,&quot;credit&quot;:&quot;&quot;,&quot;camera&quot;:&quot;&quot;,&quot;caption&quot;:&quot;&quot;,&quot;created_timestamp&quot;:&quot;0&quot;,&quot;copyright&quot;:&quot;&quot;,&quot;focal_length&quot;:&quot;0&quot;,&quot;iso&quot;:&quot;0&quot;,&quot;shutter_speed&quot;:&quot;0&quot;,&quot;title&quot;:&quot;&quot;,&quot;orientation&quot;:&quot;0&quot;}\" data-image-title=\"photo1676689925 (6)\" data-image-description=\"\" data-image-caption=\"&lt;p&gt;Cr\u00e9dito: Josu\u00e9 J\u00fanior\/PMP&lt;\/p&gt;\n\" data-medium-file=\"https:\/\/www.paudalho.pe.gov.br\/portal\/wp-content\/uploads\/2024\/02\/photo1676689925-6-350x230.jpeg\" data-large-file=\"https:\/\/www.paudalho.pe.gov.br\/portal\/wp-content\/uploads\/2024\/02\/photo1676689925-6-800x450.jpeg\" data-id=\"31968\" src=\"https:\/\/www.paudalho.pe.gov.br\/portal\/wp-content\/uploads\/2024\/02\/photo1676689925-6-800x450.jpeg\" alt=\"\" class=\"wp-image-31968\"\/><figcaption class=\"wp-element-caption\">Cr\u00e9dito: Josu\u00e9 J\u00fanior\/PMP<\/figcaption><\/figure>\n\n\n\n<figure class=\"wp-block-image size-large\"><img loading=\"lazy\" decoding=\"async\" width=\"800\" height=\"450\" data-attachment-id=\"31966\" data-permalink=\"https:\/\/www.paudalho.pe.gov.br\/portal\/paudalho-realiza-encontro-de-blocos-liricos-em-apoteose-de-abertura-do-polo-cultural-do-carnaval-2024-nesta-sexta-feira9\/photo1676689925-4\/\" data-orig-file=\"https:\/\/www.paudalho.pe.gov.br\/portal\/wp-content\/uploads\/2024\/02\/photo1676689925-4.jpeg\" data-orig-size=\"1280,853\" data-comments-opened=\"1\" data-image-meta=\"{&quot;aperture&quot;:&quot;0&quot;,&quot;credit&quot;:&quot;&quot;,&quot;camera&quot;:&quot;&quot;,&quot;caption&quot;:&quot;&quot;,&quot;created_timestamp&quot;:&quot;0&quot;,&quot;copyright&quot;:&quot;&quot;,&quot;focal_length&quot;:&quot;0&quot;,&quot;iso&quot;:&quot;0&quot;,&quot;shutter_speed&quot;:&quot;0&quot;,&quot;title&quot;:&quot;&quot;,&quot;orientation&quot;:&quot;0&quot;}\" data-image-title=\"photo1676689925 (4)\" data-image-description=\"\" data-image-caption=\"&lt;p&gt;Cr\u00e9dito: Josu\u00e9 J\u00fanior\/PMP&lt;\/p&gt;\n\" data-medium-file=\"https:\/\/www.paudalho.pe.gov.br\/portal\/wp-content\/uploads\/2024\/02\/photo1676689925-4-350x230.jpeg\" data-large-file=\"https:\/\/www.paudalho.pe.gov.br\/portal\/wp-content\/uploads\/2024\/02\/photo1676689925-4-800x450.jpeg\" data-id=\"31966\" src=\"https:\/\/www.paudalho.pe.gov.br\/portal\/wp-content\/uploads\/2024\/02\/photo1676689925-4-800x450.jpeg\" alt=\"\" class=\"wp-image-31966\"\/><figcaption class=\"wp-element-caption\">Cr\u00e9dito: Josu\u00e9 J\u00fanior\/PMP<\/figcaption><\/figure>\n\n\n\n<figure class=\"wp-block-image size-large\"><img loading=\"lazy\" decoding=\"async\" width=\"800\" height=\"450\" data-attachment-id=\"31963\" data-permalink=\"https:\/\/www.paudalho.pe.gov.br\/portal\/paudalho-realiza-encontro-de-blocos-liricos-em-apoteose-de-abertura-do-polo-cultural-do-carnaval-2024-nesta-sexta-feira9\/photo1676689925-1\/\" data-orig-file=\"https:\/\/www.paudalho.pe.gov.br\/portal\/wp-content\/uploads\/2024\/02\/photo1676689925-1.jpeg\" data-orig-size=\"853,1280\" data-comments-opened=\"1\" data-image-meta=\"{&quot;aperture&quot;:&quot;0&quot;,&quot;credit&quot;:&quot;&quot;,&quot;camera&quot;:&quot;&quot;,&quot;caption&quot;:&quot;&quot;,&quot;created_timestamp&quot;:&quot;0&quot;,&quot;copyright&quot;:&quot;&quot;,&quot;focal_length&quot;:&quot;0&quot;,&quot;iso&quot;:&quot;0&quot;,&quot;shutter_speed&quot;:&quot;0&quot;,&quot;title&quot;:&quot;&quot;,&quot;orientation&quot;:&quot;0&quot;}\" data-image-title=\"photo1676689925 (1)\" data-image-description=\"\" data-image-caption=\"&lt;p&gt;Cr\u00e9dito: Josu\u00e9 J\u00fanior\/PMP&lt;\/p&gt;\n\" data-medium-file=\"https:\/\/www.paudalho.pe.gov.br\/portal\/wp-content\/uploads\/2024\/02\/photo1676689925-1-350x230.jpeg\" data-large-file=\"https:\/\/www.paudalho.pe.gov.br\/portal\/wp-content\/uploads\/2024\/02\/photo1676689925-1-800x450.jpeg\" data-id=\"31963\" src=\"https:\/\/www.paudalho.pe.gov.br\/portal\/wp-content\/uploads\/2024\/02\/photo1676689925-1-800x450.jpeg\" alt=\"\" class=\"wp-image-31963\"\/><figcaption class=\"wp-element-caption\">Cr\u00e9dito: Josu\u00e9 J\u00fanior\/PMP<\/figcaption><\/figure>\n\n\n\n<figure class=\"wp-block-image size-large\"><img loading=\"lazy\" decoding=\"async\" width=\"800\" height=\"450\" data-attachment-id=\"31962\" data-permalink=\"https:\/\/www.paudalho.pe.gov.br\/portal\/paudalho-realiza-encontro-de-blocos-liricos-em-apoteose-de-abertura-do-polo-cultural-do-carnaval-2024-nesta-sexta-feira9\/photo1676689922\/\" data-orig-file=\"https:\/\/www.paudalho.pe.gov.br\/portal\/wp-content\/uploads\/2024\/02\/photo1676689922.jpeg\" data-orig-size=\"1280,853\" data-comments-opened=\"1\" data-image-meta=\"{&quot;aperture&quot;:&quot;0&quot;,&quot;credit&quot;:&quot;&quot;,&quot;camera&quot;:&quot;&quot;,&quot;caption&quot;:&quot;&quot;,&quot;created_timestamp&quot;:&quot;0&quot;,&quot;copyright&quot;:&quot;&quot;,&quot;focal_length&quot;:&quot;0&quot;,&quot;iso&quot;:&quot;0&quot;,&quot;shutter_speed&quot;:&quot;0&quot;,&quot;title&quot;:&quot;&quot;,&quot;orientation&quot;:&quot;0&quot;}\" data-image-title=\"photo1676689922\" data-image-description=\"\" data-image-caption=\"&lt;p&gt;Cr\u00e9dito: Josu\u00e9 J\u00fanior\/PMP&lt;\/p&gt;\n\" data-medium-file=\"https:\/\/www.paudalho.pe.gov.br\/portal\/wp-content\/uploads\/2024\/02\/photo1676689922-350x230.jpeg\" data-large-file=\"https:\/\/www.paudalho.pe.gov.br\/portal\/wp-content\/uploads\/2024\/02\/photo1676689922-800x450.jpeg\" data-id=\"31962\" src=\"https:\/\/www.paudalho.pe.gov.br\/portal\/wp-content\/uploads\/2024\/02\/photo1676689922-800x450.jpeg\" alt=\"\" class=\"wp-image-31962\"\/><figcaption class=\"wp-element-caption\">Cr\u00e9dito: Josu\u00e9 J\u00fanior\/PMP<\/figcaption><\/figure>\n\n\n\n<figure class=\"wp-block-image size-large\"><img loading=\"lazy\" decoding=\"async\" width=\"800\" height=\"450\" data-attachment-id=\"31961\" data-permalink=\"https:\/\/www.paudalho.pe.gov.br\/portal\/paudalho-realiza-encontro-de-blocos-liricos-em-apoteose-de-abertura-do-polo-cultural-do-carnaval-2024-nesta-sexta-feira9\/photo1676689922-9\/\" data-orig-file=\"https:\/\/www.paudalho.pe.gov.br\/portal\/wp-content\/uploads\/2024\/02\/photo1676689922-9.jpeg\" data-orig-size=\"1280,853\" data-comments-opened=\"1\" data-image-meta=\"{&quot;aperture&quot;:&quot;0&quot;,&quot;credit&quot;:&quot;&quot;,&quot;camera&quot;:&quot;&quot;,&quot;caption&quot;:&quot;&quot;,&quot;created_timestamp&quot;:&quot;0&quot;,&quot;copyright&quot;:&quot;&quot;,&quot;focal_length&quot;:&quot;0&quot;,&quot;iso&quot;:&quot;0&quot;,&quot;shutter_speed&quot;:&quot;0&quot;,&quot;title&quot;:&quot;&quot;,&quot;orientation&quot;:&quot;0&quot;}\" data-image-title=\"photo1676689922 (9)\" data-image-description=\"\" data-image-caption=\"&lt;p&gt;Cr\u00e9dito: Josu\u00e9 J\u00fanior\/PMP&lt;\/p&gt;\n\" data-medium-file=\"https:\/\/www.paudalho.pe.gov.br\/portal\/wp-content\/uploads\/2024\/02\/photo1676689922-9-350x230.jpeg\" data-large-file=\"https:\/\/www.paudalho.pe.gov.br\/portal\/wp-content\/uploads\/2024\/02\/photo1676689922-9-800x450.jpeg\" data-id=\"31961\" src=\"https:\/\/www.paudalho.pe.gov.br\/portal\/wp-content\/uploads\/2024\/02\/photo1676689922-9-800x450.jpeg\" alt=\"\" class=\"wp-image-31961\"\/><figcaption class=\"wp-element-caption\">Cr\u00e9dito: Josu\u00e9 J\u00fanior\/PMP<\/figcaption><\/figure>\n\n\n\n<figure class=\"wp-block-image size-large\"><img loading=\"lazy\" decoding=\"async\" width=\"800\" height=\"450\" data-attachment-id=\"31960\" data-permalink=\"https:\/\/www.paudalho.pe.gov.br\/portal\/paudalho-realiza-encontro-de-blocos-liricos-em-apoteose-de-abertura-do-polo-cultural-do-carnaval-2024-nesta-sexta-feira9\/photo1676689922-8\/\" data-orig-file=\"https:\/\/www.paudalho.pe.gov.br\/portal\/wp-content\/uploads\/2024\/02\/photo1676689922-8.jpeg\" data-orig-size=\"1280,853\" data-comments-opened=\"1\" data-image-meta=\"{&quot;aperture&quot;:&quot;0&quot;,&quot;credit&quot;:&quot;&quot;,&quot;camera&quot;:&quot;&quot;,&quot;caption&quot;:&quot;&quot;,&quot;created_timestamp&quot;:&quot;0&quot;,&quot;copyright&quot;:&quot;&quot;,&quot;focal_length&quot;:&quot;0&quot;,&quot;iso&quot;:&quot;0&quot;,&quot;shutter_speed&quot;:&quot;0&quot;,&quot;title&quot;:&quot;&quot;,&quot;orientation&quot;:&quot;0&quot;}\" data-image-title=\"photo1676689922 (8)\" data-image-description=\"\" data-image-caption=\"&lt;p&gt;Cr\u00e9dito: Josu\u00e9 J\u00fanior\/PMP&lt;\/p&gt;\n\" data-medium-file=\"https:\/\/www.paudalho.pe.gov.br\/portal\/wp-content\/uploads\/2024\/02\/photo1676689922-8-350x230.jpeg\" data-large-file=\"https:\/\/www.paudalho.pe.gov.br\/portal\/wp-content\/uploads\/2024\/02\/photo1676689922-8-800x450.jpeg\" data-id=\"31960\" src=\"https:\/\/www.paudalho.pe.gov.br\/portal\/wp-content\/uploads\/2024\/02\/photo1676689922-8-800x450.jpeg\" alt=\"\" class=\"wp-image-31960\"\/><figcaption class=\"wp-element-caption\">Cr\u00e9dito: Josu\u00e9 J\u00fanior\/PMP<\/figcaption><\/figure>\n\n\n\n<figure class=\"wp-block-image size-large\"><img loading=\"lazy\" decoding=\"async\" width=\"800\" height=\"450\" data-attachment-id=\"31959\" data-permalink=\"https:\/\/www.paudalho.pe.gov.br\/portal\/paudalho-realiza-encontro-de-blocos-liricos-em-apoteose-de-abertura-do-polo-cultural-do-carnaval-2024-nesta-sexta-feira9\/photo1676689922-7\/\" data-orig-file=\"https:\/\/www.paudalho.pe.gov.br\/portal\/wp-content\/uploads\/2024\/02\/photo1676689922-7.jpeg\" data-orig-size=\"1280,853\" data-comments-opened=\"1\" data-image-meta=\"{&quot;aperture&quot;:&quot;0&quot;,&quot;credit&quot;:&quot;&quot;,&quot;camera&quot;:&quot;&quot;,&quot;caption&quot;:&quot;&quot;,&quot;created_timestamp&quot;:&quot;0&quot;,&quot;copyright&quot;:&quot;&quot;,&quot;focal_length&quot;:&quot;0&quot;,&quot;iso&quot;:&quot;0&quot;,&quot;shutter_speed&quot;:&quot;0&quot;,&quot;title&quot;:&quot;&quot;,&quot;orientation&quot;:&quot;0&quot;}\" data-image-title=\"photo1676689922 (7)\" data-image-description=\"\" data-image-caption=\"&lt;p&gt;Cr\u00e9dito: Josu\u00e9 J\u00fanior\/PMP&lt;\/p&gt;\n\" data-medium-file=\"https:\/\/www.paudalho.pe.gov.br\/portal\/wp-content\/uploads\/2024\/02\/photo1676689922-7-350x230.jpeg\" data-large-file=\"https:\/\/www.paudalho.pe.gov.br\/portal\/wp-content\/uploads\/2024\/02\/photo1676689922-7-800x450.jpeg\" data-id=\"31959\" src=\"https:\/\/www.paudalho.pe.gov.br\/portal\/wp-content\/uploads\/2024\/02\/photo1676689922-7-800x450.jpeg\" alt=\"\" class=\"wp-image-31959\"\/><figcaption class=\"wp-element-caption\">Cr\u00e9dito: Josu\u00e9 J\u00fanior\/PMP<\/figcaption><\/figure>\n\n\n\n<figure class=\"wp-block-image size-large\"><img loading=\"lazy\" decoding=\"async\" width=\"800\" height=\"450\" data-attachment-id=\"31958\" data-permalink=\"https:\/\/www.paudalho.pe.gov.br\/portal\/paudalho-realiza-encontro-de-blocos-liricos-em-apoteose-de-abertura-do-polo-cultural-do-carnaval-2024-nesta-sexta-feira9\/photo1676689922-6\/\" data-orig-file=\"https:\/\/www.paudalho.pe.gov.br\/portal\/wp-content\/uploads\/2024\/02\/photo1676689922-6.jpeg\" data-orig-size=\"1280,853\" data-comments-opened=\"1\" data-image-meta=\"{&quot;aperture&quot;:&quot;0&quot;,&quot;credit&quot;:&quot;&quot;,&quot;camera&quot;:&quot;&quot;,&quot;caption&quot;:&quot;&quot;,&quot;created_timestamp&quot;:&quot;0&quot;,&quot;copyright&quot;:&quot;&quot;,&quot;focal_length&quot;:&quot;0&quot;,&quot;iso&quot;:&quot;0&quot;,&quot;shutter_speed&quot;:&quot;0&quot;,&quot;title&quot;:&quot;&quot;,&quot;orientation&quot;:&quot;0&quot;}\" data-image-title=\"photo1676689922 (6)\" data-image-description=\"\" data-image-caption=\"&lt;p&gt;Cr\u00e9dito: Josu\u00e9 J\u00fanior\/PMP&lt;\/p&gt;\n\" data-medium-file=\"https:\/\/www.paudalho.pe.gov.br\/portal\/wp-content\/uploads\/2024\/02\/photo1676689922-6-350x230.jpeg\" data-large-file=\"https:\/\/www.paudalho.pe.gov.br\/portal\/wp-content\/uploads\/2024\/02\/photo1676689922-6-800x450.jpeg\" data-id=\"31958\" src=\"https:\/\/www.paudalho.pe.gov.br\/portal\/wp-content\/uploads\/2024\/02\/photo1676689922-6-800x450.jpeg\" alt=\"\" class=\"wp-image-31958\"\/><figcaption class=\"wp-element-caption\">Cr\u00e9dito: Josu\u00e9 J\u00fanior\/PMP<\/figcaption><\/figure>\n\n\n\n<figure class=\"wp-block-image size-large\"><img loading=\"lazy\" decoding=\"async\" width=\"800\" height=\"450\" data-attachment-id=\"31957\" data-permalink=\"https:\/\/www.paudalho.pe.gov.br\/portal\/paudalho-realiza-encontro-de-blocos-liricos-em-apoteose-de-abertura-do-polo-cultural-do-carnaval-2024-nesta-sexta-feira9\/photo1676689922-5\/\" data-orig-file=\"https:\/\/www.paudalho.pe.gov.br\/portal\/wp-content\/uploads\/2024\/02\/photo1676689922-5.jpeg\" data-orig-size=\"1280,853\" data-comments-opened=\"1\" data-image-meta=\"{&quot;aperture&quot;:&quot;0&quot;,&quot;credit&quot;:&quot;&quot;,&quot;camera&quot;:&quot;&quot;,&quot;caption&quot;:&quot;&quot;,&quot;created_timestamp&quot;:&quot;0&quot;,&quot;copyright&quot;:&quot;&quot;,&quot;focal_length&quot;:&quot;0&quot;,&quot;iso&quot;:&quot;0&quot;,&quot;shutter_speed&quot;:&quot;0&quot;,&quot;title&quot;:&quot;&quot;,&quot;orientation&quot;:&quot;0&quot;}\" data-image-title=\"photo1676689922 (5)\" data-image-description=\"\" data-image-caption=\"&lt;p&gt;Cr\u00e9dito: Josu\u00e9 J\u00fanior\/PMP&lt;\/p&gt;\n\" data-medium-file=\"https:\/\/www.paudalho.pe.gov.br\/portal\/wp-content\/uploads\/2024\/02\/photo1676689922-5-350x230.jpeg\" data-large-file=\"https:\/\/www.paudalho.pe.gov.br\/portal\/wp-content\/uploads\/2024\/02\/photo1676689922-5-800x450.jpeg\" data-id=\"31957\" src=\"https:\/\/www.paudalho.pe.gov.br\/portal\/wp-content\/uploads\/2024\/02\/photo1676689922-5-800x450.jpeg\" alt=\"\" class=\"wp-image-31957\"\/><figcaption class=\"wp-element-caption\">Cr\u00e9dito: Josu\u00e9 J\u00fanior\/PMP<\/figcaption><\/figure>\n\n\n\n<figure class=\"wp-block-image size-large\"><img loading=\"lazy\" decoding=\"async\" width=\"800\" height=\"450\" data-attachment-id=\"31956\" data-permalink=\"https:\/\/www.paudalho.pe.gov.br\/portal\/paudalho-realiza-encontro-de-blocos-liricos-em-apoteose-de-abertura-do-polo-cultural-do-carnaval-2024-nesta-sexta-feira9\/photo1676689922-4\/\" data-orig-file=\"https:\/\/www.paudalho.pe.gov.br\/portal\/wp-content\/uploads\/2024\/02\/photo1676689922-4.jpeg\" data-orig-size=\"1280,853\" data-comments-opened=\"1\" data-image-meta=\"{&quot;aperture&quot;:&quot;0&quot;,&quot;credit&quot;:&quot;&quot;,&quot;camera&quot;:&quot;&quot;,&quot;caption&quot;:&quot;&quot;,&quot;created_timestamp&quot;:&quot;0&quot;,&quot;copyright&quot;:&quot;&quot;,&quot;focal_length&quot;:&quot;0&quot;,&quot;iso&quot;:&quot;0&quot;,&quot;shutter_speed&quot;:&quot;0&quot;,&quot;title&quot;:&quot;&quot;,&quot;orientation&quot;:&quot;0&quot;}\" data-image-title=\"photo1676689922 (4)\" data-image-description=\"\" data-image-caption=\"&lt;p&gt;Cr\u00e9dito: Josu\u00e9 J\u00fanior\/PMP&lt;\/p&gt;\n\" data-medium-file=\"https:\/\/www.paudalho.pe.gov.br\/portal\/wp-content\/uploads\/2024\/02\/photo1676689922-4-350x230.jpeg\" data-large-file=\"https:\/\/www.paudalho.pe.gov.br\/portal\/wp-content\/uploads\/2024\/02\/photo1676689922-4-800x450.jpeg\" data-id=\"31956\" src=\"https:\/\/www.paudalho.pe.gov.br\/portal\/wp-content\/uploads\/2024\/02\/photo1676689922-4-800x450.jpeg\" alt=\"\" class=\"wp-image-31956\"\/><figcaption class=\"wp-element-caption\">Cr\u00e9dito: Josu\u00e9 J\u00fanior\/PMP<\/figcaption><\/figure>\n\n\n\n<figure class=\"wp-block-image size-large\"><img loading=\"lazy\" decoding=\"async\" width=\"800\" height=\"450\" data-attachment-id=\"31955\" data-permalink=\"https:\/\/www.paudalho.pe.gov.br\/portal\/paudalho-realiza-encontro-de-blocos-liricos-em-apoteose-de-abertura-do-polo-cultural-do-carnaval-2024-nesta-sexta-feira9\/photo1676689922-3\/\" data-orig-file=\"https:\/\/www.paudalho.pe.gov.br\/portal\/wp-content\/uploads\/2024\/02\/photo1676689922-3.jpeg\" data-orig-size=\"1280,853\" data-comments-opened=\"1\" data-image-meta=\"{&quot;aperture&quot;:&quot;0&quot;,&quot;credit&quot;:&quot;&quot;,&quot;camera&quot;:&quot;&quot;,&quot;caption&quot;:&quot;&quot;,&quot;created_timestamp&quot;:&quot;0&quot;,&quot;copyright&quot;:&quot;&quot;,&quot;focal_length&quot;:&quot;0&quot;,&quot;iso&quot;:&quot;0&quot;,&quot;shutter_speed&quot;:&quot;0&quot;,&quot;title&quot;:&quot;&quot;,&quot;orientation&quot;:&quot;0&quot;}\" data-image-title=\"photo1676689922 (3)\" data-image-description=\"\" data-image-caption=\"&lt;p&gt;Cr\u00e9dito: Josu\u00e9 J\u00fanior\/PMP&lt;\/p&gt;\n\" data-medium-file=\"https:\/\/www.paudalho.pe.gov.br\/portal\/wp-content\/uploads\/2024\/02\/photo1676689922-3-350x230.jpeg\" data-large-file=\"https:\/\/www.paudalho.pe.gov.br\/portal\/wp-content\/uploads\/2024\/02\/photo1676689922-3-800x450.jpeg\" data-id=\"31955\" src=\"https:\/\/www.paudalho.pe.gov.br\/portal\/wp-content\/uploads\/2024\/02\/photo1676689922-3-800x450.jpeg\" alt=\"\" class=\"wp-image-31955\"\/><figcaption class=\"wp-element-caption\">Cr\u00e9dito: Josu\u00e9 J\u00fanior\/PMP<\/figcaption><\/figure>\n\n\n\n<figure class=\"wp-block-image size-large\"><img loading=\"lazy\" decoding=\"async\" width=\"800\" height=\"450\" data-attachment-id=\"31954\" data-permalink=\"https:\/\/www.paudalho.pe.gov.br\/portal\/paudalho-realiza-encontro-de-blocos-liricos-em-apoteose-de-abertura-do-polo-cultural-do-carnaval-2024-nesta-sexta-feira9\/photo1676689922-2\/\" data-orig-file=\"https:\/\/www.paudalho.pe.gov.br\/portal\/wp-content\/uploads\/2024\/02\/photo1676689922-2.jpeg\" data-orig-size=\"1280,823\" data-comments-opened=\"1\" data-image-meta=\"{&quot;aperture&quot;:&quot;0&quot;,&quot;credit&quot;:&quot;&quot;,&quot;camera&quot;:&quot;&quot;,&quot;caption&quot;:&quot;&quot;,&quot;created_timestamp&quot;:&quot;0&quot;,&quot;copyright&quot;:&quot;&quot;,&quot;focal_length&quot;:&quot;0&quot;,&quot;iso&quot;:&quot;0&quot;,&quot;shutter_speed&quot;:&quot;0&quot;,&quot;title&quot;:&quot;&quot;,&quot;orientation&quot;:&quot;0&quot;}\" data-image-title=\"photo1676689922 (2)\" data-image-description=\"\" data-image-caption=\"&lt;p&gt;Cr\u00e9dito: Josu\u00e9 J\u00fanior\/PMP&lt;\/p&gt;\n\" data-medium-file=\"https:\/\/www.paudalho.pe.gov.br\/portal\/wp-content\/uploads\/2024\/02\/photo1676689922-2-350x230.jpeg\" data-large-file=\"https:\/\/www.paudalho.pe.gov.br\/portal\/wp-content\/uploads\/2024\/02\/photo1676689922-2-800x450.jpeg\" data-id=\"31954\" src=\"https:\/\/www.paudalho.pe.gov.br\/portal\/wp-content\/uploads\/2024\/02\/photo1676689922-2-800x450.jpeg\" alt=\"\" class=\"wp-image-31954\"\/><figcaption class=\"wp-element-caption\">Cr\u00e9dito: Josu\u00e9 J\u00fanior\/PMP<\/figcaption><\/figure>\n\n\n\n<figure class=\"wp-block-image size-large\"><img loading=\"lazy\" decoding=\"async\" width=\"800\" height=\"450\" data-attachment-id=\"31952\" data-permalink=\"https:\/\/www.paudalho.pe.gov.br\/portal\/paudalho-realiza-encontro-de-blocos-liricos-em-apoteose-de-abertura-do-polo-cultural-do-carnaval-2024-nesta-sexta-feira9\/photo1676689905\/\" data-orig-file=\"https:\/\/www.paudalho.pe.gov.br\/portal\/wp-content\/uploads\/2024\/02\/photo1676689905.jpeg\" data-orig-size=\"1280,853\" data-comments-opened=\"1\" data-image-meta=\"{&quot;aperture&quot;:&quot;0&quot;,&quot;credit&quot;:&quot;&quot;,&quot;camera&quot;:&quot;&quot;,&quot;caption&quot;:&quot;&quot;,&quot;created_timestamp&quot;:&quot;0&quot;,&quot;copyright&quot;:&quot;&quot;,&quot;focal_length&quot;:&quot;0&quot;,&quot;iso&quot;:&quot;0&quot;,&quot;shutter_speed&quot;:&quot;0&quot;,&quot;title&quot;:&quot;&quot;,&quot;orientation&quot;:&quot;0&quot;}\" data-image-title=\"photo1676689905\" data-image-description=\"\" data-image-caption=\"&lt;p&gt;Cr\u00e9dito: Josu\u00e9 J\u00fanior\/PMP&lt;\/p&gt;\n\" data-medium-file=\"https:\/\/www.paudalho.pe.gov.br\/portal\/wp-content\/uploads\/2024\/02\/photo1676689905-350x230.jpeg\" data-large-file=\"https:\/\/www.paudalho.pe.gov.br\/portal\/wp-content\/uploads\/2024\/02\/photo1676689905-800x450.jpeg\" data-id=\"31952\" src=\"https:\/\/www.paudalho.pe.gov.br\/portal\/wp-content\/uploads\/2024\/02\/photo1676689905-800x450.jpeg\" alt=\"\" class=\"wp-image-31952\"\/><figcaption class=\"wp-element-caption\">Cr\u00e9dito: Josu\u00e9 J\u00fanior\/PMP<\/figcaption><\/figure>\n\n\n\n<figure class=\"wp-block-image size-large\"><img loading=\"lazy\" decoding=\"async\" width=\"800\" height=\"450\" data-attachment-id=\"31951\" data-permalink=\"https:\/\/www.paudalho.pe.gov.br\/portal\/paudalho-realiza-encontro-de-blocos-liricos-em-apoteose-de-abertura-do-polo-cultural-do-carnaval-2024-nesta-sexta-feira9\/photo1676689905-8\/\" data-orig-file=\"https:\/\/www.paudalho.pe.gov.br\/portal\/wp-content\/uploads\/2024\/02\/photo1676689905-8.jpeg\" data-orig-size=\"1280,853\" data-comments-opened=\"1\" data-image-meta=\"{&quot;aperture&quot;:&quot;0&quot;,&quot;credit&quot;:&quot;&quot;,&quot;camera&quot;:&quot;&quot;,&quot;caption&quot;:&quot;&quot;,&quot;created_timestamp&quot;:&quot;0&quot;,&quot;copyright&quot;:&quot;&quot;,&quot;focal_length&quot;:&quot;0&quot;,&quot;iso&quot;:&quot;0&quot;,&quot;shutter_speed&quot;:&quot;0&quot;,&quot;title&quot;:&quot;&quot;,&quot;orientation&quot;:&quot;0&quot;}\" data-image-title=\"photo1676689905 (8)\" data-image-description=\"\" data-image-caption=\"&lt;p&gt;Cr\u00e9dito: Josu\u00e9 J\u00fanior\/PMP&lt;\/p&gt;\n\" data-medium-file=\"https:\/\/www.paudalho.pe.gov.br\/portal\/wp-content\/uploads\/2024\/02\/photo1676689905-8-350x230.jpeg\" data-large-file=\"https:\/\/www.paudalho.pe.gov.br\/portal\/wp-content\/uploads\/2024\/02\/photo1676689905-8-800x450.jpeg\" data-id=\"31951\" src=\"https:\/\/www.paudalho.pe.gov.br\/portal\/wp-content\/uploads\/2024\/02\/photo1676689905-8-800x450.jpeg\" alt=\"\" class=\"wp-image-31951\"\/><figcaption class=\"wp-element-caption\">Cr\u00e9dito: Josu\u00e9 J\u00fanior\/PMP<\/figcaption><\/figure>\n\n\n\n<figure class=\"wp-block-image size-large\"><img loading=\"lazy\" decoding=\"async\" width=\"800\" height=\"450\" data-attachment-id=\"31950\" data-permalink=\"https:\/\/www.paudalho.pe.gov.br\/portal\/paudalho-realiza-encontro-de-blocos-liricos-em-apoteose-de-abertura-do-polo-cultural-do-carnaval-2024-nesta-sexta-feira9\/photo1676689905-7\/\" data-orig-file=\"https:\/\/www.paudalho.pe.gov.br\/portal\/wp-content\/uploads\/2024\/02\/photo1676689905-7.jpeg\" data-orig-size=\"1280,853\" data-comments-opened=\"1\" data-image-meta=\"{&quot;aperture&quot;:&quot;0&quot;,&quot;credit&quot;:&quot;&quot;,&quot;camera&quot;:&quot;&quot;,&quot;caption&quot;:&quot;&quot;,&quot;created_timestamp&quot;:&quot;0&quot;,&quot;copyright&quot;:&quot;&quot;,&quot;focal_length&quot;:&quot;0&quot;,&quot;iso&quot;:&quot;0&quot;,&quot;shutter_speed&quot;:&quot;0&quot;,&quot;title&quot;:&quot;&quot;,&quot;orientation&quot;:&quot;0&quot;}\" data-image-title=\"photo1676689905 (7)\" data-image-description=\"\" data-image-caption=\"&lt;p&gt;Cr\u00e9dito: Josu\u00e9 J\u00fanior\/PMP&lt;\/p&gt;\n\" data-medium-file=\"https:\/\/www.paudalho.pe.gov.br\/portal\/wp-content\/uploads\/2024\/02\/photo1676689905-7-350x230.jpeg\" data-large-file=\"https:\/\/www.paudalho.pe.gov.br\/portal\/wp-content\/uploads\/2024\/02\/photo1676689905-7-800x450.jpeg\" data-id=\"31950\" src=\"https:\/\/www.paudalho.pe.gov.br\/portal\/wp-content\/uploads\/2024\/02\/photo1676689905-7-800x450.jpeg\" alt=\"\" class=\"wp-image-31950\"\/><figcaption class=\"wp-element-caption\">Cr\u00e9dito: Josu\u00e9 J\u00fanior\/PMP<\/figcaption><\/figure>\n\n\n\n<figure class=\"wp-block-image size-large\"><img loading=\"lazy\" decoding=\"async\" width=\"800\" height=\"450\" data-attachment-id=\"31949\" data-permalink=\"https:\/\/www.paudalho.pe.gov.br\/portal\/paudalho-realiza-encontro-de-blocos-liricos-em-apoteose-de-abertura-do-polo-cultural-do-carnaval-2024-nesta-sexta-feira9\/photo1676689905-6\/\" data-orig-file=\"https:\/\/www.paudalho.pe.gov.br\/portal\/wp-content\/uploads\/2024\/02\/photo1676689905-6.jpeg\" data-orig-size=\"1280,853\" data-comments-opened=\"1\" data-image-meta=\"{&quot;aperture&quot;:&quot;0&quot;,&quot;credit&quot;:&quot;&quot;,&quot;camera&quot;:&quot;&quot;,&quot;caption&quot;:&quot;&quot;,&quot;created_timestamp&quot;:&quot;0&quot;,&quot;copyright&quot;:&quot;&quot;,&quot;focal_length&quot;:&quot;0&quot;,&quot;iso&quot;:&quot;0&quot;,&quot;shutter_speed&quot;:&quot;0&quot;,&quot;title&quot;:&quot;&quot;,&quot;orientation&quot;:&quot;0&quot;}\" data-image-title=\"photo1676689905 (6)\" data-image-description=\"\" data-image-caption=\"&lt;p&gt;Cr\u00e9dito: Josu\u00e9 J\u00fanior\/PMP&lt;\/p&gt;\n\" data-medium-file=\"https:\/\/www.paudalho.pe.gov.br\/portal\/wp-content\/uploads\/2024\/02\/photo1676689905-6-350x230.jpeg\" data-large-file=\"https:\/\/www.paudalho.pe.gov.br\/portal\/wp-content\/uploads\/2024\/02\/photo1676689905-6-800x450.jpeg\" data-id=\"31949\" src=\"https:\/\/www.paudalho.pe.gov.br\/portal\/wp-content\/uploads\/2024\/02\/photo1676689905-6-800x450.jpeg\" alt=\"\" class=\"wp-image-31949\"\/><figcaption class=\"wp-element-caption\">Cr\u00e9dito: Josu\u00e9 J\u00fanior\/PMP<\/figcaption><\/figure>\n\n\n\n<figure class=\"wp-block-image size-large\"><img loading=\"lazy\" decoding=\"async\" width=\"800\" height=\"450\" data-attachment-id=\"31948\" data-permalink=\"https:\/\/www.paudalho.pe.gov.br\/portal\/paudalho-realiza-encontro-de-blocos-liricos-em-apoteose-de-abertura-do-polo-cultural-do-carnaval-2024-nesta-sexta-feira9\/photo1676689905-5\/\" data-orig-file=\"https:\/\/www.paudalho.pe.gov.br\/portal\/wp-content\/uploads\/2024\/02\/photo1676689905-5.jpeg\" data-orig-size=\"1280,853\" data-comments-opened=\"1\" data-image-meta=\"{&quot;aperture&quot;:&quot;0&quot;,&quot;credit&quot;:&quot;&quot;,&quot;camera&quot;:&quot;&quot;,&quot;caption&quot;:&quot;&quot;,&quot;created_timestamp&quot;:&quot;0&quot;,&quot;copyright&quot;:&quot;&quot;,&quot;focal_length&quot;:&quot;0&quot;,&quot;iso&quot;:&quot;0&quot;,&quot;shutter_speed&quot;:&quot;0&quot;,&quot;title&quot;:&quot;&quot;,&quot;orientation&quot;:&quot;0&quot;}\" data-image-title=\"photo1676689905 (5)\" data-image-description=\"\" data-image-caption=\"&lt;p&gt;Cr\u00e9dito: Josu\u00e9 J\u00fanior\/PMP&lt;\/p&gt;\n\" data-medium-file=\"https:\/\/www.paudalho.pe.gov.br\/portal\/wp-content\/uploads\/2024\/02\/photo1676689905-5-350x230.jpeg\" data-large-file=\"https:\/\/www.paudalho.pe.gov.br\/portal\/wp-content\/uploads\/2024\/02\/photo1676689905-5-800x450.jpeg\" data-id=\"31948\" src=\"https:\/\/www.paudalho.pe.gov.br\/portal\/wp-content\/uploads\/2024\/02\/photo1676689905-5-800x450.jpeg\" alt=\"\" class=\"wp-image-31948\"\/><figcaption class=\"wp-element-caption\">Cr\u00e9dito: Josu\u00e9 J\u00fanior\/PMP<\/figcaption><\/figure>\n\n\n\n<figure class=\"wp-block-image size-large\"><img loading=\"lazy\" decoding=\"async\" width=\"800\" height=\"450\" data-attachment-id=\"31947\" data-permalink=\"https:\/\/www.paudalho.pe.gov.br\/portal\/paudalho-realiza-encontro-de-blocos-liricos-em-apoteose-de-abertura-do-polo-cultural-do-carnaval-2024-nesta-sexta-feira9\/photo1676689925\/\" data-orig-file=\"https:\/\/www.paudalho.pe.gov.br\/portal\/wp-content\/uploads\/2024\/02\/photo1676689925.jpeg\" data-orig-size=\"1280,853\" data-comments-opened=\"1\" data-image-meta=\"{&quot;aperture&quot;:&quot;0&quot;,&quot;credit&quot;:&quot;&quot;,&quot;camera&quot;:&quot;&quot;,&quot;caption&quot;:&quot;&quot;,&quot;created_timestamp&quot;:&quot;0&quot;,&quot;copyright&quot;:&quot;&quot;,&quot;focal_length&quot;:&quot;0&quot;,&quot;iso&quot;:&quot;0&quot;,&quot;shutter_speed&quot;:&quot;0&quot;,&quot;title&quot;:&quot;&quot;,&quot;orientation&quot;:&quot;0&quot;}\" data-image-title=\"photo1676689925\" data-image-description=\"\" data-image-caption=\"&lt;p&gt;Cr\u00e9dito: Josu\u00e9 J\u00fanior\/PMP&lt;\/p&gt;\n\" data-medium-file=\"https:\/\/www.paudalho.pe.gov.br\/portal\/wp-content\/uploads\/2024\/02\/photo1676689925-350x230.jpeg\" data-large-file=\"https:\/\/www.paudalho.pe.gov.br\/portal\/wp-content\/uploads\/2024\/02\/photo1676689925-800x450.jpeg\" data-id=\"31947\" src=\"https:\/\/www.paudalho.pe.gov.br\/portal\/wp-content\/uploads\/2024\/02\/photo1676689925-800x450.jpeg\" alt=\"\" class=\"wp-image-31947\"\/><figcaption class=\"wp-element-caption\">Cr\u00e9dito: Josu\u00e9 J\u00fanior\/PMP<\/figcaption><\/figure>\n\n\n\n<figure class=\"wp-block-image size-large\"><img loading=\"lazy\" decoding=\"async\" width=\"800\" height=\"450\" data-attachment-id=\"31946\" data-permalink=\"https:\/\/www.paudalho.pe.gov.br\/portal\/paudalho-realiza-encontro-de-blocos-liricos-em-apoteose-de-abertura-do-polo-cultural-do-carnaval-2024-nesta-sexta-feira9\/photo1676689925-14\/\" data-orig-file=\"https:\/\/www.paudalho.pe.gov.br\/portal\/wp-content\/uploads\/2024\/02\/photo1676689925-14.jpeg\" data-orig-size=\"1280,853\" data-comments-opened=\"1\" data-image-meta=\"{&quot;aperture&quot;:&quot;0&quot;,&quot;credit&quot;:&quot;&quot;,&quot;camera&quot;:&quot;&quot;,&quot;caption&quot;:&quot;&quot;,&quot;created_timestamp&quot;:&quot;0&quot;,&quot;copyright&quot;:&quot;&quot;,&quot;focal_length&quot;:&quot;0&quot;,&quot;iso&quot;:&quot;0&quot;,&quot;shutter_speed&quot;:&quot;0&quot;,&quot;title&quot;:&quot;&quot;,&quot;orientation&quot;:&quot;0&quot;}\" data-image-title=\"photo1676689925 (14)\" data-image-description=\"\" data-image-caption=\"&lt;p&gt;Cr\u00e9dito: Josu\u00e9 J\u00fanior\/PMP&lt;\/p&gt;\n\" data-medium-file=\"https:\/\/www.paudalho.pe.gov.br\/portal\/wp-content\/uploads\/2024\/02\/photo1676689925-14-350x230.jpeg\" data-large-file=\"https:\/\/www.paudalho.pe.gov.br\/portal\/wp-content\/uploads\/2024\/02\/photo1676689925-14-800x450.jpeg\" data-id=\"31946\" src=\"https:\/\/www.paudalho.pe.gov.br\/portal\/wp-content\/uploads\/2024\/02\/photo1676689925-14-800x450.jpeg\" alt=\"\" class=\"wp-image-31946\"\/><figcaption class=\"wp-element-caption\">Cr\u00e9dito: Josu\u00e9 J\u00fanior\/PMP<\/figcaption><\/figure>\n\n\n\n<figure class=\"wp-block-image size-large\"><img loading=\"lazy\" decoding=\"async\" width=\"800\" height=\"450\" data-attachment-id=\"31945\" data-permalink=\"https:\/\/www.paudalho.pe.gov.br\/portal\/paudalho-realiza-encontro-de-blocos-liricos-em-apoteose-de-abertura-do-polo-cultural-do-carnaval-2024-nesta-sexta-feira9\/photo1676689925-13\/\" data-orig-file=\"https:\/\/www.paudalho.pe.gov.br\/portal\/wp-content\/uploads\/2024\/02\/photo1676689925-13.jpeg\" data-orig-size=\"1280,853\" data-comments-opened=\"1\" data-image-meta=\"{&quot;aperture&quot;:&quot;0&quot;,&quot;credit&quot;:&quot;&quot;,&quot;camera&quot;:&quot;&quot;,&quot;caption&quot;:&quot;&quot;,&quot;created_timestamp&quot;:&quot;0&quot;,&quot;copyright&quot;:&quot;&quot;,&quot;focal_length&quot;:&quot;0&quot;,&quot;iso&quot;:&quot;0&quot;,&quot;shutter_speed&quot;:&quot;0&quot;,&quot;title&quot;:&quot;&quot;,&quot;orientation&quot;:&quot;0&quot;}\" data-image-title=\"photo1676689925 (13)\" data-image-description=\"\" data-image-caption=\"&lt;p&gt;Cr\u00e9dito: Josu\u00e9 J\u00fanior\/PMP&lt;\/p&gt;\n\" data-medium-file=\"https:\/\/www.paudalho.pe.gov.br\/portal\/wp-content\/uploads\/2024\/02\/photo1676689925-13-350x230.jpeg\" data-large-file=\"https:\/\/www.paudalho.pe.gov.br\/portal\/wp-content\/uploads\/2024\/02\/photo1676689925-13-800x450.jpeg\" data-id=\"31945\" src=\"https:\/\/www.paudalho.pe.gov.br\/portal\/wp-content\/uploads\/2024\/02\/photo1676689925-13-800x450.jpeg\" alt=\"\" class=\"wp-image-31945\"\/><figcaption class=\"wp-element-caption\">Cr\u00e9dito: Josu\u00e9 J\u00fanior\/PMP<\/figcaption><\/figure>\n\n\n\n<figure class=\"wp-block-image size-large\"><img loading=\"lazy\" decoding=\"async\" width=\"800\" height=\"450\" data-attachment-id=\"31944\" data-permalink=\"https:\/\/www.paudalho.pe.gov.br\/portal\/paudalho-realiza-encontro-de-blocos-liricos-em-apoteose-de-abertura-do-polo-cultural-do-carnaval-2024-nesta-sexta-feira9\/photo1676689925-12\/\" data-orig-file=\"https:\/\/www.paudalho.pe.gov.br\/portal\/wp-content\/uploads\/2024\/02\/photo1676689925-12.jpeg\" data-orig-size=\"1280,853\" data-comments-opened=\"1\" data-image-meta=\"{&quot;aperture&quot;:&quot;0&quot;,&quot;credit&quot;:&quot;&quot;,&quot;camera&quot;:&quot;&quot;,&quot;caption&quot;:&quot;&quot;,&quot;created_timestamp&quot;:&quot;0&quot;,&quot;copyright&quot;:&quot;&quot;,&quot;focal_length&quot;:&quot;0&quot;,&quot;iso&quot;:&quot;0&quot;,&quot;shutter_speed&quot;:&quot;0&quot;,&quot;title&quot;:&quot;&quot;,&quot;orientation&quot;:&quot;0&quot;}\" data-image-title=\"photo1676689925 (12)\" data-image-description=\"\" data-image-caption=\"&lt;p&gt;Cr\u00e9dito: Josu\u00e9 J\u00fanior\/PMP&lt;\/p&gt;\n\" data-medium-file=\"https:\/\/www.paudalho.pe.gov.br\/portal\/wp-content\/uploads\/2024\/02\/photo1676689925-12-350x230.jpeg\" data-large-file=\"https:\/\/www.paudalho.pe.gov.br\/portal\/wp-content\/uploads\/2024\/02\/photo1676689925-12-800x450.jpeg\" data-id=\"31944\" src=\"https:\/\/www.paudalho.pe.gov.br\/portal\/wp-content\/uploads\/2024\/02\/photo1676689925-12-800x450.jpeg\" alt=\"\" class=\"wp-image-31944\"\/><figcaption class=\"wp-element-caption\">Cr\u00e9dito: Josu\u00e9 J\u00fanior\/PMP<\/figcaption><\/figure>\n\n\n\n<figure class=\"wp-block-image size-large\"><img loading=\"lazy\" decoding=\"async\" width=\"800\" height=\"450\" data-attachment-id=\"31943\" data-permalink=\"https:\/\/www.paudalho.pe.gov.br\/portal\/paudalho-realiza-encontro-de-blocos-liricos-em-apoteose-de-abertura-do-polo-cultural-do-carnaval-2024-nesta-sexta-feira9\/photo1676689925-11\/\" data-orig-file=\"https:\/\/www.paudalho.pe.gov.br\/portal\/wp-content\/uploads\/2024\/02\/photo1676689925-11.jpeg\" data-orig-size=\"1280,853\" data-comments-opened=\"1\" data-image-meta=\"{&quot;aperture&quot;:&quot;0&quot;,&quot;credit&quot;:&quot;&quot;,&quot;camera&quot;:&quot;&quot;,&quot;caption&quot;:&quot;&quot;,&quot;created_timestamp&quot;:&quot;0&quot;,&quot;copyright&quot;:&quot;&quot;,&quot;focal_length&quot;:&quot;0&quot;,&quot;iso&quot;:&quot;0&quot;,&quot;shutter_speed&quot;:&quot;0&quot;,&quot;title&quot;:&quot;&quot;,&quot;orientation&quot;:&quot;0&quot;}\" data-image-title=\"photo1676689925 (11)\" data-image-description=\"\" data-image-caption=\"&lt;p&gt;Cr\u00e9dito: Josu\u00e9 J\u00fanior\/PMP&lt;\/p&gt;\n\" data-medium-file=\"https:\/\/www.paudalho.pe.gov.br\/portal\/wp-content\/uploads\/2024\/02\/photo1676689925-11-350x230.jpeg\" data-large-file=\"https:\/\/www.paudalho.pe.gov.br\/portal\/wp-content\/uploads\/2024\/02\/photo1676689925-11-800x450.jpeg\" data-id=\"31943\" src=\"https:\/\/www.paudalho.pe.gov.br\/portal\/wp-content\/uploads\/2024\/02\/photo1676689925-11-800x450.jpeg\" alt=\"\" class=\"wp-image-31943\"\/><figcaption class=\"wp-element-caption\">Cr\u00e9dito: Josu\u00e9 J\u00fanior\/PMP<\/figcaption><\/figure>\n\n\n\n<figure class=\"wp-block-image size-large\"><img loading=\"lazy\" decoding=\"async\" width=\"800\" height=\"450\" data-attachment-id=\"31942\" data-permalink=\"https:\/\/www.paudalho.pe.gov.br\/portal\/paudalho-realiza-encontro-de-blocos-liricos-em-apoteose-de-abertura-do-polo-cultural-do-carnaval-2024-nesta-sexta-feira9\/photo1676689905-3\/\" data-orig-file=\"https:\/\/www.paudalho.pe.gov.br\/portal\/wp-content\/uploads\/2024\/02\/photo1676689905-3.jpeg\" data-orig-size=\"853,1280\" data-comments-opened=\"1\" data-image-meta=\"{&quot;aperture&quot;:&quot;0&quot;,&quot;credit&quot;:&quot;&quot;,&quot;camera&quot;:&quot;&quot;,&quot;caption&quot;:&quot;&quot;,&quot;created_timestamp&quot;:&quot;0&quot;,&quot;copyright&quot;:&quot;&quot;,&quot;focal_length&quot;:&quot;0&quot;,&quot;iso&quot;:&quot;0&quot;,&quot;shutter_speed&quot;:&quot;0&quot;,&quot;title&quot;:&quot;&quot;,&quot;orientation&quot;:&quot;0&quot;}\" data-image-title=\"photo1676689905 (3)\" data-image-description=\"\" data-image-caption=\"&lt;p&gt;Cr\u00e9dito: Josu\u00e9 J\u00fanior\/PMP&lt;\/p&gt;\n\" data-medium-file=\"https:\/\/www.paudalho.pe.gov.br\/portal\/wp-content\/uploads\/2024\/02\/photo1676689905-3-350x230.jpeg\" data-large-file=\"https:\/\/www.paudalho.pe.gov.br\/portal\/wp-content\/uploads\/2024\/02\/photo1676689905-3-800x450.jpeg\" data-id=\"31942\" src=\"https:\/\/www.paudalho.pe.gov.br\/portal\/wp-content\/uploads\/2024\/02\/photo1676689905-3-800x450.jpeg\" alt=\"\" class=\"wp-image-31942\"\/><figcaption class=\"wp-element-caption\">Cr\u00e9dito: Josu\u00e9 J\u00fanior\/PMP<\/figcaption><\/figure>\n\n\n\n<figure class=\"wp-block-image size-large\"><img loading=\"lazy\" decoding=\"async\" width=\"800\" height=\"450\" data-attachment-id=\"31941\" data-permalink=\"https:\/\/www.paudalho.pe.gov.br\/portal\/paudalho-realiza-encontro-de-blocos-liricos-em-apoteose-de-abertura-do-polo-cultural-do-carnaval-2024-nesta-sexta-feira9\/photo1676689905-2\/\" data-orig-file=\"https:\/\/www.paudalho.pe.gov.br\/portal\/wp-content\/uploads\/2024\/02\/photo1676689905-2.jpeg\" data-orig-size=\"1280,853\" data-comments-opened=\"1\" data-image-meta=\"{&quot;aperture&quot;:&quot;0&quot;,&quot;credit&quot;:&quot;&quot;,&quot;camera&quot;:&quot;&quot;,&quot;caption&quot;:&quot;&quot;,&quot;created_timestamp&quot;:&quot;0&quot;,&quot;copyright&quot;:&quot;&quot;,&quot;focal_length&quot;:&quot;0&quot;,&quot;iso&quot;:&quot;0&quot;,&quot;shutter_speed&quot;:&quot;0&quot;,&quot;title&quot;:&quot;&quot;,&quot;orientation&quot;:&quot;0&quot;}\" data-image-title=\"photo1676689905 (2)\" data-image-description=\"\" data-image-caption=\"&lt;p&gt;Cr\u00e9dito: Josu\u00e9 J\u00fanior\/PMP&lt;\/p&gt;\n\" data-medium-file=\"https:\/\/www.paudalho.pe.gov.br\/portal\/wp-content\/uploads\/2024\/02\/photo1676689905-2-350x230.jpeg\" data-large-file=\"https:\/\/www.paudalho.pe.gov.br\/portal\/wp-content\/uploads\/2024\/02\/photo1676689905-2-800x450.jpeg\" data-id=\"31941\" src=\"https:\/\/www.paudalho.pe.gov.br\/portal\/wp-content\/uploads\/2024\/02\/photo1676689905-2-800x450.jpeg\" alt=\"\" class=\"wp-image-31941\"\/><figcaption class=\"wp-element-caption\">Cr\u00e9dito: Josu\u00e9 J\u00fanior\/PMP<\/figcaption><\/figure>\n\n\n\n<figure class=\"wp-block-image size-large\"><img loading=\"lazy\" decoding=\"async\" width=\"800\" height=\"450\" data-attachment-id=\"31940\" data-permalink=\"https:\/\/www.paudalho.pe.gov.br\/portal\/paudalho-realiza-encontro-de-blocos-liricos-em-apoteose-de-abertura-do-polo-cultural-do-carnaval-2024-nesta-sexta-feira9\/photo1676689905-1\/\" data-orig-file=\"https:\/\/www.paudalho.pe.gov.br\/portal\/wp-content\/uploads\/2024\/02\/photo1676689905-1.jpeg\" data-orig-size=\"1280,853\" data-comments-opened=\"1\" data-image-meta=\"{&quot;aperture&quot;:&quot;0&quot;,&quot;credit&quot;:&quot;&quot;,&quot;camera&quot;:&quot;&quot;,&quot;caption&quot;:&quot;&quot;,&quot;created_timestamp&quot;:&quot;0&quot;,&quot;copyright&quot;:&quot;&quot;,&quot;focal_length&quot;:&quot;0&quot;,&quot;iso&quot;:&quot;0&quot;,&quot;shutter_speed&quot;:&quot;0&quot;,&quot;title&quot;:&quot;&quot;,&quot;orientation&quot;:&quot;0&quot;}\" data-image-title=\"photo1676689905 (1)\" data-image-description=\"\" data-image-caption=\"&lt;p&gt;Cr\u00e9dito: Josu\u00e9 J\u00fanior\/PMP&lt;\/p&gt;\n\" data-medium-file=\"https:\/\/www.paudalho.pe.gov.br\/portal\/wp-content\/uploads\/2024\/02\/photo1676689905-1-350x230.jpeg\" data-large-file=\"https:\/\/www.paudalho.pe.gov.br\/portal\/wp-content\/uploads\/2024\/02\/photo1676689905-1-800x450.jpeg\" data-id=\"31940\" src=\"https:\/\/www.paudalho.pe.gov.br\/portal\/wp-content\/uploads\/2024\/02\/photo1676689905-1-800x450.jpeg\" alt=\"\" class=\"wp-image-31940\"\/><figcaption class=\"wp-element-caption\">Cr\u00e9dito: Josu\u00e9 J\u00fanior\/PMP<\/figcaption><\/figure>\n\n\n\n<figure class=\"wp-block-image size-large\"><img loading=\"lazy\" decoding=\"async\" width=\"800\" height=\"450\" data-attachment-id=\"31939\" data-permalink=\"https:\/\/www.paudalho.pe.gov.br\/portal\/paudalho-realiza-encontro-de-blocos-liricos-em-apoteose-de-abertura-do-polo-cultural-do-carnaval-2024-nesta-sexta-feira9\/photo1676689885\/\" data-orig-file=\"https:\/\/www.paudalho.pe.gov.br\/portal\/wp-content\/uploads\/2024\/02\/photo1676689885.jpeg\" data-orig-size=\"1280,853\" data-comments-opened=\"1\" data-image-meta=\"{&quot;aperture&quot;:&quot;0&quot;,&quot;credit&quot;:&quot;&quot;,&quot;camera&quot;:&quot;&quot;,&quot;caption&quot;:&quot;&quot;,&quot;created_timestamp&quot;:&quot;0&quot;,&quot;copyright&quot;:&quot;&quot;,&quot;focal_length&quot;:&quot;0&quot;,&quot;iso&quot;:&quot;0&quot;,&quot;shutter_speed&quot;:&quot;0&quot;,&quot;title&quot;:&quot;&quot;,&quot;orientation&quot;:&quot;0&quot;}\" data-image-title=\"photo1676689885\" data-image-description=\"\" data-image-caption=\"&lt;p&gt;Cr\u00e9dito: Josu\u00e9 J\u00fanior\/PMP&lt;\/p&gt;\n\" data-medium-file=\"https:\/\/www.paudalho.pe.gov.br\/portal\/wp-content\/uploads\/2024\/02\/photo1676689885-350x230.jpeg\" data-large-file=\"https:\/\/www.paudalho.pe.gov.br\/portal\/wp-content\/uploads\/2024\/02\/photo1676689885-800x450.jpeg\" data-id=\"31939\" src=\"https:\/\/www.paudalho.pe.gov.br\/portal\/wp-content\/uploads\/2024\/02\/photo1676689885-800x450.jpeg\" alt=\"\" class=\"wp-image-31939\"\/><figcaption class=\"wp-element-caption\">Cr\u00e9dito: Josu\u00e9 J\u00fanior\/PMP<\/figcaption><\/figure>\n\n\n\n<figure class=\"wp-block-image size-large\"><img loading=\"lazy\" decoding=\"async\" width=\"800\" height=\"450\" data-attachment-id=\"31938\" data-permalink=\"https:\/\/www.paudalho.pe.gov.br\/portal\/paudalho-realiza-encontro-de-blocos-liricos-em-apoteose-de-abertura-do-polo-cultural-do-carnaval-2024-nesta-sexta-feira9\/photo1676689905-4\/\" data-orig-file=\"https:\/\/www.paudalho.pe.gov.br\/portal\/wp-content\/uploads\/2024\/02\/photo1676689905-4.jpeg\" data-orig-size=\"853,1280\" data-comments-opened=\"1\" data-image-meta=\"{&quot;aperture&quot;:&quot;0&quot;,&quot;credit&quot;:&quot;&quot;,&quot;camera&quot;:&quot;&quot;,&quot;caption&quot;:&quot;&quot;,&quot;created_timestamp&quot;:&quot;0&quot;,&quot;copyright&quot;:&quot;&quot;,&quot;focal_length&quot;:&quot;0&quot;,&quot;iso&quot;:&quot;0&quot;,&quot;shutter_speed&quot;:&quot;0&quot;,&quot;title&quot;:&quot;&quot;,&quot;orientation&quot;:&quot;0&quot;}\" data-image-title=\"photo1676689905 (4)\" data-image-description=\"\" data-image-caption=\"&lt;p&gt;Cr\u00e9dito: Josu\u00e9 J\u00fanior\/PMP&lt;\/p&gt;\n\" data-medium-file=\"https:\/\/www.paudalho.pe.gov.br\/portal\/wp-content\/uploads\/2024\/02\/photo1676689905-4-350x230.jpeg\" data-large-file=\"https:\/\/www.paudalho.pe.gov.br\/portal\/wp-content\/uploads\/2024\/02\/photo1676689905-4-800x450.jpeg\" data-id=\"31938\" src=\"https:\/\/www.paudalho.pe.gov.br\/portal\/wp-content\/uploads\/2024\/02\/photo1676689905-4-800x450.jpeg\" alt=\"\" class=\"wp-image-31938\"\/><figcaption class=\"wp-element-caption\">Cr\u00e9dito: Josu\u00e9 J\u00fanior\/PMP<\/figcaption><\/figure>\n\n\n\n<figure class=\"wp-block-image size-large\"><img loading=\"lazy\" decoding=\"async\" width=\"800\" height=\"450\" data-attachment-id=\"31937\" data-permalink=\"https:\/\/www.paudalho.pe.gov.br\/portal\/paudalho-realiza-encontro-de-blocos-liricos-em-apoteose-de-abertura-do-polo-cultural-do-carnaval-2024-nesta-sexta-feira9\/photo1676689885-8\/\" data-orig-file=\"https:\/\/www.paudalho.pe.gov.br\/portal\/wp-content\/uploads\/2024\/02\/photo1676689885-8.jpeg\" data-orig-size=\"853,1280\" data-comments-opened=\"1\" data-image-meta=\"{&quot;aperture&quot;:&quot;0&quot;,&quot;credit&quot;:&quot;&quot;,&quot;camera&quot;:&quot;&quot;,&quot;caption&quot;:&quot;&quot;,&quot;created_timestamp&quot;:&quot;0&quot;,&quot;copyright&quot;:&quot;&quot;,&quot;focal_length&quot;:&quot;0&quot;,&quot;iso&quot;:&quot;0&quot;,&quot;shutter_speed&quot;:&quot;0&quot;,&quot;title&quot;:&quot;&quot;,&quot;orientation&quot;:&quot;0&quot;}\" data-image-title=\"photo1676689885 (8)\" data-image-description=\"\" data-image-caption=\"&lt;p&gt;Cr\u00e9dito: Josu\u00e9 J\u00fanior\/PMP&lt;\/p&gt;\n\" data-medium-file=\"https:\/\/www.paudalho.pe.gov.br\/portal\/wp-content\/uploads\/2024\/02\/photo1676689885-8-350x230.jpeg\" data-large-file=\"https:\/\/www.paudalho.pe.gov.br\/portal\/wp-content\/uploads\/2024\/02\/photo1676689885-8-800x450.jpeg\" data-id=\"31937\" src=\"https:\/\/www.paudalho.pe.gov.br\/portal\/wp-content\/uploads\/2024\/02\/photo1676689885-8-800x450.jpeg\" alt=\"\" class=\"wp-image-31937\"\/><figcaption class=\"wp-element-caption\">Cr\u00e9dito: Josu\u00e9 J\u00fanior\/PMP<\/figcaption><\/figure>\n\n\n\n<figure class=\"wp-block-image size-large\"><img loading=\"lazy\" decoding=\"async\" width=\"800\" height=\"450\" data-attachment-id=\"31936\" data-permalink=\"https:\/\/www.paudalho.pe.gov.br\/portal\/paudalho-realiza-encontro-de-blocos-liricos-em-apoteose-de-abertura-do-polo-cultural-do-carnaval-2024-nesta-sexta-feira9\/photo1676689885-7\/\" data-orig-file=\"https:\/\/www.paudalho.pe.gov.br\/portal\/wp-content\/uploads\/2024\/02\/photo1676689885-7.jpeg\" data-orig-size=\"1280,853\" data-comments-opened=\"1\" data-image-meta=\"{&quot;aperture&quot;:&quot;0&quot;,&quot;credit&quot;:&quot;&quot;,&quot;camera&quot;:&quot;&quot;,&quot;caption&quot;:&quot;&quot;,&quot;created_timestamp&quot;:&quot;0&quot;,&quot;copyright&quot;:&quot;&quot;,&quot;focal_length&quot;:&quot;0&quot;,&quot;iso&quot;:&quot;0&quot;,&quot;shutter_speed&quot;:&quot;0&quot;,&quot;title&quot;:&quot;&quot;,&quot;orientation&quot;:&quot;0&quot;}\" data-image-title=\"photo1676689885 (7)\" data-image-description=\"\" data-image-caption=\"&lt;p&gt;Cr\u00e9dito: Josu\u00e9 J\u00fanior\/PMP&lt;\/p&gt;\n\" data-medium-file=\"https:\/\/www.paudalho.pe.gov.br\/portal\/wp-content\/uploads\/2024\/02\/photo1676689885-7-350x230.jpeg\" data-large-file=\"https:\/\/www.paudalho.pe.gov.br\/portal\/wp-content\/uploads\/2024\/02\/photo1676689885-7-800x450.jpeg\" data-id=\"31936\" src=\"https:\/\/www.paudalho.pe.gov.br\/portal\/wp-content\/uploads\/2024\/02\/photo1676689885-7-800x450.jpeg\" alt=\"\" class=\"wp-image-31936\"\/><figcaption class=\"wp-element-caption\">Cr\u00e9dito: Josu\u00e9 J\u00fanior\/PMP<\/figcaption><\/figure>\n\n\n\n<figure class=\"wp-block-image size-large\"><img loading=\"lazy\" decoding=\"async\" width=\"800\" height=\"450\" data-attachment-id=\"31935\" data-permalink=\"https:\/\/www.paudalho.pe.gov.br\/portal\/paudalho-realiza-encontro-de-blocos-liricos-em-apoteose-de-abertura-do-polo-cultural-do-carnaval-2024-nesta-sexta-feira9\/photo1676689885-6\/\" data-orig-file=\"https:\/\/www.paudalho.pe.gov.br\/portal\/wp-content\/uploads\/2024\/02\/photo1676689885-6.jpeg\" data-orig-size=\"853,1280\" data-comments-opened=\"1\" data-image-meta=\"{&quot;aperture&quot;:&quot;0&quot;,&quot;credit&quot;:&quot;&quot;,&quot;camera&quot;:&quot;&quot;,&quot;caption&quot;:&quot;&quot;,&quot;created_timestamp&quot;:&quot;0&quot;,&quot;copyright&quot;:&quot;&quot;,&quot;focal_length&quot;:&quot;0&quot;,&quot;iso&quot;:&quot;0&quot;,&quot;shutter_speed&quot;:&quot;0&quot;,&quot;title&quot;:&quot;&quot;,&quot;orientation&quot;:&quot;0&quot;}\" data-image-title=\"photo1676689885 (6)\" data-image-description=\"\" data-image-caption=\"&lt;p&gt;Cr\u00e9dito: Josu\u00e9 J\u00fanior\/PMP&lt;\/p&gt;\n\" data-medium-file=\"https:\/\/www.paudalho.pe.gov.br\/portal\/wp-content\/uploads\/2024\/02\/photo1676689885-6-350x230.jpeg\" data-large-file=\"https:\/\/www.paudalho.pe.gov.br\/portal\/wp-content\/uploads\/2024\/02\/photo1676689885-6-800x450.jpeg\" data-id=\"31935\" src=\"https:\/\/www.paudalho.pe.gov.br\/portal\/wp-content\/uploads\/2024\/02\/photo1676689885-6-800x450.jpeg\" alt=\"\" class=\"wp-image-31935\"\/><figcaption class=\"wp-element-caption\">Cr\u00e9dito: Josu\u00e9 J\u00fanior\/PMP<\/figcaption><\/figure>\n\n\n\n<figure class=\"wp-block-image size-large\"><img loading=\"lazy\" decoding=\"async\" width=\"800\" height=\"450\" data-attachment-id=\"31934\" data-permalink=\"https:\/\/www.paudalho.pe.gov.br\/portal\/paudalho-realiza-encontro-de-blocos-liricos-em-apoteose-de-abertura-do-polo-cultural-do-carnaval-2024-nesta-sexta-feira9\/photo1676689885-5\/\" data-orig-file=\"https:\/\/www.paudalho.pe.gov.br\/portal\/wp-content\/uploads\/2024\/02\/photo1676689885-5.jpeg\" data-orig-size=\"853,1280\" data-comments-opened=\"1\" data-image-meta=\"{&quot;aperture&quot;:&quot;0&quot;,&quot;credit&quot;:&quot;&quot;,&quot;camera&quot;:&quot;&quot;,&quot;caption&quot;:&quot;&quot;,&quot;created_timestamp&quot;:&quot;0&quot;,&quot;copyright&quot;:&quot;&quot;,&quot;focal_length&quot;:&quot;0&quot;,&quot;iso&quot;:&quot;0&quot;,&quot;shutter_speed&quot;:&quot;0&quot;,&quot;title&quot;:&quot;&quot;,&quot;orientation&quot;:&quot;0&quot;}\" data-image-title=\"photo1676689885 (5)\" data-image-description=\"\" data-image-caption=\"&lt;p&gt;Cr\u00e9dito: Josu\u00e9 J\u00fanior\/PMP&lt;\/p&gt;\n\" data-medium-file=\"https:\/\/www.paudalho.pe.gov.br\/portal\/wp-content\/uploads\/2024\/02\/photo1676689885-5-350x230.jpeg\" data-large-file=\"https:\/\/www.paudalho.pe.gov.br\/portal\/wp-content\/uploads\/2024\/02\/photo1676689885-5-800x450.jpeg\" data-id=\"31934\" src=\"https:\/\/www.paudalho.pe.gov.br\/portal\/wp-content\/uploads\/2024\/02\/photo1676689885-5-800x450.jpeg\" alt=\"\" class=\"wp-image-31934\"\/><figcaption class=\"wp-element-caption\">Cr\u00e9dito: Josu\u00e9 J\u00fanior\/PMP<\/figcaption><\/figure>\n\n\n\n<figure class=\"wp-block-image size-large\"><img loading=\"lazy\" decoding=\"async\" width=\"800\" height=\"450\" data-attachment-id=\"31933\" data-permalink=\"https:\/\/www.paudalho.pe.gov.br\/portal\/paudalho-realiza-encontro-de-blocos-liricos-em-apoteose-de-abertura-do-polo-cultural-do-carnaval-2024-nesta-sexta-feira9\/photo1676689885-4\/\" data-orig-file=\"https:\/\/www.paudalho.pe.gov.br\/portal\/wp-content\/uploads\/2024\/02\/photo1676689885-4.jpeg\" data-orig-size=\"1280,853\" data-comments-opened=\"1\" data-image-meta=\"{&quot;aperture&quot;:&quot;0&quot;,&quot;credit&quot;:&quot;&quot;,&quot;camera&quot;:&quot;&quot;,&quot;caption&quot;:&quot;&quot;,&quot;created_timestamp&quot;:&quot;0&quot;,&quot;copyright&quot;:&quot;&quot;,&quot;focal_length&quot;:&quot;0&quot;,&quot;iso&quot;:&quot;0&quot;,&quot;shutter_speed&quot;:&quot;0&quot;,&quot;title&quot;:&quot;&quot;,&quot;orientation&quot;:&quot;0&quot;}\" data-image-title=\"photo1676689885 (4)\" data-image-description=\"\" data-image-caption=\"&lt;p&gt;Cr\u00e9dito: Josu\u00e9 J\u00fanior\/PMP&lt;\/p&gt;\n\" data-medium-file=\"https:\/\/www.paudalho.pe.gov.br\/portal\/wp-content\/uploads\/2024\/02\/photo1676689885-4-350x230.jpeg\" data-large-file=\"https:\/\/www.paudalho.pe.gov.br\/portal\/wp-content\/uploads\/2024\/02\/photo1676689885-4-800x450.jpeg\" data-id=\"31933\" src=\"https:\/\/www.paudalho.pe.gov.br\/portal\/wp-content\/uploads\/2024\/02\/photo1676689885-4-800x450.jpeg\" alt=\"\" class=\"wp-image-31933\"\/><figcaption class=\"wp-element-caption\">Cr\u00e9dito: Josu\u00e9 J\u00fanior\/PMP<\/figcaption><\/figure>\n\n\n\n<figure class=\"wp-block-image size-large\"><img loading=\"lazy\" decoding=\"async\" width=\"800\" height=\"450\" data-attachment-id=\"31932\" data-permalink=\"https:\/\/www.paudalho.pe.gov.br\/portal\/paudalho-realiza-encontro-de-blocos-liricos-em-apoteose-de-abertura-do-polo-cultural-do-carnaval-2024-nesta-sexta-feira9\/photo1676689885-3\/\" data-orig-file=\"https:\/\/www.paudalho.pe.gov.br\/portal\/wp-content\/uploads\/2024\/02\/photo1676689885-3.jpeg\" data-orig-size=\"1280,853\" data-comments-opened=\"1\" data-image-meta=\"{&quot;aperture&quot;:&quot;0&quot;,&quot;credit&quot;:&quot;&quot;,&quot;camera&quot;:&quot;&quot;,&quot;caption&quot;:&quot;&quot;,&quot;created_timestamp&quot;:&quot;0&quot;,&quot;copyright&quot;:&quot;&quot;,&quot;focal_length&quot;:&quot;0&quot;,&quot;iso&quot;:&quot;0&quot;,&quot;shutter_speed&quot;:&quot;0&quot;,&quot;title&quot;:&quot;&quot;,&quot;orientation&quot;:&quot;0&quot;}\" data-image-title=\"photo1676689885 (3)\" data-image-description=\"\" data-image-caption=\"&lt;p&gt;Cr\u00e9dito: Josu\u00e9 J\u00fanior\/PMP&lt;\/p&gt;\n\" data-medium-file=\"https:\/\/www.paudalho.pe.gov.br\/portal\/wp-content\/uploads\/2024\/02\/photo1676689885-3-350x230.jpeg\" data-large-file=\"https:\/\/www.paudalho.pe.gov.br\/portal\/wp-content\/uploads\/2024\/02\/photo1676689885-3-800x450.jpeg\" data-id=\"31932\" src=\"https:\/\/www.paudalho.pe.gov.br\/portal\/wp-content\/uploads\/2024\/02\/photo1676689885-3-800x450.jpeg\" alt=\"\" class=\"wp-image-31932\"\/><figcaption class=\"wp-element-caption\">Cr\u00e9dito: Josu\u00e9 J\u00fanior\/PMP<\/figcaption><\/figure>\n\n\n\n<figure class=\"wp-block-image size-large\"><img loading=\"lazy\" decoding=\"async\" width=\"800\" height=\"450\" data-attachment-id=\"31930\" data-permalink=\"https:\/\/www.paudalho.pe.gov.br\/portal\/paudalho-realiza-encontro-de-blocos-liricos-em-apoteose-de-abertura-do-polo-cultural-do-carnaval-2024-nesta-sexta-feira9\/photo1676689885-1\/\" data-orig-file=\"https:\/\/www.paudalho.pe.gov.br\/portal\/wp-content\/uploads\/2024\/02\/photo1676689885-1.jpeg\" data-orig-size=\"1280,853\" data-comments-opened=\"1\" data-image-meta=\"{&quot;aperture&quot;:&quot;0&quot;,&quot;credit&quot;:&quot;&quot;,&quot;camera&quot;:&quot;&quot;,&quot;caption&quot;:&quot;&quot;,&quot;created_timestamp&quot;:&quot;0&quot;,&quot;copyright&quot;:&quot;&quot;,&quot;focal_length&quot;:&quot;0&quot;,&quot;iso&quot;:&quot;0&quot;,&quot;shutter_speed&quot;:&quot;0&quot;,&quot;title&quot;:&quot;&quot;,&quot;orientation&quot;:&quot;0&quot;}\" data-image-title=\"photo1676689885 (1)\" data-image-description=\"\" data-image-caption=\"&lt;p&gt;Cr\u00e9dito: Josu\u00e9 J\u00fanior\/PMP&lt;\/p&gt;\n\" data-medium-file=\"https:\/\/www.paudalho.pe.gov.br\/portal\/wp-content\/uploads\/2024\/02\/photo1676689885-1-350x230.jpeg\" data-large-file=\"https:\/\/www.paudalho.pe.gov.br\/portal\/wp-content\/uploads\/2024\/02\/photo1676689885-1-800x450.jpeg\" data-id=\"31930\" src=\"https:\/\/www.paudalho.pe.gov.br\/portal\/wp-content\/uploads\/2024\/02\/photo1676689885-1-800x450.jpeg\" alt=\"\" class=\"wp-image-31930\"\/><figcaption class=\"wp-element-caption\">Cr\u00e9dito: Josu\u00e9 J\u00fanior\/PMP<\/figcaption><\/figure>\n<\/figure>\n","protected":false},"excerpt":{"rendered":"<p>Valorizando a tradi\u00e7\u00e3o local dos blocos l\u00edricos, a Prefeitura do Paudalho, atrav\u00e9s da Secretaria de Cultura, Turismo, Lazer e Juventude (SecultJuv), realiza nesta sexta-feira(9), a partir das 19h, a Apoteose de Abertura do Polo Cultural do Carnaval 2024. O evento ir\u00e1 contar com o Encontro de Blocos L\u00edricos, tradicional no munic\u00edpio. A concentra\u00e7\u00e3o ser\u00e1 \u00e0s [&hellip;]<\/p>\n","protected":false},"author":10,"featured_media":31972,"comment_status":"open","ping_status":"open","sticky":false,"template":"","format":"standard","meta":{"_jetpack_newsletter_access":"","_jetpack_dont_email_post_to_subs":false,"_jetpack_newsletter_tier_id":0,"_jetpack_memberships_contains_paywalled_content":false,"_jetpack_memberships_contains_paid_content":false,"footnotes":""},"categories":[6,1184,2,1],"tags":[1122,38,1348,68,1397,14,261,22,1350],"class_list":["post-31929","post","type-post","status-publish","format-standard","has-post-thumbnail","hentry","category-cultura","category-cultura-2","category-destaque","category-noticias","tag-apoteose-de-abertura","tag-carnaval","tag-carnaval-2024","tag-cultura","tag-encontro-de-blocos-liricos","tag-paudalho","tag-polo-cultural","tag-prefeitura-do-paudalho","tag-secultjuv"],"jetpack_featured_media_url":"https:\/\/www.paudalho.pe.gov.br\/portal\/wp-content\/uploads\/2024\/02\/photo1676689925-10.jpeg","jetpack_sharing_enabled":true,"jetpack_shortlink":"https:\/\/wp.me\/p98mS2-8iZ","_links":{"self":[{"href":"https:\/\/www.paudalho.pe.gov.br\/portal\/wp-json\/wp\/v2\/posts\/31929","targetHints":{"allow":["GET"]}}],"collection":[{"href":"https:\/\/www.paudalho.pe.gov.br\/portal\/wp-json\/wp\/v2\/posts"}],"about":[{"href":"https:\/\/www.paudalho.pe.gov.br\/portal\/wp-json\/wp\/v2\/types\/post"}],"author":[{"embeddable":true,"href":"https:\/\/www.paudalho.pe.gov.br\/portal\/wp-json\/wp\/v2\/users\/10"}],"replies":[{"embeddable":true,"href":"https:\/\/www.paudalho.pe.gov.br\/portal\/wp-json\/wp\/v2\/comments?post=31929"}],"version-history":[{"count":5,"href":"https:\/\/www.paudalho.pe.gov.br\/portal\/wp-json\/wp\/v2\/posts\/31929\/revisions"}],"predecessor-version":[{"id":31979,"href":"https:\/\/www.paudalho.pe.gov.br\/portal\/wp-json\/wp\/v2\/posts\/31929\/revisions\/31979"}],"wp:featuredmedia":[{"embeddable":true,"href":"https:\/\/www.paudalho.pe.gov.br\/portal\/wp-json\/wp\/v2\/media\/31972"}],"wp:attachment":[{"href":"https:\/\/www.paudalho.pe.gov.br\/portal\/wp-json\/wp\/v2\/media?parent=31929"}],"wp:term":[{"taxonomy":"category","embeddable":true,"href":"https:\/\/www.paudalho.pe.gov.br\/portal\/wp-json\/wp\/v2\/categories?post=31929"},{"taxonomy":"post_tag","embeddable":true,"href":"https:\/\/www.paudalho.pe.gov.br\/portal\/wp-json\/wp\/v2\/tags?post=31929"}],"curies":[{"name":"wp","href":"https:\/\/api.w.org\/{rel}","templated":true}]}}