{"id":31903,"date":"2024-02-02T16:44:02","date_gmt":"2024-02-02T19:44:02","guid":{"rendered":"https:\/\/www.paudalho.pe.gov.br\/portal\/?p=31903"},"modified":"2025-01-08T00:38:16","modified_gmt":"2025-01-08T03:38:16","slug":"quadra-poliesportiva-da-escola-municipal-menino-jesus-e-inaugurada-na-ultima-quinta-feira1o","status":"publish","type":"post","link":"https:\/\/www.paudalho.pe.gov.br\/portal\/quadra-poliesportiva-da-escola-municipal-menino-jesus-e-inaugurada-na-ultima-quinta-feira1o\/","title":{"rendered":"Quadra poliesportiva da Escola Municipal Menino Jesus \u00e9 inaugurada na \u00faltima quinta-feira(1\u00ba)"},"content":{"rendered":"\n<p>A Prefeitura Municipal de Paudalho iniciou a noite do primeiro dia de fevereiro inaugurando a quadra poliesportiva da Escola Municipal Menino Jesus, na comunidade de Ch\u00e3 Alegre. Essa \u00e9 a d\u00e9cima quadra inaugurada nos \u00faltimos sete anos no munic\u00edpio.<\/p>\n\n\n\n<p>&#8220;A quadra \u00e9 muito importante para a comunidade de Ch\u00e3 Alegre, para os adolescentes brincar, tirar um pouco do celular.\u201d disse Maria Vic\u00eancia, 57 anos, moradora orgulhosa de Ch\u00e3 Alegre, que veio prestigiar a inaugura\u00e7\u00e3o de mais uma obra em sua comunidade, destacando os benef\u00edcios da quadra para a popula\u00e7\u00e3o. \u201cA gente adulto tamb\u00e9m faz f\u00edsica e acredito que vamos fazer aqui. Acredito que vai ser muito bom para benef\u00edcio de Ch\u00e3 Alegre, Cajueiro, Ch\u00e3 de Camila, toda parte que pertence aqui\u201d, completou.<\/p>\n\n\n\n<figure class=\"wp-block-gallery has-nested-images columns-default is-cropped wp-block-gallery-1 is-layout-flex wp-block-gallery-is-layout-flex\">\n<figure class=\"wp-block-image size-large\"><img loading=\"lazy\" decoding=\"async\" width=\"800\" height=\"450\" data-attachment-id=\"31906\" data-permalink=\"https:\/\/www.paudalho.pe.gov.br\/portal\/quadra-poliesportiva-da-escola-municipal-menino-jesus-e-inaugurada-na-ultima-quinta-feira1o\/whatsapp-image-2024-02-07-at-16-12-07\/\" data-orig-file=\"https:\/\/www.paudalho.pe.gov.br\/portal\/wp-content\/uploads\/2024\/02\/WhatsApp-Image-2024-02-07-at-16.12.07-scaled.jpeg\" data-orig-size=\"2560,1920\" data-comments-opened=\"1\" data-image-meta=\"{&quot;aperture&quot;:&quot;0&quot;,&quot;credit&quot;:&quot;&quot;,&quot;camera&quot;:&quot;&quot;,&quot;caption&quot;:&quot;&quot;,&quot;created_timestamp&quot;:&quot;0&quot;,&quot;copyright&quot;:&quot;&quot;,&quot;focal_length&quot;:&quot;0&quot;,&quot;iso&quot;:&quot;0&quot;,&quot;shutter_speed&quot;:&quot;0&quot;,&quot;title&quot;:&quot;&quot;,&quot;orientation&quot;:&quot;0&quot;}\" data-image-title=\"WhatsApp Image 2024-02-07 at 16.12.07\" data-image-description=\"\" data-image-caption=\"&lt;p&gt;Maria Vic\u00eancia, 57 anos, destacou os benef\u00edcios da quadra para a comunidade. Cr\u00e9dito: Amanda Myrtes\/PMP&lt;\/p&gt;\n\" data-medium-file=\"https:\/\/www.paudalho.pe.gov.br\/portal\/wp-content\/uploads\/2024\/02\/WhatsApp-Image-2024-02-07-at-16.12.07-350x230.jpeg\" data-large-file=\"https:\/\/www.paudalho.pe.gov.br\/portal\/wp-content\/uploads\/2024\/02\/WhatsApp-Image-2024-02-07-at-16.12.07-800x450.jpeg\" data-id=\"31906\" src=\"https:\/\/www.paudalho.pe.gov.br\/portal\/wp-content\/uploads\/2024\/02\/WhatsApp-Image-2024-02-07-at-16.12.07-800x450.jpeg\" alt=\"\" class=\"wp-image-31906\"\/><figcaption class=\"wp-element-caption\">Maria Vic\u00eancia, 57 anos, destacou os benef\u00edcios da quadra para a comunidade. Cr\u00e9dito: Amanda Myrtes\/PMP<\/figcaption><\/figure>\n\n\n\n<figure class=\"wp-block-image size-large\"><img loading=\"lazy\" decoding=\"async\" width=\"800\" height=\"450\" data-attachment-id=\"31922\" data-permalink=\"https:\/\/www.paudalho.pe.gov.br\/portal\/quadra-poliesportiva-da-escola-municipal-menino-jesus-e-inaugurada-na-ultima-quinta-feira1o\/_h5a1418\/\" data-orig-file=\"https:\/\/www.paudalho.pe.gov.br\/portal\/wp-content\/uploads\/2024\/02\/H5A1418-scaled.jpg\" data-orig-size=\"2560,1707\" data-comments-opened=\"1\" data-image-meta=\"{&quot;aperture&quot;:&quot;2.8&quot;,&quot;credit&quot;:&quot;CHARLES JOHNSON&quot;,&quot;camera&quot;:&quot;Canon EOS 5D Mark IV&quot;,&quot;caption&quot;:&quot;&quot;,&quot;created_timestamp&quot;:&quot;1706819334&quot;,&quot;copyright&quot;:&quot;CHARLES JOHNSON 81 986016133&quot;,&quot;focal_length&quot;:&quot;24&quot;,&quot;iso&quot;:&quot;1600&quot;,&quot;shutter_speed&quot;:&quot;0.00625&quot;,&quot;title&quot;:&quot;&quot;,&quot;orientation&quot;:&quot;1&quot;}\" data-image-title=\"_H5A1418\" data-image-description=\"\" data-image-caption=\"&lt;p&gt;Cr\u00e9dito: Josu\u00e9 J\u00fanior\/PMP&lt;\/p&gt;\n\" data-medium-file=\"https:\/\/www.paudalho.pe.gov.br\/portal\/wp-content\/uploads\/2024\/02\/H5A1418-350x230.jpg\" data-large-file=\"https:\/\/www.paudalho.pe.gov.br\/portal\/wp-content\/uploads\/2024\/02\/H5A1418-800x450.jpg\" data-id=\"31922\" src=\"https:\/\/www.paudalho.pe.gov.br\/portal\/wp-content\/uploads\/2024\/02\/H5A1418-800x450.jpg\" alt=\"\" class=\"wp-image-31922\"\/><figcaption class=\"wp-element-caption\">Cr\u00e9dito: Josu\u00e9 J\u00fanior\/PMP<\/figcaption><\/figure>\n<\/figure>\n\n\n\n<p>\u00a0Marcelo Gouveia, prefeito de Paudalho, destacou que a quadra \u00e9 mais que um estrutura pedag\u00f3gica para a comunidade, mas que ir\u00e1 contribuir para a socializa\u00e7\u00e3o e lazer em Ch\u00e3 Alegre. \u201cIsso aqui \u00e9 um patrim\u00f4nio do povo. Aqui, servir\u00e1 para atividades escolares, pr\u00e1ticas esportivas, para um casamento ou festa de 15 anos na comunidade, atividades sociais, enfim, para que a fam\u00edlia de Ch\u00e3 Alegre e de toda Paudalho tenha, a partir de hoje, mais um espa\u00e7o para socializar\u201d, pontuou o prefeito.<\/p>\n\n\n\n<figure class=\"wp-block-gallery has-nested-images columns-default is-cropped wp-block-gallery-2 is-layout-flex wp-block-gallery-is-layout-flex\">\n<figure class=\"wp-block-image size-large\"><img loading=\"lazy\" decoding=\"async\" width=\"800\" height=\"450\" data-attachment-id=\"31923\" data-permalink=\"https:\/\/www.paudalho.pe.gov.br\/portal\/quadra-poliesportiva-da-escola-municipal-menino-jesus-e-inaugurada-na-ultima-quinta-feira1o\/_h5a1518-2\/\" data-orig-file=\"https:\/\/www.paudalho.pe.gov.br\/portal\/wp-content\/uploads\/2024\/02\/H5A1518-1-scaled.jpg\" data-orig-size=\"2560,1707\" data-comments-opened=\"1\" data-image-meta=\"{&quot;aperture&quot;:&quot;2.5&quot;,&quot;credit&quot;:&quot;CHARLES JOHNSON&quot;,&quot;camera&quot;:&quot;Canon EOS 5D Mark IV&quot;,&quot;caption&quot;:&quot;&quot;,&quot;created_timestamp&quot;:&quot;1706820956&quot;,&quot;copyright&quot;:&quot;CHARLES JOHNSON 81 986016133&quot;,&quot;focal_length&quot;:&quot;24&quot;,&quot;iso&quot;:&quot;1600&quot;,&quot;shutter_speed&quot;:&quot;0.008&quot;,&quot;title&quot;:&quot;&quot;,&quot;orientation&quot;:&quot;1&quot;}\" data-image-title=\"_H5A1518\" data-image-description=\"\" data-image-caption=\"&lt;p&gt;Cr\u00e9ditos: Josu\u00e9 J\u00fanior\/PMP&lt;\/p&gt;\n\" data-medium-file=\"https:\/\/www.paudalho.pe.gov.br\/portal\/wp-content\/uploads\/2024\/02\/H5A1518-1-350x230.jpg\" data-large-file=\"https:\/\/www.paudalho.pe.gov.br\/portal\/wp-content\/uploads\/2024\/02\/H5A1518-1-800x450.jpg\" data-id=\"31923\" src=\"https:\/\/www.paudalho.pe.gov.br\/portal\/wp-content\/uploads\/2024\/02\/H5A1518-1-800x450.jpg\" alt=\"\" class=\"wp-image-31923\"\/><figcaption class=\"wp-element-caption\">Cr\u00e9ditos: Josu\u00e9 J\u00fanior\/PMP<\/figcaption><\/figure>\n\n\n\n<figure class=\"wp-block-image size-large\"><img loading=\"lazy\" decoding=\"async\" width=\"800\" height=\"450\" data-attachment-id=\"31918\" data-permalink=\"https:\/\/www.paudalho.pe.gov.br\/portal\/quadra-poliesportiva-da-escola-municipal-menino-jesus-e-inaugurada-na-ultima-quinta-feira1o\/_h5a1467\/\" data-orig-file=\"https:\/\/www.paudalho.pe.gov.br\/portal\/wp-content\/uploads\/2024\/02\/H5A1467-scaled.jpg\" data-orig-size=\"2560,1707\" data-comments-opened=\"1\" data-image-meta=\"{&quot;aperture&quot;:&quot;2.8&quot;,&quot;credit&quot;:&quot;CHARLES JOHNSON&quot;,&quot;camera&quot;:&quot;Canon EOS 5D Mark IV&quot;,&quot;caption&quot;:&quot;&quot;,&quot;created_timestamp&quot;:&quot;1706820226&quot;,&quot;copyright&quot;:&quot;CHARLES JOHNSON 81 986016133&quot;,&quot;focal_length&quot;:&quot;85&quot;,&quot;iso&quot;:&quot;1600&quot;,&quot;shutter_speed&quot;:&quot;0.00625&quot;,&quot;title&quot;:&quot;&quot;,&quot;orientation&quot;:&quot;1&quot;}\" data-image-title=\"_H5A1467\" data-image-description=\"\" data-image-caption=\"&lt;p&gt;Cr\u00e9ditos: Josu\u00e9 J\u00fanior\/PMP&lt;\/p&gt;\n\" data-medium-file=\"https:\/\/www.paudalho.pe.gov.br\/portal\/wp-content\/uploads\/2024\/02\/H5A1467-350x230.jpg\" data-large-file=\"https:\/\/www.paudalho.pe.gov.br\/portal\/wp-content\/uploads\/2024\/02\/H5A1467-800x450.jpg\" data-id=\"31918\" src=\"https:\/\/www.paudalho.pe.gov.br\/portal\/wp-content\/uploads\/2024\/02\/H5A1467-800x450.jpg\" alt=\"\" class=\"wp-image-31918\"\/><figcaption class=\"wp-element-caption\">Cr\u00e9ditos: Josu\u00e9 J\u00fanior\/PMP<\/figcaption><\/figure>\n\n\n\n<figure class=\"wp-block-image size-large\"><img loading=\"lazy\" decoding=\"async\" width=\"800\" height=\"450\" data-attachment-id=\"31924\" data-permalink=\"https:\/\/www.paudalho.pe.gov.br\/portal\/quadra-poliesportiva-da-escola-municipal-menino-jesus-e-inaugurada-na-ultima-quinta-feira1o\/_h5a1519\/\" data-orig-file=\"https:\/\/www.paudalho.pe.gov.br\/portal\/wp-content\/uploads\/2024\/02\/H5A1519-scaled.jpg\" data-orig-size=\"2560,1707\" data-comments-opened=\"1\" data-image-meta=\"{&quot;aperture&quot;:&quot;2.5&quot;,&quot;credit&quot;:&quot;CHARLES JOHNSON&quot;,&quot;camera&quot;:&quot;Canon EOS 5D Mark IV&quot;,&quot;caption&quot;:&quot;&quot;,&quot;created_timestamp&quot;:&quot;1706820980&quot;,&quot;copyright&quot;:&quot;CHARLES JOHNSON 81 986016133&quot;,&quot;focal_length&quot;:&quot;24&quot;,&quot;iso&quot;:&quot;1600&quot;,&quot;shutter_speed&quot;:&quot;0.008&quot;,&quot;title&quot;:&quot;&quot;,&quot;orientation&quot;:&quot;1&quot;}\" data-image-title=\"_H5A1519\" data-image-description=\"\" data-image-caption=\"&lt;p&gt;Cr\u00e9ditos: Josu\u00e9 J\u00fanior\/PMP&lt;\/p&gt;\n\" data-medium-file=\"https:\/\/www.paudalho.pe.gov.br\/portal\/wp-content\/uploads\/2024\/02\/H5A1519-350x230.jpg\" data-large-file=\"https:\/\/www.paudalho.pe.gov.br\/portal\/wp-content\/uploads\/2024\/02\/H5A1519-800x450.jpg\" data-id=\"31924\" src=\"https:\/\/www.paudalho.pe.gov.br\/portal\/wp-content\/uploads\/2024\/02\/H5A1519-800x450.jpg\" alt=\"\" class=\"wp-image-31924\"\/><figcaption class=\"wp-element-caption\">Cr\u00e9ditos: Josu\u00e9 J\u00fanior\/PMP<\/figcaption><\/figure>\n<\/figure>\n\n\n\n<p>Al\u00e9m de ter estrutura pr\u00f3pria para a pr\u00e1tica do futsal, handebol, v\u00f4lei, basquete, entre outros esportes, a quadra ser\u00e1 um espa\u00e7o para atividades pedag\u00f3gicas e culturais, al\u00e9m de um local de lazer para promo\u00e7\u00e3o de eventos e atividades em geral.<\/p>\n\n\n\n<p>Paudalho continua construindo novas quadras poliesportivas para a popula\u00e7\u00e3o nas comunidades de Rosarinho, Ch\u00e3 do Ouro e Guadalajara.<\/p>\n\n\n\n<figure class=\"wp-block-gallery has-nested-images columns-default is-cropped wp-block-gallery-3 is-layout-flex wp-block-gallery-is-layout-flex\">\n<figure class=\"wp-block-image size-large\"><img loading=\"lazy\" decoding=\"async\" width=\"800\" height=\"450\" data-attachment-id=\"31919\" data-permalink=\"https:\/\/www.paudalho.pe.gov.br\/portal\/quadra-poliesportiva-da-escola-municipal-menino-jesus-e-inaugurada-na-ultima-quinta-feira1o\/_h5a1497\/\" data-orig-file=\"https:\/\/www.paudalho.pe.gov.br\/portal\/wp-content\/uploads\/2024\/02\/H5A1497-scaled.jpg\" data-orig-size=\"2560,1707\" data-comments-opened=\"1\" data-image-meta=\"{&quot;aperture&quot;:&quot;2.5&quot;,&quot;credit&quot;:&quot;CHARLES JOHNSON&quot;,&quot;camera&quot;:&quot;Canon EOS 5D Mark IV&quot;,&quot;caption&quot;:&quot;&quot;,&quot;created_timestamp&quot;:&quot;1706820706&quot;,&quot;copyright&quot;:&quot;CHARLES JOHNSON 81 986016133&quot;,&quot;focal_length&quot;:&quot;24&quot;,&quot;iso&quot;:&quot;1600&quot;,&quot;shutter_speed&quot;:&quot;0.00625&quot;,&quot;title&quot;:&quot;&quot;,&quot;orientation&quot;:&quot;1&quot;}\" data-image-title=\"_H5A1497\" data-image-description=\"\" data-image-caption=\"&lt;p&gt;Cr\u00e9ditos: Josu\u00e9 J\u00fanior\/PMP&lt;\/p&gt;\n\" data-medium-file=\"https:\/\/www.paudalho.pe.gov.br\/portal\/wp-content\/uploads\/2024\/02\/H5A1497-350x230.jpg\" data-large-file=\"https:\/\/www.paudalho.pe.gov.br\/portal\/wp-content\/uploads\/2024\/02\/H5A1497-800x450.jpg\" data-id=\"31919\" src=\"https:\/\/www.paudalho.pe.gov.br\/portal\/wp-content\/uploads\/2024\/02\/H5A1497-800x450.jpg\" alt=\"\" class=\"wp-image-31919\"\/><figcaption class=\"wp-element-caption\">Cr\u00e9ditos: Josu\u00e9 J\u00fanior\/PMP<\/figcaption><\/figure>\n\n\n\n<figure class=\"wp-block-image size-large\"><img loading=\"lazy\" decoding=\"async\" width=\"800\" height=\"450\" data-attachment-id=\"31917\" data-permalink=\"https:\/\/www.paudalho.pe.gov.br\/portal\/quadra-poliesportiva-da-escola-municipal-menino-jesus-e-inaugurada-na-ultima-quinta-feira1o\/_h5a1447\/\" data-orig-file=\"https:\/\/www.paudalho.pe.gov.br\/portal\/wp-content\/uploads\/2024\/02\/H5A1447-scaled.jpg\" data-orig-size=\"2560,1707\" data-comments-opened=\"1\" data-image-meta=\"{&quot;aperture&quot;:&quot;2.8&quot;,&quot;credit&quot;:&quot;CHARLES JOHNSON&quot;,&quot;camera&quot;:&quot;Canon EOS 5D Mark IV&quot;,&quot;caption&quot;:&quot;&quot;,&quot;created_timestamp&quot;:&quot;1706819803&quot;,&quot;copyright&quot;:&quot;CHARLES JOHNSON 81 986016133&quot;,&quot;focal_length&quot;:&quot;85&quot;,&quot;iso&quot;:&quot;1600&quot;,&quot;shutter_speed&quot;:&quot;0.00625&quot;,&quot;title&quot;:&quot;&quot;,&quot;orientation&quot;:&quot;1&quot;}\" data-image-title=\"_H5A1447\" data-image-description=\"\" data-image-caption=\"&lt;p&gt;Cr\u00e9ditos: Josu\u00e9 J\u00fanior\/PMP&lt;\/p&gt;\n\" data-medium-file=\"https:\/\/www.paudalho.pe.gov.br\/portal\/wp-content\/uploads\/2024\/02\/H5A1447-350x230.jpg\" data-large-file=\"https:\/\/www.paudalho.pe.gov.br\/portal\/wp-content\/uploads\/2024\/02\/H5A1447-800x450.jpg\" data-id=\"31917\" src=\"https:\/\/www.paudalho.pe.gov.br\/portal\/wp-content\/uploads\/2024\/02\/H5A1447-800x450.jpg\" alt=\"\" class=\"wp-image-31917\"\/><figcaption class=\"wp-element-caption\">Cr\u00e9ditos: Josu\u00e9 J\u00fanior\/PMP<\/figcaption><\/figure>\n\n\n\n<figure class=\"wp-block-image size-large\"><img loading=\"lazy\" decoding=\"async\" width=\"800\" height=\"450\" data-attachment-id=\"31916\" data-permalink=\"https:\/\/www.paudalho.pe.gov.br\/portal\/quadra-poliesportiva-da-escola-municipal-menino-jesus-e-inaugurada-na-ultima-quinta-feira1o\/_h5a1456\/\" data-orig-file=\"https:\/\/www.paudalho.pe.gov.br\/portal\/wp-content\/uploads\/2024\/02\/H5A1456-scaled.jpg\" data-orig-size=\"2560,1707\" data-comments-opened=\"1\" data-image-meta=\"{&quot;aperture&quot;:&quot;2.8&quot;,&quot;credit&quot;:&quot;CHARLES JOHNSON&quot;,&quot;camera&quot;:&quot;Canon EOS 5D Mark IV&quot;,&quot;caption&quot;:&quot;&quot;,&quot;created_timestamp&quot;:&quot;1706819925&quot;,&quot;copyright&quot;:&quot;CHARLES JOHNSON 81 986016133&quot;,&quot;focal_length&quot;:&quot;85&quot;,&quot;iso&quot;:&quot;1600&quot;,&quot;shutter_speed&quot;:&quot;0.00625&quot;,&quot;title&quot;:&quot;&quot;,&quot;orientation&quot;:&quot;1&quot;}\" data-image-title=\"_H5A1456\" data-image-description=\"\" data-image-caption=\"&lt;p&gt;Cr\u00e9ditos: Josu\u00e9 J\u00fanior\/PMP&lt;\/p&gt;\n\" data-medium-file=\"https:\/\/www.paudalho.pe.gov.br\/portal\/wp-content\/uploads\/2024\/02\/H5A1456-350x230.jpg\" data-large-file=\"https:\/\/www.paudalho.pe.gov.br\/portal\/wp-content\/uploads\/2024\/02\/H5A1456-800x450.jpg\" data-id=\"31916\" src=\"https:\/\/www.paudalho.pe.gov.br\/portal\/wp-content\/uploads\/2024\/02\/H5A1456-800x450.jpg\" alt=\"\" class=\"wp-image-31916\"\/><figcaption class=\"wp-element-caption\">Cr\u00e9ditos: Josu\u00e9 J\u00fanior\/PMP<\/figcaption><\/figure>\n\n\n\n<figure class=\"wp-block-image size-large\"><img loading=\"lazy\" decoding=\"async\" width=\"800\" height=\"450\" data-attachment-id=\"31914\" data-permalink=\"https:\/\/www.paudalho.pe.gov.br\/portal\/quadra-poliesportiva-da-escola-municipal-menino-jesus-e-inaugurada-na-ultima-quinta-feira1o\/_h5a1422-1\/\" data-orig-file=\"https:\/\/www.paudalho.pe.gov.br\/portal\/wp-content\/uploads\/2024\/02\/H5A1422-1-scaled-e1707334911104.jpg\" data-orig-size=\"1715,1002\" data-comments-opened=\"1\" data-image-meta=\"{&quot;aperture&quot;:&quot;2.8&quot;,&quot;credit&quot;:&quot;CHARLES JOHNSON&quot;,&quot;camera&quot;:&quot;Canon EOS 5D Mark IV&quot;,&quot;caption&quot;:&quot;&quot;,&quot;created_timestamp&quot;:&quot;1706819416&quot;,&quot;copyright&quot;:&quot;CHARLES JOHNSON 81 986016133&quot;,&quot;focal_length&quot;:&quot;24&quot;,&quot;iso&quot;:&quot;1600&quot;,&quot;shutter_speed&quot;:&quot;0.00625&quot;,&quot;title&quot;:&quot;&quot;,&quot;orientation&quot;:&quot;1&quot;}\" data-image-title=\"_H5A1422 (1)\" data-image-description=\"\" data-image-caption=\"&lt;p&gt;Cr\u00e9ditos: Josu\u00e9 J\u00fanior\/PMP&lt;\/p&gt;\n\" data-medium-file=\"https:\/\/www.paudalho.pe.gov.br\/portal\/wp-content\/uploads\/2024\/02\/H5A1422-1-scaled-e1707334911104-350x230.jpg\" data-large-file=\"https:\/\/www.paudalho.pe.gov.br\/portal\/wp-content\/uploads\/2024\/02\/H5A1422-1-scaled-e1707334911104-800x450.jpg\" data-id=\"31914\" src=\"https:\/\/www.paudalho.pe.gov.br\/portal\/wp-content\/uploads\/2024\/02\/H5A1422-1-scaled-e1707334911104-800x450.jpg\" alt=\"\" class=\"wp-image-31914\"\/><figcaption class=\"wp-element-caption\">Cr\u00e9ditos: Josu\u00e9 J\u00fanior\/PMP<\/figcaption><\/figure>\n\n\n\n<figure class=\"wp-block-image size-large\"><img loading=\"lazy\" decoding=\"async\" width=\"800\" height=\"450\" data-attachment-id=\"31913\" data-permalink=\"https:\/\/www.paudalho.pe.gov.br\/portal\/quadra-poliesportiva-da-escola-municipal-menino-jesus-e-inaugurada-na-ultima-quinta-feira1o\/_h5a1407\/\" data-orig-file=\"https:\/\/www.paudalho.pe.gov.br\/portal\/wp-content\/uploads\/2024\/02\/H5A1407-scaled.jpg\" data-orig-size=\"2560,1707\" data-comments-opened=\"1\" data-image-meta=\"{&quot;aperture&quot;:&quot;2.5&quot;,&quot;credit&quot;:&quot;CHARLES JOHNSON&quot;,&quot;camera&quot;:&quot;Canon EOS 5D Mark IV&quot;,&quot;caption&quot;:&quot;&quot;,&quot;created_timestamp&quot;:&quot;1706819217&quot;,&quot;copyright&quot;:&quot;CHARLES JOHNSON 81 986016133&quot;,&quot;focal_length&quot;:&quot;85&quot;,&quot;iso&quot;:&quot;2000&quot;,&quot;shutter_speed&quot;:&quot;0.00625&quot;,&quot;title&quot;:&quot;&quot;,&quot;orientation&quot;:&quot;1&quot;}\" data-image-title=\"_H5A1407\" data-image-description=\"\" data-image-caption=\"&lt;p&gt;Cr\u00e9ditos: Josu\u00e9 J\u00fanior\/PMP&lt;\/p&gt;\n\" data-medium-file=\"https:\/\/www.paudalho.pe.gov.br\/portal\/wp-content\/uploads\/2024\/02\/H5A1407-350x230.jpg\" data-large-file=\"https:\/\/www.paudalho.pe.gov.br\/portal\/wp-content\/uploads\/2024\/02\/H5A1407-800x450.jpg\" data-id=\"31913\" src=\"https:\/\/www.paudalho.pe.gov.br\/portal\/wp-content\/uploads\/2024\/02\/H5A1407-800x450.jpg\" alt=\"\" class=\"wp-image-31913\"\/><figcaption class=\"wp-element-caption\">Cr\u00e9ditos: Josu\u00e9 J\u00fanior\/PMP<\/figcaption><\/figure>\n\n\n\n<figure class=\"wp-block-image size-large\"><img loading=\"lazy\" decoding=\"async\" width=\"800\" height=\"450\" data-attachment-id=\"31911\" data-permalink=\"https:\/\/www.paudalho.pe.gov.br\/portal\/quadra-poliesportiva-da-escola-municipal-menino-jesus-e-inaugurada-na-ultima-quinta-feira1o\/_h5a1432\/\" data-orig-file=\"https:\/\/www.paudalho.pe.gov.br\/portal\/wp-content\/uploads\/2024\/02\/H5A1432-scaled.jpg\" data-orig-size=\"2560,1707\" data-comments-opened=\"1\" data-image-meta=\"{&quot;aperture&quot;:&quot;2.2&quot;,&quot;credit&quot;:&quot;CHARLES JOHNSON&quot;,&quot;camera&quot;:&quot;Canon EOS 5D Mark IV&quot;,&quot;caption&quot;:&quot;&quot;,&quot;created_timestamp&quot;:&quot;1706819596&quot;,&quot;copyright&quot;:&quot;CHARLES JOHNSON 81 986016133&quot;,&quot;focal_length&quot;:&quot;85&quot;,&quot;iso&quot;:&quot;1600&quot;,&quot;shutter_speed&quot;:&quot;0.00625&quot;,&quot;title&quot;:&quot;&quot;,&quot;orientation&quot;:&quot;1&quot;}\" data-image-title=\"_H5A1432\" data-image-description=\"\" data-image-caption=\"&lt;p&gt;Cr\u00e9ditos: Josu\u00e9 J\u00fanior\/PMP&lt;\/p&gt;\n\" data-medium-file=\"https:\/\/www.paudalho.pe.gov.br\/portal\/wp-content\/uploads\/2024\/02\/H5A1432-350x230.jpg\" data-large-file=\"https:\/\/www.paudalho.pe.gov.br\/portal\/wp-content\/uploads\/2024\/02\/H5A1432-800x450.jpg\" data-id=\"31911\" src=\"https:\/\/www.paudalho.pe.gov.br\/portal\/wp-content\/uploads\/2024\/02\/H5A1432-800x450.jpg\" alt=\"\" class=\"wp-image-31911\"\/><figcaption class=\"wp-element-caption\">Cr\u00e9ditos: Josu\u00e9 J\u00fanior\/PMP<\/figcaption><\/figure>\n\n\n\n<figure class=\"wp-block-image size-large\"><img loading=\"lazy\" decoding=\"async\" width=\"800\" height=\"450\" data-attachment-id=\"31909\" data-permalink=\"https:\/\/www.paudalho.pe.gov.br\/portal\/quadra-poliesportiva-da-escola-municipal-menino-jesus-e-inaugurada-na-ultima-quinta-feira1o\/_h5a1406\/\" data-orig-file=\"https:\/\/www.paudalho.pe.gov.br\/portal\/wp-content\/uploads\/2024\/02\/H5A1406-scaled.jpg\" data-orig-size=\"2560,1707\" data-comments-opened=\"1\" data-image-meta=\"{&quot;aperture&quot;:&quot;2.5&quot;,&quot;credit&quot;:&quot;CHARLES JOHNSON&quot;,&quot;camera&quot;:&quot;Canon EOS 5D Mark IV&quot;,&quot;caption&quot;:&quot;&quot;,&quot;created_timestamp&quot;:&quot;1706819190&quot;,&quot;copyright&quot;:&quot;CHARLES JOHNSON 81 986016133&quot;,&quot;focal_length&quot;:&quot;85&quot;,&quot;iso&quot;:&quot;2000&quot;,&quot;shutter_speed&quot;:&quot;0.00625&quot;,&quot;title&quot;:&quot;&quot;,&quot;orientation&quot;:&quot;1&quot;}\" data-image-title=\"_H5A1406\" data-image-description=\"\" data-image-caption=\"&lt;p&gt;Cr\u00e9ditos: Josu\u00e9 J\u00fanior\/PMP&lt;\/p&gt;\n\" data-medium-file=\"https:\/\/www.paudalho.pe.gov.br\/portal\/wp-content\/uploads\/2024\/02\/H5A1406-350x230.jpg\" data-large-file=\"https:\/\/www.paudalho.pe.gov.br\/portal\/wp-content\/uploads\/2024\/02\/H5A1406-800x450.jpg\" data-id=\"31909\" src=\"https:\/\/www.paudalho.pe.gov.br\/portal\/wp-content\/uploads\/2024\/02\/H5A1406-800x450.jpg\" alt=\"\" class=\"wp-image-31909\"\/><figcaption class=\"wp-element-caption\">Cr\u00e9ditos: Josu\u00e9 J\u00fanior\/PMP<\/figcaption><\/figure>\n\n\n\n<figure class=\"wp-block-image size-large\"><img loading=\"lazy\" decoding=\"async\" width=\"800\" height=\"450\" data-attachment-id=\"31921\" data-permalink=\"https:\/\/www.paudalho.pe.gov.br\/portal\/quadra-poliesportiva-da-escola-municipal-menino-jesus-e-inaugurada-na-ultima-quinta-feira1o\/_h5a1592\/\" data-orig-file=\"https:\/\/www.paudalho.pe.gov.br\/portal\/wp-content\/uploads\/2024\/02\/H5A1592-scaled.jpg\" data-orig-size=\"2560,1707\" data-comments-opened=\"1\" data-image-meta=\"{&quot;aperture&quot;:&quot;2.8&quot;,&quot;credit&quot;:&quot;CHARLES JOHNSON&quot;,&quot;camera&quot;:&quot;Canon EOS 5D Mark IV&quot;,&quot;caption&quot;:&quot;&quot;,&quot;created_timestamp&quot;:&quot;1706821704&quot;,&quot;copyright&quot;:&quot;CHARLES JOHNSON 81 986016133&quot;,&quot;focal_length&quot;:&quot;24&quot;,&quot;iso&quot;:&quot;2500&quot;,&quot;shutter_speed&quot;:&quot;0.005&quot;,&quot;title&quot;:&quot;&quot;,&quot;orientation&quot;:&quot;1&quot;}\" data-image-title=\"_H5A1592\" data-image-description=\"\" data-image-caption=\"&lt;p&gt;Cr\u00e9ditos: Josu\u00e9 J\u00fanior\/PMP&lt;\/p&gt;\n\" data-medium-file=\"https:\/\/www.paudalho.pe.gov.br\/portal\/wp-content\/uploads\/2024\/02\/H5A1592-350x230.jpg\" data-large-file=\"https:\/\/www.paudalho.pe.gov.br\/portal\/wp-content\/uploads\/2024\/02\/H5A1592-800x450.jpg\" data-id=\"31921\" src=\"https:\/\/www.paudalho.pe.gov.br\/portal\/wp-content\/uploads\/2024\/02\/H5A1592-800x450.jpg\" alt=\"\" class=\"wp-image-31921\"\/><figcaption class=\"wp-element-caption\">Cr\u00e9ditos: Josu\u00e9 J\u00fanior\/PMP<\/figcaption><\/figure>\n\n\n\n<figure class=\"wp-block-image size-large\"><img loading=\"lazy\" decoding=\"async\" width=\"800\" height=\"450\" data-attachment-id=\"31907\" data-permalink=\"https:\/\/www.paudalho.pe.gov.br\/portal\/quadra-poliesportiva-da-escola-municipal-menino-jesus-e-inaugurada-na-ultima-quinta-feira1o\/_h5a1376\/\" data-orig-file=\"https:\/\/www.paudalho.pe.gov.br\/portal\/wp-content\/uploads\/2024\/02\/H5A1376-scaled.jpg\" data-orig-size=\"2560,1707\" data-comments-opened=\"1\" data-image-meta=\"{&quot;aperture&quot;:&quot;3.5&quot;,&quot;credit&quot;:&quot;CHARLES JOHNSON&quot;,&quot;camera&quot;:&quot;Canon EOS 5D Mark IV&quot;,&quot;caption&quot;:&quot;&quot;,&quot;created_timestamp&quot;:&quot;1706818675&quot;,&quot;copyright&quot;:&quot;CHARLES JOHNSON 81 986016133&quot;,&quot;focal_length&quot;:&quot;24&quot;,&quot;iso&quot;:&quot;1600&quot;,&quot;shutter_speed&quot;:&quot;0.008&quot;,&quot;title&quot;:&quot;&quot;,&quot;orientation&quot;:&quot;1&quot;}\" data-image-title=\"_H5A1376\" data-image-description=\"\" data-image-caption=\"&lt;p&gt;Cr\u00e9ditos: Josu\u00e9 J\u00fanior\/PMP&lt;\/p&gt;\n\" data-medium-file=\"https:\/\/www.paudalho.pe.gov.br\/portal\/wp-content\/uploads\/2024\/02\/H5A1376-350x230.jpg\" data-large-file=\"https:\/\/www.paudalho.pe.gov.br\/portal\/wp-content\/uploads\/2024\/02\/H5A1376-800x450.jpg\" data-id=\"31907\" src=\"https:\/\/www.paudalho.pe.gov.br\/portal\/wp-content\/uploads\/2024\/02\/H5A1376-800x450.jpg\" alt=\"\" class=\"wp-image-31907\"\/><figcaption class=\"wp-element-caption\">Cr\u00e9ditos: Josu\u00e9 J\u00fanior\/PMP<\/figcaption><\/figure>\n\n\n\n<figure class=\"wp-block-image size-large\"><img loading=\"lazy\" decoding=\"async\" width=\"800\" height=\"450\" data-attachment-id=\"31908\" data-permalink=\"https:\/\/www.paudalho.pe.gov.br\/portal\/quadra-poliesportiva-da-escola-municipal-menino-jesus-e-inaugurada-na-ultima-quinta-feira1o\/_h5a1378\/\" data-orig-file=\"https:\/\/www.paudalho.pe.gov.br\/portal\/wp-content\/uploads\/2024\/02\/H5A1378-scaled.jpg\" data-orig-size=\"2560,1707\" data-comments-opened=\"1\" data-image-meta=\"{&quot;aperture&quot;:&quot;2.5&quot;,&quot;credit&quot;:&quot;CHARLES JOHNSON&quot;,&quot;camera&quot;:&quot;Canon EOS 5D Mark IV&quot;,&quot;caption&quot;:&quot;&quot;,&quot;created_timestamp&quot;:&quot;1706818720&quot;,&quot;copyright&quot;:&quot;CHARLES JOHNSON 81 986016133&quot;,&quot;focal_length&quot;:&quot;24&quot;,&quot;iso&quot;:&quot;2500&quot;,&quot;shutter_speed&quot;:&quot;0.008&quot;,&quot;title&quot;:&quot;&quot;,&quot;orientation&quot;:&quot;1&quot;}\" data-image-title=\"_H5A1378\" data-image-description=\"\" data-image-caption=\"&lt;p&gt;Cr\u00e9ditos: Josu\u00e9 J\u00fanior\/PMP&lt;\/p&gt;\n\" data-medium-file=\"https:\/\/www.paudalho.pe.gov.br\/portal\/wp-content\/uploads\/2024\/02\/H5A1378-350x230.jpg\" data-large-file=\"https:\/\/www.paudalho.pe.gov.br\/portal\/wp-content\/uploads\/2024\/02\/H5A1378-800x450.jpg\" data-id=\"31908\" src=\"https:\/\/www.paudalho.pe.gov.br\/portal\/wp-content\/uploads\/2024\/02\/H5A1378-800x450.jpg\" alt=\"\" class=\"wp-image-31908\"\/><figcaption class=\"wp-element-caption\">Cr\u00e9ditos: Josu\u00e9 J\u00fanior\/PMP<\/figcaption><\/figure>\n<\/figure>\n","protected":false},"excerpt":{"rendered":"<p>A Prefeitura Municipal de Paudalho iniciou a noite do primeiro dia de fevereiro inaugurando a quadra poliesportiva da Escola Municipal Menino Jesus, na comunidade de Ch\u00e3 Alegre. Essa \u00e9 a d\u00e9cima quadra inaugurada nos \u00faltimos sete anos no munic\u00edpio. &#8220;A quadra \u00e9 muito importante para a comunidade de Ch\u00e3 Alegre, para os adolescentes brincar, tirar [&hellip;]<\/p>\n","protected":false},"author":10,"featured_media":31910,"comment_status":"open","ping_status":"open","sticky":false,"template":"","format":"standard","meta":{"_jetpack_newsletter_access":"","_jetpack_dont_email_post_to_subs":false,"_jetpack_newsletter_tier_id":0,"_jetpack_memberships_contains_paywalled_content":false,"_jetpack_memberships_contains_paid_content":false,"footnotes":""},"categories":[2,4,520,1],"tags":[30,339,22,465,1392,1393,106],"class_list":["post-31903","post","type-post","status-publish","format-standard","has-post-thumbnail","hentry","category-destaque","category-educacao","category-educacao-2","category-noticias","tag-educacao","tag-inauguracao","tag-prefeitura-do-paudalho","tag-quadra","tag-quadra-poliesportiva","tag-quadra-poliesportiva-da-escola-municipal-menino-jesus","tag-secretaria-de-educacao"],"jetpack_featured_media_url":"https:\/\/www.paudalho.pe.gov.br\/portal\/wp-content\/uploads\/2024\/02\/H5A1431-scaled.jpg","jetpack_sharing_enabled":true,"jetpack_shortlink":"https:\/\/wp.me\/p98mS2-8iz","_links":{"self":[{"href":"https:\/\/www.paudalho.pe.gov.br\/portal\/wp-json\/wp\/v2\/posts\/31903","targetHints":{"allow":["GET"]}}],"collection":[{"href":"https:\/\/www.paudalho.pe.gov.br\/portal\/wp-json\/wp\/v2\/posts"}],"about":[{"href":"https:\/\/www.paudalho.pe.gov.br\/portal\/wp-json\/wp\/v2\/types\/post"}],"author":[{"embeddable":true,"href":"https:\/\/www.paudalho.pe.gov.br\/portal\/wp-json\/wp\/v2\/users\/10"}],"replies":[{"embeddable":true,"href":"https:\/\/www.paudalho.pe.gov.br\/portal\/wp-json\/wp\/v2\/comments?post=31903"}],"version-history":[{"count":1,"href":"https:\/\/www.paudalho.pe.gov.br\/portal\/wp-json\/wp\/v2\/posts\/31903\/revisions"}],"predecessor-version":[{"id":31925,"href":"https:\/\/www.paudalho.pe.gov.br\/portal\/wp-json\/wp\/v2\/posts\/31903\/revisions\/31925"}],"wp:featuredmedia":[{"embeddable":true,"href":"https:\/\/www.paudalho.pe.gov.br\/portal\/wp-json\/wp\/v2\/media\/31910"}],"wp:attachment":[{"href":"https:\/\/www.paudalho.pe.gov.br\/portal\/wp-json\/wp\/v2\/media?parent=31903"}],"wp:term":[{"taxonomy":"category","embeddable":true,"href":"https:\/\/www.paudalho.pe.gov.br\/portal\/wp-json\/wp\/v2\/categories?post=31903"},{"taxonomy":"post_tag","embeddable":true,"href":"https:\/\/www.paudalho.pe.gov.br\/portal\/wp-json\/wp\/v2\/tags?post=31903"}],"curies":[{"name":"wp","href":"https:\/\/api.w.org\/{rel}","templated":true}]}}