{"id":31870,"date":"2024-02-07T17:21:55","date_gmt":"2024-02-07T20:21:55","guid":{"rendered":"https:\/\/www.paudalho.pe.gov.br\/portal\/?p=31870"},"modified":"2025-01-08T00:38:16","modified_gmt":"2025-01-08T03:38:16","slug":"carnaval-de-paudalho-conta-com-atracoes-culturais-espetaculo-infantil-e-shows-com-ferrugem-marcelo-falcao-elba-ramalho-alceu-valenca-pablo-priscila-senna-e-troinha","status":"publish","type":"post","link":"https:\/\/www.paudalho.pe.gov.br\/portal\/carnaval-de-paudalho-conta-com-atracoes-culturais-espetaculo-infantil-e-shows-com-ferrugem-marcelo-falcao-elba-ramalho-alceu-valenca-pablo-priscila-senna-e-troinha\/","title":{"rendered":"Carnaval de Paudalho conta com atra\u00e7\u00f5es culturais, espet\u00e1culo infantil e shows com Ferrugem, Marcelo Falc\u00e3o, Elba Ramalho, Alceu Valen\u00e7a, Pablo, Priscila Senna e Troinha"},"content":{"rendered":"\n<p>Considerado o &#8220;Maior Carnaval do Interior de Pernambuco&#8221;, o munic\u00edpio de Paudalho, na Zona da Mata Norte, realiza a programa\u00e7\u00e3o carnavalesca 2024, com quatro dias de festa; dois Polos, Cultural e Principal; al\u00e9m do tradicional Banho de Frevo e programa\u00e7\u00e3o especial para a crian\u00e7ada. A festividade come\u00e7ou no dia 4 e segue nos dias 11,12 e 13 de fevereiro de 2024.<\/p>\n\n\n\n<p>Com mais um dia de festa, Paudalho abriu o Carnaval no domingo(4), \u00e0s 19h, no P\u00e1tio do Beira Rio, localizado no Centro, com a presen\u00e7a do Gigante L\u00e9o Santana, N\u00e1dia Maia e Felipe Farra, esquentando a cidade para o que promete ser o maior Carnaval de todos os tempos no munic\u00edpio.<\/p>\n\n\n\n<p><strong>Polo Principal<\/strong><\/p>\n\n\n\n<p>O Polo Principal, localizado no P\u00e1tio de Eventos Beira-Rio, no Centro, receber\u00e1 grandes nomes da m\u00fasica brasileira em tr\u00eas dias intensos de festa, trazendo o melhor do frevo, brega, brega-funk, forr\u00f3, reggae, samba e pagode nacional. No domingo (11), a festividade conta, a partir das 13h, com o Banho de Frevo, ao som da Orquestra do Clube Cruzeiro do Sul, seguido dos cantores Roginho, Elba Ramalho e Marrom Brasileiro; \u00e0s 23h, a programa\u00e7\u00e3o continuar\u00e1 com Michele Menezes, seguida da voz inconfund\u00edvel de Marcelo Falc\u00e3o. J\u00e1 na segunda-feira(12), o festejo ser\u00e1 animado com a Orquestra do Clube Lenhadores, seguido de MC Troinha, Alceu Valen\u00e7a e Andr\u00e9 Rio; \u00e0 noite, a celebra\u00e7\u00e3o ser\u00e1 por conta de Cl\u00e1udia Lauterer e Pablo. Fechando o Carnaval em grande estilo, Paudalho receber\u00e1 na ter\u00e7a-feira(13) a Orquestra do Clube Estrela, Os Neiffs, Priscila Senna e Andr\u00e9 Marreta no per\u00edodo da tarde; j\u00e1 a noite, ser\u00e1 a vez de Lili Trindade, seguido de um dos maiores nomes atuais do samba-pagode brasileiro, o cantor Ferrugem.<\/p>\n\n\n\n<p><strong>Polo Cultural<\/strong><\/p>\n\n\n\n<p>Reunindo as diversas express\u00f5es art\u00edsticas e culturais que constroem a festividade carnavalesca, o munic\u00edpio contar\u00e1 com o Polo Cultural, localizado na Pra\u00e7a Pedro Coutinho, no Centro da cidade. Das 9h \u00e0s 23h, nos dias 11, 12 e 13 de fevereiro, o Polo ir\u00e1 receber maracatus locais e vindos de todo o estado de Pernambuco, al\u00e9m de grupos de bois, escolas de samba, blocos l\u00edricos, caboclinhos, entre outras agremia\u00e7\u00f5es carnavalescas. Um dos marcos da tradi\u00e7\u00e3o paudalhense s\u00e3o os desfiles dos clubes carnavalescos, que iniciar\u00e3o o cortejo, nos tr\u00eas dias, a partir das 20h, tamb\u00e9m no Polo Cultural.<\/p>\n\n\n\n<p><strong>Banho de Frevo Infantil para a crian\u00e7ada<\/strong><\/p>\n\n\n\n<p>Garantindo programa\u00e7\u00e3o para todas as idades, o Carnaval 2024 contar\u00e1 todos os dias com o Banho de Frevo Infantil, que tem \u00e1guas aromatizadas com uma fragr\u00e2ncia especial e segura para a pele dos pequenos. A festa dos mini-paudalhenses e de toda crian\u00e7ada da Mata Norte de Pernambuco iniciar\u00e1 logo cedo, \u00e0s 9h30, no P\u00e1tio de Eventos do Beira Rio.<\/p>\n\n\n\n<p>O domingo(11) come\u00e7ar\u00e1 com o grupo Bal\u00e3o da Alegria, animando os pequenos. Na segunda-feira(12), a festa continuar\u00e1 com a Barca Maluca. Para fechar a programa\u00e7\u00e3o na ter\u00e7a-feira(13), o festejo contar\u00e1 com a Nave Moleca. O Banho de Frevo Infantil \u00e9 tradicional no munic\u00edpio e busca incluir as crian\u00e7as na folia contagiante do carnaval.<\/p>\n\n\n\n<p><strong>Homenagens<\/strong><\/p>\n\n\n\n<p>Al\u00e9m de ser uma terra que respira cultura, Paudalho traz na sua gente grandes nomes que influenciaram a tradi\u00e7\u00e3o do munic\u00edpio e ser\u00e3o homenageados neste Carnaval de 2024. Entre os homenageados, teremos a Maria de Ara\u00fajo (conhecida como Dona Jesus Soares, in memoriam), Lu\u00edza Valentim (in memoriam), Gaspar de Paudalho, Jailson Silva (conhecido como Gija), Felipe Corn\u00e9lio e o casal de passista, Josefa Oscar (conhecida como Zezinha) e Oscar Fran\u00e7a. Durante a Coletiva de Imprensa do munic\u00edpio, anunciando sobre o carnaval 2024, realizado na \u00faltima sexta-feira(2), os homenageados e seus representantes receberam certificados simb\u00f3licos por suas contribui\u00e7\u00f5es para a cultura e tradi\u00e7\u00e3o local.<\/p>\n\n\n\n<p><strong>SERVI\u00c7O<\/strong><br>Carnaval de Paudalho 2024<br>O Maior Carnaval do Interior de Pernambuco<br>Local: Paudalho, Zona da Mata Norte de Pernambuco<\/p>\n\n\n\n<p><strong>PROGRAMA\u00c7\u00c3O COMPLETA:<\/strong><\/p>\n\n\n\n<ul class=\"wp-block-list\">\n<li><strong>POLO PRINCIPAL<br>Local: P\u00e1tio de Eventos do Beira-Rio<\/strong><\/li>\n<\/ul>\n\n\n\n<p><strong>Domingo, 11\/02<\/strong><br>Atra\u00e7\u00f5es do Banho de Frevo, a partir das 13h:<br>\u00c0s 13h, Orquestra Clube Cruzeiro do Sul<br>\u00c0s 15h, Roginho<br>\u00c0s 16h, Elba Ramalho<br>\u00c0s 18h, Marrom Brasileiro<\/p>\n\n\n\n<p>Atra\u00e7\u00f5es, a partir das 23h:<br>\u00c0s 23h, Michele Menezes<br>\u00c0s 00h30, Marcelo Falc\u00e3o<\/p>\n\n\n\n<p><strong>Segunda-feira, 12\/02<br><\/strong>Atra\u00e7\u00f5es do Banho de Frevo, a partir das 13h:<br>\u00c0s 13h, Orquestra Clube Lenhadores<br>\u00c0s 15h, MC Troinha<br>\u00c0s 16h, Alceu Valen\u00e7a<br>\u00c0s 18h, Andr\u00e9 Rio<\/p>\n\n\n\n<p>Atra\u00e7\u00f5es, a partir das 23h:<br>\u00c0s 23h, Cl\u00e1udia Lauterer<br>\u00c0s 00h30, Pablo<\/p>\n\n\n\n<p><strong>Ter\u00e7a-feira, 13\/02<\/strong><br>Atra\u00e7\u00f5es do Banho de Frevo, a partir das 13h:<br>\u00c0s 13h, Orquestra Clube Estrela<br>\u00c0s 15h, Os Neiffs<br>\u00c0s 16h, Priscila Senna<br>\u00c0s 18h, Andr\u00e9 Marreta<\/p>\n\n\n\n<p>Atra\u00e7\u00f5es, a partir das 23h:<br>\u00c0s 23h, Lili Trindade<br>\u00c0s 00h30, Ferrugem<\/p>\n\n\n\n<p><strong>BANHO DE FREVO INFANTIL, A PARTIR DAS 9H30 NO POLO PRINCIPAL<\/strong><\/p>\n\n\n\n<p><strong>Domingo, dia 10\/02<br><\/strong>Atra\u00e7\u00e3o: Banda Bal\u00e3o da Alegria<\/p>\n\n\n\n<p><strong>Segunda-feira, 11\/02<\/strong><br>Atra\u00e7\u00e3o: Banda A Barca Maluca<\/p>\n\n\n\n<p><strong>Ter\u00e7a-feira, 12\/02<\/strong><br>Atra\u00e7\u00e3o: Banda Nave Moleca<\/p>\n\n\n\n<ul class=\"wp-block-list\">\n<li><strong>POLO CULTURAL<br>Local: Pra\u00e7a Pedro Coutinho<\/strong><\/li>\n<\/ul>\n\n\n\n<p><strong>Domingo, segunda e ter\u00e7a-feira, dias 11, 12 e 13\/02<\/strong><br>Atra\u00e7\u00f5es, a partir das 9h:<br>Apresenta\u00e7\u00f5es culturais de agremia\u00e7\u00f5es carnavalescas locais e visitantes<\/p>\n\n\n\n<p>Atra\u00e7\u00f5es, a partir das 20h:<br>Desfile tradicional de clubes carnavalescos de Paudalho<\/p>\n\n\n\n<figure class=\"wp-block-gallery has-nested-images columns-default is-cropped wp-block-gallery-1 is-layout-flex wp-block-gallery-is-layout-flex\">\n<figure class=\"wp-block-image size-large is-style-default\"><img loading=\"lazy\" decoding=\"async\" width=\"800\" height=\"450\" data-attachment-id=\"31872\" data-permalink=\"https:\/\/www.paudalho.pe.gov.br\/portal\/carnaval-de-paudalho-conta-com-atracoes-culturais-espetaculo-infantil-e-shows-com-ferrugem-marcelo-falcao-elba-ramalho-alceu-valenca-pablo-priscila-senna-e-troinha\/img_1955\/\" data-orig-file=\"https:\/\/www.paudalho.pe.gov.br\/portal\/wp-content\/uploads\/2024\/02\/IMG_1955.jpg\" data-orig-size=\"1170,1457\" data-comments-opened=\"1\" data-image-meta=\"{&quot;aperture&quot;:&quot;0&quot;,&quot;credit&quot;:&quot;&quot;,&quot;camera&quot;:&quot;&quot;,&quot;caption&quot;:&quot;&quot;,&quot;created_timestamp&quot;:&quot;0&quot;,&quot;copyright&quot;:&quot;&quot;,&quot;focal_length&quot;:&quot;0&quot;,&quot;iso&quot;:&quot;0&quot;,&quot;shutter_speed&quot;:&quot;0&quot;,&quot;title&quot;:&quot;&quot;,&quot;orientation&quot;:&quot;1&quot;}\" data-image-title=\"IMG_1955\" data-image-description=\"\" data-image-caption=\"\" data-medium-file=\"https:\/\/www.paudalho.pe.gov.br\/portal\/wp-content\/uploads\/2024\/02\/IMG_1955-350x230.jpg\" data-large-file=\"https:\/\/www.paudalho.pe.gov.br\/portal\/wp-content\/uploads\/2024\/02\/IMG_1955-800x450.jpg\" data-id=\"31872\" src=\"https:\/\/www.paudalho.pe.gov.br\/portal\/wp-content\/uploads\/2024\/02\/IMG_1955-800x450.jpg\" alt=\"\" class=\"wp-image-31872\"\/><\/figure>\n\n\n\n<figure class=\"wp-block-image size-large\"><img loading=\"lazy\" decoding=\"async\" width=\"800\" height=\"450\" data-attachment-id=\"31873\" data-permalink=\"https:\/\/www.paudalho.pe.gov.br\/portal\/carnaval-de-paudalho-conta-com-atracoes-culturais-espetaculo-infantil-e-shows-com-ferrugem-marcelo-falcao-elba-ramalho-alceu-valenca-pablo-priscila-senna-e-troinha\/img_1956\/\" data-orig-file=\"https:\/\/www.paudalho.pe.gov.br\/portal\/wp-content\/uploads\/2024\/02\/IMG_1956.jpg\" data-orig-size=\"1170,1454\" data-comments-opened=\"1\" data-image-meta=\"{&quot;aperture&quot;:&quot;0&quot;,&quot;credit&quot;:&quot;&quot;,&quot;camera&quot;:&quot;&quot;,&quot;caption&quot;:&quot;&quot;,&quot;created_timestamp&quot;:&quot;0&quot;,&quot;copyright&quot;:&quot;&quot;,&quot;focal_length&quot;:&quot;0&quot;,&quot;iso&quot;:&quot;0&quot;,&quot;shutter_speed&quot;:&quot;0&quot;,&quot;title&quot;:&quot;&quot;,&quot;orientation&quot;:&quot;1&quot;}\" data-image-title=\"IMG_1956\" data-image-description=\"\" data-image-caption=\"\" data-medium-file=\"https:\/\/www.paudalho.pe.gov.br\/portal\/wp-content\/uploads\/2024\/02\/IMG_1956-350x230.jpg\" data-large-file=\"https:\/\/www.paudalho.pe.gov.br\/portal\/wp-content\/uploads\/2024\/02\/IMG_1956-800x450.jpg\" data-id=\"31873\" src=\"https:\/\/www.paudalho.pe.gov.br\/portal\/wp-content\/uploads\/2024\/02\/IMG_1956-800x450.jpg\" alt=\"\" class=\"wp-image-31873\"\/><\/figure>\n<\/figure>\n","protected":false},"excerpt":{"rendered":"<p>Considerado o &#8220;Maior Carnaval do Interior de Pernambuco&#8221;, o munic\u00edpio de Paudalho, na Zona da Mata Norte, realiza a programa\u00e7\u00e3o carnavalesca 2024, com quatro dias de festa; dois Polos, Cultural e Principal; al\u00e9m do tradicional Banho de Frevo e programa\u00e7\u00e3o especial para a crian\u00e7ada. A festividade come\u00e7ou no dia 4 e segue nos dias 11,12 [&hellip;]<\/p>\n","protected":false},"author":10,"featured_media":31974,"comment_status":"open","ping_status":"open","sticky":false,"template":"","format":"standard","meta":{"_jetpack_newsletter_access":"","_jetpack_dont_email_post_to_subs":false,"_jetpack_newsletter_tier_id":0,"_jetpack_memberships_contains_paywalled_content":false,"_jetpack_memberships_contains_paid_content":false,"footnotes":""},"categories":[37,1184,6,2,1],"tags":[38,1348,1380,68,14,22,238],"class_list":["post-31870","post","type-post","status-publish","format-standard","has-post-thumbnail","hentry","category-carnaval","category-cultura-2","category-cultura","category-destaque","category-noticias","tag-carnaval","tag-carnaval-2024","tag-ciclo-de-carnaval-2024","tag-cultura","tag-paudalho","tag-prefeitura-do-paudalho","tag-secretaria-de-cultura-e-turismo"],"jetpack_featured_media_url":"https:\/\/www.paudalho.pe.gov.br\/portal\/wp-content\/uploads\/2024\/02\/H5A6110-scaled.jpg","jetpack_sharing_enabled":true,"jetpack_shortlink":"https:\/\/wp.me\/p98mS2-8i2","_links":{"self":[{"href":"https:\/\/www.paudalho.pe.gov.br\/portal\/wp-json\/wp\/v2\/posts\/31870","targetHints":{"allow":["GET"]}}],"collection":[{"href":"https:\/\/www.paudalho.pe.gov.br\/portal\/wp-json\/wp\/v2\/posts"}],"about":[{"href":"https:\/\/www.paudalho.pe.gov.br\/portal\/wp-json\/wp\/v2\/types\/post"}],"author":[{"embeddable":true,"href":"https:\/\/www.paudalho.pe.gov.br\/portal\/wp-json\/wp\/v2\/users\/10"}],"replies":[{"embeddable":true,"href":"https:\/\/www.paudalho.pe.gov.br\/portal\/wp-json\/wp\/v2\/comments?post=31870"}],"version-history":[{"count":2,"href":"https:\/\/www.paudalho.pe.gov.br\/portal\/wp-json\/wp\/v2\/posts\/31870\/revisions"}],"predecessor-version":[{"id":31875,"href":"https:\/\/www.paudalho.pe.gov.br\/portal\/wp-json\/wp\/v2\/posts\/31870\/revisions\/31875"}],"wp:featuredmedia":[{"embeddable":true,"href":"https:\/\/www.paudalho.pe.gov.br\/portal\/wp-json\/wp\/v2\/media\/31974"}],"wp:attachment":[{"href":"https:\/\/www.paudalho.pe.gov.br\/portal\/wp-json\/wp\/v2\/media?parent=31870"}],"wp:term":[{"taxonomy":"category","embeddable":true,"href":"https:\/\/www.paudalho.pe.gov.br\/portal\/wp-json\/wp\/v2\/categories?post=31870"},{"taxonomy":"post_tag","embeddable":true,"href":"https:\/\/www.paudalho.pe.gov.br\/portal\/wp-json\/wp\/v2\/tags?post=31870"}],"curies":[{"name":"wp","href":"https:\/\/api.w.org\/{rel}","templated":true}]}}