{"id":31867,"date":"2024-02-01T17:58:53","date_gmt":"2024-02-01T20:58:53","guid":{"rendered":"https:\/\/www.paudalho.pe.gov.br\/portal\/?p=31867"},"modified":"2025-01-08T00:38:17","modified_gmt":"2025-01-08T03:38:17","slug":"prefeitura-do-paudalho-apresenta-o-carnaval-2024-em-coletiva-de-imprensa-nesta-sexta-feira2","status":"publish","type":"post","link":"https:\/\/www.paudalho.pe.gov.br\/portal\/prefeitura-do-paudalho-apresenta-o-carnaval-2024-em-coletiva-de-imprensa-nesta-sexta-feira2\/","title":{"rendered":"Prefeitura do Paudalho apresenta o Carnaval 2024 em coletiva de imprensa nesta sexta-feira(2)"},"content":{"rendered":"\n<p>A Prefeitura do Paudalho realiza nesta quinta-feira(2) uma Coletiva de Imprensa para comunicar toda a programa\u00e7\u00e3o e as novidades que ir\u00e3o marcar os dias de carnaval do ano de 2024 no munic\u00edpio. A Coletiva ser\u00e1 realizada no Hall do edif\u00edcio da Prefeitura, localizado no Centro da cidade, \u00e0s 13h.<\/p>\n\n\n\n<p>Al\u00e9m de divulgar o cronograma oficial dos dias de festa, a Coletiva tamb\u00e9m ir\u00e1 revelar o planejamento realizado por todas as Secretarias Municipais afim de receber bem os foli\u00f5es, turistas, artistas convidados, entre outros visitantes.<\/p>\n\n\n\n<p>Durante a Coletiva, o prefeito de Paudalho, Marcelo Gouveia, tamb\u00e9m ir\u00e1 divulgar os nomes dos fomentadores culturais homenageados neste ano, que marcaram e marcam a hist\u00f3ria, cultura e tradi\u00e7\u00e3o do munic\u00edpio.<\/p>\n\n\n\n<p>Considerado o maior Carnaval do interior de Pernambuco, a celebra\u00e7\u00e3o \u00e9 tradi\u00e7\u00e3o no munic\u00edpio, sendo uma das festividades mais aguardadas pela popula\u00e7\u00e3o. Durante os dias de festejos, Paudalho re\u00fane milhares de foli\u00f5es tanto do estado de Pernambuco, quanto de todo o pa\u00eds, promovendo uma programa\u00e7\u00e3o multicultural e democr\u00e1tica, com a presen\u00e7a de diferentes atra\u00e7\u00f5es musicais e culturais para crian\u00e7as e adultos.<\/p>\n\n\n\n<p>SERVI\u00c7O<br>Coletiva de Imprensa \u2013 Carnaval de Paudalho 2024<br>Data: Sexta-feira, dia 2 de fevereiro<br>Hor\u00e1rio: 13h<br>Local: Hall do Pr\u00e9dio da Prefeitura do Paudalho, Avenida R. Raul Bandeira, n\u00ba 21, Centro da cidade.<\/p>\n","protected":false},"excerpt":{"rendered":"<p>A Prefeitura do Paudalho realiza nesta quinta-feira(2) uma Coletiva de Imprensa para comunicar toda a programa\u00e7\u00e3o e as novidades que ir\u00e3o marcar os dias de carnaval do ano de 2024 no munic\u00edpio. A Coletiva ser\u00e1 realizada no Hall do edif\u00edcio da Prefeitura, localizado no Centro da cidade, \u00e0s 13h. Al\u00e9m de divulgar o cronograma oficial [&hellip;]<\/p>\n","protected":false},"author":10,"featured_media":31868,"comment_status":"open","ping_status":"open","sticky":false,"template":"","format":"standard","meta":{"_jetpack_newsletter_access":"","_jetpack_dont_email_post_to_subs":false,"_jetpack_newsletter_tier_id":0,"_jetpack_memberships_contains_paywalled_content":false,"_jetpack_memberships_contains_paid_content":false,"footnotes":""},"categories":[37,6,1184,2,1],"tags":[38,1348,68,14,22,238],"class_list":["post-31867","post","type-post","status-publish","format-standard","has-post-thumbnail","hentry","category-carnaval","category-cultura","category-cultura-2","category-destaque","category-noticias","tag-carnaval","tag-carnaval-2024","tag-cultura","tag-paudalho","tag-prefeitura-do-paudalho","tag-secretaria-de-cultura-e-turismo"],"jetpack_featured_media_url":"https:\/\/www.paudalho.pe.gov.br\/portal\/wp-content\/uploads\/2024\/02\/H5A2895-scaled.jpg","jetpack_sharing_enabled":true,"jetpack_shortlink":"https:\/\/wp.me\/p98mS2-8hZ","_links":{"self":[{"href":"https:\/\/www.paudalho.pe.gov.br\/portal\/wp-json\/wp\/v2\/posts\/31867","targetHints":{"allow":["GET"]}}],"collection":[{"href":"https:\/\/www.paudalho.pe.gov.br\/portal\/wp-json\/wp\/v2\/posts"}],"about":[{"href":"https:\/\/www.paudalho.pe.gov.br\/portal\/wp-json\/wp\/v2\/types\/post"}],"author":[{"embeddable":true,"href":"https:\/\/www.paudalho.pe.gov.br\/portal\/wp-json\/wp\/v2\/users\/10"}],"replies":[{"embeddable":true,"href":"https:\/\/www.paudalho.pe.gov.br\/portal\/wp-json\/wp\/v2\/comments?post=31867"}],"version-history":[{"count":1,"href":"https:\/\/www.paudalho.pe.gov.br\/portal\/wp-json\/wp\/v2\/posts\/31867\/revisions"}],"predecessor-version":[{"id":31869,"href":"https:\/\/www.paudalho.pe.gov.br\/portal\/wp-json\/wp\/v2\/posts\/31867\/revisions\/31869"}],"wp:featuredmedia":[{"embeddable":true,"href":"https:\/\/www.paudalho.pe.gov.br\/portal\/wp-json\/wp\/v2\/media\/31868"}],"wp:attachment":[{"href":"https:\/\/www.paudalho.pe.gov.br\/portal\/wp-json\/wp\/v2\/media?parent=31867"}],"wp:term":[{"taxonomy":"category","embeddable":true,"href":"https:\/\/www.paudalho.pe.gov.br\/portal\/wp-json\/wp\/v2\/categories?post=31867"},{"taxonomy":"post_tag","embeddable":true,"href":"https:\/\/www.paudalho.pe.gov.br\/portal\/wp-json\/wp\/v2\/tags?post=31867"}],"curies":[{"name":"wp","href":"https:\/\/api.w.org\/{rel}","templated":true}]}}