{"id":31852,"date":"2024-02-01T09:00:00","date_gmt":"2024-02-01T12:00:00","guid":{"rendered":"https:\/\/www.paudalho.pe.gov.br\/portal\/?p=31852"},"modified":"2025-01-08T00:38:17","modified_gmt":"2025-01-08T03:38:17","slug":"paudalho-avanca-na-educacao-e-da-ordem-de-servico-de-reforma-e-ampliacao-da-escola-herculano-bandeira-de-melo-filho-na-ultima-quarta-feira31","status":"publish","type":"post","link":"https:\/\/www.paudalho.pe.gov.br\/portal\/paudalho-avanca-na-educacao-e-da-ordem-de-servico-de-reforma-e-ampliacao-da-escola-herculano-bandeira-de-melo-filho-na-ultima-quarta-feira31\/","title":{"rendered":"Paudalho avan\u00e7a na educa\u00e7\u00e3o e d\u00e1 ordem de servi\u00e7o de reforma e amplia\u00e7\u00e3o da Escola Herculano Bandeira de Melo Filho na \u00faltima quarta-feira(31)"},"content":{"rendered":"\n<p>O munic\u00edpio de Paudalho segue avan\u00e7ando nas \u00e1reas de educa\u00e7\u00e3o, esportes e infraestrutura, desta vez com a solenidade de assinatura da ordem de servi\u00e7o de reforma e amplia\u00e7\u00e3o da Escola Municipal Herculano Bandeira de Melo Filho, realizada na \u00faltima quarta-feira(31), na comunidade de Itabora\u00ed.<\/p>\n\n\n\n<p>A solenidade contou com a presen\u00e7a de mun\u00edcipes e autoridades p\u00fablicas de Paudalho, celebrando mais esse investimento na cidade. &#8220;Aqui ser\u00e3o aproximadamente R$ 450.000,00 mil reais investidos na Escola para poder dar uma boa condi\u00e7\u00e3o de uso para as nossas crian\u00e7as, para os nossos filhos, que s\u00e3o o futuro do nosso povo, da nossa cidade, dos nossos bairros&#8221;, destacou Marcelo Gouveia, prefeito de Paudalho.<\/p>\n\n\n\n<p>Segundo a Secretaria Municipal de Desenvolvimento e Meio Ambiente, a Escola ir\u00e1 receber uma nova biblioteca, brinquedoteca, despensa e passarela da entrada da escola com a obra. O local tamb\u00e9m ir\u00e1 contar com reforma de todas as \u00e1reas da Escola para ofertar maior acessibilidade, como a amplia\u00e7\u00e3o e constru\u00e7\u00e3o de banheiros para PCD, al\u00e9m de novas instala\u00e7\u00f5es el\u00e9tricas e de infraestrutura para climatiza\u00e7\u00e3o das salas de aula. O projeto consiste numa amplia\u00e7\u00e3o de mais de 33% da \u00e1rea constru\u00edda da escola.<\/p>\n\n\n\n<figure class=\"wp-block-gallery has-nested-images columns-default is-cropped wp-block-gallery-1 is-layout-flex wp-block-gallery-is-layout-flex\">\n<figure class=\"wp-block-image size-large\"><img loading=\"lazy\" decoding=\"async\" width=\"800\" height=\"450\" data-attachment-id=\"31864\" data-permalink=\"https:\/\/www.paudalho.pe.gov.br\/portal\/paudalho-avanca-na-educacao-e-da-ordem-de-servico-de-reforma-e-ampliacao-da-escola-herculano-bandeira-de-melo-filho-na-ultima-quarta-feira31\/img_5095\/\" data-orig-file=\"https:\/\/www.paudalho.pe.gov.br\/portal\/wp-content\/uploads\/2024\/02\/IMG_5095-scaled.jpg\" data-orig-size=\"2560,1707\" data-comments-opened=\"1\" data-image-meta=\"{&quot;aperture&quot;:&quot;3.5&quot;,&quot;credit&quot;:&quot;Edgar Neto&quot;,&quot;camera&quot;:&quot;Canon EOS REBEL T3i&quot;,&quot;caption&quot;:&quot;&quot;,&quot;created_timestamp&quot;:&quot;1706734827&quot;,&quot;copyright&quot;:&quot;Moldura&quot;,&quot;focal_length&quot;:&quot;18&quot;,&quot;iso&quot;:&quot;1600&quot;,&quot;shutter_speed&quot;:&quot;0.02&quot;,&quot;title&quot;:&quot;&quot;,&quot;orientation&quot;:&quot;1&quot;}\" data-image-title=\"IMG_5095\" data-image-description=\"\" data-image-caption=\"&lt;p&gt;Cr\u00e9dito: Edgar Lira\/PMP&lt;\/p&gt;\n\" data-medium-file=\"https:\/\/www.paudalho.pe.gov.br\/portal\/wp-content\/uploads\/2024\/02\/IMG_5095-350x230.jpg\" data-large-file=\"https:\/\/www.paudalho.pe.gov.br\/portal\/wp-content\/uploads\/2024\/02\/IMG_5095-800x450.jpg\" data-id=\"31864\" src=\"https:\/\/www.paudalho.pe.gov.br\/portal\/wp-content\/uploads\/2024\/02\/IMG_5095-800x450.jpg\" alt=\"\" class=\"wp-image-31864\"\/><figcaption class=\"wp-element-caption\">Cr\u00e9dito: Edgar Lira\/PMP<\/figcaption><\/figure>\n\n\n\n<figure class=\"wp-block-image size-large\"><img loading=\"lazy\" decoding=\"async\" width=\"800\" height=\"450\" data-attachment-id=\"31865\" data-permalink=\"https:\/\/www.paudalho.pe.gov.br\/portal\/paudalho-avanca-na-educacao-e-da-ordem-de-servico-de-reforma-e-ampliacao-da-escola-herculano-bandeira-de-melo-filho-na-ultima-quarta-feira31\/img_5042\/\" data-orig-file=\"https:\/\/www.paudalho.pe.gov.br\/portal\/wp-content\/uploads\/2024\/02\/IMG_5042-scaled.jpg\" data-orig-size=\"2560,1707\" data-comments-opened=\"1\" data-image-meta=\"{&quot;aperture&quot;:&quot;4.5&quot;,&quot;credit&quot;:&quot;Edgar Neto&quot;,&quot;camera&quot;:&quot;Canon EOS REBEL T3i&quot;,&quot;caption&quot;:&quot;&quot;,&quot;created_timestamp&quot;:&quot;1706733680&quot;,&quot;copyright&quot;:&quot;Moldura&quot;,&quot;focal_length&quot;:&quot;29&quot;,&quot;iso&quot;:&quot;1600&quot;,&quot;shutter_speed&quot;:&quot;0.02&quot;,&quot;title&quot;:&quot;&quot;,&quot;orientation&quot;:&quot;1&quot;}\" data-image-title=\"IMG_5042\" data-image-description=\"\" data-image-caption=\"&lt;p&gt;Cr\u00e9dito: Edgar Lira\/PMP&lt;\/p&gt;\n\" data-medium-file=\"https:\/\/www.paudalho.pe.gov.br\/portal\/wp-content\/uploads\/2024\/02\/IMG_5042-350x230.jpg\" data-large-file=\"https:\/\/www.paudalho.pe.gov.br\/portal\/wp-content\/uploads\/2024\/02\/IMG_5042-800x450.jpg\" data-id=\"31865\" src=\"https:\/\/www.paudalho.pe.gov.br\/portal\/wp-content\/uploads\/2024\/02\/IMG_5042-800x450.jpg\" alt=\"\" class=\"wp-image-31865\"\/><figcaption class=\"wp-element-caption\">Cr\u00e9dito: Edgar Lira\/PMP<\/figcaption><\/figure>\n\n\n\n<figure class=\"wp-block-image size-large\"><img loading=\"lazy\" decoding=\"async\" width=\"800\" height=\"450\" data-attachment-id=\"31863\" data-permalink=\"https:\/\/www.paudalho.pe.gov.br\/portal\/paudalho-avanca-na-educacao-e-da-ordem-de-servico-de-reforma-e-ampliacao-da-escola-herculano-bandeira-de-melo-filho-na-ultima-quarta-feira31\/img_5046\/\" data-orig-file=\"https:\/\/www.paudalho.pe.gov.br\/portal\/wp-content\/uploads\/2024\/02\/IMG_5046-scaled.jpg\" data-orig-size=\"2560,1707\" data-comments-opened=\"1\" data-image-meta=\"{&quot;aperture&quot;:&quot;3.5&quot;,&quot;credit&quot;:&quot;Edgar Neto&quot;,&quot;camera&quot;:&quot;Canon EOS REBEL T3i&quot;,&quot;caption&quot;:&quot;&quot;,&quot;created_timestamp&quot;:&quot;1706733790&quot;,&quot;copyright&quot;:&quot;Moldura&quot;,&quot;focal_length&quot;:&quot;18&quot;,&quot;iso&quot;:&quot;1600&quot;,&quot;shutter_speed&quot;:&quot;0.02&quot;,&quot;title&quot;:&quot;&quot;,&quot;orientation&quot;:&quot;1&quot;}\" data-image-title=\"IMG_5046\" data-image-description=\"\" data-image-caption=\"&lt;p&gt;Cr\u00e9dito: Edgar Lira\/PMP&lt;\/p&gt;\n\" data-medium-file=\"https:\/\/www.paudalho.pe.gov.br\/portal\/wp-content\/uploads\/2024\/02\/IMG_5046-350x230.jpg\" data-large-file=\"https:\/\/www.paudalho.pe.gov.br\/portal\/wp-content\/uploads\/2024\/02\/IMG_5046-800x450.jpg\" data-id=\"31863\" src=\"https:\/\/www.paudalho.pe.gov.br\/portal\/wp-content\/uploads\/2024\/02\/IMG_5046-800x450.jpg\" alt=\"\" class=\"wp-image-31863\"\/><figcaption class=\"wp-element-caption\">Cr\u00e9dito: Edgar Lira\/PMP<\/figcaption><\/figure>\n<\/figure>\n\n\n\n<p>Essa \u00e9 a terceira obra aprovada para realiza\u00e7\u00e3o pela Prefeitura do Paudalho nas \u00faltimas semanas; entre elas, o munic\u00edpio autorizou a obra de requalifica\u00e7\u00e3o do Santu\u00e1rio de S\u00e3o Severino do Ramos e da pavimenta\u00e7\u00e3o asf\u00e1ltica da Estrada de Ch\u00e3 do Pinheiro. Ainda na \u00e1rea de infraestrutura, Paudalho inaugura nesta quinta-feira(1\u00ba), \u00e0s 19h, a quadra poliesportiva da Escola Municipal Menino Jesus, na comunidade de Ch\u00e3 Alegre, a d\u00e9cima quadra constru\u00edda na cidade nos \u00faltimos sete anos.<\/p>\n\n\n\n<figure class=\"wp-block-gallery has-nested-images columns-default is-cropped wp-block-gallery-2 is-layout-flex wp-block-gallery-is-layout-flex\">\n<figure class=\"wp-block-image size-large\"><img loading=\"lazy\" decoding=\"async\" width=\"800\" height=\"450\" data-attachment-id=\"31854\" data-permalink=\"https:\/\/www.paudalho.pe.gov.br\/portal\/paudalho-avanca-na-educacao-e-da-ordem-de-servico-de-reforma-e-ampliacao-da-escola-herculano-bandeira-de-melo-filho-na-ultima-quarta-feira31\/img_5064\/\" data-orig-file=\"https:\/\/www.paudalho.pe.gov.br\/portal\/wp-content\/uploads\/2024\/02\/IMG_5064-scaled.jpg\" data-orig-size=\"2560,1707\" data-comments-opened=\"1\" data-image-meta=\"{&quot;aperture&quot;:&quot;4.5&quot;,&quot;credit&quot;:&quot;Edgar Neto&quot;,&quot;camera&quot;:&quot;Canon EOS REBEL T3i&quot;,&quot;caption&quot;:&quot;&quot;,&quot;created_timestamp&quot;:&quot;1706734630&quot;,&quot;copyright&quot;:&quot;Moldura&quot;,&quot;focal_length&quot;:&quot;34&quot;,&quot;iso&quot;:&quot;1600&quot;,&quot;shutter_speed&quot;:&quot;0.02&quot;,&quot;title&quot;:&quot;&quot;,&quot;orientation&quot;:&quot;1&quot;}\" data-image-title=\"IMG_5064\" data-image-description=\"\" data-image-caption=\"&lt;p&gt;Cr\u00e9dito: Edgar Lira\/PMP&lt;\/p&gt;\n\" data-medium-file=\"https:\/\/www.paudalho.pe.gov.br\/portal\/wp-content\/uploads\/2024\/02\/IMG_5064-350x230.jpg\" data-large-file=\"https:\/\/www.paudalho.pe.gov.br\/portal\/wp-content\/uploads\/2024\/02\/IMG_5064-800x450.jpg\" data-id=\"31854\" src=\"https:\/\/www.paudalho.pe.gov.br\/portal\/wp-content\/uploads\/2024\/02\/IMG_5064-800x450.jpg\" alt=\"\" class=\"wp-image-31854\"\/><figcaption class=\"wp-element-caption\">Cr\u00e9dito: Edgar Lira\/PMP<\/figcaption><\/figure>\n\n\n\n<figure class=\"wp-block-image size-large\"><img loading=\"lazy\" decoding=\"async\" width=\"800\" height=\"450\" data-attachment-id=\"31855\" data-permalink=\"https:\/\/www.paudalho.pe.gov.br\/portal\/paudalho-avanca-na-educacao-e-da-ordem-de-servico-de-reforma-e-ampliacao-da-escola-herculano-bandeira-de-melo-filho-na-ultima-quarta-feira31\/img_5067\/\" data-orig-file=\"https:\/\/www.paudalho.pe.gov.br\/portal\/wp-content\/uploads\/2024\/02\/IMG_5067-scaled.jpg\" data-orig-size=\"2560,1707\" data-comments-opened=\"1\" data-image-meta=\"{&quot;aperture&quot;:&quot;4.5&quot;,&quot;credit&quot;:&quot;Edgar Neto&quot;,&quot;camera&quot;:&quot;Canon EOS REBEL T3i&quot;,&quot;caption&quot;:&quot;&quot;,&quot;created_timestamp&quot;:&quot;1706734649&quot;,&quot;copyright&quot;:&quot;Moldura&quot;,&quot;focal_length&quot;:&quot;36&quot;,&quot;iso&quot;:&quot;1600&quot;,&quot;shutter_speed&quot;:&quot;0.02&quot;,&quot;title&quot;:&quot;&quot;,&quot;orientation&quot;:&quot;1&quot;}\" data-image-title=\"IMG_5067\" data-image-description=\"\" data-image-caption=\"&lt;p&gt;Cr\u00e9dito: Edgar Lira\/PMP&lt;\/p&gt;\n\" data-medium-file=\"https:\/\/www.paudalho.pe.gov.br\/portal\/wp-content\/uploads\/2024\/02\/IMG_5067-350x230.jpg\" data-large-file=\"https:\/\/www.paudalho.pe.gov.br\/portal\/wp-content\/uploads\/2024\/02\/IMG_5067-800x450.jpg\" data-id=\"31855\" src=\"https:\/\/www.paudalho.pe.gov.br\/portal\/wp-content\/uploads\/2024\/02\/IMG_5067-800x450.jpg\" alt=\"\" class=\"wp-image-31855\"\/><figcaption class=\"wp-element-caption\">Cr\u00e9dito: Edgar Lira\/PMP<\/figcaption><\/figure>\n\n\n\n<figure class=\"wp-block-image size-large\"><img loading=\"lazy\" decoding=\"async\" width=\"800\" height=\"450\" data-attachment-id=\"31856\" data-permalink=\"https:\/\/www.paudalho.pe.gov.br\/portal\/paudalho-avanca-na-educacao-e-da-ordem-de-servico-de-reforma-e-ampliacao-da-escola-herculano-bandeira-de-melo-filho-na-ultima-quarta-feira31\/img_5070\/\" data-orig-file=\"https:\/\/www.paudalho.pe.gov.br\/portal\/wp-content\/uploads\/2024\/02\/IMG_5070-scaled.jpg\" data-orig-size=\"2560,1707\" data-comments-opened=\"1\" data-image-meta=\"{&quot;aperture&quot;:&quot;4.5&quot;,&quot;credit&quot;:&quot;Edgar Neto&quot;,&quot;camera&quot;:&quot;Canon EOS REBEL T3i&quot;,&quot;caption&quot;:&quot;&quot;,&quot;created_timestamp&quot;:&quot;1706734667&quot;,&quot;copyright&quot;:&quot;Moldura&quot;,&quot;focal_length&quot;:&quot;34&quot;,&quot;iso&quot;:&quot;1600&quot;,&quot;shutter_speed&quot;:&quot;0.02&quot;,&quot;title&quot;:&quot;&quot;,&quot;orientation&quot;:&quot;1&quot;}\" data-image-title=\"IMG_5070\" data-image-description=\"\" data-image-caption=\"&lt;p&gt;Cr\u00e9dito: Edgar Lira\/PMP&lt;\/p&gt;\n\" data-medium-file=\"https:\/\/www.paudalho.pe.gov.br\/portal\/wp-content\/uploads\/2024\/02\/IMG_5070-350x230.jpg\" data-large-file=\"https:\/\/www.paudalho.pe.gov.br\/portal\/wp-content\/uploads\/2024\/02\/IMG_5070-800x450.jpg\" data-id=\"31856\" src=\"https:\/\/www.paudalho.pe.gov.br\/portal\/wp-content\/uploads\/2024\/02\/IMG_5070-800x450.jpg\" alt=\"\" class=\"wp-image-31856\"\/><figcaption class=\"wp-element-caption\">Cr\u00e9dito: Edgar Lira\/PMP<\/figcaption><\/figure>\n\n\n\n<figure class=\"wp-block-image size-large\"><img loading=\"lazy\" decoding=\"async\" width=\"800\" height=\"450\" data-attachment-id=\"31857\" data-permalink=\"https:\/\/www.paudalho.pe.gov.br\/portal\/paudalho-avanca-na-educacao-e-da-ordem-de-servico-de-reforma-e-ampliacao-da-escola-herculano-bandeira-de-melo-filho-na-ultima-quarta-feira31\/img_5072\/\" data-orig-file=\"https:\/\/www.paudalho.pe.gov.br\/portal\/wp-content\/uploads\/2024\/02\/IMG_5072-scaled.jpg\" data-orig-size=\"2560,1707\" data-comments-opened=\"1\" data-image-meta=\"{&quot;aperture&quot;:&quot;4&quot;,&quot;credit&quot;:&quot;Edgar Neto&quot;,&quot;camera&quot;:&quot;Canon EOS REBEL T3i&quot;,&quot;caption&quot;:&quot;&quot;,&quot;created_timestamp&quot;:&quot;1706734679&quot;,&quot;copyright&quot;:&quot;Moldura&quot;,&quot;focal_length&quot;:&quot;28&quot;,&quot;iso&quot;:&quot;1600&quot;,&quot;shutter_speed&quot;:&quot;0.02&quot;,&quot;title&quot;:&quot;&quot;,&quot;orientation&quot;:&quot;1&quot;}\" data-image-title=\"IMG_5072\" data-image-description=\"\" data-image-caption=\"&lt;p&gt;Cr\u00e9dito: Edgar Lira\/PMP&lt;\/p&gt;\n\" data-medium-file=\"https:\/\/www.paudalho.pe.gov.br\/portal\/wp-content\/uploads\/2024\/02\/IMG_5072-350x230.jpg\" data-large-file=\"https:\/\/www.paudalho.pe.gov.br\/portal\/wp-content\/uploads\/2024\/02\/IMG_5072-800x450.jpg\" data-id=\"31857\" src=\"https:\/\/www.paudalho.pe.gov.br\/portal\/wp-content\/uploads\/2024\/02\/IMG_5072-800x450.jpg\" alt=\"\" class=\"wp-image-31857\"\/><figcaption class=\"wp-element-caption\">Cr\u00e9dito: Edgar Lira\/PMP<\/figcaption><\/figure>\n\n\n\n<figure class=\"wp-block-image size-large\"><img loading=\"lazy\" decoding=\"async\" width=\"800\" height=\"450\" data-attachment-id=\"31858\" data-permalink=\"https:\/\/www.paudalho.pe.gov.br\/portal\/paudalho-avanca-na-educacao-e-da-ordem-de-servico-de-reforma-e-ampliacao-da-escola-herculano-bandeira-de-melo-filho-na-ultima-quarta-feira31\/img_5075\/\" data-orig-file=\"https:\/\/www.paudalho.pe.gov.br\/portal\/wp-content\/uploads\/2024\/02\/IMG_5075-scaled.jpg\" data-orig-size=\"2560,1707\" data-comments-opened=\"1\" data-image-meta=\"{&quot;aperture&quot;:&quot;4.5&quot;,&quot;credit&quot;:&quot;Edgar Neto&quot;,&quot;camera&quot;:&quot;Canon EOS REBEL T3i&quot;,&quot;caption&quot;:&quot;&quot;,&quot;created_timestamp&quot;:&quot;1706734693&quot;,&quot;copyright&quot;:&quot;Moldura&quot;,&quot;focal_length&quot;:&quot;29&quot;,&quot;iso&quot;:&quot;1600&quot;,&quot;shutter_speed&quot;:&quot;0.02&quot;,&quot;title&quot;:&quot;&quot;,&quot;orientation&quot;:&quot;1&quot;}\" data-image-title=\"IMG_5075\" data-image-description=\"\" data-image-caption=\"&lt;p&gt;Cr\u00e9dito: Edgar Lira\/PMP&lt;\/p&gt;\n\" data-medium-file=\"https:\/\/www.paudalho.pe.gov.br\/portal\/wp-content\/uploads\/2024\/02\/IMG_5075-350x230.jpg\" data-large-file=\"https:\/\/www.paudalho.pe.gov.br\/portal\/wp-content\/uploads\/2024\/02\/IMG_5075-800x450.jpg\" data-id=\"31858\" src=\"https:\/\/www.paudalho.pe.gov.br\/portal\/wp-content\/uploads\/2024\/02\/IMG_5075-800x450.jpg\" alt=\"\" class=\"wp-image-31858\"\/><figcaption class=\"wp-element-caption\">Cr\u00e9dito: Edgar Lira\/PMP<\/figcaption><\/figure>\n\n\n\n<figure class=\"wp-block-image size-large\"><img loading=\"lazy\" decoding=\"async\" width=\"800\" height=\"450\" data-attachment-id=\"31859\" data-permalink=\"https:\/\/www.paudalho.pe.gov.br\/portal\/paudalho-avanca-na-educacao-e-da-ordem-de-servico-de-reforma-e-ampliacao-da-escola-herculano-bandeira-de-melo-filho-na-ultima-quarta-feira31\/img_5078\/\" data-orig-file=\"https:\/\/www.paudalho.pe.gov.br\/portal\/wp-content\/uploads\/2024\/02\/IMG_5078-scaled.jpg\" data-orig-size=\"2560,1707\" data-comments-opened=\"1\" data-image-meta=\"{&quot;aperture&quot;:&quot;4.5&quot;,&quot;credit&quot;:&quot;Edgar Neto&quot;,&quot;camera&quot;:&quot;Canon EOS REBEL T3i&quot;,&quot;caption&quot;:&quot;&quot;,&quot;created_timestamp&quot;:&quot;1706734705&quot;,&quot;copyright&quot;:&quot;Moldura&quot;,&quot;focal_length&quot;:&quot;35&quot;,&quot;iso&quot;:&quot;1600&quot;,&quot;shutter_speed&quot;:&quot;0.02&quot;,&quot;title&quot;:&quot;&quot;,&quot;orientation&quot;:&quot;1&quot;}\" data-image-title=\"IMG_5078\" data-image-description=\"\" data-image-caption=\"&lt;p&gt;Cr\u00e9dito: Edgar Lira\/PMP&lt;\/p&gt;\n\" data-medium-file=\"https:\/\/www.paudalho.pe.gov.br\/portal\/wp-content\/uploads\/2024\/02\/IMG_5078-350x230.jpg\" data-large-file=\"https:\/\/www.paudalho.pe.gov.br\/portal\/wp-content\/uploads\/2024\/02\/IMG_5078-800x450.jpg\" data-id=\"31859\" src=\"https:\/\/www.paudalho.pe.gov.br\/portal\/wp-content\/uploads\/2024\/02\/IMG_5078-800x450.jpg\" alt=\"\" class=\"wp-image-31859\"\/><figcaption class=\"wp-element-caption\">Cr\u00e9dito: Edgar Lira\/PMP<\/figcaption><\/figure>\n\n\n\n<figure class=\"wp-block-image size-large\"><img loading=\"lazy\" decoding=\"async\" width=\"800\" height=\"450\" data-attachment-id=\"31860\" data-permalink=\"https:\/\/www.paudalho.pe.gov.br\/portal\/paudalho-avanca-na-educacao-e-da-ordem-de-servico-de-reforma-e-ampliacao-da-escola-herculano-bandeira-de-melo-filho-na-ultima-quarta-feira31\/img_5083\/\" data-orig-file=\"https:\/\/www.paudalho.pe.gov.br\/portal\/wp-content\/uploads\/2024\/02\/IMG_5083-scaled.jpg\" data-orig-size=\"2560,1707\" data-comments-opened=\"1\" data-image-meta=\"{&quot;aperture&quot;:&quot;4.5&quot;,&quot;credit&quot;:&quot;Edgar Neto&quot;,&quot;camera&quot;:&quot;Canon EOS REBEL T3i&quot;,&quot;caption&quot;:&quot;&quot;,&quot;created_timestamp&quot;:&quot;1706734722&quot;,&quot;copyright&quot;:&quot;Moldura&quot;,&quot;focal_length&quot;:&quot;35&quot;,&quot;iso&quot;:&quot;1600&quot;,&quot;shutter_speed&quot;:&quot;0.02&quot;,&quot;title&quot;:&quot;&quot;,&quot;orientation&quot;:&quot;1&quot;}\" data-image-title=\"IMG_5083\" data-image-description=\"\" data-image-caption=\"&lt;p&gt;Cr\u00e9dito: Edgar Lira\/PMP&lt;\/p&gt;\n\" data-medium-file=\"https:\/\/www.paudalho.pe.gov.br\/portal\/wp-content\/uploads\/2024\/02\/IMG_5083-350x230.jpg\" data-large-file=\"https:\/\/www.paudalho.pe.gov.br\/portal\/wp-content\/uploads\/2024\/02\/IMG_5083-800x450.jpg\" data-id=\"31860\" src=\"https:\/\/www.paudalho.pe.gov.br\/portal\/wp-content\/uploads\/2024\/02\/IMG_5083-800x450.jpg\" alt=\"\" class=\"wp-image-31860\"\/><figcaption class=\"wp-element-caption\">Cr\u00e9dito: Edgar Lira\/PMP<\/figcaption><\/figure>\n\n\n\n<figure class=\"wp-block-image size-large\"><img loading=\"lazy\" decoding=\"async\" width=\"800\" height=\"450\" data-attachment-id=\"31861\" data-permalink=\"https:\/\/www.paudalho.pe.gov.br\/portal\/paudalho-avanca-na-educacao-e-da-ordem-de-servico-de-reforma-e-ampliacao-da-escola-herculano-bandeira-de-melo-filho-na-ultima-quarta-feira31\/img_5086\/\" data-orig-file=\"https:\/\/www.paudalho.pe.gov.br\/portal\/wp-content\/uploads\/2024\/02\/IMG_5086-scaled.jpg\" data-orig-size=\"2560,1707\" data-comments-opened=\"1\" data-image-meta=\"{&quot;aperture&quot;:&quot;4.5&quot;,&quot;credit&quot;:&quot;Edgar Neto&quot;,&quot;camera&quot;:&quot;Canon EOS REBEL T3i&quot;,&quot;caption&quot;:&quot;&quot;,&quot;created_timestamp&quot;:&quot;1706734739&quot;,&quot;copyright&quot;:&quot;Moldura&quot;,&quot;focal_length&quot;:&quot;34&quot;,&quot;iso&quot;:&quot;1600&quot;,&quot;shutter_speed&quot;:&quot;0.02&quot;,&quot;title&quot;:&quot;&quot;,&quot;orientation&quot;:&quot;1&quot;}\" data-image-title=\"IMG_5086\" data-image-description=\"\" data-image-caption=\"&lt;p&gt;Cr\u00e9dito: Edgar Lira\/PMP&lt;\/p&gt;\n\" data-medium-file=\"https:\/\/www.paudalho.pe.gov.br\/portal\/wp-content\/uploads\/2024\/02\/IMG_5086-350x230.jpg\" data-large-file=\"https:\/\/www.paudalho.pe.gov.br\/portal\/wp-content\/uploads\/2024\/02\/IMG_5086-800x450.jpg\" data-id=\"31861\" src=\"https:\/\/www.paudalho.pe.gov.br\/portal\/wp-content\/uploads\/2024\/02\/IMG_5086-800x450.jpg\" alt=\"\" class=\"wp-image-31861\"\/><figcaption class=\"wp-element-caption\">Cr\u00e9dito: Edgar Lira\/PMP<\/figcaption><\/figure>\n\n\n\n<figure class=\"wp-block-image size-large\"><img loading=\"lazy\" decoding=\"async\" width=\"800\" height=\"450\" data-attachment-id=\"31862\" data-permalink=\"https:\/\/www.paudalho.pe.gov.br\/portal\/paudalho-avanca-na-educacao-e-da-ordem-de-servico-de-reforma-e-ampliacao-da-escola-herculano-bandeira-de-melo-filho-na-ultima-quarta-feira31\/img_5089\/\" data-orig-file=\"https:\/\/www.paudalho.pe.gov.br\/portal\/wp-content\/uploads\/2024\/02\/IMG_5089-scaled.jpg\" data-orig-size=\"2560,1707\" data-comments-opened=\"1\" data-image-meta=\"{&quot;aperture&quot;:&quot;4.5&quot;,&quot;credit&quot;:&quot;Edgar Neto&quot;,&quot;camera&quot;:&quot;Canon EOS REBEL T3i&quot;,&quot;caption&quot;:&quot;&quot;,&quot;created_timestamp&quot;:&quot;1706734760&quot;,&quot;copyright&quot;:&quot;Moldura&quot;,&quot;focal_length&quot;:&quot;34&quot;,&quot;iso&quot;:&quot;1600&quot;,&quot;shutter_speed&quot;:&quot;0.02&quot;,&quot;title&quot;:&quot;&quot;,&quot;orientation&quot;:&quot;1&quot;}\" data-image-title=\"IMG_5089\" data-image-description=\"\" data-image-caption=\"&lt;p&gt;Cr\u00e9dito: Edgar Lira\/PMP&lt;\/p&gt;\n\" data-medium-file=\"https:\/\/www.paudalho.pe.gov.br\/portal\/wp-content\/uploads\/2024\/02\/IMG_5089-350x230.jpg\" data-large-file=\"https:\/\/www.paudalho.pe.gov.br\/portal\/wp-content\/uploads\/2024\/02\/IMG_5089-800x450.jpg\" data-id=\"31862\" src=\"https:\/\/www.paudalho.pe.gov.br\/portal\/wp-content\/uploads\/2024\/02\/IMG_5089-800x450.jpg\" alt=\"\" class=\"wp-image-31862\"\/><figcaption class=\"wp-element-caption\">Cr\u00e9dito: Edgar Lira\/PMP<\/figcaption><\/figure>\n<\/figure>\n","protected":false},"excerpt":{"rendered":"<p>O munic\u00edpio de Paudalho segue avan\u00e7ando nas \u00e1reas de educa\u00e7\u00e3o, esportes e infraestrutura, desta vez com a solenidade de assinatura da ordem de servi\u00e7o de reforma e amplia\u00e7\u00e3o da Escola Municipal Herculano Bandeira de Melo Filho, realizada na \u00faltima quarta-feira(31), na comunidade de Itabora\u00ed. A solenidade contou com a presen\u00e7a de mun\u00edcipes e autoridades p\u00fablicas [&hellip;]<\/p>\n","protected":false},"author":10,"featured_media":31853,"comment_status":"open","ping_status":"closed","sticky":false,"template":"","format":"standard","meta":{"_jetpack_newsletter_access":"","_jetpack_dont_email_post_to_subs":false,"_jetpack_newsletter_tier_id":0,"_jetpack_memberships_contains_paywalled_content":false,"_jetpack_memberships_contains_paid_content":false,"footnotes":""},"categories":[2,4,520,7,1],"tags":[1094,30,1394,364,14,22,106],"class_list":["post-31852","post","type-post","status-publish","format-standard","has-post-thumbnail","hentry","category-destaque","category-educacao","category-educacao-2","category-esportes","category-noticias","tag-a-secretaria-municipal-de-educacao-e-esportes","tag-educacao","tag-escola-herculano-bandeira-de-melo-filho","tag-ordem-de-servico","tag-paudalho","tag-prefeitura-do-paudalho","tag-secretaria-de-educacao"],"jetpack_featured_media_url":"https:\/\/www.paudalho.pe.gov.br\/portal\/wp-content\/uploads\/2024\/02\/IMG_5059-scaled.jpg","jetpack_sharing_enabled":true,"jetpack_shortlink":"https:\/\/wp.me\/p98mS2-8hK","_links":{"self":[{"href":"https:\/\/www.paudalho.pe.gov.br\/portal\/wp-json\/wp\/v2\/posts\/31852","targetHints":{"allow":["GET"]}}],"collection":[{"href":"https:\/\/www.paudalho.pe.gov.br\/portal\/wp-json\/wp\/v2\/posts"}],"about":[{"href":"https:\/\/www.paudalho.pe.gov.br\/portal\/wp-json\/wp\/v2\/types\/post"}],"author":[{"embeddable":true,"href":"https:\/\/www.paudalho.pe.gov.br\/portal\/wp-json\/wp\/v2\/users\/10"}],"replies":[{"embeddable":true,"href":"https:\/\/www.paudalho.pe.gov.br\/portal\/wp-json\/wp\/v2\/comments?post=31852"}],"version-history":[{"count":1,"href":"https:\/\/www.paudalho.pe.gov.br\/portal\/wp-json\/wp\/v2\/posts\/31852\/revisions"}],"predecessor-version":[{"id":31866,"href":"https:\/\/www.paudalho.pe.gov.br\/portal\/wp-json\/wp\/v2\/posts\/31852\/revisions\/31866"}],"wp:featuredmedia":[{"embeddable":true,"href":"https:\/\/www.paudalho.pe.gov.br\/portal\/wp-json\/wp\/v2\/media\/31853"}],"wp:attachment":[{"href":"https:\/\/www.paudalho.pe.gov.br\/portal\/wp-json\/wp\/v2\/media?parent=31852"}],"wp:term":[{"taxonomy":"category","embeddable":true,"href":"https:\/\/www.paudalho.pe.gov.br\/portal\/wp-json\/wp\/v2\/categories?post=31852"},{"taxonomy":"post_tag","embeddable":true,"href":"https:\/\/www.paudalho.pe.gov.br\/portal\/wp-json\/wp\/v2\/tags?post=31852"}],"curies":[{"name":"wp","href":"https:\/\/api.w.org\/{rel}","templated":true}]}}