{"id":31799,"date":"2024-01-10T19:00:00","date_gmt":"2024-01-10T22:00:00","guid":{"rendered":"https:\/\/www.paudalho.pe.gov.br\/portal\/?p=31799"},"modified":"2025-01-08T00:38:20","modified_gmt":"2025-01-08T03:38:20","slug":"novos-conselheiros-tutelares-de-paudalho-tomam-posse-na-ultima-quarta-feira10","status":"publish","type":"post","link":"https:\/\/www.paudalho.pe.gov.br\/portal\/novos-conselheiros-tutelares-de-paudalho-tomam-posse-na-ultima-quarta-feira10\/","title":{"rendered":"Novos conselheiros tutelares de Paudalho tomam posse na \u00faltima quarta-feira(10)"},"content":{"rendered":"\n<p>Os novos conselheiros tutelares de Paudalho, B\u00e1rbara Judith (com 823 votos), Hiago Valentim (com 686 votos), Valqu\u00edria de Bugo (reeleita com 606 votos), Irm\u00e3 Sandra (reeleita com 538 votos) e Chiquinho (reeleito com 520 votos), eleitos em 2023 por voto popular, tomaram posse na tarde desta quarta-feira(10), na Academia da Pol\u00edcia Militar do Paudalho.&nbsp;<\/p>\n\n\n\n<p>Os cinco novos conselheiros do munic\u00edpio seguem com mandato at\u00e9 o ano de 2028. Marcelo Gouveia, prefeito de Paudalho, marcou presen\u00e7a no evento e destacou a import\u00e2ncia do Conselho Tutelar para o munic\u00edpio, incentivando a continua\u00e7\u00e3o do trabalho. &#8220;Sabemos da import\u00e2ncia da garantia de direitos das nossas crian\u00e7as e adolescentes e desejo a todos, em especial aos novos conselheiros, que se dediquem bastante e ajudem a ampliar esse trabalho que vem sendo t\u00e3o bem desenvolvido por todos voc\u00eas que j\u00e1 fazem parte do Conselho Tutelar&#8221;, comentou o prefeito.<\/p>\n\n\n\n<figure class=\"wp-block-gallery has-nested-images columns-default is-cropped wp-block-gallery-1 is-layout-flex wp-block-gallery-is-layout-flex\">\n<figure class=\"wp-block-image size-large\"><img loading=\"lazy\" decoding=\"async\" width=\"800\" height=\"450\" data-attachment-id=\"31801\" data-permalink=\"https:\/\/www.paudalho.pe.gov.br\/portal\/novos-conselheiros-tutelares-de-paudalho-tomam-posse-na-ultima-quarta-feira10\/whatsapp-image-2024-01-30-at-15-02-56-1\/\" data-orig-file=\"https:\/\/www.paudalho.pe.gov.br\/portal\/wp-content\/uploads\/2024\/01\/WhatsApp-Image-2024-01-30-at-15.02.56-1-scaled.jpeg\" data-orig-size=\"2560,1920\" data-comments-opened=\"1\" data-image-meta=\"{&quot;aperture&quot;:&quot;0&quot;,&quot;credit&quot;:&quot;&quot;,&quot;camera&quot;:&quot;&quot;,&quot;caption&quot;:&quot;&quot;,&quot;created_timestamp&quot;:&quot;0&quot;,&quot;copyright&quot;:&quot;&quot;,&quot;focal_length&quot;:&quot;0&quot;,&quot;iso&quot;:&quot;0&quot;,&quot;shutter_speed&quot;:&quot;0&quot;,&quot;title&quot;:&quot;&quot;,&quot;orientation&quot;:&quot;0&quot;}\" data-image-title=\"WhatsApp Image 2024-01-30 at 15.02.56 (1)\" data-image-description=\"\" data-image-caption=\"\" data-medium-file=\"https:\/\/www.paudalho.pe.gov.br\/portal\/wp-content\/uploads\/2024\/01\/WhatsApp-Image-2024-01-30-at-15.02.56-1-350x230.jpeg\" data-large-file=\"https:\/\/www.paudalho.pe.gov.br\/portal\/wp-content\/uploads\/2024\/01\/WhatsApp-Image-2024-01-30-at-15.02.56-1-800x450.jpeg\" data-id=\"31801\" src=\"https:\/\/www.paudalho.pe.gov.br\/portal\/wp-content\/uploads\/2024\/01\/WhatsApp-Image-2024-01-30-at-15.02.56-1-800x450.jpeg\" alt=\"\" class=\"wp-image-31801\"\/><\/figure>\n\n\n\n<figure class=\"wp-block-image size-large\"><img loading=\"lazy\" decoding=\"async\" width=\"800\" height=\"450\" data-attachment-id=\"31808\" data-permalink=\"https:\/\/www.paudalho.pe.gov.br\/portal\/novos-conselheiros-tutelares-de-paudalho-tomam-posse-na-ultima-quarta-feira10\/whatsapp-image-2024-01-30-at-15-02-54-1\/\" data-orig-file=\"https:\/\/www.paudalho.pe.gov.br\/portal\/wp-content\/uploads\/2024\/01\/WhatsApp-Image-2024-01-30-at-15.02.54-1-scaled.jpeg\" data-orig-size=\"2560,1920\" data-comments-opened=\"1\" data-image-meta=\"{&quot;aperture&quot;:&quot;0&quot;,&quot;credit&quot;:&quot;&quot;,&quot;camera&quot;:&quot;&quot;,&quot;caption&quot;:&quot;&quot;,&quot;created_timestamp&quot;:&quot;0&quot;,&quot;copyright&quot;:&quot;&quot;,&quot;focal_length&quot;:&quot;0&quot;,&quot;iso&quot;:&quot;0&quot;,&quot;shutter_speed&quot;:&quot;0&quot;,&quot;title&quot;:&quot;&quot;,&quot;orientation&quot;:&quot;0&quot;}\" data-image-title=\"WhatsApp Image 2024-01-30 at 15.02.54 (1)\" data-image-description=\"\" data-image-caption=\"\" data-medium-file=\"https:\/\/www.paudalho.pe.gov.br\/portal\/wp-content\/uploads\/2024\/01\/WhatsApp-Image-2024-01-30-at-15.02.54-1-350x230.jpeg\" data-large-file=\"https:\/\/www.paudalho.pe.gov.br\/portal\/wp-content\/uploads\/2024\/01\/WhatsApp-Image-2024-01-30-at-15.02.54-1-800x450.jpeg\" data-id=\"31808\" src=\"https:\/\/www.paudalho.pe.gov.br\/portal\/wp-content\/uploads\/2024\/01\/WhatsApp-Image-2024-01-30-at-15.02.54-1-800x450.jpeg\" alt=\"\" class=\"wp-image-31808\"\/><\/figure>\n\n\n\n<figure class=\"wp-block-image size-large\"><img loading=\"lazy\" decoding=\"async\" width=\"800\" height=\"450\" data-attachment-id=\"31810\" data-permalink=\"https:\/\/www.paudalho.pe.gov.br\/portal\/novos-conselheiros-tutelares-de-paudalho-tomam-posse-na-ultima-quarta-feira10\/whatsapp-image-2024-01-30-at-15-02-59-1\/\" data-orig-file=\"https:\/\/www.paudalho.pe.gov.br\/portal\/wp-content\/uploads\/2024\/01\/WhatsApp-Image-2024-01-30-at-15.02.59-1-scaled.jpeg\" data-orig-size=\"2560,1920\" data-comments-opened=\"1\" data-image-meta=\"{&quot;aperture&quot;:&quot;0&quot;,&quot;credit&quot;:&quot;&quot;,&quot;camera&quot;:&quot;&quot;,&quot;caption&quot;:&quot;&quot;,&quot;created_timestamp&quot;:&quot;0&quot;,&quot;copyright&quot;:&quot;&quot;,&quot;focal_length&quot;:&quot;0&quot;,&quot;iso&quot;:&quot;0&quot;,&quot;shutter_speed&quot;:&quot;0&quot;,&quot;title&quot;:&quot;&quot;,&quot;orientation&quot;:&quot;0&quot;}\" data-image-title=\"WhatsApp Image 2024-01-30 at 15.02.59 (1)\" data-image-description=\"\" data-image-caption=\"\" data-medium-file=\"https:\/\/www.paudalho.pe.gov.br\/portal\/wp-content\/uploads\/2024\/01\/WhatsApp-Image-2024-01-30-at-15.02.59-1-350x230.jpeg\" data-large-file=\"https:\/\/www.paudalho.pe.gov.br\/portal\/wp-content\/uploads\/2024\/01\/WhatsApp-Image-2024-01-30-at-15.02.59-1-800x450.jpeg\" data-id=\"31810\" src=\"https:\/\/www.paudalho.pe.gov.br\/portal\/wp-content\/uploads\/2024\/01\/WhatsApp-Image-2024-01-30-at-15.02.59-1-800x450.jpeg\" alt=\"\" class=\"wp-image-31810\"\/><\/figure>\n<\/figure>\n\n\n\n<p>O Conselho Tutelar de Paudalho funciona 24h em situa\u00e7\u00e3o de emerg\u00eancia. J\u00e1 na sede, o \u00f3rg\u00e3o funciona de segunda a sexta-feira, das 8h \u00e0s 15h. A mesma est\u00e1 localizada na Rua Senador Pinheiro Ramos, n\u00ba 576, no Centro do munic\u00edpio. Para entrar em contato, a popula\u00e7\u00e3o pode ligar ou falar atrav\u00e9s do Whatsapp pelo n\u00famero (81) 9 9958-0694.<\/p>\n\n\n\n<p>O Conselho Tutelar tem como miss\u00e3o atender crian\u00e7as e adolescentes cujos pais faltem ou ofere\u00e7am risco \u00e0 sua forma\u00e7\u00e3o, al\u00e9m de fornecer prote\u00e7\u00e3o em situa\u00e7\u00f5es de abuso e viol\u00eancia. Por ser um \u00f3rg\u00e3o aut\u00f4nomo e permanente, o Conselho Tutelar fiscaliza outros \u00f3rg\u00e3os e institui\u00e7\u00f5es, atuando tamb\u00e9m em parceria com os mais diversos equipamentos municipais, como o Centro de Refer\u00eancia Especializado em Assist\u00eancia Social (Creas), Guarda Municipal, Pol\u00edcia Civil, hospitais, escolas, entre outros.<\/p>\n\n\n\n<figure class=\"wp-block-gallery has-nested-images columns-default is-cropped wp-block-gallery-2 is-layout-flex wp-block-gallery-is-layout-flex\">\n<figure class=\"wp-block-image size-large\"><img loading=\"lazy\" decoding=\"async\" width=\"800\" height=\"450\" data-attachment-id=\"31802\" data-permalink=\"https:\/\/www.paudalho.pe.gov.br\/portal\/novos-conselheiros-tutelares-de-paudalho-tomam-posse-na-ultima-quarta-feira10\/whatsapp-image-2024-01-30-at-15-02-56\/\" data-orig-file=\"https:\/\/www.paudalho.pe.gov.br\/portal\/wp-content\/uploads\/2024\/01\/WhatsApp-Image-2024-01-30-at-15.02.56-scaled.jpeg\" data-orig-size=\"2560,1920\" data-comments-opened=\"1\" data-image-meta=\"{&quot;aperture&quot;:&quot;0&quot;,&quot;credit&quot;:&quot;&quot;,&quot;camera&quot;:&quot;&quot;,&quot;caption&quot;:&quot;&quot;,&quot;created_timestamp&quot;:&quot;0&quot;,&quot;copyright&quot;:&quot;&quot;,&quot;focal_length&quot;:&quot;0&quot;,&quot;iso&quot;:&quot;0&quot;,&quot;shutter_speed&quot;:&quot;0&quot;,&quot;title&quot;:&quot;&quot;,&quot;orientation&quot;:&quot;0&quot;}\" data-image-title=\"WhatsApp Image 2024-01-30 at 15.02.56\" data-image-description=\"\" data-image-caption=\"\" data-medium-file=\"https:\/\/www.paudalho.pe.gov.br\/portal\/wp-content\/uploads\/2024\/01\/WhatsApp-Image-2024-01-30-at-15.02.56-350x230.jpeg\" data-large-file=\"https:\/\/www.paudalho.pe.gov.br\/portal\/wp-content\/uploads\/2024\/01\/WhatsApp-Image-2024-01-30-at-15.02.56-800x450.jpeg\" data-id=\"31802\" src=\"https:\/\/www.paudalho.pe.gov.br\/portal\/wp-content\/uploads\/2024\/01\/WhatsApp-Image-2024-01-30-at-15.02.56-800x450.jpeg\" alt=\"\" class=\"wp-image-31802\"\/><\/figure>\n\n\n\n<figure class=\"wp-block-image size-large\"><img loading=\"lazy\" decoding=\"async\" width=\"800\" height=\"450\" data-attachment-id=\"31803\" data-permalink=\"https:\/\/www.paudalho.pe.gov.br\/portal\/novos-conselheiros-tutelares-de-paudalho-tomam-posse-na-ultima-quarta-feira10\/whatsapp-image-2024-01-30-at-15-02-55-2\/\" data-orig-file=\"https:\/\/www.paudalho.pe.gov.br\/portal\/wp-content\/uploads\/2024\/01\/WhatsApp-Image-2024-01-30-at-15.02.55-2-scaled.jpeg\" data-orig-size=\"2560,1920\" data-comments-opened=\"1\" data-image-meta=\"{&quot;aperture&quot;:&quot;0&quot;,&quot;credit&quot;:&quot;&quot;,&quot;camera&quot;:&quot;&quot;,&quot;caption&quot;:&quot;&quot;,&quot;created_timestamp&quot;:&quot;0&quot;,&quot;copyright&quot;:&quot;&quot;,&quot;focal_length&quot;:&quot;0&quot;,&quot;iso&quot;:&quot;0&quot;,&quot;shutter_speed&quot;:&quot;0&quot;,&quot;title&quot;:&quot;&quot;,&quot;orientation&quot;:&quot;0&quot;}\" data-image-title=\"WhatsApp Image 2024-01-30 at 15.02.55 (2)\" data-image-description=\"\" data-image-caption=\"\" data-medium-file=\"https:\/\/www.paudalho.pe.gov.br\/portal\/wp-content\/uploads\/2024\/01\/WhatsApp-Image-2024-01-30-at-15.02.55-2-350x230.jpeg\" data-large-file=\"https:\/\/www.paudalho.pe.gov.br\/portal\/wp-content\/uploads\/2024\/01\/WhatsApp-Image-2024-01-30-at-15.02.55-2-800x450.jpeg\" data-id=\"31803\" src=\"https:\/\/www.paudalho.pe.gov.br\/portal\/wp-content\/uploads\/2024\/01\/WhatsApp-Image-2024-01-30-at-15.02.55-2-800x450.jpeg\" alt=\"\" class=\"wp-image-31803\"\/><\/figure>\n\n\n\n<figure class=\"wp-block-image size-large\"><img loading=\"lazy\" decoding=\"async\" width=\"800\" height=\"450\" data-attachment-id=\"31804\" data-permalink=\"https:\/\/www.paudalho.pe.gov.br\/portal\/novos-conselheiros-tutelares-de-paudalho-tomam-posse-na-ultima-quarta-feira10\/whatsapp-image-2024-01-30-at-15-02-55-1\/\" data-orig-file=\"https:\/\/www.paudalho.pe.gov.br\/portal\/wp-content\/uploads\/2024\/01\/WhatsApp-Image-2024-01-30-at-15.02.55-1-scaled.jpeg\" data-orig-size=\"2560,1920\" data-comments-opened=\"1\" data-image-meta=\"{&quot;aperture&quot;:&quot;0&quot;,&quot;credit&quot;:&quot;&quot;,&quot;camera&quot;:&quot;&quot;,&quot;caption&quot;:&quot;&quot;,&quot;created_timestamp&quot;:&quot;0&quot;,&quot;copyright&quot;:&quot;&quot;,&quot;focal_length&quot;:&quot;0&quot;,&quot;iso&quot;:&quot;0&quot;,&quot;shutter_speed&quot;:&quot;0&quot;,&quot;title&quot;:&quot;&quot;,&quot;orientation&quot;:&quot;0&quot;}\" data-image-title=\"WhatsApp Image 2024-01-30 at 15.02.55 (1)\" data-image-description=\"\" data-image-caption=\"\" data-medium-file=\"https:\/\/www.paudalho.pe.gov.br\/portal\/wp-content\/uploads\/2024\/01\/WhatsApp-Image-2024-01-30-at-15.02.55-1-350x230.jpeg\" data-large-file=\"https:\/\/www.paudalho.pe.gov.br\/portal\/wp-content\/uploads\/2024\/01\/WhatsApp-Image-2024-01-30-at-15.02.55-1-800x450.jpeg\" data-id=\"31804\" src=\"https:\/\/www.paudalho.pe.gov.br\/portal\/wp-content\/uploads\/2024\/01\/WhatsApp-Image-2024-01-30-at-15.02.55-1-800x450.jpeg\" alt=\"\" class=\"wp-image-31804\"\/><\/figure>\n\n\n\n<figure class=\"wp-block-image size-large\"><img loading=\"lazy\" decoding=\"async\" width=\"800\" height=\"450\" data-attachment-id=\"31805\" data-permalink=\"https:\/\/www.paudalho.pe.gov.br\/portal\/novos-conselheiros-tutelares-de-paudalho-tomam-posse-na-ultima-quarta-feira10\/whatsapp-image-2024-01-30-at-15-02-55\/\" data-orig-file=\"https:\/\/www.paudalho.pe.gov.br\/portal\/wp-content\/uploads\/2024\/01\/WhatsApp-Image-2024-01-30-at-15.02.55-scaled.jpeg\" data-orig-size=\"2560,1920\" data-comments-opened=\"1\" data-image-meta=\"{&quot;aperture&quot;:&quot;0&quot;,&quot;credit&quot;:&quot;&quot;,&quot;camera&quot;:&quot;&quot;,&quot;caption&quot;:&quot;&quot;,&quot;created_timestamp&quot;:&quot;0&quot;,&quot;copyright&quot;:&quot;&quot;,&quot;focal_length&quot;:&quot;0&quot;,&quot;iso&quot;:&quot;0&quot;,&quot;shutter_speed&quot;:&quot;0&quot;,&quot;title&quot;:&quot;&quot;,&quot;orientation&quot;:&quot;0&quot;}\" data-image-title=\"WhatsApp Image 2024-01-30 at 15.02.55\" data-image-description=\"\" data-image-caption=\"\" data-medium-file=\"https:\/\/www.paudalho.pe.gov.br\/portal\/wp-content\/uploads\/2024\/01\/WhatsApp-Image-2024-01-30-at-15.02.55-350x230.jpeg\" data-large-file=\"https:\/\/www.paudalho.pe.gov.br\/portal\/wp-content\/uploads\/2024\/01\/WhatsApp-Image-2024-01-30-at-15.02.55-800x450.jpeg\" data-id=\"31805\" src=\"https:\/\/www.paudalho.pe.gov.br\/portal\/wp-content\/uploads\/2024\/01\/WhatsApp-Image-2024-01-30-at-15.02.55-800x450.jpeg\" alt=\"\" class=\"wp-image-31805\"\/><\/figure>\n\n\n\n<figure class=\"wp-block-image size-large\"><img loading=\"lazy\" decoding=\"async\" width=\"800\" height=\"450\" data-attachment-id=\"31806\" data-permalink=\"https:\/\/www.paudalho.pe.gov.br\/portal\/novos-conselheiros-tutelares-de-paudalho-tomam-posse-na-ultima-quarta-feira10\/whatsapp-image-2024-01-30-at-15-02-54-3\/\" data-orig-file=\"https:\/\/www.paudalho.pe.gov.br\/portal\/wp-content\/uploads\/2024\/01\/WhatsApp-Image-2024-01-30-at-15.02.54-3-scaled.jpeg\" data-orig-size=\"2560,1920\" data-comments-opened=\"1\" data-image-meta=\"{&quot;aperture&quot;:&quot;0&quot;,&quot;credit&quot;:&quot;&quot;,&quot;camera&quot;:&quot;&quot;,&quot;caption&quot;:&quot;&quot;,&quot;created_timestamp&quot;:&quot;0&quot;,&quot;copyright&quot;:&quot;&quot;,&quot;focal_length&quot;:&quot;0&quot;,&quot;iso&quot;:&quot;0&quot;,&quot;shutter_speed&quot;:&quot;0&quot;,&quot;title&quot;:&quot;&quot;,&quot;orientation&quot;:&quot;0&quot;}\" data-image-title=\"WhatsApp Image 2024-01-30 at 15.02.54 (3)\" data-image-description=\"\" data-image-caption=\"\" data-medium-file=\"https:\/\/www.paudalho.pe.gov.br\/portal\/wp-content\/uploads\/2024\/01\/WhatsApp-Image-2024-01-30-at-15.02.54-3-350x230.jpeg\" data-large-file=\"https:\/\/www.paudalho.pe.gov.br\/portal\/wp-content\/uploads\/2024\/01\/WhatsApp-Image-2024-01-30-at-15.02.54-3-800x450.jpeg\" data-id=\"31806\" src=\"https:\/\/www.paudalho.pe.gov.br\/portal\/wp-content\/uploads\/2024\/01\/WhatsApp-Image-2024-01-30-at-15.02.54-3-800x450.jpeg\" alt=\"\" class=\"wp-image-31806\"\/><\/figure>\n\n\n\n<figure class=\"wp-block-image size-large\"><img loading=\"lazy\" decoding=\"async\" width=\"800\" height=\"450\" data-attachment-id=\"31807\" data-permalink=\"https:\/\/www.paudalho.pe.gov.br\/portal\/novos-conselheiros-tutelares-de-paudalho-tomam-posse-na-ultima-quarta-feira10\/whatsapp-image-2024-01-30-at-15-02-54-2\/\" data-orig-file=\"https:\/\/www.paudalho.pe.gov.br\/portal\/wp-content\/uploads\/2024\/01\/WhatsApp-Image-2024-01-30-at-15.02.54-2-scaled.jpeg\" data-orig-size=\"2560,1920\" data-comments-opened=\"1\" data-image-meta=\"{&quot;aperture&quot;:&quot;0&quot;,&quot;credit&quot;:&quot;&quot;,&quot;camera&quot;:&quot;&quot;,&quot;caption&quot;:&quot;&quot;,&quot;created_timestamp&quot;:&quot;0&quot;,&quot;copyright&quot;:&quot;&quot;,&quot;focal_length&quot;:&quot;0&quot;,&quot;iso&quot;:&quot;0&quot;,&quot;shutter_speed&quot;:&quot;0&quot;,&quot;title&quot;:&quot;&quot;,&quot;orientation&quot;:&quot;0&quot;}\" data-image-title=\"WhatsApp Image 2024-01-30 at 15.02.54 (2)\" data-image-description=\"\" data-image-caption=\"\" data-medium-file=\"https:\/\/www.paudalho.pe.gov.br\/portal\/wp-content\/uploads\/2024\/01\/WhatsApp-Image-2024-01-30-at-15.02.54-2-350x230.jpeg\" data-large-file=\"https:\/\/www.paudalho.pe.gov.br\/portal\/wp-content\/uploads\/2024\/01\/WhatsApp-Image-2024-01-30-at-15.02.54-2-800x450.jpeg\" data-id=\"31807\" src=\"https:\/\/www.paudalho.pe.gov.br\/portal\/wp-content\/uploads\/2024\/01\/WhatsApp-Image-2024-01-30-at-15.02.54-2-800x450.jpeg\" alt=\"\" class=\"wp-image-31807\"\/><\/figure>\n<\/figure>\n","protected":false},"excerpt":{"rendered":"<p>Os novos conselheiros tutelares de Paudalho, B\u00e1rbara Judith (com 823 votos), Hiago Valentim (com 686 votos), Valqu\u00edria de Bugo (reeleita com 606 votos), Irm\u00e3 Sandra (reeleita com 538 votos) e Chiquinho (reeleito com 520 votos), eleitos em 2023 por voto popular, tomaram posse na tarde desta quarta-feira(10), na Academia da Pol\u00edcia Militar do Paudalho.&nbsp; Os [&hellip;]<\/p>\n","protected":false},"author":10,"featured_media":31809,"comment_status":"open","ping_status":"open","sticky":false,"template":"","format":"standard","meta":{"_jetpack_newsletter_access":"","_jetpack_dont_email_post_to_subs":false,"_jetpack_newsletter_tier_id":0,"_jetpack_memberships_contains_paywalled_content":false,"_jetpack_memberships_contains_paid_content":false,"footnotes":""},"categories":[2,1],"tags":[487,14,22],"class_list":["post-31799","post","type-post","status-publish","format-standard","has-post-thumbnail","hentry","category-destaque","category-noticias","tag-conselho-tutelar","tag-paudalho","tag-prefeitura-do-paudalho"],"jetpack_featured_media_url":"https:\/\/www.paudalho.pe.gov.br\/portal\/wp-content\/uploads\/2024\/01\/WhatsApp-Image-2024-01-30-at-15.02.54-scaled.jpeg","jetpack_sharing_enabled":true,"jetpack_shortlink":"https:\/\/wp.me\/p98mS2-8gT","_links":{"self":[{"href":"https:\/\/www.paudalho.pe.gov.br\/portal\/wp-json\/wp\/v2\/posts\/31799","targetHints":{"allow":["GET"]}}],"collection":[{"href":"https:\/\/www.paudalho.pe.gov.br\/portal\/wp-json\/wp\/v2\/posts"}],"about":[{"href":"https:\/\/www.paudalho.pe.gov.br\/portal\/wp-json\/wp\/v2\/types\/post"}],"author":[{"embeddable":true,"href":"https:\/\/www.paudalho.pe.gov.br\/portal\/wp-json\/wp\/v2\/users\/10"}],"replies":[{"embeddable":true,"href":"https:\/\/www.paudalho.pe.gov.br\/portal\/wp-json\/wp\/v2\/comments?post=31799"}],"version-history":[{"count":5,"href":"https:\/\/www.paudalho.pe.gov.br\/portal\/wp-json\/wp\/v2\/posts\/31799\/revisions"}],"predecessor-version":[{"id":31815,"href":"https:\/\/www.paudalho.pe.gov.br\/portal\/wp-json\/wp\/v2\/posts\/31799\/revisions\/31815"}],"wp:featuredmedia":[{"embeddable":true,"href":"https:\/\/www.paudalho.pe.gov.br\/portal\/wp-json\/wp\/v2\/media\/31809"}],"wp:attachment":[{"href":"https:\/\/www.paudalho.pe.gov.br\/portal\/wp-json\/wp\/v2\/media?parent=31799"}],"wp:term":[{"taxonomy":"category","embeddable":true,"href":"https:\/\/www.paudalho.pe.gov.br\/portal\/wp-json\/wp\/v2\/categories?post=31799"},{"taxonomy":"post_tag","embeddable":true,"href":"https:\/\/www.paudalho.pe.gov.br\/portal\/wp-json\/wp\/v2\/tags?post=31799"}],"curies":[{"name":"wp","href":"https:\/\/api.w.org\/{rel}","templated":true}]}}