{"id":31796,"date":"2024-01-29T14:46:48","date_gmt":"2024-01-29T17:46:48","guid":{"rendered":"https:\/\/www.paudalho.pe.gov.br\/portal\/?p=31796"},"modified":"2025-01-08T00:38:18","modified_gmt":"2025-01-08T03:38:18","slug":"paudalho-realiza-reunioes-com-barraqueiros-ambulantes-e-equipe-da-troca-de-garrafas-nesta-quarta-feira31","status":"publish","type":"post","link":"https:\/\/www.paudalho.pe.gov.br\/portal\/paudalho-realiza-reunioes-com-barraqueiros-ambulantes-e-equipe-da-troca-de-garrafas-nesta-quarta-feira31\/","title":{"rendered":"Paudalho realiza reuni\u00f5es com barraqueiros, ambulantes e equipe da troca de garrafas nesta quarta-feira(31)"},"content":{"rendered":"\n<p>A Prefeitura do Paudalho, atrav\u00e9s da Secretaria de Cultura, Turismo, Lazer e Juventude (SecultJuv), realiza nesta quarta-feira(31), reuni\u00f5es com barraqueiros, ambulantes e equipe da troca de garrafas. A reuni\u00e3o ser\u00e1 realizada no P\u00e1tio da Feira, localizado no Centro do munic\u00edpio. <\/p>\n\n\n\n<p>A primeira reuni\u00e3o ser\u00e1 feita com a equipe da troca de garrafas, \u00e0s 10h. A segunda reuni\u00e3o acontecer\u00e1 com os ambulantes de carro de m\u00e3o, \u00e0s 14h; seguida da reuni\u00e3o com os barraqueiros, \u00e0s 15h.<\/p>\n\n\n\n<p>As reuni\u00f5es t\u00eam como objetivo alinhar estrat\u00e9gias para o per\u00edodo carnavalesco do munic\u00edpio. <\/p>\n","protected":false},"excerpt":{"rendered":"<p>A Prefeitura do Paudalho, atrav\u00e9s da Secretaria de Cultura, Turismo, Lazer e Juventude (SecultJuv), realiza nesta quarta-feira(31), reuni\u00f5es com barraqueiros, ambulantes e equipe da troca de garrafas. A reuni\u00e3o ser\u00e1 realizada no P\u00e1tio da Feira, localizado no Centro do munic\u00edpio. A primeira reuni\u00e3o ser\u00e1 feita com a equipe da troca de garrafas, \u00e0s 10h. A [&hellip;]<\/p>\n","protected":false},"author":10,"featured_media":31797,"comment_status":"open","ping_status":"open","sticky":false,"template":"","format":"standard","meta":{"_jetpack_newsletter_access":"","_jetpack_dont_email_post_to_subs":false,"_jetpack_newsletter_tier_id":0,"_jetpack_memberships_contains_paywalled_content":false,"_jetpack_memberships_contains_paid_content":false,"footnotes":""},"categories":[37,6,1184,2,1],"tags":[38,1348,1380,68,14,22,238],"class_list":["post-31796","post","type-post","status-publish","format-standard","has-post-thumbnail","hentry","category-carnaval","category-cultura","category-cultura-2","category-destaque","category-noticias","tag-carnaval","tag-carnaval-2024","tag-ciclo-de-carnaval-2024","tag-cultura","tag-paudalho","tag-prefeitura-do-paudalho","tag-secretaria-de-cultura-e-turismo"],"jetpack_featured_media_url":"https:\/\/www.paudalho.pe.gov.br\/portal\/wp-content\/uploads\/2024\/01\/WhatsApp-Image-2024-01-29-at-15.09.58-e1706637611174.jpeg","jetpack_sharing_enabled":true,"jetpack_shortlink":"https:\/\/wp.me\/p98mS2-8gQ","_links":{"self":[{"href":"https:\/\/www.paudalho.pe.gov.br\/portal\/wp-json\/wp\/v2\/posts\/31796","targetHints":{"allow":["GET"]}}],"collection":[{"href":"https:\/\/www.paudalho.pe.gov.br\/portal\/wp-json\/wp\/v2\/posts"}],"about":[{"href":"https:\/\/www.paudalho.pe.gov.br\/portal\/wp-json\/wp\/v2\/types\/post"}],"author":[{"embeddable":true,"href":"https:\/\/www.paudalho.pe.gov.br\/portal\/wp-json\/wp\/v2\/users\/10"}],"replies":[{"embeddable":true,"href":"https:\/\/www.paudalho.pe.gov.br\/portal\/wp-json\/wp\/v2\/comments?post=31796"}],"version-history":[{"count":1,"href":"https:\/\/www.paudalho.pe.gov.br\/portal\/wp-json\/wp\/v2\/posts\/31796\/revisions"}],"predecessor-version":[{"id":31798,"href":"https:\/\/www.paudalho.pe.gov.br\/portal\/wp-json\/wp\/v2\/posts\/31796\/revisions\/31798"}],"wp:featuredmedia":[{"embeddable":true,"href":"https:\/\/www.paudalho.pe.gov.br\/portal\/wp-json\/wp\/v2\/media\/31797"}],"wp:attachment":[{"href":"https:\/\/www.paudalho.pe.gov.br\/portal\/wp-json\/wp\/v2\/media?parent=31796"}],"wp:term":[{"taxonomy":"category","embeddable":true,"href":"https:\/\/www.paudalho.pe.gov.br\/portal\/wp-json\/wp\/v2\/categories?post=31796"},{"taxonomy":"post_tag","embeddable":true,"href":"https:\/\/www.paudalho.pe.gov.br\/portal\/wp-json\/wp\/v2\/tags?post=31796"}],"curies":[{"name":"wp","href":"https:\/\/api.w.org\/{rel}","templated":true}]}}