{"id":31587,"date":"2024-01-25T11:10:40","date_gmt":"2024-01-25T14:10:40","guid":{"rendered":"https:\/\/www.paudalho.pe.gov.br\/portal\/?p=31587"},"modified":"2025-01-08T00:38:18","modified_gmt":"2025-01-08T03:38:18","slug":"paudalho-assina-ordem-de-servico-da-obra-do-novo-santuario-sao-severino-do-ramos-neste-domingo-28","status":"publish","type":"post","link":"https:\/\/www.paudalho.pe.gov.br\/portal\/paudalho-assina-ordem-de-servico-da-obra-do-novo-santuario-sao-severino-do-ramos-neste-domingo-28\/","title":{"rendered":"Paudalho assina ordem de servi\u00e7o da obra do Santu\u00e1rio S\u00e3o Severino do Ramos neste domingo (28)"},"content":{"rendered":"\n<p>A Prefeitura de Paudalho assina no pr\u00f3ximo domingo(28), ap\u00f3s a missa das 10h da Igreja de Nossa Senhora da Luz, a ordem de servi\u00e7o da obra de requalifica\u00e7\u00e3o do Santu\u00e1rio de S\u00e3o Severino do Ramos, com a presen\u00e7a confirmada de diversas autoridades como a governadora de Pernambuco, Raquel Lyra (PSDB). Ser\u00e3o 15 milh\u00f5es investidos nesta que \u00e9 uma das maiores romarias do Nordeste, e j\u00e1 foi a terceira maior do Brasil. A ordem \u00e9 um marco importante no munic\u00edpio, considerando que o Santu\u00e1rio, al\u00e9m de ser patrim\u00f4nio cultural religioso imaterial em Paudalho desde 2018, \u00e9 um local de express\u00e3o de f\u00e9, tradi\u00e7\u00e3o e cultura, que marca a identidade do munic\u00edpio e de todo estado de Pernambuco.<\/p>\n\n\n\n<p>Desapropriado no ano de 2022, o projeto de requalifica\u00e7\u00e3o do santu\u00e1rio conta com um novo centro comercial e gastron\u00f4mico, vel\u00e1rio, estacionamentos, missa campal e anel vi\u00e1rio para permitir melhor locomo\u00e7\u00e3o no complexo tur\u00edstico, ofertando mais comodidade e conforto para dezenas de turistas e fi\u00e9is que visitam diariamente o Santu\u00e1rio.<\/p>\n\n\n\n<figure class=\"wp-block-gallery has-nested-images columns-default is-cropped wp-block-gallery-1 is-layout-flex wp-block-gallery-is-layout-flex\">\n<figure class=\"wp-block-image size-large\"><img loading=\"lazy\" decoding=\"async\" width=\"800\" height=\"450\" data-attachment-id=\"31633\" data-permalink=\"https:\/\/www.paudalho.pe.gov.br\/portal\/paudalho-assina-ordem-de-servico-da-obra-do-novo-santuario-sao-severino-do-ramos-neste-domingo-28\/whatsapp-image-2024-01-24-at-13-41-02-1\/\" data-orig-file=\"https:\/\/www.paudalho.pe.gov.br\/portal\/wp-content\/uploads\/2024\/01\/WhatsApp-Image-2024-01-24-at-13.41.02-1.jpeg\" data-orig-size=\"1280,720\" data-comments-opened=\"1\" data-image-meta=\"{&quot;aperture&quot;:&quot;0&quot;,&quot;credit&quot;:&quot;&quot;,&quot;camera&quot;:&quot;&quot;,&quot;caption&quot;:&quot;&quot;,&quot;created_timestamp&quot;:&quot;0&quot;,&quot;copyright&quot;:&quot;&quot;,&quot;focal_length&quot;:&quot;0&quot;,&quot;iso&quot;:&quot;0&quot;,&quot;shutter_speed&quot;:&quot;0&quot;,&quot;title&quot;:&quot;&quot;,&quot;orientation&quot;:&quot;0&quot;}\" data-image-title=\"WhatsApp Image 2024-01-24 at 13.41.02 (1)\" data-image-description=\"\" data-image-caption=\"&lt;p&gt;Imagens do projeto da constru\u00e7\u00e3o do Novo Santu\u00e1rio de S\u00e3o Severino do Ramos&lt;\/p&gt;\n\" data-medium-file=\"https:\/\/www.paudalho.pe.gov.br\/portal\/wp-content\/uploads\/2024\/01\/WhatsApp-Image-2024-01-24-at-13.41.02-1-350x230.jpeg\" data-large-file=\"https:\/\/www.paudalho.pe.gov.br\/portal\/wp-content\/uploads\/2024\/01\/WhatsApp-Image-2024-01-24-at-13.41.02-1-800x450.jpeg\" data-id=\"31633\" src=\"https:\/\/www.paudalho.pe.gov.br\/portal\/wp-content\/uploads\/2024\/01\/WhatsApp-Image-2024-01-24-at-13.41.02-1-800x450.jpeg\" alt=\"\" class=\"wp-image-31633\" srcset=\"https:\/\/www.paudalho.pe.gov.br\/portal\/wp-content\/uploads\/2024\/01\/WhatsApp-Image-2024-01-24-at-13.41.02-1-800x450.jpeg 800w, https:\/\/www.paudalho.pe.gov.br\/portal\/wp-content\/uploads\/2024\/01\/WhatsApp-Image-2024-01-24-at-13.41.02-1-768x432.jpeg 768w, https:\/\/www.paudalho.pe.gov.br\/portal\/wp-content\/uploads\/2024\/01\/WhatsApp-Image-2024-01-24-at-13.41.02-1.jpeg 1280w\" sizes=\"auto, (max-width: 800px) 100vw, 800px\" \/><\/figure>\n\n\n\n<figure class=\"wp-block-image size-large\"><img loading=\"lazy\" decoding=\"async\" width=\"800\" height=\"450\" data-attachment-id=\"31630\" data-permalink=\"https:\/\/www.paudalho.pe.gov.br\/portal\/paudalho-assina-ordem-de-servico-da-obra-do-novo-santuario-sao-severino-do-ramos-neste-domingo-28\/whatsapp-image-2024-01-24-at-13-41-03-2\/\" data-orig-file=\"https:\/\/www.paudalho.pe.gov.br\/portal\/wp-content\/uploads\/2024\/01\/WhatsApp-Image-2024-01-24-at-13.41.03-2.jpeg\" data-orig-size=\"1280,720\" data-comments-opened=\"1\" data-image-meta=\"{&quot;aperture&quot;:&quot;0&quot;,&quot;credit&quot;:&quot;&quot;,&quot;camera&quot;:&quot;&quot;,&quot;caption&quot;:&quot;&quot;,&quot;created_timestamp&quot;:&quot;0&quot;,&quot;copyright&quot;:&quot;&quot;,&quot;focal_length&quot;:&quot;0&quot;,&quot;iso&quot;:&quot;0&quot;,&quot;shutter_speed&quot;:&quot;0&quot;,&quot;title&quot;:&quot;&quot;,&quot;orientation&quot;:&quot;0&quot;}\" data-image-title=\"WhatsApp Image 2024-01-24 at 13.41.03 (2)\" data-image-description=\"\" data-image-caption=\"&lt;p&gt;Imagens do projeto da constru\u00e7\u00e3o do Novo Santu\u00e1rio de S\u00e3o Severino do Ramos&lt;\/p&gt;\n\" data-medium-file=\"https:\/\/www.paudalho.pe.gov.br\/portal\/wp-content\/uploads\/2024\/01\/WhatsApp-Image-2024-01-24-at-13.41.03-2-350x230.jpeg\" data-large-file=\"https:\/\/www.paudalho.pe.gov.br\/portal\/wp-content\/uploads\/2024\/01\/WhatsApp-Image-2024-01-24-at-13.41.03-2-800x450.jpeg\" data-id=\"31630\" src=\"https:\/\/www.paudalho.pe.gov.br\/portal\/wp-content\/uploads\/2024\/01\/WhatsApp-Image-2024-01-24-at-13.41.03-2-800x450.jpeg\" alt=\"\" class=\"wp-image-31630\" srcset=\"https:\/\/www.paudalho.pe.gov.br\/portal\/wp-content\/uploads\/2024\/01\/WhatsApp-Image-2024-01-24-at-13.41.03-2-800x450.jpeg 800w, https:\/\/www.paudalho.pe.gov.br\/portal\/wp-content\/uploads\/2024\/01\/WhatsApp-Image-2024-01-24-at-13.41.03-2-768x432.jpeg 768w, https:\/\/www.paudalho.pe.gov.br\/portal\/wp-content\/uploads\/2024\/01\/WhatsApp-Image-2024-01-24-at-13.41.03-2.jpeg 1280w\" sizes=\"auto, (max-width: 800px) 100vw, 800px\" \/><\/figure>\n\n\n\n<figure class=\"wp-block-image size-large\"><img loading=\"lazy\" decoding=\"async\" width=\"800\" height=\"450\" data-attachment-id=\"31631\" data-permalink=\"https:\/\/www.paudalho.pe.gov.br\/portal\/paudalho-assina-ordem-de-servico-da-obra-do-novo-santuario-sao-severino-do-ramos-neste-domingo-28\/whatsapp-image-2024-01-24-at-13-41-01-2\/\" data-orig-file=\"https:\/\/www.paudalho.pe.gov.br\/portal\/wp-content\/uploads\/2024\/01\/WhatsApp-Image-2024-01-24-at-13.41.01-2.jpeg\" data-orig-size=\"1280,719\" data-comments-opened=\"1\" data-image-meta=\"{&quot;aperture&quot;:&quot;0&quot;,&quot;credit&quot;:&quot;&quot;,&quot;camera&quot;:&quot;&quot;,&quot;caption&quot;:&quot;&quot;,&quot;created_timestamp&quot;:&quot;0&quot;,&quot;copyright&quot;:&quot;&quot;,&quot;focal_length&quot;:&quot;0&quot;,&quot;iso&quot;:&quot;0&quot;,&quot;shutter_speed&quot;:&quot;0&quot;,&quot;title&quot;:&quot;&quot;,&quot;orientation&quot;:&quot;0&quot;}\" data-image-title=\"WhatsApp Image 2024-01-24 at 13.41.01 (2)\" data-image-description=\"\" data-image-caption=\"&lt;p&gt;Imagens do projeto da constru\u00e7\u00e3o do Novo Santu\u00e1rio de S\u00e3o Severino do Ramos&lt;\/p&gt;\n\" data-medium-file=\"https:\/\/www.paudalho.pe.gov.br\/portal\/wp-content\/uploads\/2024\/01\/WhatsApp-Image-2024-01-24-at-13.41.01-2-350x230.jpeg\" data-large-file=\"https:\/\/www.paudalho.pe.gov.br\/portal\/wp-content\/uploads\/2024\/01\/WhatsApp-Image-2024-01-24-at-13.41.01-2-800x450.jpeg\" data-id=\"31631\" src=\"https:\/\/www.paudalho.pe.gov.br\/portal\/wp-content\/uploads\/2024\/01\/WhatsApp-Image-2024-01-24-at-13.41.01-2-800x450.jpeg\" alt=\"\" class=\"wp-image-31631\" srcset=\"https:\/\/www.paudalho.pe.gov.br\/portal\/wp-content\/uploads\/2024\/01\/WhatsApp-Image-2024-01-24-at-13.41.01-2-800x450.jpeg 800w, https:\/\/www.paudalho.pe.gov.br\/portal\/wp-content\/uploads\/2024\/01\/WhatsApp-Image-2024-01-24-at-13.41.01-2-768x431.jpeg 768w, https:\/\/www.paudalho.pe.gov.br\/portal\/wp-content\/uploads\/2024\/01\/WhatsApp-Image-2024-01-24-at-13.41.01-2.jpeg 1280w\" sizes=\"auto, (max-width: 800px) 100vw, 800px\" \/><\/figure>\n\n\n\n<figure class=\"wp-block-image size-large\"><img loading=\"lazy\" decoding=\"async\" width=\"800\" height=\"450\" data-attachment-id=\"31632\" data-permalink=\"https:\/\/www.paudalho.pe.gov.br\/portal\/paudalho-assina-ordem-de-servico-da-obra-do-novo-santuario-sao-severino-do-ramos-neste-domingo-28\/whatsapp-image-2024-01-24-at-13-40-59-1\/\" data-orig-file=\"https:\/\/www.paudalho.pe.gov.br\/portal\/wp-content\/uploads\/2024\/01\/WhatsApp-Image-2024-01-24-at-13.40.59-1.jpeg\" data-orig-size=\"1280,720\" data-comments-opened=\"1\" data-image-meta=\"{&quot;aperture&quot;:&quot;0&quot;,&quot;credit&quot;:&quot;&quot;,&quot;camera&quot;:&quot;&quot;,&quot;caption&quot;:&quot;&quot;,&quot;created_timestamp&quot;:&quot;0&quot;,&quot;copyright&quot;:&quot;&quot;,&quot;focal_length&quot;:&quot;0&quot;,&quot;iso&quot;:&quot;0&quot;,&quot;shutter_speed&quot;:&quot;0&quot;,&quot;title&quot;:&quot;&quot;,&quot;orientation&quot;:&quot;0&quot;}\" data-image-title=\"WhatsApp Image 2024-01-24 at 13.40.59 (1)\" data-image-description=\"\" data-image-caption=\"&lt;p&gt;Imagens do projeto da constru\u00e7\u00e3o do Novo Santu\u00e1rio de S\u00e3o Severino do Ramos&lt;\/p&gt;\n\" data-medium-file=\"https:\/\/www.paudalho.pe.gov.br\/portal\/wp-content\/uploads\/2024\/01\/WhatsApp-Image-2024-01-24-at-13.40.59-1-350x230.jpeg\" data-large-file=\"https:\/\/www.paudalho.pe.gov.br\/portal\/wp-content\/uploads\/2024\/01\/WhatsApp-Image-2024-01-24-at-13.40.59-1-800x450.jpeg\" data-id=\"31632\" src=\"https:\/\/www.paudalho.pe.gov.br\/portal\/wp-content\/uploads\/2024\/01\/WhatsApp-Image-2024-01-24-at-13.40.59-1-800x450.jpeg\" alt=\"\" class=\"wp-image-31632\" srcset=\"https:\/\/www.paudalho.pe.gov.br\/portal\/wp-content\/uploads\/2024\/01\/WhatsApp-Image-2024-01-24-at-13.40.59-1-800x450.jpeg 800w, https:\/\/www.paudalho.pe.gov.br\/portal\/wp-content\/uploads\/2024\/01\/WhatsApp-Image-2024-01-24-at-13.40.59-1-768x432.jpeg 768w, https:\/\/www.paudalho.pe.gov.br\/portal\/wp-content\/uploads\/2024\/01\/WhatsApp-Image-2024-01-24-at-13.40.59-1.jpeg 1280w\" sizes=\"auto, (max-width: 800px) 100vw, 800px\" \/><\/figure>\n\n\n\n<figure class=\"wp-block-image size-large\"><img loading=\"lazy\" decoding=\"async\" width=\"800\" height=\"450\" data-attachment-id=\"31629\" data-permalink=\"https:\/\/www.paudalho.pe.gov.br\/portal\/paudalho-assina-ordem-de-servico-da-obra-do-novo-santuario-sao-severino-do-ramos-neste-domingo-28\/whatsapp-image-2024-01-24-at-13-41-03-6\/\" data-orig-file=\"https:\/\/www.paudalho.pe.gov.br\/portal\/wp-content\/uploads\/2024\/01\/WhatsApp-Image-2024-01-24-at-13.41.03-6.jpeg\" data-orig-size=\"1280,720\" data-comments-opened=\"1\" data-image-meta=\"{&quot;aperture&quot;:&quot;0&quot;,&quot;credit&quot;:&quot;&quot;,&quot;camera&quot;:&quot;&quot;,&quot;caption&quot;:&quot;&quot;,&quot;created_timestamp&quot;:&quot;0&quot;,&quot;copyright&quot;:&quot;&quot;,&quot;focal_length&quot;:&quot;0&quot;,&quot;iso&quot;:&quot;0&quot;,&quot;shutter_speed&quot;:&quot;0&quot;,&quot;title&quot;:&quot;&quot;,&quot;orientation&quot;:&quot;0&quot;}\" data-image-title=\"WhatsApp Image 2024-01-24 at 13.41.03 (6)\" data-image-description=\"\" data-image-caption=\"&lt;p&gt;Imagens do projeto da constru\u00e7\u00e3o do Novo Santu\u00e1rio de S\u00e3o Severino do Ramos&lt;\/p&gt;\n\" data-medium-file=\"https:\/\/www.paudalho.pe.gov.br\/portal\/wp-content\/uploads\/2024\/01\/WhatsApp-Image-2024-01-24-at-13.41.03-6-350x230.jpeg\" data-large-file=\"https:\/\/www.paudalho.pe.gov.br\/portal\/wp-content\/uploads\/2024\/01\/WhatsApp-Image-2024-01-24-at-13.41.03-6-800x450.jpeg\" data-id=\"31629\" src=\"https:\/\/www.paudalho.pe.gov.br\/portal\/wp-content\/uploads\/2024\/01\/WhatsApp-Image-2024-01-24-at-13.41.03-6-800x450.jpeg\" alt=\"\" class=\"wp-image-31629\" srcset=\"https:\/\/www.paudalho.pe.gov.br\/portal\/wp-content\/uploads\/2024\/01\/WhatsApp-Image-2024-01-24-at-13.41.03-6-800x450.jpeg 800w, https:\/\/www.paudalho.pe.gov.br\/portal\/wp-content\/uploads\/2024\/01\/WhatsApp-Image-2024-01-24-at-13.41.03-6-768x432.jpeg 768w, https:\/\/www.paudalho.pe.gov.br\/portal\/wp-content\/uploads\/2024\/01\/WhatsApp-Image-2024-01-24-at-13.41.03-6.jpeg 1280w\" sizes=\"auto, (max-width: 800px) 100vw, 800px\" \/><\/figure>\n<\/figure>\n\n\n\n<p>Marcelo Gouveia, prefeito do munic\u00edpio, destacou os benef\u00edcios da requalifica\u00e7\u00e3o. &#8220;Ser\u00e3o investidos cerca de 15 milh\u00f5es de reais para poder dar condi\u00e7\u00f5es ao nosso munic\u00edpio de Paudalho de receber bem o romeiro, para que a gente possa gerar emprego, gerar renda, e fortalecer a f\u00e9 da nossa cidade. Ter o Santu\u00e1rio \u00e9 motivo de orgulho para o povo paudalhense e n\u00e3o poder\u00edamos deixar de investir nesta riqueza cultural, hist\u00f3rica, tur\u00edstica e econ\u00f4mica do nosso munic\u00edpio&#8221;, pontuou.<\/p>\n\n\n\n<p>Segundo a Secretaria de Cultura, Turismo, Lazer e Juventude de Paudalho, semanalmente, o complexo tur\u00edstico de S\u00e3o Severino recebe de 50 a 1000 turistas. Aos domingos, entre o m\u00eas de setembro e abril, temporada de romaria, o movimento no Santu\u00e1rio aumenta para 10 a 15 mil pessoas. J\u00e1 nas romarias espec\u00edficas, como as romarias dos cavaleiros e dos motociclistas, o local chega a receber entre 20 e 30 mil romeiros, que buscam fazer e\/ou agradecer promessas realizadas \u00e0 S\u00e3o Severino do Ramos, al\u00e9m de aproveitar o com\u00e9rcio e a gastronomia do local.<\/p>\n\n\n\n<p>Atualmente, o Santu\u00e1rio est\u00e1 aberto para visita\u00e7\u00f5es \u00e0s segundas-feiras, das 8h \u00e0s 12h; e das ter\u00e7as-feiras aos domingos, das 8h \u00e0s 16h. Aos domingos, o local conta com missa a partir das 10h.<\/p>\n\n\n\n<p><strong>F\u00e9 e devo\u00e7\u00e3o<\/strong><\/p>\n\n\n\n<p>De origem cat\u00f3lica, a f\u00e9 e os prod\u00edgios do santo S\u00e3o Severino do Ramos t\u00eam seus primeiros relatos no s\u00e9culo XIX, quando se iniciou a hist\u00f3ria de que a est\u00e1tua (de tamanho natural, com origem incerta, que representa S\u00e3o Severino de N\u00f3rica, deitado e vestido em trajes de soldado romano) seria o pr\u00f3prio cad\u00e1ver incorrupto de S\u00e3o Severino. Na \u00e9poca, a not\u00edcia se espalhou entre os moradores da regi\u00e3o, atraindo diversos fi\u00e9is de v\u00e1rios lugares do Nordeste para frequentar a Igreja de Nossa Senhora da Luz, no Engenho Ramos (desativado na d\u00e9cada de 20), Paudalho &#8211; PE, onde a est\u00e1tua se encontrava.&nbsp;<\/p>\n\n\n\n<p>A f\u00e9 tem sua base na hist\u00f3ria de S\u00e3o Severino M\u00e1rtir, um soldado romano dos primeiros s\u00e9culos do cristianismo. Segundo a tradi\u00e7\u00e3o, ele foi um soldado romano martirizado no s\u00e9culo II ou III. S\u00e3o Severino foi um cidad\u00e3o romano rico que, em um ato de caridade, doou seus bens para os pobres e iniciou uma vida de ren\u00fancias no Egito e na S\u00edria. Ele realizou importantes trabalhos mission\u00e1rios em regi\u00f5es da \u00c1ustria e Iugosl\u00e1via, pregando em penitenci\u00e1rias. Al\u00e9m disso, um de seus grandes feitos foi libertar os escravos do dom\u00ednio dos b\u00e1rbaros e, segundo relatos, milagres ocorreram atrav\u00e9s de suas ora\u00e7\u00f5es.<\/p>\n\n\n\n<figure class=\"wp-block-image size-large is-resized\"><img loading=\"lazy\" decoding=\"async\" width=\"800\" height=\"450\" data-attachment-id=\"31634\" data-permalink=\"https:\/\/www.paudalho.pe.gov.br\/portal\/paudalho-assina-ordem-de-servico-da-obra-do-novo-santuario-sao-severino-do-ramos-neste-domingo-28\/photo1697983617-2\/\" data-orig-file=\"https:\/\/www.paudalho.pe.gov.br\/portal\/wp-content\/uploads\/2024\/01\/photo1697983617.jpeg\" data-orig-size=\"2560,1437\" data-comments-opened=\"1\" data-image-meta=\"{&quot;aperture&quot;:&quot;0&quot;,&quot;credit&quot;:&quot;&quot;,&quot;camera&quot;:&quot;&quot;,&quot;caption&quot;:&quot;&quot;,&quot;created_timestamp&quot;:&quot;0&quot;,&quot;copyright&quot;:&quot;&quot;,&quot;focal_length&quot;:&quot;0&quot;,&quot;iso&quot;:&quot;0&quot;,&quot;shutter_speed&quot;:&quot;0&quot;,&quot;title&quot;:&quot;&quot;,&quot;orientation&quot;:&quot;0&quot;}\" data-image-title=\"photo1697983617\" data-image-description=\"\" data-image-caption=\"\" data-medium-file=\"https:\/\/www.paudalho.pe.gov.br\/portal\/wp-content\/uploads\/2024\/01\/photo1697983617-350x230.jpeg\" data-large-file=\"https:\/\/www.paudalho.pe.gov.br\/portal\/wp-content\/uploads\/2024\/01\/photo1697983617-800x450.jpeg\" src=\"https:\/\/www.paudalho.pe.gov.br\/portal\/wp-content\/uploads\/2024\/01\/photo1697983617-800x450.jpeg\" alt=\"\" class=\"wp-image-31634\" style=\"width:840px;height:auto\" srcset=\"https:\/\/www.paudalho.pe.gov.br\/portal\/wp-content\/uploads\/2024\/01\/photo1697983617-800x450.jpeg 800w, https:\/\/www.paudalho.pe.gov.br\/portal\/wp-content\/uploads\/2024\/01\/photo1697983617-768x431.jpeg 768w, https:\/\/www.paudalho.pe.gov.br\/portal\/wp-content\/uploads\/2024\/01\/photo1697983617-1536x862.jpeg 1536w, https:\/\/www.paudalho.pe.gov.br\/portal\/wp-content\/uploads\/2024\/01\/photo1697983617-2048x1150.jpeg 2048w\" sizes=\"auto, (max-width: 800px) 100vw, 800px\" \/><\/figure>\n","protected":false},"excerpt":{"rendered":"<p>A Prefeitura de Paudalho assina no pr\u00f3ximo domingo(28), ap\u00f3s a missa das 10h da Igreja de Nossa Senhora da Luz, a ordem de servi\u00e7o da obra de requalifica\u00e7\u00e3o do Santu\u00e1rio de S\u00e3o Severino do Ramos, com a presen\u00e7a confirmada de diversas autoridades como a governadora de Pernambuco, Raquel Lyra (PSDB). Ser\u00e3o 15 milh\u00f5es investidos nesta [&hellip;]<\/p>\n","protected":false},"author":10,"featured_media":31626,"comment_status":"open","ping_status":"open","sticky":false,"template":"","format":"standard","meta":{"_jetpack_newsletter_access":"","_jetpack_dont_email_post_to_subs":false,"_jetpack_newsletter_tier_id":0,"_jetpack_memberships_contains_paywalled_content":false,"_jetpack_memberships_contains_paid_content":false,"footnotes":""},"categories":[6,1184,2,1],"tags":[68,364,22,1385,1284,277,238],"class_list":["post-31587","post","type-post","status-publish","format-standard","has-post-thumbnail","hentry","category-cultura","category-cultura-2","category-destaque","category-noticias","tag-cultura","tag-ordem-de-servico","tag-prefeitura-do-paudalho","tag-santuario-de-sao-severino-do-ramos","tag-sao-severino-do-ramos","tag-sao-severino-dos-ramos","tag-secretaria-de-cultura-e-turismo"],"jetpack_featured_media_url":"https:\/\/www.paudalho.pe.gov.br\/portal\/wp-content\/uploads\/2024\/01\/Igreja-de-Nossa-Senhora-da-Luz-Santuario-de-Sao-Severino-do-Ramos-.jpeg","jetpack_sharing_enabled":true,"jetpack_shortlink":"https:\/\/wp.me\/p98mS2-8dt","_links":{"self":[{"href":"https:\/\/www.paudalho.pe.gov.br\/portal\/wp-json\/wp\/v2\/posts\/31587","targetHints":{"allow":["GET"]}}],"collection":[{"href":"https:\/\/www.paudalho.pe.gov.br\/portal\/wp-json\/wp\/v2\/posts"}],"about":[{"href":"https:\/\/www.paudalho.pe.gov.br\/portal\/wp-json\/wp\/v2\/types\/post"}],"author":[{"embeddable":true,"href":"https:\/\/www.paudalho.pe.gov.br\/portal\/wp-json\/wp\/v2\/users\/10"}],"replies":[{"embeddable":true,"href":"https:\/\/www.paudalho.pe.gov.br\/portal\/wp-json\/wp\/v2\/comments?post=31587"}],"version-history":[{"count":4,"href":"https:\/\/www.paudalho.pe.gov.br\/portal\/wp-json\/wp\/v2\/posts\/31587\/revisions"}],"predecessor-version":[{"id":31690,"href":"https:\/\/www.paudalho.pe.gov.br\/portal\/wp-json\/wp\/v2\/posts\/31587\/revisions\/31690"}],"wp:featuredmedia":[{"embeddable":true,"href":"https:\/\/www.paudalho.pe.gov.br\/portal\/wp-json\/wp\/v2\/media\/31626"}],"wp:attachment":[{"href":"https:\/\/www.paudalho.pe.gov.br\/portal\/wp-json\/wp\/v2\/media?parent=31587"}],"wp:term":[{"taxonomy":"category","embeddable":true,"href":"https:\/\/www.paudalho.pe.gov.br\/portal\/wp-json\/wp\/v2\/categories?post=31587"},{"taxonomy":"post_tag","embeddable":true,"href":"https:\/\/www.paudalho.pe.gov.br\/portal\/wp-json\/wp\/v2\/tags?post=31587"}],"curies":[{"name":"wp","href":"https:\/\/api.w.org\/{rel}","templated":true}]}}