{"id":31480,"date":"2024-01-24T15:30:04","date_gmt":"2024-01-24T18:30:04","guid":{"rendered":"https:\/\/www.paudalho.pe.gov.br\/portal\/?p=31480"},"modified":"2025-01-08T00:38:18","modified_gmt":"2025-01-08T03:38:18","slug":"paudalho-encerra-155a-festa-de-sao-sebastiao-batendo-publico-recorde-de-quase-300-mil-pessoas-nos-ultimos-tres-dias-de-programacao","status":"publish","type":"post","link":"https:\/\/www.paudalho.pe.gov.br\/portal\/paudalho-encerra-155a-festa-de-sao-sebastiao-batendo-publico-recorde-de-quase-300-mil-pessoas-nos-ultimos-tres-dias-de-programacao\/","title":{"rendered":"Paudalho encerra 155\u00aa Festa de S\u00e3o Sebasti\u00e3o batendo p\u00fablico recorde de quase 300 mil pessoas nos \u00faltimos tr\u00eas dias de programa\u00e7\u00e3o"},"content":{"rendered":"\n<p>Com nove dias de festa, dois polos, 30 atra\u00e7\u00f5es, entre elas, artistas como Raphaela Santos, Tarc\u00edsio do Acordeon, Lim\u00e3o com Mel e Felipe Amorim, a Prefeitura do Paudalho, atrav\u00e9s da Secretaria de Cultura, Turismo, Lazer e Juventude (SecultJuv), realizou a 155\u00aa Festa de S\u00e3o Sebasti\u00e3o 2024 entre os dias 12 e 21 de janeiro.<\/p>\n\n\n\n<p>No Polo Principal, localizado no P\u00e1tio do Beira-Rio, no Centro de Paudalho, a festividade foi realizada nos dias 19,20 e 21, batendo p\u00fablico recorde de quase 300 mil pessoas nos tr\u00eas dias de shows. No primeiro dia de festa, a artista da terra Amanda Ferraz abriu o show, cantando grandes hits do ver\u00e3o. Logo ap\u00f3s, a festa continuou com o brega de Rog\u00e9rio Som, trazendo um repert\u00f3rio variado; e com o ex-Magn\u00edficos, Juarez, cantando m\u00fasicas da sua trajet\u00f3ria na banda e can\u00e7\u00f5es lan\u00e7adas na sua carreira solo. Fechando a noite com chave de ouro, Paudalho recebeu o atemporal Conde, que trouxe cl\u00e1ssicos do brega, animando a noite paudalhense.<\/p>\n\n\n\n<figure class=\"wp-block-gallery has-nested-images columns-default is-cropped wp-block-gallery-1 is-layout-flex wp-block-gallery-is-layout-flex\">\n<figure class=\"wp-block-image size-large\"><img loading=\"lazy\" decoding=\"async\" width=\"800\" height=\"450\" data-attachment-id=\"31505\" data-permalink=\"https:\/\/www.paudalho.pe.gov.br\/portal\/paudalho-encerra-155a-festa-de-sao-sebastiao-batendo-publico-recorde-de-quase-300-mil-pessoas-nos-ultimos-tres-dias-de-programacao\/_h5a7175-1\/\" data-orig-file=\"https:\/\/www.paudalho.pe.gov.br\/portal\/wp-content\/uploads\/2024\/01\/H5A7175-1-scaled.jpg\" data-orig-size=\"2560,1707\" data-comments-opened=\"1\" data-image-meta=\"{&quot;aperture&quot;:&quot;2.8&quot;,&quot;credit&quot;:&quot;CHARLES JOHNSON&quot;,&quot;camera&quot;:&quot;Canon EOS 5D Mark IV&quot;,&quot;caption&quot;:&quot;&quot;,&quot;created_timestamp&quot;:&quot;1705701531&quot;,&quot;copyright&quot;:&quot;CHARLES JOHNSON 81 986016133&quot;,&quot;focal_length&quot;:&quot;200&quot;,&quot;iso&quot;:&quot;400&quot;,&quot;shutter_speed&quot;:&quot;0.00625&quot;,&quot;title&quot;:&quot;&quot;,&quot;orientation&quot;:&quot;1&quot;}\" data-image-title=\"_H5A7175 (1)\" data-image-description=\"\" data-image-caption=\"&lt;p&gt;Cr\u00e9dito: Josu\u00e9 J\u00fanior\/PMP&lt;\/p&gt;\n\" data-medium-file=\"https:\/\/www.paudalho.pe.gov.br\/portal\/wp-content\/uploads\/2024\/01\/H5A7175-1-350x230.jpg\" data-large-file=\"https:\/\/www.paudalho.pe.gov.br\/portal\/wp-content\/uploads\/2024\/01\/H5A7175-1-800x450.jpg\" data-id=\"31505\" src=\"https:\/\/www.paudalho.pe.gov.br\/portal\/wp-content\/uploads\/2024\/01\/H5A7175-1-800x450.jpg\" alt=\"\" class=\"wp-image-31505\"\/><figcaption class=\"wp-element-caption\">Cr\u00e9dito: Josu\u00e9 J\u00fanior\/PMP<\/figcaption><\/figure>\n\n\n\n<figure class=\"wp-block-image size-large\"><img loading=\"lazy\" decoding=\"async\" width=\"800\" height=\"450\" data-attachment-id=\"31506\" data-permalink=\"https:\/\/www.paudalho.pe.gov.br\/portal\/paudalho-encerra-155a-festa-de-sao-sebastiao-batendo-publico-recorde-de-quase-300-mil-pessoas-nos-ultimos-tres-dias-de-programacao\/_h5a7234\/\" data-orig-file=\"https:\/\/www.paudalho.pe.gov.br\/portal\/wp-content\/uploads\/2024\/01\/H5A7234-scaled.jpg\" data-orig-size=\"2560,1707\" data-comments-opened=\"1\" data-image-meta=\"{&quot;aperture&quot;:&quot;2.8&quot;,&quot;credit&quot;:&quot;CHARLES JOHNSON&quot;,&quot;camera&quot;:&quot;Canon EOS 5D Mark IV&quot;,&quot;caption&quot;:&quot;&quot;,&quot;created_timestamp&quot;:&quot;1705713548&quot;,&quot;copyright&quot;:&quot;CHARLES JOHNSON 81 986016133&quot;,&quot;focal_length&quot;:&quot;200&quot;,&quot;iso&quot;:&quot;8000&quot;,&quot;shutter_speed&quot;:&quot;0.008&quot;,&quot;title&quot;:&quot;&quot;,&quot;orientation&quot;:&quot;1&quot;}\" data-image-title=\"_H5A7234\" data-image-description=\"\" data-image-caption=\"&lt;p&gt;Cr\u00e9dito: Josu\u00e9 J\u00fanior\/PMP&lt;\/p&gt;\n\" data-medium-file=\"https:\/\/www.paudalho.pe.gov.br\/portal\/wp-content\/uploads\/2024\/01\/H5A7234-350x230.jpg\" data-large-file=\"https:\/\/www.paudalho.pe.gov.br\/portal\/wp-content\/uploads\/2024\/01\/H5A7234-800x450.jpg\" data-id=\"31506\" src=\"https:\/\/www.paudalho.pe.gov.br\/portal\/wp-content\/uploads\/2024\/01\/H5A7234-800x450.jpg\" alt=\"\" class=\"wp-image-31506\"\/><figcaption class=\"wp-element-caption\">Cr\u00e9dito: Josu\u00e9 J\u00fanior\/PMP<\/figcaption><\/figure>\n\n\n\n<figure class=\"wp-block-image size-large\"><img loading=\"lazy\" decoding=\"async\" width=\"800\" height=\"450\" data-attachment-id=\"31507\" data-permalink=\"https:\/\/www.paudalho.pe.gov.br\/portal\/paudalho-encerra-155a-festa-de-sao-sebastiao-batendo-publico-recorde-de-quase-300-mil-pessoas-nos-ultimos-tres-dias-de-programacao\/_h5a7211-1\/\" data-orig-file=\"https:\/\/www.paudalho.pe.gov.br\/portal\/wp-content\/uploads\/2024\/01\/H5A7211-1-scaled.jpg\" data-orig-size=\"2560,1707\" data-comments-opened=\"1\" data-image-meta=\"{&quot;aperture&quot;:&quot;2.8&quot;,&quot;credit&quot;:&quot;CHARLES JOHNSON&quot;,&quot;camera&quot;:&quot;Canon EOS 5D Mark IV&quot;,&quot;caption&quot;:&quot;&quot;,&quot;created_timestamp&quot;:&quot;1705706370&quot;,&quot;copyright&quot;:&quot;CHARLES JOHNSON 81 986016133&quot;,&quot;focal_length&quot;:&quot;175&quot;,&quot;iso&quot;:&quot;12800&quot;,&quot;shutter_speed&quot;:&quot;0.005&quot;,&quot;title&quot;:&quot;&quot;,&quot;orientation&quot;:&quot;1&quot;}\" data-image-title=\"_H5A7211 (1)\" data-image-description=\"\" data-image-caption=\"&lt;p&gt;Cr\u00e9dito: Josu\u00e9 J\u00fanior\/PMP&lt;\/p&gt;\n\" data-medium-file=\"https:\/\/www.paudalho.pe.gov.br\/portal\/wp-content\/uploads\/2024\/01\/H5A7211-1-350x230.jpg\" data-large-file=\"https:\/\/www.paudalho.pe.gov.br\/portal\/wp-content\/uploads\/2024\/01\/H5A7211-1-800x450.jpg\" data-id=\"31507\" src=\"https:\/\/www.paudalho.pe.gov.br\/portal\/wp-content\/uploads\/2024\/01\/H5A7211-1-800x450.jpg\" alt=\"\" class=\"wp-image-31507\"\/><figcaption class=\"wp-element-caption\">Cr\u00e9dito: Josu\u00e9 J\u00fanior\/PMP<\/figcaption><\/figure>\n<\/figure>\n\n\n\n<p>J\u00e1 no dia 20, a noite iniciou com a cantora Tatah Santana que trouxe ritmos variados, passeando desde o brega at\u00e9 o frevo. Em seguida, o artista Felipe Amorim se apresentou e iluminou o Beira-Rio com diversos efeitos pirot\u00e9cnicos e especiais, levando o p\u00fablico ao del\u00edrio.<\/p>\n\n\n\n<p>Encerrando a segunda noite com sofr\u00eancia, Raphaela Santos subiu ao palco com o repert\u00f3rio atualizado, trazendo hits como &#8220;Meio Termo&#8221;, &#8220;Quem \u00e9 o louco entre n\u00f3s&#8221;, &#8220;Voc\u00ea lembra&#8221; e muito mais, finalizando mais um dia de festa com o melhor do brega rom\u00e2ntico. &#8220;Eu amo demais a galera de Paudalho, mora no meu cora\u00e7\u00e3o\u201d, comentou Raphaela. \u201cA energia \u00e9 maravilhosa, a gente sempre se diverte demais aqui em Paudalho e curte muito breg\u00e3o, ent\u00e3o, estou em casa&#8221;, destacou a cantora.<\/p>\n\n\n\n<figure class=\"wp-block-gallery has-nested-images columns-default is-cropped wp-block-gallery-2 is-layout-flex wp-block-gallery-is-layout-flex\">\n<figure class=\"wp-block-image size-large\"><img loading=\"lazy\" decoding=\"async\" width=\"800\" height=\"450\" data-attachment-id=\"31351\" data-permalink=\"https:\/\/www.paudalho.pe.gov.br\/portal\/?attachment_id=31351\" data-orig-file=\"https:\/\/www.paudalho.pe.gov.br\/portal\/wp-content\/uploads\/2024\/01\/H5A7788-scaled.jpg\" data-orig-size=\"2560,1707\" data-comments-opened=\"1\" data-image-meta=\"{&quot;aperture&quot;:&quot;2.8&quot;,&quot;credit&quot;:&quot;CHARLES JOHNSON&quot;,&quot;camera&quot;:&quot;Canon EOS 5D Mark IV&quot;,&quot;caption&quot;:&quot;&quot;,&quot;created_timestamp&quot;:&quot;1705810026&quot;,&quot;copyright&quot;:&quot;CHARLES JOHNSON 81 986016133&quot;,&quot;focal_length&quot;:&quot;200&quot;,&quot;iso&quot;:&quot;640&quot;,&quot;shutter_speed&quot;:&quot;0.003125&quot;,&quot;title&quot;:&quot;&quot;,&quot;orientation&quot;:&quot;0&quot;}\" data-image-title=\"_H5A7788\" data-image-description=\"\" data-image-caption=\"&lt;p&gt;Cr\u00e9dito: Josu\u00e9 J\u00fanior\/PMP&lt;\/p&gt;\n\" data-medium-file=\"https:\/\/www.paudalho.pe.gov.br\/portal\/wp-content\/uploads\/2024\/01\/H5A7788-350x230.jpg\" data-large-file=\"https:\/\/www.paudalho.pe.gov.br\/portal\/wp-content\/uploads\/2024\/01\/H5A7788-800x450.jpg\" data-id=\"31351\" src=\"https:\/\/www.paudalho.pe.gov.br\/portal\/wp-content\/uploads\/2024\/01\/H5A7788-800x450.jpg\" alt=\"\" class=\"wp-image-31351\"\/><figcaption class=\"wp-element-caption\">Cr\u00e9dito: Josu\u00e9 J\u00fanior\/PMP<\/figcaption><\/figure>\n\n\n\n<figure class=\"wp-block-image size-large\"><img loading=\"lazy\" decoding=\"async\" width=\"800\" height=\"450\" data-attachment-id=\"31349\" data-permalink=\"https:\/\/www.paudalho.pe.gov.br\/portal\/?attachment_id=31349\" data-orig-file=\"https:\/\/www.paudalho.pe.gov.br\/portal\/wp-content\/uploads\/2024\/01\/H5A7587-scaled.jpg\" data-orig-size=\"2560,1707\" data-comments-opened=\"1\" data-image-meta=\"{&quot;aperture&quot;:&quot;2.8&quot;,&quot;credit&quot;:&quot;CHARLES JOHNSON&quot;,&quot;camera&quot;:&quot;Canon EOS 5D Mark IV&quot;,&quot;caption&quot;:&quot;&quot;,&quot;created_timestamp&quot;:&quot;1705802434&quot;,&quot;copyright&quot;:&quot;CHARLES JOHNSON 81 986016133&quot;,&quot;focal_length&quot;:&quot;185&quot;,&quot;iso&quot;:&quot;10000&quot;,&quot;shutter_speed&quot;:&quot;0.005&quot;,&quot;title&quot;:&quot;&quot;,&quot;orientation&quot;:&quot;0&quot;}\" data-image-title=\"H5A7587\" data-image-description=\"\" data-image-caption=\"&lt;p&gt;Cr\u00e9ditos: Josu\u00e9 J\u00fanior\/PMP&lt;\/p&gt;\n\" data-medium-file=\"https:\/\/www.paudalho.pe.gov.br\/portal\/wp-content\/uploads\/2024\/01\/H5A7587-350x230.jpg\" data-large-file=\"https:\/\/www.paudalho.pe.gov.br\/portal\/wp-content\/uploads\/2024\/01\/H5A7587-800x450.jpg\" data-id=\"31349\" src=\"https:\/\/www.paudalho.pe.gov.br\/portal\/wp-content\/uploads\/2024\/01\/H5A7587-800x450.jpg\" alt=\"\" class=\"wp-image-31349\"\/><figcaption class=\"wp-element-caption\">Cr\u00e9ditos: Josu\u00e9 J\u00fanior\/PMP<\/figcaption><\/figure>\n\n\n\n<figure class=\"wp-block-image size-large\"><img loading=\"lazy\" decoding=\"async\" width=\"800\" height=\"450\" data-attachment-id=\"31353\" data-permalink=\"https:\/\/www.paudalho.pe.gov.br\/portal\/?attachment_id=31353\" data-orig-file=\"https:\/\/www.paudalho.pe.gov.br\/portal\/wp-content\/uploads\/2024\/01\/H5A7840-scaled.jpg\" data-orig-size=\"2560,1707\" data-comments-opened=\"1\" data-image-meta=\"{&quot;aperture&quot;:&quot;5&quot;,&quot;credit&quot;:&quot;CHARLES JOHNSON&quot;,&quot;camera&quot;:&quot;Canon EOS 5D Mark IV&quot;,&quot;caption&quot;:&quot;&quot;,&quot;created_timestamp&quot;:&quot;1705810498&quot;,&quot;copyright&quot;:&quot;CHARLES JOHNSON 81 986016133&quot;,&quot;focal_length&quot;:&quot;24&quot;,&quot;iso&quot;:&quot;4000&quot;,&quot;shutter_speed&quot;:&quot;0.005&quot;,&quot;title&quot;:&quot;&quot;,&quot;orientation&quot;:&quot;0&quot;}\" data-image-title=\"_H5A7840\" data-image-description=\"\" data-image-caption=\"\" data-medium-file=\"https:\/\/www.paudalho.pe.gov.br\/portal\/wp-content\/uploads\/2024\/01\/H5A7840-350x230.jpg\" data-large-file=\"https:\/\/www.paudalho.pe.gov.br\/portal\/wp-content\/uploads\/2024\/01\/H5A7840-800x450.jpg\" data-id=\"31353\" src=\"https:\/\/www.paudalho.pe.gov.br\/portal\/wp-content\/uploads\/2024\/01\/H5A7840-800x450.jpg\" alt=\"\" class=\"wp-image-31353\"\/><figcaption class=\"wp-element-caption\">Cr\u00e9dito: Josu\u00e9 J\u00fanior\/PMP<\/figcaption><\/figure>\n\n\n\n<figure class=\"wp-block-image size-large\"><img loading=\"lazy\" decoding=\"async\" width=\"800\" height=\"450\" data-attachment-id=\"31347\" data-permalink=\"https:\/\/www.paudalho.pe.gov.br\/portal\/?attachment_id=31347\" data-orig-file=\"https:\/\/www.paudalho.pe.gov.br\/portal\/wp-content\/uploads\/2024\/01\/H5A7631-1-scaled.jpg\" data-orig-size=\"2560,1707\" data-comments-opened=\"1\" data-image-meta=\"{&quot;aperture&quot;:&quot;3.5&quot;,&quot;credit&quot;:&quot;CHARLES JOHNSON&quot;,&quot;camera&quot;:&quot;Canon EOS 5D Mark IV&quot;,&quot;caption&quot;:&quot;&quot;,&quot;created_timestamp&quot;:&quot;1705802928&quot;,&quot;copyright&quot;:&quot;CHARLES JOHNSON 81 986016133&quot;,&quot;focal_length&quot;:&quot;24&quot;,&quot;iso&quot;:&quot;2000&quot;,&quot;shutter_speed&quot;:&quot;0.005&quot;,&quot;title&quot;:&quot;&quot;,&quot;orientation&quot;:&quot;0&quot;}\" data-image-title=\"H5A7631-1\" data-image-description=\"\" data-image-caption=\"&lt;p&gt;Cr\u00e9ditos: Josu\u00e9 J\u00fanior\/PMP&lt;\/p&gt;\n\" data-medium-file=\"https:\/\/www.paudalho.pe.gov.br\/portal\/wp-content\/uploads\/2024\/01\/H5A7631-1-350x230.jpg\" data-large-file=\"https:\/\/www.paudalho.pe.gov.br\/portal\/wp-content\/uploads\/2024\/01\/H5A7631-1-800x450.jpg\" data-id=\"31347\" src=\"https:\/\/www.paudalho.pe.gov.br\/portal\/wp-content\/uploads\/2024\/01\/H5A7631-1-800x450.jpg\" alt=\"\" class=\"wp-image-31347\"\/><figcaption class=\"wp-element-caption\">Cr\u00e9ditos: Josu\u00e9 J\u00fanior\/PMP<\/figcaption><\/figure>\n\n\n\n<figure class=\"wp-block-image size-large\"><img loading=\"lazy\" decoding=\"async\" width=\"800\" height=\"450\" data-attachment-id=\"31356\" data-permalink=\"https:\/\/www.paudalho.pe.gov.br\/portal\/?attachment_id=31356\" data-orig-file=\"https:\/\/www.paudalho.pe.gov.br\/portal\/wp-content\/uploads\/2024\/01\/H5A7654-scaled.jpg\" data-orig-size=\"2560,1707\" data-comments-opened=\"1\" data-image-meta=\"{&quot;aperture&quot;:&quot;3.5&quot;,&quot;credit&quot;:&quot;CHARLES JOHNSON&quot;,&quot;camera&quot;:&quot;Canon EOS 5D Mark IV&quot;,&quot;caption&quot;:&quot;&quot;,&quot;created_timestamp&quot;:&quot;1705803126&quot;,&quot;copyright&quot;:&quot;CHARLES JOHNSON 81 986016133&quot;,&quot;focal_length&quot;:&quot;200&quot;,&quot;iso&quot;:&quot;12800&quot;,&quot;shutter_speed&quot;:&quot;0.005&quot;,&quot;title&quot;:&quot;&quot;,&quot;orientation&quot;:&quot;0&quot;}\" data-image-title=\"_H5A7654\" data-image-description=\"\" data-image-caption=\"&lt;p&gt;Cr\u00e9dito: Josu\u00e9 J\u00fanior\/PMP&lt;\/p&gt;\n\" data-medium-file=\"https:\/\/www.paudalho.pe.gov.br\/portal\/wp-content\/uploads\/2024\/01\/H5A7654-350x230.jpg\" data-large-file=\"https:\/\/www.paudalho.pe.gov.br\/portal\/wp-content\/uploads\/2024\/01\/H5A7654-800x450.jpg\" data-id=\"31356\" src=\"https:\/\/www.paudalho.pe.gov.br\/portal\/wp-content\/uploads\/2024\/01\/H5A7654-800x450.jpg\" alt=\"\" class=\"wp-image-31356\"\/><figcaption class=\"wp-element-caption\">Cr\u00e9dito: Josu\u00e9 J\u00fanior\/PMP<\/figcaption><\/figure>\n\n\n\n<figure class=\"wp-block-image size-large\"><img loading=\"lazy\" decoding=\"async\" width=\"800\" height=\"450\" data-attachment-id=\"31360\" data-permalink=\"https:\/\/www.paudalho.pe.gov.br\/portal\/?attachment_id=31360\" data-orig-file=\"https:\/\/www.paudalho.pe.gov.br\/portal\/wp-content\/uploads\/2024\/01\/H5A7701-scaled.jpg\" data-orig-size=\"2560,1707\" data-comments-opened=\"1\" data-image-meta=\"{&quot;aperture&quot;:&quot;3.5&quot;,&quot;credit&quot;:&quot;CHARLES JOHNSON&quot;,&quot;camera&quot;:&quot;Canon EOS 5D Mark IV&quot;,&quot;caption&quot;:&quot;&quot;,&quot;created_timestamp&quot;:&quot;1705803230&quot;,&quot;copyright&quot;:&quot;CHARLES JOHNSON 81 986016133&quot;,&quot;focal_length&quot;:&quot;130&quot;,&quot;iso&quot;:&quot;12800&quot;,&quot;shutter_speed&quot;:&quot;0.005&quot;,&quot;title&quot;:&quot;&quot;,&quot;orientation&quot;:&quot;0&quot;}\" data-image-title=\"_H5A7701\" data-image-description=\"\" data-image-caption=\"&lt;p&gt;Cr\u00e9ditos: Josu\u00e9 J\u00fanior\/PMP&lt;\/p&gt;\n\" data-medium-file=\"https:\/\/www.paudalho.pe.gov.br\/portal\/wp-content\/uploads\/2024\/01\/H5A7701-350x230.jpg\" data-large-file=\"https:\/\/www.paudalho.pe.gov.br\/portal\/wp-content\/uploads\/2024\/01\/H5A7701-800x450.jpg\" data-id=\"31360\" src=\"https:\/\/www.paudalho.pe.gov.br\/portal\/wp-content\/uploads\/2024\/01\/H5A7701-800x450.jpg\" alt=\"\" class=\"wp-image-31360\"\/><figcaption class=\"wp-element-caption\">Cr\u00e9ditos: Josu\u00e9 J\u00fanior\/PMP<\/figcaption><\/figure>\n<\/figure>\n\n\n\n<p>O \u00faltimo dia de festa iniciou com a dupla F\u00e1gner e Amandinha, artistas paudalhenses que mostraram um repert\u00f3rio ecl\u00e9tico no palco, dando o tom animado da noite. Logo em seguida, Paudalho se emocionou ao som da Banda Lim\u00e3o com Mel, que despertou mem\u00f3rias afetivas em todo munic\u00edpio com o novo projeto da banda, o Lim\u00e3o Playlist, que veio recheado de m\u00fasicas cl\u00e1ssicas. \u201cJ\u00e1 estive aqui muitas vezes e \u00e9 uma honra est\u00e1 de volta com a Lim\u00e3o, em Paudalho, uma cidade que sempre nos abra\u00e7a\u201d, comentou Edson Lima, cantor da Lim\u00e3o que j\u00e1 pisou em terras paudalhenses com a Banda Gatinha Manhosa. \u201cPra mim, \u00e9 uma alegria muito grande. Parab\u00e9ns por essa festa linda, a estrutura est\u00e1 incr\u00edvel e o p\u00fablico tamb\u00e9m\u201d, destacou Adma Andrade, vocalista da Lim\u00e3o.<\/p>\n\n\n\n<p>Encerrando n\u00e3o s\u00f3 a noite, como a festividade, Tarc\u00edsio do Acordeon encantou o munic\u00edpio com muito forr\u00f3, vaquejada e piseiro, fazendo a cidade inteira dan\u00e7ar e trazendo o gostinho de S\u00e3o Jo\u00e3o para Paudalho.<\/p>\n\n\n\n<figure class=\"wp-block-gallery has-nested-images columns-default is-cropped wp-block-gallery-3 is-layout-flex wp-block-gallery-is-layout-flex\">\n<figure class=\"wp-block-image size-large\"><img loading=\"lazy\" decoding=\"async\" width=\"800\" height=\"450\" data-attachment-id=\"31496\" data-permalink=\"https:\/\/www.paudalho.pe.gov.br\/portal\/paudalho-encerra-155a-festa-de-sao-sebastiao-batendo-publico-recorde-de-quase-300-mil-pessoas-nos-ultimos-tres-dias-de-programacao\/_h5a8061-1\/\" data-orig-file=\"https:\/\/www.paudalho.pe.gov.br\/portal\/wp-content\/uploads\/2024\/01\/H5A8061-1-scaled.jpg\" data-orig-size=\"2560,1707\" data-comments-opened=\"1\" data-image-meta=\"{&quot;aperture&quot;:&quot;2.5&quot;,&quot;credit&quot;:&quot;CHARLES JOHNSON&quot;,&quot;camera&quot;:&quot;Canon EOS 5D Mark IV&quot;,&quot;caption&quot;:&quot;&quot;,&quot;created_timestamp&quot;:&quot;1705880559&quot;,&quot;copyright&quot;:&quot;CHARLES JOHNSON 81 986016133&quot;,&quot;focal_length&quot;:&quot;85&quot;,&quot;iso&quot;:&quot;400&quot;,&quot;shutter_speed&quot;:&quot;0.00625&quot;,&quot;title&quot;:&quot;&quot;,&quot;orientation&quot;:&quot;0&quot;}\" data-image-title=\"_H5A8061 (1)\" data-image-description=\"\" data-image-caption=\"&lt;p&gt;Cr\u00e9dito: Josu\u00e9 J\u00fanior\/PMP&lt;\/p&gt;\n\" data-medium-file=\"https:\/\/www.paudalho.pe.gov.br\/portal\/wp-content\/uploads\/2024\/01\/H5A8061-1-350x230.jpg\" data-large-file=\"https:\/\/www.paudalho.pe.gov.br\/portal\/wp-content\/uploads\/2024\/01\/H5A8061-1-800x450.jpg\" data-id=\"31496\" src=\"https:\/\/www.paudalho.pe.gov.br\/portal\/wp-content\/uploads\/2024\/01\/H5A8061-1-800x450.jpg\" alt=\"\" class=\"wp-image-31496\"\/><figcaption class=\"wp-element-caption\">Cr\u00e9dito: Josu\u00e9 J\u00fanior\/PMP<\/figcaption><\/figure>\n\n\n\n<figure class=\"wp-block-image size-large\"><img loading=\"lazy\" decoding=\"async\" width=\"800\" height=\"450\" data-attachment-id=\"31504\" data-permalink=\"https:\/\/www.paudalho.pe.gov.br\/portal\/paudalho-encerra-155a-festa-de-sao-sebastiao-batendo-publico-recorde-de-quase-300-mil-pessoas-nos-ultimos-tres-dias-de-programacao\/_h5a8674\/\" data-orig-file=\"https:\/\/www.paudalho.pe.gov.br\/portal\/wp-content\/uploads\/2024\/01\/H5A8674-scaled.jpg\" data-orig-size=\"2560,1707\" data-comments-opened=\"1\" data-image-meta=\"{&quot;aperture&quot;:&quot;2.2&quot;,&quot;credit&quot;:&quot;CHARLES JOHNSON&quot;,&quot;camera&quot;:&quot;Canon EOS 5D Mark IV&quot;,&quot;caption&quot;:&quot;&quot;,&quot;created_timestamp&quot;:&quot;1705896595&quot;,&quot;copyright&quot;:&quot;CHARLES JOHNSON 81 986016133&quot;,&quot;focal_length&quot;:&quot;24&quot;,&quot;iso&quot;:&quot;3200&quot;,&quot;shutter_speed&quot;:&quot;0.005&quot;,&quot;title&quot;:&quot;&quot;,&quot;orientation&quot;:&quot;0&quot;}\" data-image-title=\"_H5A8674\" data-image-description=\"\" data-image-caption=\"&lt;p&gt;Cr\u00e9dito: Josu\u00e9 J\u00fanior\/PMP&lt;\/p&gt;\n\" data-medium-file=\"https:\/\/www.paudalho.pe.gov.br\/portal\/wp-content\/uploads\/2024\/01\/H5A8674-350x230.jpg\" data-large-file=\"https:\/\/www.paudalho.pe.gov.br\/portal\/wp-content\/uploads\/2024\/01\/H5A8674-800x450.jpg\" data-id=\"31504\" src=\"https:\/\/www.paudalho.pe.gov.br\/portal\/wp-content\/uploads\/2024\/01\/H5A8674-800x450.jpg\" alt=\"\" class=\"wp-image-31504\"\/><figcaption class=\"wp-element-caption\">Cr\u00e9dito: Josu\u00e9 J\u00fanior\/PMP<\/figcaption><\/figure>\n\n\n\n<figure class=\"wp-block-image size-large\"><img loading=\"lazy\" decoding=\"async\" width=\"800\" height=\"450\" data-attachment-id=\"31490\" data-permalink=\"https:\/\/www.paudalho.pe.gov.br\/portal\/paudalho-encerra-155a-festa-de-sao-sebastiao-batendo-publico-recorde-de-quase-300-mil-pessoas-nos-ultimos-tres-dias-de-programacao\/_h5a8435-2\/\" data-orig-file=\"https:\/\/www.paudalho.pe.gov.br\/portal\/wp-content\/uploads\/2024\/01\/H5A8435-1-scaled.jpg\" data-orig-size=\"2560,1707\" data-comments-opened=\"1\" data-image-meta=\"{&quot;aperture&quot;:&quot;4&quot;,&quot;credit&quot;:&quot;CHARLES JOHNSON&quot;,&quot;camera&quot;:&quot;Canon EOS 5D Mark IV&quot;,&quot;caption&quot;:&quot;&quot;,&quot;created_timestamp&quot;:&quot;1705888456&quot;,&quot;copyright&quot;:&quot;CHARLES JOHNSON 81 986016133&quot;,&quot;focal_length&quot;:&quot;85&quot;,&quot;iso&quot;:&quot;2000&quot;,&quot;shutter_speed&quot;:&quot;0.003125&quot;,&quot;title&quot;:&quot;&quot;,&quot;orientation&quot;:&quot;0&quot;}\" data-image-title=\"_H5A8435\" data-image-description=\"\" data-image-caption=\"&lt;p&gt;Cr\u00e9dito: Josu\u00e9 J\u00fanior\/PMP&lt;\/p&gt;\n\" data-medium-file=\"https:\/\/www.paudalho.pe.gov.br\/portal\/wp-content\/uploads\/2024\/01\/H5A8435-1-350x230.jpg\" data-large-file=\"https:\/\/www.paudalho.pe.gov.br\/portal\/wp-content\/uploads\/2024\/01\/H5A8435-1-800x450.jpg\" data-id=\"31490\" src=\"https:\/\/www.paudalho.pe.gov.br\/portal\/wp-content\/uploads\/2024\/01\/H5A8435-1-800x450.jpg\" alt=\"\" class=\"wp-image-31490\"\/><figcaption class=\"wp-element-caption\">Cr\u00e9dito: Josu\u00e9 J\u00fanior\/PMP<\/figcaption><\/figure>\n\n\n\n<figure class=\"wp-block-image size-large\"><img loading=\"lazy\" decoding=\"async\" width=\"800\" height=\"450\" data-attachment-id=\"31502\" data-permalink=\"https:\/\/www.paudalho.pe.gov.br\/portal\/paudalho-encerra-155a-festa-de-sao-sebastiao-batendo-publico-recorde-de-quase-300-mil-pessoas-nos-ultimos-tres-dias-de-programacao\/_h5a8661\/\" data-orig-file=\"https:\/\/www.paudalho.pe.gov.br\/portal\/wp-content\/uploads\/2024\/01\/H5A8661-scaled.jpg\" data-orig-size=\"2560,1707\" data-comments-opened=\"1\" data-image-meta=\"{&quot;aperture&quot;:&quot;2.5&quot;,&quot;credit&quot;:&quot;CHARLES JOHNSON&quot;,&quot;camera&quot;:&quot;Canon EOS 5D Mark IV&quot;,&quot;caption&quot;:&quot;&quot;,&quot;created_timestamp&quot;:&quot;1705896403&quot;,&quot;copyright&quot;:&quot;CHARLES JOHNSON 81 986016133&quot;,&quot;focal_length&quot;:&quot;85&quot;,&quot;iso&quot;:&quot;5000&quot;,&quot;shutter_speed&quot;:&quot;0.00625&quot;,&quot;title&quot;:&quot;&quot;,&quot;orientation&quot;:&quot;0&quot;}\" data-image-title=\"_H5A8661\" data-image-description=\"\" data-image-caption=\"&lt;p&gt;Cr\u00e9dito: Josu\u00e9 J\u00fanior\/PMP&lt;\/p&gt;\n\" data-medium-file=\"https:\/\/www.paudalho.pe.gov.br\/portal\/wp-content\/uploads\/2024\/01\/H5A8661-350x230.jpg\" data-large-file=\"https:\/\/www.paudalho.pe.gov.br\/portal\/wp-content\/uploads\/2024\/01\/H5A8661-800x450.jpg\" data-id=\"31502\" src=\"https:\/\/www.paudalho.pe.gov.br\/portal\/wp-content\/uploads\/2024\/01\/H5A8661-800x450.jpg\" alt=\"\" class=\"wp-image-31502\"\/><figcaption class=\"wp-element-caption\">Cr\u00e9dito: Josu\u00e9 J\u00fanior\/PMP<\/figcaption><\/figure>\n\n\n\n<figure class=\"wp-block-image size-large\"><img loading=\"lazy\" decoding=\"async\" width=\"800\" height=\"450\" data-attachment-id=\"31485\" data-permalink=\"https:\/\/www.paudalho.pe.gov.br\/portal\/paudalho-encerra-155a-festa-de-sao-sebastiao-batendo-publico-recorde-de-quase-300-mil-pessoas-nos-ultimos-tres-dias-de-programacao\/_h5a8467\/\" data-orig-file=\"https:\/\/www.paudalho.pe.gov.br\/portal\/wp-content\/uploads\/2024\/01\/H5A8467-scaled-e1706120440394.jpg\" data-orig-size=\"1706,1147\" data-comments-opened=\"1\" data-image-meta=\"{&quot;aperture&quot;:&quot;4&quot;,&quot;credit&quot;:&quot;CHARLES JOHNSON&quot;,&quot;camera&quot;:&quot;Canon EOS 5D Mark IV&quot;,&quot;caption&quot;:&quot;&quot;,&quot;created_timestamp&quot;:&quot;1705888555&quot;,&quot;copyright&quot;:&quot;CHARLES JOHNSON 81 986016133&quot;,&quot;focal_length&quot;:&quot;130&quot;,&quot;iso&quot;:&quot;2000&quot;,&quot;shutter_speed&quot;:&quot;0.002&quot;,&quot;title&quot;:&quot;&quot;,&quot;orientation&quot;:&quot;0&quot;}\" data-image-title=\"_H5A8467\" data-image-description=\"\" data-image-caption=\"&lt;p&gt;Cr\u00e9dito: Josu\u00e9 J\u00fanior\/PMP&lt;\/p&gt;\n\" data-medium-file=\"https:\/\/www.paudalho.pe.gov.br\/portal\/wp-content\/uploads\/2024\/01\/H5A8467-scaled-e1706120440394-350x230.jpg\" data-large-file=\"https:\/\/www.paudalho.pe.gov.br\/portal\/wp-content\/uploads\/2024\/01\/H5A8467-scaled-e1706120440394-800x450.jpg\" data-id=\"31485\" src=\"https:\/\/www.paudalho.pe.gov.br\/portal\/wp-content\/uploads\/2024\/01\/H5A8467-scaled-e1706120440394-800x450.jpg\" alt=\"\" class=\"wp-image-31485\"\/><figcaption class=\"wp-element-caption\">Cr\u00e9dito: Josu\u00e9 J\u00fanior\/PMP<\/figcaption><\/figure>\n<\/figure>\n\n\n\n<p><strong>Multiculturalidade e tradi\u00e7\u00e3o<\/strong><\/p>\n\n\n\n<p>O Polo Cultural, localizado na R. Ladeira Preta, ao lado do Col\u00e9gio Municipal de Paudalho (CMP), contou com programa\u00e7\u00e3o extensa todas as noites entre os dias 12 e 21 de janeiro, com artistas paudalhenses e convidados, mantendo a tradi\u00e7\u00e3o do munic\u00edpio.&nbsp;<\/p>\n\n\n\n<p>No dia 12, abrindo a 155\u00aa Festa de S\u00e3o Sebasti\u00e3o, o Polo recebeu a Cia de Dan\u00e7a Ra\u00edzes da Mastruz, Mano Jory e Ninho Pernambuco. No segundo dia, foi a vez da Banda Ess\u00eancia, Rosimar Lima e Gera\u00e7\u00e3o Mania se apresentarem. J\u00e1 no dia 14, o palco recebeu o tradicional Bloco L\u00edrico Som de Serenata e a Orquestra P\u00e9rola matando a saudade do carnaval no munic\u00edpio.&nbsp;<\/p>\n\n\n\n<p>No dia 15, foi a vez de Biu Sanfoneiro e os Populares Nordestinos, e Viajantes do Brega. Deni\u00eare Martins e Aleff Counter animaram a noite do dia 16; j\u00e1 no dia 17, o palco contou com a presen\u00e7a do Forr\u00f3 da Babilaka e de Xuxu a Perigosa. No dia 18, o Polo recebeu Robert Brian e Banda One, e Dayan Nunes.\u00a0<\/p>\n\n\n\n<p>Na sexta-feira(19), Zaminho Soares e Orquestra Acordes animaram o local. No s\u00e1bado(20), foi a vez do forr\u00f3 de Dudu do Acordeon. Finalizando a festividade,\u00a0Mestre Bi e a Ciranda Bela Rosa marcaram presen\u00e7a no Polo.<\/p>\n\n\n\n<p>Confira imagens da 155\u00aa Festa de S\u00e3o Sebasti\u00e3o:<\/p>\n\n\n\n<figure class=\"wp-block-gallery has-nested-images columns-default is-cropped wp-block-gallery-4 is-layout-flex wp-block-gallery-is-layout-flex\">\n<figure class=\"wp-block-image size-large\"><img loading=\"lazy\" decoding=\"async\" width=\"800\" height=\"450\" data-attachment-id=\"31503\" data-permalink=\"https:\/\/www.paudalho.pe.gov.br\/portal\/paudalho-encerra-155a-festa-de-sao-sebastiao-batendo-publico-recorde-de-quase-300-mil-pessoas-nos-ultimos-tres-dias-de-programacao\/_h5a8652\/\" data-orig-file=\"https:\/\/www.paudalho.pe.gov.br\/portal\/wp-content\/uploads\/2024\/01\/H5A8652-scaled.jpg\" data-orig-size=\"2560,1707\" data-comments-opened=\"1\" data-image-meta=\"{&quot;aperture&quot;:&quot;2.8&quot;,&quot;credit&quot;:&quot;CHARLES JOHNSON&quot;,&quot;camera&quot;:&quot;Canon EOS 5D Mark IV&quot;,&quot;caption&quot;:&quot;&quot;,&quot;created_timestamp&quot;:&quot;1705896340&quot;,&quot;copyright&quot;:&quot;CHARLES JOHNSON 81 986016133&quot;,&quot;focal_length&quot;:&quot;85&quot;,&quot;iso&quot;:&quot;5000&quot;,&quot;shutter_speed&quot;:&quot;0.00625&quot;,&quot;title&quot;:&quot;&quot;,&quot;orientation&quot;:&quot;0&quot;}\" data-image-title=\"_H5A8652\" data-image-description=\"\" data-image-caption=\"&lt;p&gt;Cr\u00e9dito: Josu\u00e9 J\u00fanior\/PMP&lt;\/p&gt;\n\" data-medium-file=\"https:\/\/www.paudalho.pe.gov.br\/portal\/wp-content\/uploads\/2024\/01\/H5A8652-350x230.jpg\" data-large-file=\"https:\/\/www.paudalho.pe.gov.br\/portal\/wp-content\/uploads\/2024\/01\/H5A8652-800x450.jpg\" data-id=\"31503\" src=\"https:\/\/www.paudalho.pe.gov.br\/portal\/wp-content\/uploads\/2024\/01\/H5A8652-800x450.jpg\" alt=\"\" class=\"wp-image-31503\"\/><figcaption class=\"wp-element-caption\">Cr\u00e9dito: Josu\u00e9 J\u00fanior\/PMP<\/figcaption><\/figure>\n\n\n\n<figure class=\"wp-block-image size-large\"><img loading=\"lazy\" decoding=\"async\" width=\"800\" height=\"450\" data-attachment-id=\"31482\" data-permalink=\"https:\/\/www.paudalho.pe.gov.br\/portal\/paudalho-encerra-155a-festa-de-sao-sebastiao-batendo-publico-recorde-de-quase-300-mil-pessoas-nos-ultimos-tres-dias-de-programacao\/_h5a8597\/\" data-orig-file=\"https:\/\/www.paudalho.pe.gov.br\/portal\/wp-content\/uploads\/2024\/01\/H5A8597-scaled.jpg\" data-orig-size=\"2560,1707\" data-comments-opened=\"1\" data-image-meta=\"{&quot;aperture&quot;:&quot;3.5&quot;,&quot;credit&quot;:&quot;CHARLES JOHNSON&quot;,&quot;camera&quot;:&quot;Canon EOS 5D Mark IV&quot;,&quot;caption&quot;:&quot;&quot;,&quot;created_timestamp&quot;:&quot;1705895620&quot;,&quot;copyright&quot;:&quot;CHARLES JOHNSON 81 986016133&quot;,&quot;focal_length&quot;:&quot;85&quot;,&quot;iso&quot;:&quot;5000&quot;,&quot;shutter_speed&quot;:&quot;0.00625&quot;,&quot;title&quot;:&quot;&quot;,&quot;orientation&quot;:&quot;0&quot;}\" data-image-title=\"_H5A8597\" data-image-description=\"\" data-image-caption=\"&lt;p&gt;Cr\u00e9dito: Josu\u00e9 J\u00fanior\/PMP&lt;\/p&gt;\n\" data-medium-file=\"https:\/\/www.paudalho.pe.gov.br\/portal\/wp-content\/uploads\/2024\/01\/H5A8597-350x230.jpg\" data-large-file=\"https:\/\/www.paudalho.pe.gov.br\/portal\/wp-content\/uploads\/2024\/01\/H5A8597-800x450.jpg\" data-id=\"31482\" src=\"https:\/\/www.paudalho.pe.gov.br\/portal\/wp-content\/uploads\/2024\/01\/H5A8597-800x450.jpg\" alt=\"\" class=\"wp-image-31482\"\/><figcaption class=\"wp-element-caption\">Cr\u00e9dito: Josu\u00e9 J\u00fanior\/PMP<\/figcaption><\/figure>\n\n\n\n<figure class=\"wp-block-image size-large\"><img loading=\"lazy\" decoding=\"async\" width=\"800\" height=\"450\" data-attachment-id=\"31508\" data-permalink=\"https:\/\/www.paudalho.pe.gov.br\/portal\/paudalho-encerra-155a-festa-de-sao-sebastiao-batendo-publico-recorde-de-quase-300-mil-pessoas-nos-ultimos-tres-dias-de-programacao\/_h5a8634\/\" data-orig-file=\"https:\/\/www.paudalho.pe.gov.br\/portal\/wp-content\/uploads\/2024\/01\/H5A8634-scaled.jpg\" data-orig-size=\"2560,1707\" data-comments-opened=\"1\" data-image-meta=\"{&quot;aperture&quot;:&quot;2.8&quot;,&quot;credit&quot;:&quot;CHARLES JOHNSON&quot;,&quot;camera&quot;:&quot;Canon EOS 5D Mark IV&quot;,&quot;caption&quot;:&quot;&quot;,&quot;created_timestamp&quot;:&quot;1705896255&quot;,&quot;copyright&quot;:&quot;CHARLES JOHNSON 81 986016133&quot;,&quot;focal_length&quot;:&quot;85&quot;,&quot;iso&quot;:&quot;5000&quot;,&quot;shutter_speed&quot;:&quot;0.00625&quot;,&quot;title&quot;:&quot;&quot;,&quot;orientation&quot;:&quot;0&quot;}\" data-image-title=\"_H5A8634\" data-image-description=\"\" data-image-caption=\"&lt;p&gt;Cr\u00e9dito: Josu\u00e9 J\u00fanior\/PMP&lt;\/p&gt;\n\" data-medium-file=\"https:\/\/www.paudalho.pe.gov.br\/portal\/wp-content\/uploads\/2024\/01\/H5A8634-350x230.jpg\" data-large-file=\"https:\/\/www.paudalho.pe.gov.br\/portal\/wp-content\/uploads\/2024\/01\/H5A8634-800x450.jpg\" data-id=\"31508\" src=\"https:\/\/www.paudalho.pe.gov.br\/portal\/wp-content\/uploads\/2024\/01\/H5A8634-800x450.jpg\" alt=\"\" class=\"wp-image-31508\"\/><figcaption class=\"wp-element-caption\">Cr\u00e9dito: Josu\u00e9 J\u00fanior\/PMP<\/figcaption><\/figure>\n\n\n\n<figure class=\"wp-block-image size-large\"><img loading=\"lazy\" decoding=\"async\" width=\"800\" height=\"450\" data-attachment-id=\"31509\" data-permalink=\"https:\/\/www.paudalho.pe.gov.br\/portal\/paudalho-encerra-155a-festa-de-sao-sebastiao-batendo-publico-recorde-de-quase-300-mil-pessoas-nos-ultimos-tres-dias-de-programacao\/_h5a8679\/\" data-orig-file=\"https:\/\/www.paudalho.pe.gov.br\/portal\/wp-content\/uploads\/2024\/01\/H5A8679-scaled.jpg\" data-orig-size=\"2560,1707\" data-comments-opened=\"1\" data-image-meta=\"{&quot;aperture&quot;:&quot;2.2&quot;,&quot;credit&quot;:&quot;CHARLES JOHNSON&quot;,&quot;camera&quot;:&quot;Canon EOS 5D Mark IV&quot;,&quot;caption&quot;:&quot;&quot;,&quot;created_timestamp&quot;:&quot;1705896623&quot;,&quot;copyright&quot;:&quot;CHARLES JOHNSON 81 986016133&quot;,&quot;focal_length&quot;:&quot;24&quot;,&quot;iso&quot;:&quot;5000&quot;,&quot;shutter_speed&quot;:&quot;0.00625&quot;,&quot;title&quot;:&quot;&quot;,&quot;orientation&quot;:&quot;0&quot;}\" data-image-title=\"_H5A8679\" data-image-description=\"\" data-image-caption=\"&lt;p&gt;Cr\u00e9dito: Josu\u00e9 J\u00fanior\/PMP&lt;\/p&gt;\n\" data-medium-file=\"https:\/\/www.paudalho.pe.gov.br\/portal\/wp-content\/uploads\/2024\/01\/H5A8679-350x230.jpg\" data-large-file=\"https:\/\/www.paudalho.pe.gov.br\/portal\/wp-content\/uploads\/2024\/01\/H5A8679-800x450.jpg\" data-id=\"31509\" src=\"https:\/\/www.paudalho.pe.gov.br\/portal\/wp-content\/uploads\/2024\/01\/H5A8679-800x450.jpg\" alt=\"\" class=\"wp-image-31509\"\/><figcaption class=\"wp-element-caption\">Cr\u00e9dito: Josu\u00e9 J\u00fanior\/PMP<\/figcaption><\/figure>\n\n\n\n<figure class=\"wp-block-image size-large\"><img loading=\"lazy\" decoding=\"async\" width=\"800\" height=\"450\" data-attachment-id=\"31510\" data-permalink=\"https:\/\/www.paudalho.pe.gov.br\/portal\/paudalho-encerra-155a-festa-de-sao-sebastiao-batendo-publico-recorde-de-quase-300-mil-pessoas-nos-ultimos-tres-dias-de-programacao\/_h5a8508\/\" data-orig-file=\"https:\/\/www.paudalho.pe.gov.br\/portal\/wp-content\/uploads\/2024\/01\/H5A8508-scaled.jpg\" data-orig-size=\"2560,1707\" data-comments-opened=\"1\" data-image-meta=\"{&quot;aperture&quot;:&quot;2.8&quot;,&quot;credit&quot;:&quot;CHARLES JOHNSON&quot;,&quot;camera&quot;:&quot;Canon EOS 5D Mark IV&quot;,&quot;caption&quot;:&quot;&quot;,&quot;created_timestamp&quot;:&quot;1705889005&quot;,&quot;copyright&quot;:&quot;CHARLES JOHNSON 81 986016133&quot;,&quot;focal_length&quot;:&quot;85&quot;,&quot;iso&quot;:&quot;1250&quot;,&quot;shutter_speed&quot;:&quot;0.003125&quot;,&quot;title&quot;:&quot;&quot;,&quot;orientation&quot;:&quot;0&quot;}\" data-image-title=\"_H5A8508\" data-image-description=\"\" data-image-caption=\"&lt;p&gt;Cr\u00e9dito: Josu\u00e9 J\u00fanior\/PMP&lt;\/p&gt;\n\" data-medium-file=\"https:\/\/www.paudalho.pe.gov.br\/portal\/wp-content\/uploads\/2024\/01\/H5A8508-350x230.jpg\" data-large-file=\"https:\/\/www.paudalho.pe.gov.br\/portal\/wp-content\/uploads\/2024\/01\/H5A8508-800x450.jpg\" data-id=\"31510\" src=\"https:\/\/www.paudalho.pe.gov.br\/portal\/wp-content\/uploads\/2024\/01\/H5A8508-800x450.jpg\" alt=\"\" class=\"wp-image-31510\"\/><figcaption class=\"wp-element-caption\">Cr\u00e9dito: Josu\u00e9 J\u00fanior\/PMP<\/figcaption><\/figure>\n\n\n\n<figure class=\"wp-block-image size-large\"><img loading=\"lazy\" decoding=\"async\" width=\"800\" height=\"450\" data-attachment-id=\"31501\" data-permalink=\"https:\/\/www.paudalho.pe.gov.br\/portal\/paudalho-encerra-155a-festa-de-sao-sebastiao-batendo-publico-recorde-de-quase-300-mil-pessoas-nos-ultimos-tres-dias-de-programacao\/_h5a8618-1-2\/\" data-orig-file=\"https:\/\/www.paudalho.pe.gov.br\/portal\/wp-content\/uploads\/2024\/01\/H5A8618-1-1-scaled.jpg\" data-orig-size=\"2560,1707\" data-comments-opened=\"1\" data-image-meta=\"{&quot;aperture&quot;:&quot;3.2&quot;,&quot;credit&quot;:&quot;CHARLES JOHNSON&quot;,&quot;camera&quot;:&quot;Canon EOS 5D Mark IV&quot;,&quot;caption&quot;:&quot;&quot;,&quot;created_timestamp&quot;:&quot;1705896169&quot;,&quot;copyright&quot;:&quot;CHARLES JOHNSON 81 986016133&quot;,&quot;focal_length&quot;:&quot;85&quot;,&quot;iso&quot;:&quot;5000&quot;,&quot;shutter_speed&quot;:&quot;0.00625&quot;,&quot;title&quot;:&quot;&quot;,&quot;orientation&quot;:&quot;0&quot;}\" data-image-title=\"_H5A8618 (1)\" data-image-description=\"\" data-image-caption=\"&lt;p&gt;Cr\u00e9dito: Josu\u00e9 J\u00fanior\/PMP&lt;\/p&gt;\n\" data-medium-file=\"https:\/\/www.paudalho.pe.gov.br\/portal\/wp-content\/uploads\/2024\/01\/H5A8618-1-1-350x230.jpg\" data-large-file=\"https:\/\/www.paudalho.pe.gov.br\/portal\/wp-content\/uploads\/2024\/01\/H5A8618-1-1-800x450.jpg\" data-id=\"31501\" src=\"https:\/\/www.paudalho.pe.gov.br\/portal\/wp-content\/uploads\/2024\/01\/H5A8618-1-1-800x450.jpg\" alt=\"\" class=\"wp-image-31501\"\/><figcaption class=\"wp-element-caption\">Cr\u00e9dito: Josu\u00e9 J\u00fanior\/PMP<\/figcaption><\/figure>\n\n\n\n<figure class=\"wp-block-image size-large\"><img loading=\"lazy\" decoding=\"async\" width=\"800\" height=\"450\" data-attachment-id=\"31486\" data-permalink=\"https:\/\/www.paudalho.pe.gov.br\/portal\/paudalho-encerra-155a-festa-de-sao-sebastiao-batendo-publico-recorde-de-quase-300-mil-pessoas-nos-ultimos-tres-dias-de-programacao\/_h5a8435\/\" data-orig-file=\"https:\/\/www.paudalho.pe.gov.br\/portal\/wp-content\/uploads\/2024\/01\/H5A8435-scaled.jpg\" data-orig-size=\"2560,1707\" data-comments-opened=\"1\" data-image-meta=\"{&quot;aperture&quot;:&quot;4&quot;,&quot;credit&quot;:&quot;CHARLES JOHNSON&quot;,&quot;camera&quot;:&quot;Canon EOS 5D Mark IV&quot;,&quot;caption&quot;:&quot;&quot;,&quot;created_timestamp&quot;:&quot;1705888456&quot;,&quot;copyright&quot;:&quot;CHARLES JOHNSON 81 986016133&quot;,&quot;focal_length&quot;:&quot;85&quot;,&quot;iso&quot;:&quot;2000&quot;,&quot;shutter_speed&quot;:&quot;0.003125&quot;,&quot;title&quot;:&quot;&quot;,&quot;orientation&quot;:&quot;0&quot;}\" data-image-title=\"_H5A8435\" data-image-description=\"\" data-image-caption=\"&lt;p&gt;Cr\u00e9dito: Josu\u00e9 J\u00fanior\/PMP&lt;\/p&gt;\n\" data-medium-file=\"https:\/\/www.paudalho.pe.gov.br\/portal\/wp-content\/uploads\/2024\/01\/H5A8435-350x230.jpg\" data-large-file=\"https:\/\/www.paudalho.pe.gov.br\/portal\/wp-content\/uploads\/2024\/01\/H5A8435-800x450.jpg\" data-id=\"31486\" src=\"https:\/\/www.paudalho.pe.gov.br\/portal\/wp-content\/uploads\/2024\/01\/H5A8435-800x450.jpg\" alt=\"\" class=\"wp-image-31486\"\/><figcaption class=\"wp-element-caption\">Cr\u00e9dito: Josu\u00e9 J\u00fanior\/PMP<\/figcaption><\/figure>\n\n\n\n<figure class=\"wp-block-image size-large\"><img loading=\"lazy\" decoding=\"async\" width=\"800\" height=\"450\" data-attachment-id=\"31481\" data-permalink=\"https:\/\/www.paudalho.pe.gov.br\/portal\/paudalho-encerra-155a-festa-de-sao-sebastiao-batendo-publico-recorde-de-quase-300-mil-pessoas-nos-ultimos-tres-dias-de-programacao\/_h5a8618-1\/\" data-orig-file=\"https:\/\/www.paudalho.pe.gov.br\/portal\/wp-content\/uploads\/2024\/01\/H5A8618-1-scaled.jpg\" data-orig-size=\"2560,1707\" data-comments-opened=\"1\" data-image-meta=\"{&quot;aperture&quot;:&quot;3.2&quot;,&quot;credit&quot;:&quot;CHARLES JOHNSON&quot;,&quot;camera&quot;:&quot;Canon EOS 5D Mark IV&quot;,&quot;caption&quot;:&quot;&quot;,&quot;created_timestamp&quot;:&quot;1705896169&quot;,&quot;copyright&quot;:&quot;CHARLES JOHNSON 81 986016133&quot;,&quot;focal_length&quot;:&quot;85&quot;,&quot;iso&quot;:&quot;5000&quot;,&quot;shutter_speed&quot;:&quot;0.00625&quot;,&quot;title&quot;:&quot;&quot;,&quot;orientation&quot;:&quot;0&quot;}\" data-image-title=\"_H5A8618 (1)\" data-image-description=\"\" data-image-caption=\"&lt;p&gt;Cr\u00e9dito: Josu\u00e9 J\u00fanior\/PMP&lt;\/p&gt;\n\" data-medium-file=\"https:\/\/www.paudalho.pe.gov.br\/portal\/wp-content\/uploads\/2024\/01\/H5A8618-1-350x230.jpg\" data-large-file=\"https:\/\/www.paudalho.pe.gov.br\/portal\/wp-content\/uploads\/2024\/01\/H5A8618-1-800x450.jpg\" data-id=\"31481\" src=\"https:\/\/www.paudalho.pe.gov.br\/portal\/wp-content\/uploads\/2024\/01\/H5A8618-1-800x450.jpg\" alt=\"\" class=\"wp-image-31481\"\/><figcaption class=\"wp-element-caption\">Cr\u00e9dito: Josu\u00e9 J\u00fanior\/PMP<\/figcaption><\/figure>\n\n\n\n<figure class=\"wp-block-image size-large\"><img loading=\"lazy\" decoding=\"async\" width=\"800\" height=\"450\" data-attachment-id=\"31495\" data-permalink=\"https:\/\/www.paudalho.pe.gov.br\/portal\/paudalho-encerra-155a-festa-de-sao-sebastiao-batendo-publico-recorde-de-quase-300-mil-pessoas-nos-ultimos-tres-dias-de-programacao\/_h5a8079\/\" data-orig-file=\"https:\/\/www.paudalho.pe.gov.br\/portal\/wp-content\/uploads\/2024\/01\/H5A8079-scaled.jpg\" data-orig-size=\"2560,1707\" data-comments-opened=\"1\" data-image-meta=\"{&quot;aperture&quot;:&quot;2&quot;,&quot;credit&quot;:&quot;CHARLES JOHNSON&quot;,&quot;camera&quot;:&quot;Canon EOS 5D Mark IV&quot;,&quot;caption&quot;:&quot;&quot;,&quot;created_timestamp&quot;:&quot;1705880640&quot;,&quot;copyright&quot;:&quot;CHARLES JOHNSON 81 986016133&quot;,&quot;focal_length&quot;:&quot;85&quot;,&quot;iso&quot;:&quot;400&quot;,&quot;shutter_speed&quot;:&quot;0.00625&quot;,&quot;title&quot;:&quot;&quot;,&quot;orientation&quot;:&quot;0&quot;}\" data-image-title=\"_H5A8079\" data-image-description=\"\" data-image-caption=\"&lt;p&gt;Cr\u00e9dito: Josu\u00e9 J\u00fanior\/PMP&lt;\/p&gt;\n\" data-medium-file=\"https:\/\/www.paudalho.pe.gov.br\/portal\/wp-content\/uploads\/2024\/01\/H5A8079-350x230.jpg\" data-large-file=\"https:\/\/www.paudalho.pe.gov.br\/portal\/wp-content\/uploads\/2024\/01\/H5A8079-800x450.jpg\" data-id=\"31495\" src=\"https:\/\/www.paudalho.pe.gov.br\/portal\/wp-content\/uploads\/2024\/01\/H5A8079-800x450.jpg\" alt=\"\" class=\"wp-image-31495\"\/><figcaption class=\"wp-element-caption\">Cr\u00e9dito: Josu\u00e9 J\u00fanior\/PMP<\/figcaption><\/figure>\n\n\n\n<figure class=\"wp-block-image size-large\"><img loading=\"lazy\" decoding=\"async\" width=\"800\" height=\"450\" data-attachment-id=\"31490\" data-permalink=\"https:\/\/www.paudalho.pe.gov.br\/portal\/paudalho-encerra-155a-festa-de-sao-sebastiao-batendo-publico-recorde-de-quase-300-mil-pessoas-nos-ultimos-tres-dias-de-programacao\/_h5a8435-2\/\" data-orig-file=\"https:\/\/www.paudalho.pe.gov.br\/portal\/wp-content\/uploads\/2024\/01\/H5A8435-1-scaled.jpg\" data-orig-size=\"2560,1707\" data-comments-opened=\"1\" data-image-meta=\"{&quot;aperture&quot;:&quot;4&quot;,&quot;credit&quot;:&quot;CHARLES JOHNSON&quot;,&quot;camera&quot;:&quot;Canon EOS 5D Mark IV&quot;,&quot;caption&quot;:&quot;&quot;,&quot;created_timestamp&quot;:&quot;1705888456&quot;,&quot;copyright&quot;:&quot;CHARLES JOHNSON 81 986016133&quot;,&quot;focal_length&quot;:&quot;85&quot;,&quot;iso&quot;:&quot;2000&quot;,&quot;shutter_speed&quot;:&quot;0.003125&quot;,&quot;title&quot;:&quot;&quot;,&quot;orientation&quot;:&quot;0&quot;}\" data-image-title=\"_H5A8435\" data-image-description=\"\" data-image-caption=\"&lt;p&gt;Cr\u00e9dito: Josu\u00e9 J\u00fanior\/PMP&lt;\/p&gt;\n\" data-medium-file=\"https:\/\/www.paudalho.pe.gov.br\/portal\/wp-content\/uploads\/2024\/01\/H5A8435-1-350x230.jpg\" data-large-file=\"https:\/\/www.paudalho.pe.gov.br\/portal\/wp-content\/uploads\/2024\/01\/H5A8435-1-800x450.jpg\" data-id=\"31490\" src=\"https:\/\/www.paudalho.pe.gov.br\/portal\/wp-content\/uploads\/2024\/01\/H5A8435-1-800x450.jpg\" alt=\"\" class=\"wp-image-31490\"\/><figcaption class=\"wp-element-caption\">Cr\u00e9dito: Josu\u00e9 J\u00fanior\/PMP<\/figcaption><\/figure>\n\n\n\n<figure class=\"wp-block-image size-large\"><img loading=\"lazy\" decoding=\"async\" width=\"800\" height=\"450\" data-attachment-id=\"31489\" data-permalink=\"https:\/\/www.paudalho.pe.gov.br\/portal\/paudalho-encerra-155a-festa-de-sao-sebastiao-batendo-publico-recorde-de-quase-300-mil-pessoas-nos-ultimos-tres-dias-de-programacao\/_h5a8307\/\" data-orig-file=\"https:\/\/www.paudalho.pe.gov.br\/portal\/wp-content\/uploads\/2024\/01\/H5A8307-scaled.jpg\" data-orig-size=\"2560,1707\" data-comments-opened=\"1\" data-image-meta=\"{&quot;aperture&quot;:&quot;2&quot;,&quot;credit&quot;:&quot;CHARLES JOHNSON&quot;,&quot;camera&quot;:&quot;Canon EOS 5D Mark IV&quot;,&quot;caption&quot;:&quot;&quot;,&quot;created_timestamp&quot;:&quot;1705887638&quot;,&quot;copyright&quot;:&quot;CHARLES JOHNSON 81 986016133&quot;,&quot;focal_length&quot;:&quot;24&quot;,&quot;iso&quot;:&quot;2000&quot;,&quot;shutter_speed&quot;:&quot;0.005&quot;,&quot;title&quot;:&quot;&quot;,&quot;orientation&quot;:&quot;0&quot;}\" data-image-title=\"_H5A8307\" data-image-description=\"\" data-image-caption=\"&lt;p&gt;Cr\u00e9dito: Josu\u00e9 J\u00fanior\/PMP&lt;\/p&gt;\n\" data-medium-file=\"https:\/\/www.paudalho.pe.gov.br\/portal\/wp-content\/uploads\/2024\/01\/H5A8307-350x230.jpg\" data-large-file=\"https:\/\/www.paudalho.pe.gov.br\/portal\/wp-content\/uploads\/2024\/01\/H5A8307-800x450.jpg\" data-id=\"31489\" src=\"https:\/\/www.paudalho.pe.gov.br\/portal\/wp-content\/uploads\/2024\/01\/H5A8307-800x450.jpg\" alt=\"\" class=\"wp-image-31489\"\/><figcaption class=\"wp-element-caption\">Cr\u00e9dito: Josu\u00e9 J\u00fanior\/PMP<\/figcaption><\/figure>\n\n\n\n<figure class=\"wp-block-image size-large\"><img loading=\"lazy\" decoding=\"async\" width=\"800\" height=\"450\" data-attachment-id=\"31488\" data-permalink=\"https:\/\/www.paudalho.pe.gov.br\/portal\/paudalho-encerra-155a-festa-de-sao-sebastiao-batendo-publico-recorde-de-quase-300-mil-pessoas-nos-ultimos-tres-dias-de-programacao\/_h5a8329\/\" data-orig-file=\"https:\/\/www.paudalho.pe.gov.br\/portal\/wp-content\/uploads\/2024\/01\/H5A8329-scaled.jpg\" data-orig-size=\"2560,1707\" data-comments-opened=\"1\" data-image-meta=\"{&quot;aperture&quot;:&quot;2.5&quot;,&quot;credit&quot;:&quot;CHARLES JOHNSON&quot;,&quot;camera&quot;:&quot;Canon EOS 5D Mark IV&quot;,&quot;caption&quot;:&quot;&quot;,&quot;created_timestamp&quot;:&quot;1705887722&quot;,&quot;copyright&quot;:&quot;CHARLES JOHNSON 81 986016133&quot;,&quot;focal_length&quot;:&quot;85&quot;,&quot;iso&quot;:&quot;2000&quot;,&quot;shutter_speed&quot;:&quot;0.00625&quot;,&quot;title&quot;:&quot;&quot;,&quot;orientation&quot;:&quot;0&quot;}\" data-image-title=\"_H5A8329\" data-image-description=\"\" data-image-caption=\"&lt;p&gt;Cr\u00e9dito: Josu\u00e9 J\u00fanior\/PMP&lt;\/p&gt;\n\" data-medium-file=\"https:\/\/www.paudalho.pe.gov.br\/portal\/wp-content\/uploads\/2024\/01\/H5A8329-350x230.jpg\" data-large-file=\"https:\/\/www.paudalho.pe.gov.br\/portal\/wp-content\/uploads\/2024\/01\/H5A8329-800x450.jpg\" data-id=\"31488\" src=\"https:\/\/www.paudalho.pe.gov.br\/portal\/wp-content\/uploads\/2024\/01\/H5A8329-800x450.jpg\" alt=\"\" class=\"wp-image-31488\"\/><figcaption class=\"wp-element-caption\">Cr\u00e9dito: Josu\u00e9 J\u00fanior\/PMP<\/figcaption><\/figure>\n\n\n\n<figure class=\"wp-block-image size-large\"><img loading=\"lazy\" decoding=\"async\" width=\"800\" height=\"450\" data-attachment-id=\"31487\" data-permalink=\"https:\/\/www.paudalho.pe.gov.br\/portal\/paudalho-encerra-155a-festa-de-sao-sebastiao-batendo-publico-recorde-de-quase-300-mil-pessoas-nos-ultimos-tres-dias-de-programacao\/_h5a8351\/\" data-orig-file=\"https:\/\/www.paudalho.pe.gov.br\/portal\/wp-content\/uploads\/2024\/01\/H5A8351-scaled-e1706118600217.jpg\" data-orig-size=\"1706,1228\" data-comments-opened=\"1\" data-image-meta=\"{&quot;aperture&quot;:&quot;4&quot;,&quot;credit&quot;:&quot;CHARLES JOHNSON&quot;,&quot;camera&quot;:&quot;Canon EOS 5D Mark IV&quot;,&quot;caption&quot;:&quot;&quot;,&quot;created_timestamp&quot;:&quot;1705887805&quot;,&quot;copyright&quot;:&quot;CHARLES JOHNSON 81 986016133&quot;,&quot;focal_length&quot;:&quot;85&quot;,&quot;iso&quot;:&quot;800&quot;,&quot;shutter_speed&quot;:&quot;0.00625&quot;,&quot;title&quot;:&quot;&quot;,&quot;orientation&quot;:&quot;0&quot;}\" data-image-title=\"_H5A8351\" data-image-description=\"\" data-image-caption=\"&lt;p&gt;Cr\u00e9dito: Josu\u00e9 J\u00fanior\/PMP&lt;\/p&gt;\n\" data-medium-file=\"https:\/\/www.paudalho.pe.gov.br\/portal\/wp-content\/uploads\/2024\/01\/H5A8351-scaled-e1706118600217-350x230.jpg\" data-large-file=\"https:\/\/www.paudalho.pe.gov.br\/portal\/wp-content\/uploads\/2024\/01\/H5A8351-scaled-e1706118600217-800x450.jpg\" data-id=\"31487\" src=\"https:\/\/www.paudalho.pe.gov.br\/portal\/wp-content\/uploads\/2024\/01\/H5A8351-scaled-e1706118600217-800x450.jpg\" alt=\"\" class=\"wp-image-31487\"\/><figcaption class=\"wp-element-caption\">Cr\u00e9dito: Josu\u00e9 J\u00fanior\/PMP<\/figcaption><\/figure>\n\n\n\n<figure class=\"wp-block-image size-large\"><img loading=\"lazy\" decoding=\"async\" width=\"800\" height=\"450\" data-attachment-id=\"31500\" data-permalink=\"https:\/\/www.paudalho.pe.gov.br\/portal\/paudalho-encerra-155a-festa-de-sao-sebastiao-batendo-publico-recorde-de-quase-300-mil-pessoas-nos-ultimos-tres-dias-de-programacao\/_h5a8173\/\" data-orig-file=\"https:\/\/www.paudalho.pe.gov.br\/portal\/wp-content\/uploads\/2024\/01\/H5A8173-scaled.jpg\" data-orig-size=\"2560,1707\" data-comments-opened=\"1\" data-image-meta=\"{&quot;aperture&quot;:&quot;2&quot;,&quot;credit&quot;:&quot;CHARLES JOHNSON&quot;,&quot;camera&quot;:&quot;Canon EOS 5D Mark IV&quot;,&quot;caption&quot;:&quot;&quot;,&quot;created_timestamp&quot;:&quot;1705882230&quot;,&quot;copyright&quot;:&quot;CHARLES JOHNSON 81 986016133&quot;,&quot;focal_length&quot;:&quot;85&quot;,&quot;iso&quot;:&quot;640&quot;,&quot;shutter_speed&quot;:&quot;0.004&quot;,&quot;title&quot;:&quot;&quot;,&quot;orientation&quot;:&quot;0&quot;}\" data-image-title=\"_H5A8173\" data-image-description=\"\" data-image-caption=\"&lt;p&gt;Cr\u00e9dito: Josu\u00e9 J\u00fanior\/PMP&lt;\/p&gt;\n\" data-medium-file=\"https:\/\/www.paudalho.pe.gov.br\/portal\/wp-content\/uploads\/2024\/01\/H5A8173-350x230.jpg\" data-large-file=\"https:\/\/www.paudalho.pe.gov.br\/portal\/wp-content\/uploads\/2024\/01\/H5A8173-800x450.jpg\" data-id=\"31500\" src=\"https:\/\/www.paudalho.pe.gov.br\/portal\/wp-content\/uploads\/2024\/01\/H5A8173-800x450.jpg\" alt=\"\" class=\"wp-image-31500\"\/><figcaption class=\"wp-element-caption\">Cr\u00e9dito: Josu\u00e9 J\u00fanior\/PMP<\/figcaption><\/figure>\n\n\n\n<figure class=\"wp-block-image size-large\"><img loading=\"lazy\" decoding=\"async\" width=\"800\" height=\"450\" data-attachment-id=\"31499\" data-permalink=\"https:\/\/www.paudalho.pe.gov.br\/portal\/paudalho-encerra-155a-festa-de-sao-sebastiao-batendo-publico-recorde-de-quase-300-mil-pessoas-nos-ultimos-tres-dias-de-programacao\/_h5a8107\/\" data-orig-file=\"https:\/\/www.paudalho.pe.gov.br\/portal\/wp-content\/uploads\/2024\/01\/H5A8107-scaled.jpg\" data-orig-size=\"2560,1707\" data-comments-opened=\"1\" data-image-meta=\"{&quot;aperture&quot;:&quot;1.8&quot;,&quot;credit&quot;:&quot;CHARLES JOHNSON&quot;,&quot;camera&quot;:&quot;Canon EOS 5D Mark IV&quot;,&quot;caption&quot;:&quot;&quot;,&quot;created_timestamp&quot;:&quot;1705880857&quot;,&quot;copyright&quot;:&quot;CHARLES JOHNSON 81 986016133&quot;,&quot;focal_length&quot;:&quot;24&quot;,&quot;iso&quot;:&quot;400&quot;,&quot;shutter_speed&quot;:&quot;0.00625&quot;,&quot;title&quot;:&quot;&quot;,&quot;orientation&quot;:&quot;0&quot;}\" data-image-title=\"_H5A8107\" data-image-description=\"\" data-image-caption=\"&lt;p&gt;Cr\u00e9dito: Josu\u00e9 J\u00fanior\/PMP&lt;\/p&gt;\n\" data-medium-file=\"https:\/\/www.paudalho.pe.gov.br\/portal\/wp-content\/uploads\/2024\/01\/H5A8107-350x230.jpg\" data-large-file=\"https:\/\/www.paudalho.pe.gov.br\/portal\/wp-content\/uploads\/2024\/01\/H5A8107-800x450.jpg\" data-id=\"31499\" src=\"https:\/\/www.paudalho.pe.gov.br\/portal\/wp-content\/uploads\/2024\/01\/H5A8107-800x450.jpg\" alt=\"\" class=\"wp-image-31499\"\/><figcaption class=\"wp-element-caption\">Cr\u00e9dito: Josu\u00e9 J\u00fanior\/PMP<\/figcaption><\/figure>\n\n\n\n<figure class=\"wp-block-image size-large\"><img loading=\"lazy\" decoding=\"async\" width=\"800\" height=\"450\" data-attachment-id=\"31494\" data-permalink=\"https:\/\/www.paudalho.pe.gov.br\/portal\/paudalho-encerra-155a-festa-de-sao-sebastiao-batendo-publico-recorde-de-quase-300-mil-pessoas-nos-ultimos-tres-dias-de-programacao\/_h5a8074\/\" data-orig-file=\"https:\/\/www.paudalho.pe.gov.br\/portal\/wp-content\/uploads\/2024\/01\/H5A8074-scaled.jpg\" data-orig-size=\"2560,1707\" data-comments-opened=\"1\" data-image-meta=\"{&quot;aperture&quot;:&quot;1.8&quot;,&quot;credit&quot;:&quot;CHARLES JOHNSON&quot;,&quot;camera&quot;:&quot;Canon EOS 5D Mark IV&quot;,&quot;caption&quot;:&quot;&quot;,&quot;created_timestamp&quot;:&quot;1705880610&quot;,&quot;copyright&quot;:&quot;CHARLES JOHNSON 81 986016133&quot;,&quot;focal_length&quot;:&quot;85&quot;,&quot;iso&quot;:&quot;400&quot;,&quot;shutter_speed&quot;:&quot;0.00625&quot;,&quot;title&quot;:&quot;&quot;,&quot;orientation&quot;:&quot;0&quot;}\" data-image-title=\"_H5A8074\" data-image-description=\"\" data-image-caption=\"&lt;p&gt;Cr\u00e9dito: Josu\u00e9 J\u00fanior\/PMP&lt;\/p&gt;\n\" data-medium-file=\"https:\/\/www.paudalho.pe.gov.br\/portal\/wp-content\/uploads\/2024\/01\/H5A8074-350x230.jpg\" data-large-file=\"https:\/\/www.paudalho.pe.gov.br\/portal\/wp-content\/uploads\/2024\/01\/H5A8074-800x450.jpg\" data-id=\"31494\" src=\"https:\/\/www.paudalho.pe.gov.br\/portal\/wp-content\/uploads\/2024\/01\/H5A8074-800x450.jpg\" alt=\"\" class=\"wp-image-31494\"\/><figcaption class=\"wp-element-caption\">Cr\u00e9dito: Josu\u00e9 J\u00fanior\/PMP<\/figcaption><\/figure>\n\n\n\n<figure class=\"wp-block-image size-large\"><img loading=\"lazy\" decoding=\"async\" width=\"800\" height=\"450\" data-attachment-id=\"31491\" data-permalink=\"https:\/\/www.paudalho.pe.gov.br\/portal\/paudalho-encerra-155a-festa-de-sao-sebastiao-batendo-publico-recorde-de-quase-300-mil-pessoas-nos-ultimos-tres-dias-de-programacao\/_h5a8101-1\/\" data-orig-file=\"https:\/\/www.paudalho.pe.gov.br\/portal\/wp-content\/uploads\/2024\/01\/H5A8101-1-scaled.jpg\" data-orig-size=\"2560,1707\" data-comments-opened=\"1\" data-image-meta=\"{&quot;aperture&quot;:&quot;2.2&quot;,&quot;credit&quot;:&quot;CHARLES JOHNSON&quot;,&quot;camera&quot;:&quot;Canon EOS 5D Mark IV&quot;,&quot;caption&quot;:&quot;&quot;,&quot;created_timestamp&quot;:&quot;1705880787&quot;,&quot;copyright&quot;:&quot;CHARLES JOHNSON 81 986016133&quot;,&quot;focal_length&quot;:&quot;24&quot;,&quot;iso&quot;:&quot;400&quot;,&quot;shutter_speed&quot;:&quot;0.00625&quot;,&quot;title&quot;:&quot;&quot;,&quot;orientation&quot;:&quot;0&quot;}\" data-image-title=\"_H5A8101 (1)\" data-image-description=\"\" data-image-caption=\"&lt;p&gt;Cr\u00e9dito: Josu\u00e9 J\u00fanior\/PMP&lt;\/p&gt;\n\" data-medium-file=\"https:\/\/www.paudalho.pe.gov.br\/portal\/wp-content\/uploads\/2024\/01\/H5A8101-1-350x230.jpg\" data-large-file=\"https:\/\/www.paudalho.pe.gov.br\/portal\/wp-content\/uploads\/2024\/01\/H5A8101-1-800x450.jpg\" data-id=\"31491\" src=\"https:\/\/www.paudalho.pe.gov.br\/portal\/wp-content\/uploads\/2024\/01\/H5A8101-1-800x450.jpg\" alt=\"\" class=\"wp-image-31491\"\/><figcaption class=\"wp-element-caption\">Cr\u00e9dito: Josu\u00e9 J\u00fanior\/PMP<\/figcaption><\/figure>\n\n\n\n<figure class=\"wp-block-image size-large\"><img loading=\"lazy\" decoding=\"async\" width=\"800\" height=\"450\" data-attachment-id=\"31493\" data-permalink=\"https:\/\/www.paudalho.pe.gov.br\/portal\/paudalho-encerra-155a-festa-de-sao-sebastiao-batendo-publico-recorde-de-quase-300-mil-pessoas-nos-ultimos-tres-dias-de-programacao\/_h5a8070\/\" data-orig-file=\"https:\/\/www.paudalho.pe.gov.br\/portal\/wp-content\/uploads\/2024\/01\/H5A8070-scaled.jpg\" data-orig-size=\"2560,1707\" data-comments-opened=\"1\" data-image-meta=\"{&quot;aperture&quot;:&quot;1.8&quot;,&quot;credit&quot;:&quot;CHARLES JOHNSON&quot;,&quot;camera&quot;:&quot;Canon EOS 5D Mark IV&quot;,&quot;caption&quot;:&quot;&quot;,&quot;created_timestamp&quot;:&quot;1705880583&quot;,&quot;copyright&quot;:&quot;CHARLES JOHNSON 81 986016133&quot;,&quot;focal_length&quot;:&quot;85&quot;,&quot;iso&quot;:&quot;400&quot;,&quot;shutter_speed&quot;:&quot;0.00625&quot;,&quot;title&quot;:&quot;&quot;,&quot;orientation&quot;:&quot;0&quot;}\" data-image-title=\"_H5A8070\" data-image-description=\"\" data-image-caption=\"&lt;p&gt;Cr\u00e9dito: Josu\u00e9 J\u00fanior\/PMP&lt;\/p&gt;\n\" data-medium-file=\"https:\/\/www.paudalho.pe.gov.br\/portal\/wp-content\/uploads\/2024\/01\/H5A8070-350x230.jpg\" data-large-file=\"https:\/\/www.paudalho.pe.gov.br\/portal\/wp-content\/uploads\/2024\/01\/H5A8070-800x450.jpg\" data-id=\"31493\" src=\"https:\/\/www.paudalho.pe.gov.br\/portal\/wp-content\/uploads\/2024\/01\/H5A8070-800x450.jpg\" alt=\"\" class=\"wp-image-31493\"\/><figcaption class=\"wp-element-caption\">Cr\u00e9dito: Josu\u00e9 J\u00fanior\/PMP<\/figcaption><\/figure>\n\n\n\n<figure class=\"wp-block-image size-large\"><img loading=\"lazy\" decoding=\"async\" width=\"800\" height=\"450\" data-attachment-id=\"31492\" data-permalink=\"https:\/\/www.paudalho.pe.gov.br\/portal\/paudalho-encerra-155a-festa-de-sao-sebastiao-batendo-publico-recorde-de-quase-300-mil-pessoas-nos-ultimos-tres-dias-de-programacao\/_h5a8069\/\" data-orig-file=\"https:\/\/www.paudalho.pe.gov.br\/portal\/wp-content\/uploads\/2024\/01\/H5A8069-scaled.jpg\" data-orig-size=\"2560,1707\" data-comments-opened=\"1\" data-image-meta=\"{&quot;aperture&quot;:&quot;2.2&quot;,&quot;credit&quot;:&quot;CHARLES JOHNSON&quot;,&quot;camera&quot;:&quot;Canon EOS 5D Mark IV&quot;,&quot;caption&quot;:&quot;&quot;,&quot;created_timestamp&quot;:&quot;1705880578&quot;,&quot;copyright&quot;:&quot;CHARLES JOHNSON 81 986016133&quot;,&quot;focal_length&quot;:&quot;85&quot;,&quot;iso&quot;:&quot;400&quot;,&quot;shutter_speed&quot;:&quot;0.00625&quot;,&quot;title&quot;:&quot;&quot;,&quot;orientation&quot;:&quot;0&quot;}\" data-image-title=\"_H5A8069\" data-image-description=\"\" data-image-caption=\"&lt;p&gt;Cr\u00e9dito: Josu\u00e9 J\u00fanior\/PMP&lt;\/p&gt;\n\" data-medium-file=\"https:\/\/www.paudalho.pe.gov.br\/portal\/wp-content\/uploads\/2024\/01\/H5A8069-350x230.jpg\" data-large-file=\"https:\/\/www.paudalho.pe.gov.br\/portal\/wp-content\/uploads\/2024\/01\/H5A8069-800x450.jpg\" data-id=\"31492\" src=\"https:\/\/www.paudalho.pe.gov.br\/portal\/wp-content\/uploads\/2024\/01\/H5A8069-800x450.jpg\" alt=\"\" class=\"wp-image-31492\"\/><figcaption class=\"wp-element-caption\">Cr\u00e9dito: Josu\u00e9 J\u00fanior\/PMP<\/figcaption><\/figure>\n\n\n\n<figure class=\"wp-block-image size-large\"><img loading=\"lazy\" decoding=\"async\" width=\"800\" height=\"450\" data-attachment-id=\"31369\" data-permalink=\"https:\/\/www.paudalho.pe.gov.br\/portal\/?attachment_id=31369\" data-orig-file=\"https:\/\/www.paudalho.pe.gov.br\/portal\/wp-content\/uploads\/2024\/01\/H5A7636-scaled.jpg\" data-orig-size=\"2560,1707\" data-comments-opened=\"1\" data-image-meta=\"{&quot;aperture&quot;:&quot;3.5&quot;,&quot;credit&quot;:&quot;CHARLES JOHNSON&quot;,&quot;camera&quot;:&quot;Canon EOS 5D Mark IV&quot;,&quot;caption&quot;:&quot;&quot;,&quot;created_timestamp&quot;:&quot;1705803019&quot;,&quot;copyright&quot;:&quot;CHARLES JOHNSON 81 986016133&quot;,&quot;focal_length&quot;:&quot;200&quot;,&quot;iso&quot;:&quot;10000&quot;,&quot;shutter_speed&quot;:&quot;0.005&quot;,&quot;title&quot;:&quot;&quot;,&quot;orientation&quot;:&quot;0&quot;}\" data-image-title=\"_H5A7636\" data-image-description=\"\" data-image-caption=\"&lt;p&gt;Cr\u00e9ditos: Josu\u00e9 J\u00fanior\/PMP&lt;\/p&gt;\n\" data-medium-file=\"https:\/\/www.paudalho.pe.gov.br\/portal\/wp-content\/uploads\/2024\/01\/H5A7636-350x230.jpg\" data-large-file=\"https:\/\/www.paudalho.pe.gov.br\/portal\/wp-content\/uploads\/2024\/01\/H5A7636-800x450.jpg\" data-id=\"31369\" src=\"https:\/\/www.paudalho.pe.gov.br\/portal\/wp-content\/uploads\/2024\/01\/H5A7636-800x450.jpg\" alt=\"\" class=\"wp-image-31369\"\/><figcaption class=\"wp-element-caption\">Cr\u00e9ditos: Josu\u00e9 J\u00fanior\/PMP<\/figcaption><\/figure>\n\n\n\n<figure class=\"wp-block-image size-large\"><img loading=\"lazy\" decoding=\"async\" width=\"800\" height=\"450\" data-attachment-id=\"31368\" data-permalink=\"https:\/\/www.paudalho.pe.gov.br\/portal\/?attachment_id=31368\" data-orig-file=\"https:\/\/www.paudalho.pe.gov.br\/portal\/wp-content\/uploads\/2024\/01\/H5A7638-scaled.jpg\" data-orig-size=\"2560,1707\" data-comments-opened=\"1\" data-image-meta=\"{&quot;aperture&quot;:&quot;3.5&quot;,&quot;credit&quot;:&quot;CHARLES JOHNSON&quot;,&quot;camera&quot;:&quot;Canon EOS 5D Mark IV&quot;,&quot;caption&quot;:&quot;&quot;,&quot;created_timestamp&quot;:&quot;1705803036&quot;,&quot;copyright&quot;:&quot;CHARLES JOHNSON 81 986016133&quot;,&quot;focal_length&quot;:&quot;120&quot;,&quot;iso&quot;:&quot;12800&quot;,&quot;shutter_speed&quot;:&quot;0.005&quot;,&quot;title&quot;:&quot;&quot;,&quot;orientation&quot;:&quot;0&quot;}\" data-image-title=\"_H5A7638\" data-image-description=\"\" data-image-caption=\"&lt;p&gt;Cr\u00e9ditos: Josu\u00e9 J\u00fanior\/PMP&lt;\/p&gt;\n\" data-medium-file=\"https:\/\/www.paudalho.pe.gov.br\/portal\/wp-content\/uploads\/2024\/01\/H5A7638-350x230.jpg\" data-large-file=\"https:\/\/www.paudalho.pe.gov.br\/portal\/wp-content\/uploads\/2024\/01\/H5A7638-800x450.jpg\" data-id=\"31368\" src=\"https:\/\/www.paudalho.pe.gov.br\/portal\/wp-content\/uploads\/2024\/01\/H5A7638-800x450.jpg\" alt=\"\" class=\"wp-image-31368\"\/><figcaption class=\"wp-element-caption\">Cr\u00e9ditos: Josu\u00e9 J\u00fanior\/PMP<\/figcaption><\/figure>\n\n\n\n<figure class=\"wp-block-image size-large\"><img loading=\"lazy\" decoding=\"async\" width=\"800\" height=\"450\" data-attachment-id=\"31367\" data-permalink=\"https:\/\/www.paudalho.pe.gov.br\/portal\/?attachment_id=31367\" data-orig-file=\"https:\/\/www.paudalho.pe.gov.br\/portal\/wp-content\/uploads\/2024\/01\/H5A7650-scaled.jpg\" data-orig-size=\"2560,1707\" data-comments-opened=\"1\" data-image-meta=\"{&quot;aperture&quot;:&quot;3.5&quot;,&quot;credit&quot;:&quot;CHARLES JOHNSON&quot;,&quot;camera&quot;:&quot;Canon EOS 5D Mark IV&quot;,&quot;caption&quot;:&quot;&quot;,&quot;created_timestamp&quot;:&quot;1705803075&quot;,&quot;copyright&quot;:&quot;CHARLES JOHNSON 81 986016133&quot;,&quot;focal_length&quot;:&quot;70&quot;,&quot;iso&quot;:&quot;12800&quot;,&quot;shutter_speed&quot;:&quot;0.005&quot;,&quot;title&quot;:&quot;&quot;,&quot;orientation&quot;:&quot;0&quot;}\" data-image-title=\"_H5A7650\" data-image-description=\"\" data-image-caption=\"&lt;p&gt;Cr\u00e9ditos: Josu\u00e9 J\u00fanior\/PMP&lt;\/p&gt;\n\" data-medium-file=\"https:\/\/www.paudalho.pe.gov.br\/portal\/wp-content\/uploads\/2024\/01\/H5A7650-350x230.jpg\" data-large-file=\"https:\/\/www.paudalho.pe.gov.br\/portal\/wp-content\/uploads\/2024\/01\/H5A7650-800x450.jpg\" data-id=\"31367\" src=\"https:\/\/www.paudalho.pe.gov.br\/portal\/wp-content\/uploads\/2024\/01\/H5A7650-800x450.jpg\" alt=\"\" class=\"wp-image-31367\"\/><figcaption class=\"wp-element-caption\">Cr\u00e9ditos: Josu\u00e9 J\u00fanior\/PMP<\/figcaption><\/figure>\n\n\n\n<figure class=\"wp-block-image size-large\"><img loading=\"lazy\" decoding=\"async\" width=\"800\" height=\"450\" data-attachment-id=\"31366\" data-permalink=\"https:\/\/www.paudalho.pe.gov.br\/portal\/?attachment_id=31366\" data-orig-file=\"https:\/\/www.paudalho.pe.gov.br\/portal\/wp-content\/uploads\/2024\/01\/H5A7639-scaled.jpg\" data-orig-size=\"2560,1707\" data-comments-opened=\"1\" data-image-meta=\"{&quot;aperture&quot;:&quot;3.5&quot;,&quot;credit&quot;:&quot;CHARLES JOHNSON&quot;,&quot;camera&quot;:&quot;Canon EOS 5D Mark IV&quot;,&quot;caption&quot;:&quot;&quot;,&quot;created_timestamp&quot;:&quot;1705803037&quot;,&quot;copyright&quot;:&quot;CHARLES JOHNSON 81 986016133&quot;,&quot;focal_length&quot;:&quot;135&quot;,&quot;iso&quot;:&quot;12800&quot;,&quot;shutter_speed&quot;:&quot;0.005&quot;,&quot;title&quot;:&quot;&quot;,&quot;orientation&quot;:&quot;0&quot;}\" data-image-title=\"_H5A7639\" data-image-description=\"\" data-image-caption=\"&lt;p&gt;Cr\u00e9ditos: Josu\u00e9 J\u00fanior\/PMP&lt;\/p&gt;\n\" data-medium-file=\"https:\/\/www.paudalho.pe.gov.br\/portal\/wp-content\/uploads\/2024\/01\/H5A7639-350x230.jpg\" data-large-file=\"https:\/\/www.paudalho.pe.gov.br\/portal\/wp-content\/uploads\/2024\/01\/H5A7639-800x450.jpg\" data-id=\"31366\" src=\"https:\/\/www.paudalho.pe.gov.br\/portal\/wp-content\/uploads\/2024\/01\/H5A7639-800x450.jpg\" alt=\"\" class=\"wp-image-31366\"\/><figcaption class=\"wp-element-caption\">Cr\u00e9ditos: Josu\u00e9 J\u00fanior\/PMP<\/figcaption><\/figure>\n\n\n\n<figure class=\"wp-block-image size-large\"><img loading=\"lazy\" decoding=\"async\" width=\"800\" height=\"450\" data-attachment-id=\"31363\" data-permalink=\"https:\/\/www.paudalho.pe.gov.br\/portal\/?attachment_id=31363\" data-orig-file=\"https:\/\/www.paudalho.pe.gov.br\/portal\/wp-content\/uploads\/2024\/01\/H5A7761-scaled.jpg\" data-orig-size=\"2560,1707\" data-comments-opened=\"1\" data-image-meta=\"{&quot;aperture&quot;:&quot;2.8&quot;,&quot;credit&quot;:&quot;CHARLES JOHNSON&quot;,&quot;camera&quot;:&quot;Canon EOS 5D Mark IV&quot;,&quot;caption&quot;:&quot;&quot;,&quot;created_timestamp&quot;:&quot;1705809941&quot;,&quot;copyright&quot;:&quot;CHARLES JOHNSON 81 986016133&quot;,&quot;focal_length&quot;:&quot;175&quot;,&quot;iso&quot;:&quot;10000&quot;,&quot;shutter_speed&quot;:&quot;0.005&quot;,&quot;title&quot;:&quot;&quot;,&quot;orientation&quot;:&quot;0&quot;}\" data-image-title=\"_H5A7761\" data-image-description=\"\" data-image-caption=\"&lt;p&gt;Cr\u00e9dito: Josu\u00e9 J\u00fanior\/PMP&lt;\/p&gt;\n\" data-medium-file=\"https:\/\/www.paudalho.pe.gov.br\/portal\/wp-content\/uploads\/2024\/01\/H5A7761-350x230.jpg\" data-large-file=\"https:\/\/www.paudalho.pe.gov.br\/portal\/wp-content\/uploads\/2024\/01\/H5A7761-800x450.jpg\" data-id=\"31363\" src=\"https:\/\/www.paudalho.pe.gov.br\/portal\/wp-content\/uploads\/2024\/01\/H5A7761-800x450.jpg\" alt=\"\" class=\"wp-image-31363\"\/><figcaption class=\"wp-element-caption\">Cr\u00e9dito: Josu\u00e9 J\u00fanior\/PMP<\/figcaption><\/figure>\n\n\n\n<figure class=\"wp-block-image size-large\"><img loading=\"lazy\" decoding=\"async\" width=\"800\" height=\"450\" data-attachment-id=\"31361\" data-permalink=\"https:\/\/www.paudalho.pe.gov.br\/portal\/?attachment_id=31361\" data-orig-file=\"https:\/\/www.paudalho.pe.gov.br\/portal\/wp-content\/uploads\/2024\/01\/H5A7728-scaled.jpg\" data-orig-size=\"2560,1707\" data-comments-opened=\"1\" data-image-meta=\"{&quot;aperture&quot;:&quot;2.8&quot;,&quot;credit&quot;:&quot;CHARLES JOHNSON&quot;,&quot;camera&quot;:&quot;Canon EOS 5D Mark IV&quot;,&quot;caption&quot;:&quot;&quot;,&quot;created_timestamp&quot;:&quot;1705809793&quot;,&quot;copyright&quot;:&quot;CHARLES JOHNSON 81 986016133&quot;,&quot;focal_length&quot;:&quot;175&quot;,&quot;iso&quot;:&quot;6400&quot;,&quot;shutter_speed&quot;:&quot;0.005&quot;,&quot;title&quot;:&quot;&quot;,&quot;orientation&quot;:&quot;0&quot;}\" data-image-title=\"_H5A7728\" data-image-description=\"\" data-image-caption=\"&lt;p&gt;Cr\u00e9dito: Josu\u00e9 J\u00fanior\/PMP&lt;\/p&gt;\n\" data-medium-file=\"https:\/\/www.paudalho.pe.gov.br\/portal\/wp-content\/uploads\/2024\/01\/H5A7728-350x230.jpg\" data-large-file=\"https:\/\/www.paudalho.pe.gov.br\/portal\/wp-content\/uploads\/2024\/01\/H5A7728-800x450.jpg\" data-id=\"31361\" src=\"https:\/\/www.paudalho.pe.gov.br\/portal\/wp-content\/uploads\/2024\/01\/H5A7728-800x450.jpg\" alt=\"\" class=\"wp-image-31361\"\/><figcaption class=\"wp-element-caption\">Cr\u00e9dito: Josu\u00e9 J\u00fanior\/PMP<\/figcaption><\/figure>\n\n\n\n<figure class=\"wp-block-image size-large\"><img loading=\"lazy\" decoding=\"async\" width=\"800\" height=\"450\" data-attachment-id=\"31360\" data-permalink=\"https:\/\/www.paudalho.pe.gov.br\/portal\/?attachment_id=31360\" data-orig-file=\"https:\/\/www.paudalho.pe.gov.br\/portal\/wp-content\/uploads\/2024\/01\/H5A7701-scaled.jpg\" data-orig-size=\"2560,1707\" data-comments-opened=\"1\" data-image-meta=\"{&quot;aperture&quot;:&quot;3.5&quot;,&quot;credit&quot;:&quot;CHARLES JOHNSON&quot;,&quot;camera&quot;:&quot;Canon EOS 5D Mark IV&quot;,&quot;caption&quot;:&quot;&quot;,&quot;created_timestamp&quot;:&quot;1705803230&quot;,&quot;copyright&quot;:&quot;CHARLES JOHNSON 81 986016133&quot;,&quot;focal_length&quot;:&quot;130&quot;,&quot;iso&quot;:&quot;12800&quot;,&quot;shutter_speed&quot;:&quot;0.005&quot;,&quot;title&quot;:&quot;&quot;,&quot;orientation&quot;:&quot;0&quot;}\" data-image-title=\"_H5A7701\" data-image-description=\"\" data-image-caption=\"&lt;p&gt;Cr\u00e9ditos: Josu\u00e9 J\u00fanior\/PMP&lt;\/p&gt;\n\" data-medium-file=\"https:\/\/www.paudalho.pe.gov.br\/portal\/wp-content\/uploads\/2024\/01\/H5A7701-350x230.jpg\" data-large-file=\"https:\/\/www.paudalho.pe.gov.br\/portal\/wp-content\/uploads\/2024\/01\/H5A7701-800x450.jpg\" data-id=\"31360\" src=\"https:\/\/www.paudalho.pe.gov.br\/portal\/wp-content\/uploads\/2024\/01\/H5A7701-800x450.jpg\" alt=\"\" class=\"wp-image-31360\"\/><figcaption class=\"wp-element-caption\">Cr\u00e9ditos: Josu\u00e9 J\u00fanior\/PMP<\/figcaption><\/figure>\n\n\n\n<figure class=\"wp-block-image size-large\"><img loading=\"lazy\" decoding=\"async\" width=\"800\" height=\"450\" data-attachment-id=\"31362\" data-permalink=\"https:\/\/www.paudalho.pe.gov.br\/portal\/?attachment_id=31362\" data-orig-file=\"https:\/\/www.paudalho.pe.gov.br\/portal\/wp-content\/uploads\/2024\/01\/H5A7751-scaled.jpg\" data-orig-size=\"2560,1707\" data-comments-opened=\"1\" data-image-meta=\"{&quot;aperture&quot;:&quot;2.8&quot;,&quot;credit&quot;:&quot;CHARLES JOHNSON&quot;,&quot;camera&quot;:&quot;Canon EOS 5D Mark IV&quot;,&quot;caption&quot;:&quot;&quot;,&quot;created_timestamp&quot;:&quot;1705809871&quot;,&quot;copyright&quot;:&quot;CHARLES JOHNSON 81 986016133&quot;,&quot;focal_length&quot;:&quot;200&quot;,&quot;iso&quot;:&quot;320&quot;,&quot;shutter_speed&quot;:&quot;0.005&quot;,&quot;title&quot;:&quot;&quot;,&quot;orientation&quot;:&quot;0&quot;}\" data-image-title=\"_H5A7751\" data-image-description=\"\" data-image-caption=\"&lt;p&gt;Cr\u00e9dito: Josu\u00e9 J\u00fanior\/PMP&lt;\/p&gt;\n\" data-medium-file=\"https:\/\/www.paudalho.pe.gov.br\/portal\/wp-content\/uploads\/2024\/01\/H5A7751-350x230.jpg\" data-large-file=\"https:\/\/www.paudalho.pe.gov.br\/portal\/wp-content\/uploads\/2024\/01\/H5A7751-800x450.jpg\" data-id=\"31362\" src=\"https:\/\/www.paudalho.pe.gov.br\/portal\/wp-content\/uploads\/2024\/01\/H5A7751-800x450.jpg\" alt=\"\" class=\"wp-image-31362\"\/><figcaption class=\"wp-element-caption\">Cr\u00e9dito: Josu\u00e9 J\u00fanior\/PMP<\/figcaption><\/figure>\n\n\n\n<figure class=\"wp-block-image size-large\"><img loading=\"lazy\" decoding=\"async\" width=\"800\" height=\"450\" data-attachment-id=\"31359\" data-permalink=\"https:\/\/www.paudalho.pe.gov.br\/portal\/?attachment_id=31359\" data-orig-file=\"https:\/\/www.paudalho.pe.gov.br\/portal\/wp-content\/uploads\/2024\/01\/H5A7681-scaled.jpg\" data-orig-size=\"2560,1707\" data-comments-opened=\"1\" data-image-meta=\"{&quot;aperture&quot;:&quot;3.5&quot;,&quot;credit&quot;:&quot;CHARLES JOHNSON&quot;,&quot;camera&quot;:&quot;Canon EOS 5D Mark IV&quot;,&quot;caption&quot;:&quot;&quot;,&quot;created_timestamp&quot;:&quot;1705803180&quot;,&quot;copyright&quot;:&quot;CHARLES JOHNSON 81 986016133&quot;,&quot;focal_length&quot;:&quot;140&quot;,&quot;iso&quot;:&quot;12800&quot;,&quot;shutter_speed&quot;:&quot;0.005&quot;,&quot;title&quot;:&quot;&quot;,&quot;orientation&quot;:&quot;0&quot;}\" data-image-title=\"_H5A7681\" data-image-description=\"\" data-image-caption=\"&lt;p&gt;Cr\u00e9dito: Josu\u00e9 J\u00fanior\/PMP&lt;\/p&gt;\n\" data-medium-file=\"https:\/\/www.paudalho.pe.gov.br\/portal\/wp-content\/uploads\/2024\/01\/H5A7681-350x230.jpg\" data-large-file=\"https:\/\/www.paudalho.pe.gov.br\/portal\/wp-content\/uploads\/2024\/01\/H5A7681-800x450.jpg\" data-id=\"31359\" src=\"https:\/\/www.paudalho.pe.gov.br\/portal\/wp-content\/uploads\/2024\/01\/H5A7681-800x450.jpg\" alt=\"\" class=\"wp-image-31359\"\/><figcaption class=\"wp-element-caption\">Cr\u00e9dito: Josu\u00e9 J\u00fanior\/PMP<\/figcaption><\/figure>\n\n\n\n<figure class=\"wp-block-image size-large\"><img loading=\"lazy\" decoding=\"async\" width=\"800\" height=\"450\" data-attachment-id=\"31358\" data-permalink=\"https:\/\/www.paudalho.pe.gov.br\/portal\/?attachment_id=31358\" data-orig-file=\"https:\/\/www.paudalho.pe.gov.br\/portal\/wp-content\/uploads\/2024\/01\/H5A7672-scaled.jpg\" data-orig-size=\"1707,2560\" data-comments-opened=\"1\" data-image-meta=\"{&quot;aperture&quot;:&quot;3.5&quot;,&quot;credit&quot;:&quot;CHARLES JOHNSON&quot;,&quot;camera&quot;:&quot;Canon EOS 5D Mark IV&quot;,&quot;caption&quot;:&quot;&quot;,&quot;created_timestamp&quot;:&quot;1705803161&quot;,&quot;copyright&quot;:&quot;CHARLES JOHNSON 81 986016133&quot;,&quot;focal_length&quot;:&quot;108&quot;,&quot;iso&quot;:&quot;12800&quot;,&quot;shutter_speed&quot;:&quot;0.005&quot;,&quot;title&quot;:&quot;&quot;,&quot;orientation&quot;:&quot;0&quot;}\" data-image-title=\"_H5A7672\" data-image-description=\"\" data-image-caption=\"&lt;p&gt;Cr\u00e9dito: Josu\u00e9 J\u00fanior\/PMP&lt;\/p&gt;\n\" data-medium-file=\"https:\/\/www.paudalho.pe.gov.br\/portal\/wp-content\/uploads\/2024\/01\/H5A7672-350x230.jpg\" data-large-file=\"https:\/\/www.paudalho.pe.gov.br\/portal\/wp-content\/uploads\/2024\/01\/H5A7672-800x450.jpg\" data-id=\"31358\" src=\"https:\/\/www.paudalho.pe.gov.br\/portal\/wp-content\/uploads\/2024\/01\/H5A7672-800x450.jpg\" alt=\"\" class=\"wp-image-31358\"\/><figcaption class=\"wp-element-caption\">Cr\u00e9dito: Josu\u00e9 J\u00fanior\/PMP<\/figcaption><\/figure>\n\n\n\n<figure class=\"wp-block-image size-large\"><img loading=\"lazy\" decoding=\"async\" width=\"800\" height=\"450\" data-attachment-id=\"31357\" data-permalink=\"https:\/\/www.paudalho.pe.gov.br\/portal\/?attachment_id=31357\" data-orig-file=\"https:\/\/www.paudalho.pe.gov.br\/portal\/wp-content\/uploads\/2024\/01\/H5A7663-scaled.jpg\" data-orig-size=\"1707,2560\" data-comments-opened=\"1\" data-image-meta=\"{&quot;aperture&quot;:&quot;3.5&quot;,&quot;credit&quot;:&quot;CHARLES JOHNSON&quot;,&quot;camera&quot;:&quot;Canon EOS 5D Mark IV&quot;,&quot;caption&quot;:&quot;&quot;,&quot;created_timestamp&quot;:&quot;1705803142&quot;,&quot;copyright&quot;:&quot;CHARLES JOHNSON 81 986016133&quot;,&quot;focal_length&quot;:&quot;95&quot;,&quot;iso&quot;:&quot;12800&quot;,&quot;shutter_speed&quot;:&quot;0.005&quot;,&quot;title&quot;:&quot;&quot;,&quot;orientation&quot;:&quot;0&quot;}\" data-image-title=\"_H5A7663\" data-image-description=\"\" data-image-caption=\"&lt;p&gt;Cr\u00e9dito: Josu\u00e9 J\u00fanior\/PMP&lt;\/p&gt;\n\" data-medium-file=\"https:\/\/www.paudalho.pe.gov.br\/portal\/wp-content\/uploads\/2024\/01\/H5A7663-350x230.jpg\" data-large-file=\"https:\/\/www.paudalho.pe.gov.br\/portal\/wp-content\/uploads\/2024\/01\/H5A7663-800x450.jpg\" data-id=\"31357\" src=\"https:\/\/www.paudalho.pe.gov.br\/portal\/wp-content\/uploads\/2024\/01\/H5A7663-800x450.jpg\" alt=\"\" class=\"wp-image-31357\"\/><figcaption class=\"wp-element-caption\">Cr\u00e9dito: Josu\u00e9 J\u00fanior\/PMP<\/figcaption><\/figure>\n\n\n\n<figure class=\"wp-block-image size-large\"><img loading=\"lazy\" decoding=\"async\" width=\"800\" height=\"450\" data-attachment-id=\"31356\" data-permalink=\"https:\/\/www.paudalho.pe.gov.br\/portal\/?attachment_id=31356\" data-orig-file=\"https:\/\/www.paudalho.pe.gov.br\/portal\/wp-content\/uploads\/2024\/01\/H5A7654-scaled.jpg\" data-orig-size=\"2560,1707\" data-comments-opened=\"1\" data-image-meta=\"{&quot;aperture&quot;:&quot;3.5&quot;,&quot;credit&quot;:&quot;CHARLES JOHNSON&quot;,&quot;camera&quot;:&quot;Canon EOS 5D Mark IV&quot;,&quot;caption&quot;:&quot;&quot;,&quot;created_timestamp&quot;:&quot;1705803126&quot;,&quot;copyright&quot;:&quot;CHARLES JOHNSON 81 986016133&quot;,&quot;focal_length&quot;:&quot;200&quot;,&quot;iso&quot;:&quot;12800&quot;,&quot;shutter_speed&quot;:&quot;0.005&quot;,&quot;title&quot;:&quot;&quot;,&quot;orientation&quot;:&quot;0&quot;}\" data-image-title=\"_H5A7654\" data-image-description=\"\" data-image-caption=\"&lt;p&gt;Cr\u00e9dito: Josu\u00e9 J\u00fanior\/PMP&lt;\/p&gt;\n\" data-medium-file=\"https:\/\/www.paudalho.pe.gov.br\/portal\/wp-content\/uploads\/2024\/01\/H5A7654-350x230.jpg\" data-large-file=\"https:\/\/www.paudalho.pe.gov.br\/portal\/wp-content\/uploads\/2024\/01\/H5A7654-800x450.jpg\" data-id=\"31356\" src=\"https:\/\/www.paudalho.pe.gov.br\/portal\/wp-content\/uploads\/2024\/01\/H5A7654-800x450.jpg\" alt=\"\" class=\"wp-image-31356\"\/><figcaption class=\"wp-element-caption\">Cr\u00e9dito: Josu\u00e9 J\u00fanior\/PMP<\/figcaption><\/figure>\n\n\n\n<figure class=\"wp-block-image size-large\"><img loading=\"lazy\" decoding=\"async\" width=\"800\" height=\"450\" data-attachment-id=\"31355\" data-permalink=\"https:\/\/www.paudalho.pe.gov.br\/portal\/?attachment_id=31355\" data-orig-file=\"https:\/\/www.paudalho.pe.gov.br\/portal\/wp-content\/uploads\/2024\/01\/H5A7779-scaled.jpg\" data-orig-size=\"2560,1707\" data-comments-opened=\"1\" data-image-meta=\"{&quot;aperture&quot;:&quot;2.8&quot;,&quot;credit&quot;:&quot;CHARLES JOHNSON&quot;,&quot;camera&quot;:&quot;Canon EOS 5D Mark IV&quot;,&quot;caption&quot;:&quot;&quot;,&quot;created_timestamp&quot;:&quot;1705809986&quot;,&quot;copyright&quot;:&quot;CHARLES JOHNSON 81 986016133&quot;,&quot;focal_length&quot;:&quot;200&quot;,&quot;iso&quot;:&quot;12800&quot;,&quot;shutter_speed&quot;:&quot;0.003125&quot;,&quot;title&quot;:&quot;&quot;,&quot;orientation&quot;:&quot;0&quot;}\" data-image-title=\"_H5A7779\" data-image-description=\"\" data-image-caption=\"&lt;p&gt;Cr\u00e9dito: Josu\u00e9 J\u00fanior\/PMP&lt;\/p&gt;\n\" data-medium-file=\"https:\/\/www.paudalho.pe.gov.br\/portal\/wp-content\/uploads\/2024\/01\/H5A7779-350x230.jpg\" data-large-file=\"https:\/\/www.paudalho.pe.gov.br\/portal\/wp-content\/uploads\/2024\/01\/H5A7779-800x450.jpg\" data-id=\"31355\" src=\"https:\/\/www.paudalho.pe.gov.br\/portal\/wp-content\/uploads\/2024\/01\/H5A7779-800x450.jpg\" alt=\"\" class=\"wp-image-31355\"\/><figcaption class=\"wp-element-caption\">Cr\u00e9dito: Josu\u00e9 J\u00fanior\/PMP<\/figcaption><\/figure>\n\n\n\n<figure class=\"wp-block-image size-large\"><img loading=\"lazy\" decoding=\"async\" width=\"800\" height=\"450\" data-attachment-id=\"31354\" data-permalink=\"https:\/\/www.paudalho.pe.gov.br\/portal\/?attachment_id=31354\" data-orig-file=\"https:\/\/www.paudalho.pe.gov.br\/portal\/wp-content\/uploads\/2024\/01\/H5A7775-scaled.jpg\" data-orig-size=\"2560,1707\" data-comments-opened=\"1\" data-image-meta=\"{&quot;aperture&quot;:&quot;2.8&quot;,&quot;credit&quot;:&quot;CHARLES JOHNSON&quot;,&quot;camera&quot;:&quot;Canon EOS 5D Mark IV&quot;,&quot;caption&quot;:&quot;&quot;,&quot;created_timestamp&quot;:&quot;1705809973&quot;,&quot;copyright&quot;:&quot;CHARLES JOHNSON 81 986016133&quot;,&quot;focal_length&quot;:&quot;200&quot;,&quot;iso&quot;:&quot;12800&quot;,&quot;shutter_speed&quot;:&quot;0.003125&quot;,&quot;title&quot;:&quot;&quot;,&quot;orientation&quot;:&quot;0&quot;}\" data-image-title=\"_H5A7775\" data-image-description=\"\" data-image-caption=\"&lt;p&gt;Cr\u00e9dito: Josu\u00e9 J\u00fanior\/PMP&lt;\/p&gt;\n\" data-medium-file=\"https:\/\/www.paudalho.pe.gov.br\/portal\/wp-content\/uploads\/2024\/01\/H5A7775-350x230.jpg\" data-large-file=\"https:\/\/www.paudalho.pe.gov.br\/portal\/wp-content\/uploads\/2024\/01\/H5A7775-800x450.jpg\" data-id=\"31354\" src=\"https:\/\/www.paudalho.pe.gov.br\/portal\/wp-content\/uploads\/2024\/01\/H5A7775-800x450.jpg\" alt=\"\" class=\"wp-image-31354\"\/><figcaption class=\"wp-element-caption\">Cr\u00e9dito: Josu\u00e9 J\u00fanior\/PMP<\/figcaption><\/figure>\n\n\n\n<figure class=\"wp-block-image size-large\"><img loading=\"lazy\" decoding=\"async\" width=\"800\" height=\"450\" data-attachment-id=\"31350\" data-permalink=\"https:\/\/www.paudalho.pe.gov.br\/portal\/?attachment_id=31350\" data-orig-file=\"https:\/\/www.paudalho.pe.gov.br\/portal\/wp-content\/uploads\/2024\/01\/H5A7570-scaled.jpg\" data-orig-size=\"2560,1707\" data-comments-opened=\"1\" data-image-meta=\"{&quot;aperture&quot;:&quot;2.8&quot;,&quot;credit&quot;:&quot;CHARLES JOHNSON&quot;,&quot;camera&quot;:&quot;Canon EOS 5D Mark IV&quot;,&quot;caption&quot;:&quot;&quot;,&quot;created_timestamp&quot;:&quot;1705802401&quot;,&quot;copyright&quot;:&quot;CHARLES JOHNSON 81 986016133&quot;,&quot;focal_length&quot;:&quot;70&quot;,&quot;iso&quot;:&quot;10000&quot;,&quot;shutter_speed&quot;:&quot;0.005&quot;,&quot;title&quot;:&quot;&quot;,&quot;orientation&quot;:&quot;0&quot;}\" data-image-title=\"H5A7570\" data-image-description=\"\" data-image-caption=\"&lt;p&gt;Cr\u00e9ditos: Josu\u00e9 J\u00fanior\/PMP&lt;\/p&gt;\n\" data-medium-file=\"https:\/\/www.paudalho.pe.gov.br\/portal\/wp-content\/uploads\/2024\/01\/H5A7570-350x230.jpg\" data-large-file=\"https:\/\/www.paudalho.pe.gov.br\/portal\/wp-content\/uploads\/2024\/01\/H5A7570-800x450.jpg\" data-id=\"31350\" src=\"https:\/\/www.paudalho.pe.gov.br\/portal\/wp-content\/uploads\/2024\/01\/H5A7570-800x450.jpg\" alt=\"\" class=\"wp-image-31350\"\/><figcaption class=\"wp-element-caption\">Cr\u00e9ditos: Josu\u00e9 J\u00fanior\/PMP<\/figcaption><\/figure>\n\n\n\n<figure class=\"wp-block-image size-large\"><img loading=\"lazy\" decoding=\"async\" width=\"800\" height=\"450\" data-attachment-id=\"31349\" data-permalink=\"https:\/\/www.paudalho.pe.gov.br\/portal\/?attachment_id=31349\" data-orig-file=\"https:\/\/www.paudalho.pe.gov.br\/portal\/wp-content\/uploads\/2024\/01\/H5A7587-scaled.jpg\" data-orig-size=\"2560,1707\" data-comments-opened=\"1\" data-image-meta=\"{&quot;aperture&quot;:&quot;2.8&quot;,&quot;credit&quot;:&quot;CHARLES JOHNSON&quot;,&quot;camera&quot;:&quot;Canon EOS 5D Mark IV&quot;,&quot;caption&quot;:&quot;&quot;,&quot;created_timestamp&quot;:&quot;1705802434&quot;,&quot;copyright&quot;:&quot;CHARLES JOHNSON 81 986016133&quot;,&quot;focal_length&quot;:&quot;185&quot;,&quot;iso&quot;:&quot;10000&quot;,&quot;shutter_speed&quot;:&quot;0.005&quot;,&quot;title&quot;:&quot;&quot;,&quot;orientation&quot;:&quot;0&quot;}\" data-image-title=\"H5A7587\" data-image-description=\"\" data-image-caption=\"&lt;p&gt;Cr\u00e9ditos: Josu\u00e9 J\u00fanior\/PMP&lt;\/p&gt;\n\" data-medium-file=\"https:\/\/www.paudalho.pe.gov.br\/portal\/wp-content\/uploads\/2024\/01\/H5A7587-350x230.jpg\" data-large-file=\"https:\/\/www.paudalho.pe.gov.br\/portal\/wp-content\/uploads\/2024\/01\/H5A7587-800x450.jpg\" data-id=\"31349\" src=\"https:\/\/www.paudalho.pe.gov.br\/portal\/wp-content\/uploads\/2024\/01\/H5A7587-800x450.jpg\" alt=\"\" class=\"wp-image-31349\"\/><figcaption class=\"wp-element-caption\">Cr\u00e9ditos: Josu\u00e9 J\u00fanior\/PMP<\/figcaption><\/figure>\n<\/figure>\n","protected":false},"excerpt":{"rendered":"<p>Com nove dias de festa, dois polos, 30 atra\u00e7\u00f5es, entre elas, artistas como Raphaela Santos, Tarc\u00edsio do Acordeon, Lim\u00e3o com Mel e Felipe Amorim, a Prefeitura do Paudalho, atrav\u00e9s da Secretaria de Cultura, Turismo, Lazer e Juventude (SecultJuv), realizou a 155\u00aa Festa de S\u00e3o Sebasti\u00e3o 2024 entre os dias 12 e 21 de janeiro. No [&hellip;]<\/p>\n","protected":false},"author":10,"featured_media":31364,"comment_status":"open","ping_status":"open","sticky":false,"template":"","format":"standard","meta":{"_jetpack_newsletter_access":"","_jetpack_dont_email_post_to_subs":false,"_jetpack_newsletter_tier_id":0,"_jetpack_memberships_contains_paywalled_content":false,"_jetpack_memberships_contains_paid_content":false,"footnotes":""},"categories":[6,1184,2,1],"tags":[1374,1375,68,223,14,22,234,238],"class_list":["post-31480","post","type-post","status-publish","format-standard","has-post-thumbnail","hentry","category-cultura","category-cultura-2","category-destaque","category-noticias","tag-155a-festa-de-sao-sebastiao","tag-155a-festa-de-sao-sebastiao-2024","tag-cultura","tag-festa-de-sao-sebastiao","tag-paudalho","tag-prefeitura-do-paudalho","tag-sao-sebastiao","tag-secretaria-de-cultura-e-turismo"],"jetpack_featured_media_url":"https:\/\/www.paudalho.pe.gov.br\/portal\/wp-content\/uploads\/2024\/01\/H5A7770-scaled.jpg","jetpack_sharing_enabled":true,"jetpack_shortlink":"https:\/\/wp.me\/p98mS2-8bK","_links":{"self":[{"href":"https:\/\/www.paudalho.pe.gov.br\/portal\/wp-json\/wp\/v2\/posts\/31480","targetHints":{"allow":["GET"]}}],"collection":[{"href":"https:\/\/www.paudalho.pe.gov.br\/portal\/wp-json\/wp\/v2\/posts"}],"about":[{"href":"https:\/\/www.paudalho.pe.gov.br\/portal\/wp-json\/wp\/v2\/types\/post"}],"author":[{"embeddable":true,"href":"https:\/\/www.paudalho.pe.gov.br\/portal\/wp-json\/wp\/v2\/users\/10"}],"replies":[{"embeddable":true,"href":"https:\/\/www.paudalho.pe.gov.br\/portal\/wp-json\/wp\/v2\/comments?post=31480"}],"version-history":[{"count":1,"href":"https:\/\/www.paudalho.pe.gov.br\/portal\/wp-json\/wp\/v2\/posts\/31480\/revisions"}],"predecessor-version":[{"id":31513,"href":"https:\/\/www.paudalho.pe.gov.br\/portal\/wp-json\/wp\/v2\/posts\/31480\/revisions\/31513"}],"wp:featuredmedia":[{"embeddable":true,"href":"https:\/\/www.paudalho.pe.gov.br\/portal\/wp-json\/wp\/v2\/media\/31364"}],"wp:attachment":[{"href":"https:\/\/www.paudalho.pe.gov.br\/portal\/wp-json\/wp\/v2\/media?parent=31480"}],"wp:term":[{"taxonomy":"category","embeddable":true,"href":"https:\/\/www.paudalho.pe.gov.br\/portal\/wp-json\/wp\/v2\/categories?post=31480"},{"taxonomy":"post_tag","embeddable":true,"href":"https:\/\/www.paudalho.pe.gov.br\/portal\/wp-json\/wp\/v2\/tags?post=31480"}],"curies":[{"name":"wp","href":"https:\/\/api.w.org\/{rel}","templated":true}]}}