{"id":31371,"date":"2024-01-23T13:53:46","date_gmt":"2024-01-23T16:53:46","guid":{"rendered":"https:\/\/www.paudalho.pe.gov.br\/portal\/?p=31371"},"modified":"2025-01-08T00:38:18","modified_gmt":"2025-01-08T03:38:18","slug":"paudalho-realiza-capacitacao-para-contemplados-do-edital-audiovisual-da-lei-paulo-gustavo","status":"publish","type":"post","link":"https:\/\/www.paudalho.pe.gov.br\/portal\/paudalho-realiza-capacitacao-para-contemplados-do-edital-audiovisual-da-lei-paulo-gustavo\/","title":{"rendered":"Paudalho realiza capacita\u00e7\u00e3o para contemplados do Edital Audiovisual da Lei Paulo Gustavo"},"content":{"rendered":"\n<p>A Prefeitura do Paudalho, atrav\u00e9s da Secretaria de Cultura, Turismo, Lazer e Juventude (SeculJuv) e da Escola de Pol\u00edticas P\u00fablicas Culturais, realiza capacita\u00e7\u00e3o sobre execu\u00e7\u00e3o de projetos e presta\u00e7\u00e3o de contas para \u00e0queles contemplados no Edital Audivisual Jeff Mand\u00fa, da Lei Paulo Gustavo (LPG). A capacita\u00e7\u00e3o acontece nesta quinta-feira(25), a partir das 14h, na sede da SecultJuv, localizada na Pra\u00e7a do Ros\u00e1rio, no Centro de Paudalho.<\/p>\n\n\n\n<p>A capacita\u00e7\u00e3o visa orientar os produtores culturais contemplados pelo edital, considerando que saber executar e prestar contas corretamente s\u00e3o essenciais para que os produtores possam participar de outros editais governamentais no futuro.<\/p>\n\n\n\n<p><\/p>\n","protected":false},"excerpt":{"rendered":"<p>A Prefeitura do Paudalho, atrav\u00e9s da Secretaria de Cultura, Turismo, Lazer e Juventude (SeculJuv) e da Escola de Pol\u00edticas P\u00fablicas Culturais, realiza capacita\u00e7\u00e3o sobre execu\u00e7\u00e3o de projetos e presta\u00e7\u00e3o de contas para \u00e0queles contemplados no Edital Audivisual Jeff Mand\u00fa, da Lei Paulo Gustavo (LPG). A capacita\u00e7\u00e3o acontece nesta quinta-feira(25), a partir das 14h, na sede [&hellip;]<\/p>\n","protected":false},"author":10,"featured_media":31374,"comment_status":"open","ping_status":"open","sticky":false,"template":"","format":"standard","meta":{"_jetpack_newsletter_access":"","_jetpack_dont_email_post_to_subs":false,"_jetpack_newsletter_tier_id":0,"_jetpack_memberships_contains_paywalled_content":false,"_jetpack_memberships_contains_paid_content":false,"footnotes":""},"categories":[1184,6,2,1],"tags":[68,1382,1383,1193,1384,14,22,238,1381],"class_list":["post-31371","post","type-post","status-publish","format-standard","has-post-thumbnail","hentry","category-cultura-2","category-cultura","category-destaque","category-noticias","tag-cultura","tag-edital-audivisual-jeff-mandu","tag-escola-de-politicas-publicas-culturais","tag-lei-paulo-gustavo","tag-lpg","tag-paudalho","tag-prefeitura-do-paudalho","tag-secretaria-de-cultura-e-turismo","tag-seculjuv"],"jetpack_featured_media_url":"https:\/\/www.paudalho.pe.gov.br\/portal\/wp-content\/uploads\/2024\/01\/PAUDALHO-16.png","jetpack_sharing_enabled":true,"jetpack_shortlink":"https:\/\/wp.me\/p98mS2-89Z","_links":{"self":[{"href":"https:\/\/www.paudalho.pe.gov.br\/portal\/wp-json\/wp\/v2\/posts\/31371","targetHints":{"allow":["GET"]}}],"collection":[{"href":"https:\/\/www.paudalho.pe.gov.br\/portal\/wp-json\/wp\/v2\/posts"}],"about":[{"href":"https:\/\/www.paudalho.pe.gov.br\/portal\/wp-json\/wp\/v2\/types\/post"}],"author":[{"embeddable":true,"href":"https:\/\/www.paudalho.pe.gov.br\/portal\/wp-json\/wp\/v2\/users\/10"}],"replies":[{"embeddable":true,"href":"https:\/\/www.paudalho.pe.gov.br\/portal\/wp-json\/wp\/v2\/comments?post=31371"}],"version-history":[{"count":1,"href":"https:\/\/www.paudalho.pe.gov.br\/portal\/wp-json\/wp\/v2\/posts\/31371\/revisions"}],"predecessor-version":[{"id":31375,"href":"https:\/\/www.paudalho.pe.gov.br\/portal\/wp-json\/wp\/v2\/posts\/31371\/revisions\/31375"}],"wp:featuredmedia":[{"embeddable":true,"href":"https:\/\/www.paudalho.pe.gov.br\/portal\/wp-json\/wp\/v2\/media\/31374"}],"wp:attachment":[{"href":"https:\/\/www.paudalho.pe.gov.br\/portal\/wp-json\/wp\/v2\/media?parent=31371"}],"wp:term":[{"taxonomy":"category","embeddable":true,"href":"https:\/\/www.paudalho.pe.gov.br\/portal\/wp-json\/wp\/v2\/categories?post=31371"},{"taxonomy":"post_tag","embeddable":true,"href":"https:\/\/www.paudalho.pe.gov.br\/portal\/wp-json\/wp\/v2\/tags?post=31371"}],"curies":[{"name":"wp","href":"https:\/\/api.w.org\/{rel}","templated":true}]}}