{"id":3126,"date":"2018-06-11T18:39:55","date_gmt":"2018-06-11T21:39:55","guid":{"rendered":"http:\/\/www.paudalho.pe.gov.br\/portal\/?p=3126"},"modified":"2018-06-19T11:07:17","modified_gmt":"2018-06-19T14:07:17","slug":"prefeitura-do-paudalho-divulga-programacao-do-sao-joao-2018","status":"publish","type":"post","link":"https:\/\/www.paudalho.pe.gov.br\/portal\/prefeitura-do-paudalho-divulga-programacao-do-sao-joao-2018\/","title":{"rendered":"Prefeitura do Paudalho divulga programa\u00e7\u00e3o do S\u00e3o Jo\u00e3o 2018"},"content":{"rendered":"<p>A Prefeitura do Paudalho anunciou nesta segunda-feira (11) a programa\u00e7\u00e3o do S\u00e3o Jo\u00e3o das Tradi\u00e7\u00f5es. Os shows come\u00e7am na pr\u00f3xima quinta-feira (14) e seguem at\u00e9 o domingo (17) em uma celebra\u00e7\u00e3o que mistura tradi\u00e7\u00e3o cultural e entretenimento. Os festejos v\u00e3o ocorrer a partir das 20h, no P\u00e1tio de Eventos Beira-Rio, no Centro da cidade.<\/p>\n<h2>Programa\u00e7\u00e3o<\/h2>\n<p>No primeiro dia sobem ao palco as bandas Capital do Sol, Chacal, Aquarius, Mel Com Terra e o cantor Rosimar Lima. Na sexta-feira (15), \u00e9 a vez da cantora Solange Almeida, Capim com Mel e a dupla Fagner e Amadinha. No s\u00e1bado (16) quem comanda a festa s\u00e3o as cantoras, Silvana e Paulinha (ex-Calcinha Preta), Alejandro, Stevinnis e Cia e Geo Moura. No domingo a festa continua com Sirano e Sirino, Gatinha Manhosa e Playboyzinhos.<\/p>\n<h2>S\u00e3o Jo\u00e3o<\/h2>\n<p>O per\u00edodo homenageia tr\u00eas santos cat\u00f3licos: Santo Ant\u00f4nio (no dia 13 de junho), S\u00e3o Jo\u00e3o Batista (dia 24) e S\u00e3o Pedro (dia 29). Segundo historiadores, a festividade foi trazida para o pa\u00eds pelos portugueses, ainda durante o per\u00edodo colonial.\u00a0Na \u00e9poca, havia uma grande influ\u00eancia de elementos culturais portugueses, chineses, espanh\u00f3is e franceses no Brasil. Da Fran\u00e7a veio a dan\u00e7a marcada, caracter\u00edstica t\u00edpica das dan\u00e7as nobres e que, no Brasil, influenciou muito as t\u00edpicas quadrilhas. J\u00e1 a tradi\u00e7\u00e3o de soltar fogos de artif\u00edcio veio dos chineses. No na\u00e7\u00e3o asi\u00e1tica, teria surgido a manipula\u00e7\u00e3o da p\u00f3lvora para a fabrica\u00e7\u00e3o de fogos. Da pen\u00ednsula Ib\u00e9rica teria vindo a dan\u00e7a de fitas, muito comum em Portugal e na Espanha.\u00a0Em Pernambuco a celebra\u00e7\u00e3o faz parte da cultura do Estado. O momento \u00e9 festejado em diversas cidades fazendo alus\u00e3o a vida do matuto. Um dos s\u00edmbolos do S\u00e3o Jo\u00e3o \u00e9 a fogueira, comidas t\u00edpicas e arraiais.<\/p>\n<p>&nbsp;<\/p>\n<p>&nbsp;<\/p>\n<p>&nbsp;<\/p>\n","protected":false},"excerpt":{"rendered":"<p>A Prefeitura do Paudalho anunciou nesta segunda-feira (11) a programa\u00e7\u00e3o do S\u00e3o Jo\u00e3o das Tradi\u00e7\u00f5es. Os shows come\u00e7am na pr\u00f3xima quinta-feira (14) e seguem at\u00e9 o domingo (17) em uma celebra\u00e7\u00e3o que mistura tradi\u00e7\u00e3o cultural e entretenimento. Os festejos v\u00e3o ocorrer a partir das 20h, no P\u00e1tio de Eventos Beira-Rio, no Centro da cidade. Programa\u00e7\u00e3o [&hellip;]<\/p>\n","protected":false},"author":4,"featured_media":3171,"comment_status":"open","ping_status":"open","sticky":false,"template":"","format":"standard","meta":{"_jetpack_newsletter_access":"","_jetpack_dont_email_post_to_subs":false,"_jetpack_newsletter_tier_id":0,"_jetpack_memberships_contains_paywalled_content":false,"_jetpack_memberships_contains_paid_content":false,"footnotes":""},"categories":[2,1],"tags":[22,294],"class_list":["post-3126","post","type-post","status-publish","format-standard","has-post-thumbnail","hentry","category-destaque","category-noticias","tag-prefeitura-do-paudalho","tag-sao-joao"],"jetpack_featured_media_url":"https:\/\/www.paudalho.pe.gov.br\/portal\/wp-content\/uploads\/2018\/06\/35281610_963688260421590_288234679708942336_n.jpg","jetpack_sharing_enabled":true,"jetpack_shortlink":"https:\/\/wp.me\/p98mS2-Oq","_links":{"self":[{"href":"https:\/\/www.paudalho.pe.gov.br\/portal\/wp-json\/wp\/v2\/posts\/3126","targetHints":{"allow":["GET"]}}],"collection":[{"href":"https:\/\/www.paudalho.pe.gov.br\/portal\/wp-json\/wp\/v2\/posts"}],"about":[{"href":"https:\/\/www.paudalho.pe.gov.br\/portal\/wp-json\/wp\/v2\/types\/post"}],"author":[{"embeddable":true,"href":"https:\/\/www.paudalho.pe.gov.br\/portal\/wp-json\/wp\/v2\/users\/4"}],"replies":[{"embeddable":true,"href":"https:\/\/www.paudalho.pe.gov.br\/portal\/wp-json\/wp\/v2\/comments?post=3126"}],"version-history":[{"count":3,"href":"https:\/\/www.paudalho.pe.gov.br\/portal\/wp-json\/wp\/v2\/posts\/3126\/revisions"}],"predecessor-version":[{"id":3136,"href":"https:\/\/www.paudalho.pe.gov.br\/portal\/wp-json\/wp\/v2\/posts\/3126\/revisions\/3136"}],"wp:featuredmedia":[{"embeddable":true,"href":"https:\/\/www.paudalho.pe.gov.br\/portal\/wp-json\/wp\/v2\/media\/3171"}],"wp:attachment":[{"href":"https:\/\/www.paudalho.pe.gov.br\/portal\/wp-json\/wp\/v2\/media?parent=3126"}],"wp:term":[{"taxonomy":"category","embeddable":true,"href":"https:\/\/www.paudalho.pe.gov.br\/portal\/wp-json\/wp\/v2\/categories?post=3126"},{"taxonomy":"post_tag","embeddable":true,"href":"https:\/\/www.paudalho.pe.gov.br\/portal\/wp-json\/wp\/v2\/tags?post=3126"}],"curies":[{"name":"wp","href":"https:\/\/api.w.org\/{rel}","templated":true}]}}