{"id":31248,"date":"2024-01-19T14:38:58","date_gmt":"2024-01-19T17:38:58","guid":{"rendered":"https:\/\/www.paudalho.pe.gov.br\/portal\/?p=31248"},"modified":"2025-01-08T00:38:18","modified_gmt":"2025-01-08T03:38:18","slug":"155a-festa-de-sao-sebastiao-2024-encanta-populacao-no-polo-cultural-a-festividade-vai-ate-este-domingo21","status":"publish","type":"post","link":"https:\/\/www.paudalho.pe.gov.br\/portal\/155a-festa-de-sao-sebastiao-2024-encanta-populacao-no-polo-cultural-a-festividade-vai-ate-este-domingo21\/","title":{"rendered":"155\u00aa Festa de S\u00e3o Sebasti\u00e3o 2024 encanta popula\u00e7\u00e3o no Polo Cultural; a festividade vai at\u00e9 este domingo(21)"},"content":{"rendered":"\n<p>A Prefeitura de Paudalho, atrav\u00e9s da Secretaria de Cultura, Turismo, Lazer e Juventude (SecultJuv), continua com programa\u00e7\u00e3o extensiva na 155\u00aa Festa de S\u00e3o Sebasti\u00e3o 2024, no Polo Cultural e, a partir desta sexta-feira (19), tamb\u00e9m no Polo Principal.<\/p>\n\n\n\n<p>Desde o dia 12 de janeiro, o Polo Cultural, localizado ao lado do Col\u00e9gio Municipal de Paudalho (CMP), vem recebendo diversas atra\u00e7\u00f5es locais, explorando diferentes ritmos, como o frevo, brega, forr\u00f3 p\u00e9 de serra, MPB, pop e rock nacional, blocos l\u00edricos e outras express\u00f5es culturais e art\u00edsticas, garantindo uma festa multicultural no munic\u00edpio.<\/p>\n\n\n\n<figure class=\"wp-block-gallery has-nested-images columns-default is-cropped wp-block-gallery-1 is-layout-flex wp-block-gallery-is-layout-flex\">\n<figure class=\"wp-block-image size-large\"><img loading=\"lazy\" decoding=\"async\" width=\"800\" height=\"450\" data-attachment-id=\"31263\" data-permalink=\"https:\/\/www.paudalho.pe.gov.br\/portal\/155a-festa-de-sao-sebastiao-2024-encanta-populacao-no-polo-cultural-a-festividade-vai-ate-este-domingo21\/_h5a7011-1\/\" data-orig-file=\"https:\/\/www.paudalho.pe.gov.br\/portal\/wp-content\/uploads\/2024\/01\/H5A7011-1-scaled.jpg\" data-orig-size=\"2560,1707\" data-comments-opened=\"1\" data-image-meta=\"{&quot;aperture&quot;:&quot;2.8&quot;,&quot;credit&quot;:&quot;CHARLES JOHNSON&quot;,&quot;camera&quot;:&quot;Canon EOS 5D Mark IV&quot;,&quot;caption&quot;:&quot;&quot;,&quot;created_timestamp&quot;:&quot;1705445724&quot;,&quot;copyright&quot;:&quot;CHARLES JOHNSON 81 986016133&quot;,&quot;focal_length&quot;:&quot;50&quot;,&quot;iso&quot;:&quot;2000&quot;,&quot;shutter_speed&quot;:&quot;0.008&quot;,&quot;title&quot;:&quot;&quot;,&quot;orientation&quot;:&quot;1&quot;}\" data-image-title=\"_H5A7011 (1)\" data-image-description=\"\" data-image-caption=\"&lt;p&gt;Cr\u00e9dito: Josu\u00e9 J\u00fanior\/PMP&lt;\/p&gt;\n\" data-medium-file=\"https:\/\/www.paudalho.pe.gov.br\/portal\/wp-content\/uploads\/2024\/01\/H5A7011-1-350x230.jpg\" data-large-file=\"https:\/\/www.paudalho.pe.gov.br\/portal\/wp-content\/uploads\/2024\/01\/H5A7011-1-800x450.jpg\" data-id=\"31263\" src=\"https:\/\/www.paudalho.pe.gov.br\/portal\/wp-content\/uploads\/2024\/01\/H5A7011-1-800x450.jpg\" alt=\"\" class=\"wp-image-31263\"\/><figcaption class=\"wp-element-caption\">Cr\u00e9dito: Josu\u00e9 J\u00fanior\/PMP<\/figcaption><\/figure>\n\n\n\n<figure class=\"wp-block-image size-large\"><img loading=\"lazy\" decoding=\"async\" width=\"800\" height=\"450\" data-attachment-id=\"31264\" data-permalink=\"https:\/\/www.paudalho.pe.gov.br\/portal\/155a-festa-de-sao-sebastiao-2024-encanta-populacao-no-polo-cultural-a-festividade-vai-ate-este-domingo21\/_h5a6844\/\" data-orig-file=\"https:\/\/www.paudalho.pe.gov.br\/portal\/wp-content\/uploads\/2024\/01\/H5A6844-scaled.jpg\" data-orig-size=\"2560,1707\" data-comments-opened=\"1\" data-image-meta=\"{&quot;aperture&quot;:&quot;2.8&quot;,&quot;credit&quot;:&quot;CHARLES JOHNSON&quot;,&quot;camera&quot;:&quot;Canon EOS 5D Mark IV&quot;,&quot;caption&quot;:&quot;&quot;,&quot;created_timestamp&quot;:&quot;1705357738&quot;,&quot;copyright&quot;:&quot;CHARLES JOHNSON 81 986016133&quot;,&quot;focal_length&quot;:&quot;50&quot;,&quot;iso&quot;:&quot;1000&quot;,&quot;shutter_speed&quot;:&quot;0.00625&quot;,&quot;title&quot;:&quot;&quot;,&quot;orientation&quot;:&quot;1&quot;}\" data-image-title=\"_H5A6844\" data-image-description=\"\" data-image-caption=\"&lt;p&gt;Cr\u00e9dito: Josu\u00e9 J\u00fanior\/PMP&lt;\/p&gt;\n\" data-medium-file=\"https:\/\/www.paudalho.pe.gov.br\/portal\/wp-content\/uploads\/2024\/01\/H5A6844-350x230.jpg\" data-large-file=\"https:\/\/www.paudalho.pe.gov.br\/portal\/wp-content\/uploads\/2024\/01\/H5A6844-800x450.jpg\" data-id=\"31264\" src=\"https:\/\/www.paudalho.pe.gov.br\/portal\/wp-content\/uploads\/2024\/01\/H5A6844-800x450.jpg\" alt=\"\" class=\"wp-image-31264\"\/><figcaption class=\"wp-element-caption\">Cr\u00e9dito: Josu\u00e9 J\u00fanior\/PMP<\/figcaption><\/figure>\n\n\n\n<figure class=\"wp-block-image size-large\"><img loading=\"lazy\" decoding=\"async\" width=\"800\" height=\"450\" data-attachment-id=\"31261\" data-permalink=\"https:\/\/www.paudalho.pe.gov.br\/portal\/155a-festa-de-sao-sebastiao-2024-encanta-populacao-no-polo-cultural-a-festividade-vai-ate-este-domingo21\/img_4613\/\" data-orig-file=\"https:\/\/www.paudalho.pe.gov.br\/portal\/wp-content\/uploads\/2024\/01\/IMG_4613-scaled.jpg\" data-orig-size=\"2560,1707\" data-comments-opened=\"1\" data-image-meta=\"{&quot;aperture&quot;:&quot;5.6&quot;,&quot;credit&quot;:&quot;Edgar Neto&quot;,&quot;camera&quot;:&quot;Canon EOS REBEL T3i&quot;,&quot;caption&quot;:&quot;&quot;,&quot;created_timestamp&quot;:&quot;1705532565&quot;,&quot;copyright&quot;:&quot;Moldura&quot;,&quot;focal_length&quot;:&quot;55&quot;,&quot;iso&quot;:&quot;800&quot;,&quot;shutter_speed&quot;:&quot;0.016666666666667&quot;,&quot;title&quot;:&quot;&quot;,&quot;orientation&quot;:&quot;1&quot;}\" data-image-title=\"IMG_4613\" data-image-description=\"\" data-image-caption=\"&lt;p&gt;Cr\u00e9dito: Edgar Lira\/PMP&lt;\/p&gt;\n\" data-medium-file=\"https:\/\/www.paudalho.pe.gov.br\/portal\/wp-content\/uploads\/2024\/01\/IMG_4613-350x230.jpg\" data-large-file=\"https:\/\/www.paudalho.pe.gov.br\/portal\/wp-content\/uploads\/2024\/01\/IMG_4613-800x450.jpg\" data-id=\"31261\" src=\"https:\/\/www.paudalho.pe.gov.br\/portal\/wp-content\/uploads\/2024\/01\/IMG_4613-800x450.jpg\" alt=\"\" class=\"wp-image-31261\"\/><figcaption class=\"wp-element-caption\">Cr\u00e9dito: Edgar Lira\/PMP<\/figcaption><\/figure>\n\n\n\n<figure class=\"wp-block-image size-large\"><img loading=\"lazy\" decoding=\"async\" width=\"800\" height=\"450\" data-attachment-id=\"31260\" data-permalink=\"https:\/\/www.paudalho.pe.gov.br\/portal\/155a-festa-de-sao-sebastiao-2024-encanta-populacao-no-polo-cultural-a-festividade-vai-ate-este-domingo21\/img_4598\/\" data-orig-file=\"https:\/\/www.paudalho.pe.gov.br\/portal\/wp-content\/uploads\/2024\/01\/IMG_4598-scaled.jpg\" data-orig-size=\"2560,1707\" data-comments-opened=\"1\" data-image-meta=\"{&quot;aperture&quot;:&quot;5.6&quot;,&quot;credit&quot;:&quot;Edgar Neto&quot;,&quot;camera&quot;:&quot;Canon EOS REBEL T3i&quot;,&quot;caption&quot;:&quot;&quot;,&quot;created_timestamp&quot;:&quot;1705527805&quot;,&quot;copyright&quot;:&quot;Moldura&quot;,&quot;focal_length&quot;:&quot;55&quot;,&quot;iso&quot;:&quot;800&quot;,&quot;shutter_speed&quot;:&quot;0.016666666666667&quot;,&quot;title&quot;:&quot;&quot;,&quot;orientation&quot;:&quot;1&quot;}\" data-image-title=\"IMG_4598\" data-image-description=\"\" data-image-caption=\"&lt;p&gt;Cr\u00e9dito: Edgar Lira\/PMP&lt;\/p&gt;\n\" data-medium-file=\"https:\/\/www.paudalho.pe.gov.br\/portal\/wp-content\/uploads\/2024\/01\/IMG_4598-350x230.jpg\" data-large-file=\"https:\/\/www.paudalho.pe.gov.br\/portal\/wp-content\/uploads\/2024\/01\/IMG_4598-800x450.jpg\" data-id=\"31260\" src=\"https:\/\/www.paudalho.pe.gov.br\/portal\/wp-content\/uploads\/2024\/01\/IMG_4598-800x450.jpg\" alt=\"\" class=\"wp-image-31260\"\/><figcaption class=\"wp-element-caption\">Cr\u00e9dito: Edgar Lira\/PMP<\/figcaption><\/figure>\n\n\n\n<figure class=\"wp-block-image size-large\"><img loading=\"lazy\" decoding=\"async\" width=\"800\" height=\"450\" data-attachment-id=\"31259\" data-permalink=\"https:\/\/www.paudalho.pe.gov.br\/portal\/155a-festa-de-sao-sebastiao-2024-encanta-populacao-no-polo-cultural-a-festividade-vai-ate-este-domingo21\/img_4575\/\" data-orig-file=\"https:\/\/www.paudalho.pe.gov.br\/portal\/wp-content\/uploads\/2024\/01\/IMG_4575-scaled.jpg\" data-orig-size=\"2560,1707\" data-comments-opened=\"1\" data-image-meta=\"{&quot;aperture&quot;:&quot;5.6&quot;,&quot;credit&quot;:&quot;Edgar Neto&quot;,&quot;camera&quot;:&quot;Canon EOS REBEL T3i&quot;,&quot;caption&quot;:&quot;&quot;,&quot;created_timestamp&quot;:&quot;1705526860&quot;,&quot;copyright&quot;:&quot;Moldura&quot;,&quot;focal_length&quot;:&quot;53&quot;,&quot;iso&quot;:&quot;800&quot;,&quot;shutter_speed&quot;:&quot;0.025&quot;,&quot;title&quot;:&quot;&quot;,&quot;orientation&quot;:&quot;1&quot;}\" data-image-title=\"IMG_4575\" data-image-description=\"\" data-image-caption=\"&lt;p&gt;Cr\u00e9dito: Edgar Lira\/PMP&lt;\/p&gt;\n\" data-medium-file=\"https:\/\/www.paudalho.pe.gov.br\/portal\/wp-content\/uploads\/2024\/01\/IMG_4575-350x230.jpg\" data-large-file=\"https:\/\/www.paudalho.pe.gov.br\/portal\/wp-content\/uploads\/2024\/01\/IMG_4575-800x450.jpg\" data-id=\"31259\" src=\"https:\/\/www.paudalho.pe.gov.br\/portal\/wp-content\/uploads\/2024\/01\/IMG_4575-800x450.jpg\" alt=\"\" class=\"wp-image-31259\"\/><figcaption class=\"wp-element-caption\">Cr\u00e9dito: Edgar Lira\/PMP<\/figcaption><\/figure>\n\n\n\n<figure class=\"wp-block-image size-large\"><img loading=\"lazy\" decoding=\"async\" width=\"800\" height=\"450\" data-attachment-id=\"31258\" data-permalink=\"https:\/\/www.paudalho.pe.gov.br\/portal\/155a-festa-de-sao-sebastiao-2024-encanta-populacao-no-polo-cultural-a-festividade-vai-ate-este-domingo21\/img_4676\/\" data-orig-file=\"https:\/\/www.paudalho.pe.gov.br\/portal\/wp-content\/uploads\/2024\/01\/IMG_4676-scaled.jpg\" data-orig-size=\"2560,1707\" data-comments-opened=\"1\" data-image-meta=\"{&quot;aperture&quot;:&quot;5.6&quot;,&quot;credit&quot;:&quot;Edgar Neto&quot;,&quot;camera&quot;:&quot;Canon EOS REBEL T3i&quot;,&quot;caption&quot;:&quot;&quot;,&quot;created_timestamp&quot;:&quot;1705621758&quot;,&quot;copyright&quot;:&quot;Moldura&quot;,&quot;focal_length&quot;:&quot;55&quot;,&quot;iso&quot;:&quot;400&quot;,&quot;shutter_speed&quot;:&quot;0.02&quot;,&quot;title&quot;:&quot;&quot;,&quot;orientation&quot;:&quot;1&quot;}\" data-image-title=\"IMG_4676\" data-image-description=\"\" data-image-caption=\"&lt;p&gt;Cr\u00e9dito: Edgar Lira\/PMP&lt;\/p&gt;\n\" data-medium-file=\"https:\/\/www.paudalho.pe.gov.br\/portal\/wp-content\/uploads\/2024\/01\/IMG_4676-350x230.jpg\" data-large-file=\"https:\/\/www.paudalho.pe.gov.br\/portal\/wp-content\/uploads\/2024\/01\/IMG_4676-800x450.jpg\" data-id=\"31258\" src=\"https:\/\/www.paudalho.pe.gov.br\/portal\/wp-content\/uploads\/2024\/01\/IMG_4676-800x450.jpg\" alt=\"\" class=\"wp-image-31258\"\/><figcaption class=\"wp-element-caption\">Cr\u00e9dito: Edgar Lira\/PMP<\/figcaption><\/figure>\n\n\n\n<figure class=\"wp-block-image size-large\"><img loading=\"lazy\" decoding=\"async\" width=\"800\" height=\"450\" data-attachment-id=\"31257\" data-permalink=\"https:\/\/www.paudalho.pe.gov.br\/portal\/155a-festa-de-sao-sebastiao-2024-encanta-populacao-no-polo-cultural-a-festividade-vai-ate-este-domingo21\/img_4638\/\" data-orig-file=\"https:\/\/www.paudalho.pe.gov.br\/portal\/wp-content\/uploads\/2024\/01\/IMG_4638-scaled.jpg\" data-orig-size=\"2560,1707\" data-comments-opened=\"1\" data-image-meta=\"{&quot;aperture&quot;:&quot;4.5&quot;,&quot;credit&quot;:&quot;Edgar Neto&quot;,&quot;camera&quot;:&quot;Canon EOS REBEL T3i&quot;,&quot;caption&quot;:&quot;&quot;,&quot;created_timestamp&quot;:&quot;1705613326&quot;,&quot;copyright&quot;:&quot;Moldura&quot;,&quot;focal_length&quot;:&quot;35&quot;,&quot;iso&quot;:&quot;400&quot;,&quot;shutter_speed&quot;:&quot;0.016666666666667&quot;,&quot;title&quot;:&quot;&quot;,&quot;orientation&quot;:&quot;1&quot;}\" data-image-title=\"IMG_4638\" data-image-description=\"\" data-image-caption=\"&lt;p&gt;Cr\u00e9dito: Josu\u00e9 J\u00fanior\/PMP&lt;\/p&gt;\n\" data-medium-file=\"https:\/\/www.paudalho.pe.gov.br\/portal\/wp-content\/uploads\/2024\/01\/IMG_4638-350x230.jpg\" data-large-file=\"https:\/\/www.paudalho.pe.gov.br\/portal\/wp-content\/uploads\/2024\/01\/IMG_4638-800x450.jpg\" data-id=\"31257\" src=\"https:\/\/www.paudalho.pe.gov.br\/portal\/wp-content\/uploads\/2024\/01\/IMG_4638-800x450.jpg\" alt=\"\" class=\"wp-image-31257\"\/><figcaption class=\"wp-element-caption\">Cr\u00e9dito: Josu\u00e9 J\u00fanior\/PMP<\/figcaption><\/figure>\n\n\n\n<figure class=\"wp-block-image size-large\"><img loading=\"lazy\" decoding=\"async\" width=\"800\" height=\"450\" data-attachment-id=\"31256\" data-permalink=\"https:\/\/www.paudalho.pe.gov.br\/portal\/155a-festa-de-sao-sebastiao-2024-encanta-populacao-no-polo-cultural-a-festividade-vai-ate-este-domingo21\/h5a6987-1\/\" data-orig-file=\"https:\/\/www.paudalho.pe.gov.br\/portal\/wp-content\/uploads\/2024\/01\/H5A6987-1-scaled.jpg\" data-orig-size=\"2560,1707\" data-comments-opened=\"1\" data-image-meta=\"{&quot;aperture&quot;:&quot;2.5&quot;,&quot;credit&quot;:&quot;CHARLES JOHNSON&quot;,&quot;camera&quot;:&quot;Canon EOS 5D Mark IV&quot;,&quot;caption&quot;:&quot;&quot;,&quot;created_timestamp&quot;:&quot;1705441167&quot;,&quot;copyright&quot;:&quot;CHARLES JOHNSON 81 986016133&quot;,&quot;focal_length&quot;:&quot;50&quot;,&quot;iso&quot;:&quot;1250&quot;,&quot;shutter_speed&quot;:&quot;0.003125&quot;,&quot;title&quot;:&quot;&quot;,&quot;orientation&quot;:&quot;1&quot;}\" data-image-title=\"H5A6987-1\" data-image-description=\"\" data-image-caption=\"&lt;p&gt;Cr\u00e9dito: Josu\u00e9 J\u00fanior\/PMP&lt;\/p&gt;\n\" data-medium-file=\"https:\/\/www.paudalho.pe.gov.br\/portal\/wp-content\/uploads\/2024\/01\/H5A6987-1-350x230.jpg\" data-large-file=\"https:\/\/www.paudalho.pe.gov.br\/portal\/wp-content\/uploads\/2024\/01\/H5A6987-1-800x450.jpg\" data-id=\"31256\" src=\"https:\/\/www.paudalho.pe.gov.br\/portal\/wp-content\/uploads\/2024\/01\/H5A6987-1-800x450.jpg\" alt=\"\" class=\"wp-image-31256\"\/><figcaption class=\"wp-element-caption\">Cr\u00e9dito: Josu\u00e9 J\u00fanior\/PMP<\/figcaption><\/figure>\n<\/figure>\n\n\n\n<p>Nesta sexta-feira(19), o Polo Cultural tem a participa\u00e7\u00e3o de Zaminho Soares e da Orquestra Acordes. J\u00e1 no s\u00e1bado(20), houve uma mudan\u00e7a na programa\u00e7\u00e3o, e o munic\u00edpio recebe Dudu do Acordeon. Para encerrar a festividade, o Polo conta com a apresenta\u00e7\u00e3o de Mestre Bi e a Ciranda Bela Rosa.<\/p>\n\n\n\n<p>Al\u00e9m das apresenta\u00e7\u00f5es musicais, o Polo conta todos os dias com a Feira de Artesanato, comercializando produtos de empreendedores locais voltados para as \u00e1reas de gastronomia, artesanato, est\u00e9tica, decora\u00e7\u00e3o, roupa, mesa e banho, entre outros.&nbsp;<\/p>\n\n\n\n<p><strong>Polo Principal abre nesta sexta-feira(13)<\/strong><\/p>\n\n\n\n<p>Com expectativa de 80 mil pessoas nos tr\u00eas dias de festa, o Polo Principal, localizado no P\u00e1tio de Eventos do Beira-Rio, abre sua programa\u00e7\u00e3o nesta sexta-feira (19), a partir das 19h, com shows de Amanda Ferraz, Rog\u00e9rio Som, Juarez e Conde. No s\u00e1bado (20), a noite vai ser animada com Tatah Santana, Felipe Amorim e Raphaela Santos. J\u00e1 no domingo, finalizando a festividade, o munic\u00edpio recebe F\u00e1gner e Amandinha, Lim\u00e3o com Mel e Tarc\u00edsio do Acordeon.<\/p>\n\n\n\n<p><strong>Confira a programa\u00e7\u00e3o completa da 155\u00aa Festa de Sebasti\u00e3o 2024 de Paudalho<\/strong>:<\/p>\n\n\n\n<figure class=\"wp-block-table\"><table><tbody><tr><td>Polo Cultural<\/td><td><\/td><\/tr><tr><td>Data:<\/td><td>Atra\u00e7\u00f5es:<\/td><\/tr><tr><td>Sexta-feira<br>12\/01<\/td><td>Cia de Dan\u00e7a Ra\u00edzes da Mastruz<br>Mano Jory<br>Ninho Pernambuco<\/td><\/tr><tr><td>S\u00e1bado<br>13\/01<\/td><td>Banda Ess\u00eancia<br>Rosimar Lima<br>Gera\u00e7\u00e3o Mania<\/td><\/tr><tr><td>Domingo<br>14\/01<\/td><td>Bloco L\u00edrico Som de Serenata<br>Orquetra P\u00e9rola<\/td><\/tr><tr><td>Segunda-feira<br>15\/01<\/td><td>Biu Sanfoneiro e os Populares Nordestinos<br>Viajantes do Brega<\/td><\/tr><tr><td>Ter\u00e7a-feira<br>16\/01<\/td><td>Deni\u00eare Martins<br>Aleff Counter<\/td><\/tr><tr><td>Quarta-feira<br>17\/01<\/td><td>Forr\u00f3 da Babilaka<br>Xuxu a Perigosa<\/td><\/tr><tr><td>Quinta-feira<br>18\/01<\/td><td>Robert Brian e Banda One<br>Dayan Nunes<\/td><\/tr><tr><td>Sexta-feira<br>19\/01<\/td><td>Zaminho Soares<br>Orquestra Acordes<\/td><\/tr><tr><td>S\u00e1bado<br>20\/01<\/td><td>Dudu do Acordeon<\/td><\/tr><tr><td>Domingo<br>21\/01<\/td><td>Mestre Bi e a Ciranda Bela Rosa<\/td><\/tr><tr><td>Polo Principal<\/td><td><\/td><\/tr><tr><td>Sexta-feira<br>19\/01<\/td><td>Amanda Ferraz<br>Rog\u00e9rio Som<br>Juarez<br>Conde<\/td><\/tr><tr><td>S\u00e1bado<br>20\/01<\/td><td>Tatah Santana<br>Felipe Amorim<br>Raphaela Santos<\/td><\/tr><tr><td>Domingo<br>21\/01<\/td><td>F\u00e1gner e Amandinha<br>Lim\u00e3o com Mel<br>Tarc\u00edsio do Acordeon<\/td><\/tr><\/tbody><\/table><\/figure>\n","protected":false},"excerpt":{"rendered":"<p>A Prefeitura de Paudalho, atrav\u00e9s da Secretaria de Cultura, Turismo, Lazer e Juventude (SecultJuv), continua com programa\u00e7\u00e3o extensiva na 155\u00aa Festa de S\u00e3o Sebasti\u00e3o 2024, no Polo Cultural e, a partir desta sexta-feira (19), tamb\u00e9m no Polo Principal. Desde o dia 12 de janeiro, o Polo Cultural, localizado ao lado do Col\u00e9gio Municipal de Paudalho [&hellip;]<\/p>\n","protected":false},"author":10,"featured_media":31252,"comment_status":"open","ping_status":"open","sticky":false,"template":"","format":"standard","meta":{"_jetpack_newsletter_access":"","_jetpack_dont_email_post_to_subs":false,"_jetpack_newsletter_tier_id":0,"_jetpack_memberships_contains_paywalled_content":false,"_jetpack_memberships_contains_paid_content":false,"footnotes":""},"categories":[6,1184,2,1],"tags":[1374,1375,68,14,22,234,1377,238],"class_list":["post-31248","post","type-post","status-publish","format-standard","has-post-thumbnail","hentry","category-cultura","category-cultura-2","category-destaque","category-noticias","tag-155a-festa-de-sao-sebastiao","tag-155a-festa-de-sao-sebastiao-2024","tag-cultura","tag-paudalho","tag-prefeitura-do-paudalho","tag-sao-sebastiao","tag-sao-sebastiao-2024","tag-secretaria-de-cultura-e-turismo"],"jetpack_featured_media_url":"https:\/\/www.paudalho.pe.gov.br\/portal\/wp-content\/uploads\/2024\/01\/H5A6812-scaled.jpg","jetpack_sharing_enabled":true,"jetpack_shortlink":"https:\/\/wp.me\/p98mS2-880","_links":{"self":[{"href":"https:\/\/www.paudalho.pe.gov.br\/portal\/wp-json\/wp\/v2\/posts\/31248","targetHints":{"allow":["GET"]}}],"collection":[{"href":"https:\/\/www.paudalho.pe.gov.br\/portal\/wp-json\/wp\/v2\/posts"}],"about":[{"href":"https:\/\/www.paudalho.pe.gov.br\/portal\/wp-json\/wp\/v2\/types\/post"}],"author":[{"embeddable":true,"href":"https:\/\/www.paudalho.pe.gov.br\/portal\/wp-json\/wp\/v2\/users\/10"}],"replies":[{"embeddable":true,"href":"https:\/\/www.paudalho.pe.gov.br\/portal\/wp-json\/wp\/v2\/comments?post=31248"}],"version-history":[{"count":5,"href":"https:\/\/www.paudalho.pe.gov.br\/portal\/wp-json\/wp\/v2\/posts\/31248\/revisions"}],"predecessor-version":[{"id":31458,"href":"https:\/\/www.paudalho.pe.gov.br\/portal\/wp-json\/wp\/v2\/posts\/31248\/revisions\/31458"}],"wp:featuredmedia":[{"embeddable":true,"href":"https:\/\/www.paudalho.pe.gov.br\/portal\/wp-json\/wp\/v2\/media\/31252"}],"wp:attachment":[{"href":"https:\/\/www.paudalho.pe.gov.br\/portal\/wp-json\/wp\/v2\/media?parent=31248"}],"wp:term":[{"taxonomy":"category","embeddable":true,"href":"https:\/\/www.paudalho.pe.gov.br\/portal\/wp-json\/wp\/v2\/categories?post=31248"},{"taxonomy":"post_tag","embeddable":true,"href":"https:\/\/www.paudalho.pe.gov.br\/portal\/wp-json\/wp\/v2\/tags?post=31248"}],"curies":[{"name":"wp","href":"https:\/\/api.w.org\/{rel}","templated":true}]}}