{"id":31185,"date":"2024-01-23T16:24:14","date_gmt":"2024-01-23T19:24:14","guid":{"rendered":"https:\/\/www.paudalho.pe.gov.br\/portal\/?p=31185"},"modified":"2025-01-08T00:38:18","modified_gmt":"2025-01-08T03:38:18","slug":"paudalho-inicia-o-ii-festival-de-ferias-interescolar-2024-nesta-terca-feira-23-confira-o-calendario-de-jogos","status":"publish","type":"post","link":"https:\/\/www.paudalho.pe.gov.br\/portal\/paudalho-inicia-o-ii-festival-de-ferias-interescolar-2024-nesta-terca-feira-23-confira-o-calendario-de-jogos\/","title":{"rendered":"Paudalho inicia o II Festival de F\u00e9rias Interescolar 2024 nesta ter\u00e7a-feira (23); confira o calend\u00e1rio de jogos"},"content":{"rendered":"\n<p>Com sete modalidades diferentes e mais de 900 atletas inscritos, a Prefeitura de Paudalho, atrav\u00e9s da Secretaria de Educa\u00e7\u00e3o e Esportes (Seduc), realiza a segunda edi\u00e7\u00e3o do Festival de F\u00e9rias Interescolar de Paudalho 2024. O evento acontece entre os dias 23 e 26 de janeiro, na quadra poliesportiva do Centro, no per\u00edodo da tarde, das 13h \u00e0s 17h, e da noite, das 18h \u00e0s 22h.<\/p>\n\n\n\n<p>O festival re\u00fane equipes escolares e projetos sociais, disponibilizando sete modalidades diferentes:<\/p>\n\n\n\n<ul class=\"wp-block-list\">\n<li>Futsal: Sub09, Sub11, Sub13, Sub15, Sub17 e Sub-20, al\u00e9m do Futsal Feminino aberto;<\/li>\n\n\n\n<li>Basquetebol: Aberto Masculino e Feminino<\/li>\n\n\n\n<li>Voleibol: Aberto Masculino e Feminino<\/li>\n\n\n\n<li>Handebol: Aberto Masculino e Feminino<\/li>\n\n\n\n<li>Queimado: Aberto Masculino, Feminino e Misto<\/li>\n\n\n\n<li>Taekwondo: Aberto Masculino e Feminino<\/li>\n\n\n\n<li>Karat\u00ea: Aberto Masculino e Feminino<\/li>\n<\/ul>\n\n\n\n<p>&#8220;A melhor coisa foi que a gente ganhou e a\u00ed gente vai ganhar novamente, pra chegar na final&#8221;, disse Jo\u00e3o Bernardo, 8 anos, atleta do Flamenguinho Futebol Clube de Paudalho-PE, que disputou o jogo de Futsal sub9, ganhando de 4&#215;0. <\/p>\n\n\n\n<figure class=\"wp-block-gallery has-nested-images columns-default is-cropped wp-block-gallery-1 is-layout-flex wp-block-gallery-is-layout-flex\">\n<figure class=\"wp-block-image size-large\"><img loading=\"lazy\" decoding=\"async\" width=\"800\" height=\"450\" data-attachment-id=\"31468\" data-permalink=\"https:\/\/www.paudalho.pe.gov.br\/portal\/paudalho-inicia-o-ii-festival-de-ferias-interescolar-2024-nesta-terca-feira-23-confira-o-calendario-de-jogos\/whatsapp-image-2024-01-23-at-16-13-18-1\/\" data-orig-file=\"https:\/\/www.paudalho.pe.gov.br\/portal\/wp-content\/uploads\/2024\/01\/WhatsApp-Image-2024-01-23-at-16.13.18-1-scaled.jpeg\" data-orig-size=\"2560,1920\" data-comments-opened=\"1\" data-image-meta=\"{&quot;aperture&quot;:&quot;0&quot;,&quot;credit&quot;:&quot;&quot;,&quot;camera&quot;:&quot;&quot;,&quot;caption&quot;:&quot;&quot;,&quot;created_timestamp&quot;:&quot;0&quot;,&quot;copyright&quot;:&quot;&quot;,&quot;focal_length&quot;:&quot;0&quot;,&quot;iso&quot;:&quot;0&quot;,&quot;shutter_speed&quot;:&quot;0&quot;,&quot;title&quot;:&quot;&quot;,&quot;orientation&quot;:&quot;0&quot;}\" data-image-title=\"WhatsApp Image 2024-01-23 at 16.13.18 (1)\" data-image-description=\"\" data-image-caption=\"\" data-medium-file=\"https:\/\/www.paudalho.pe.gov.br\/portal\/wp-content\/uploads\/2024\/01\/WhatsApp-Image-2024-01-23-at-16.13.18-1-350x230.jpeg\" data-large-file=\"https:\/\/www.paudalho.pe.gov.br\/portal\/wp-content\/uploads\/2024\/01\/WhatsApp-Image-2024-01-23-at-16.13.18-1-800x450.jpeg\" data-id=\"31468\" src=\"https:\/\/www.paudalho.pe.gov.br\/portal\/wp-content\/uploads\/2024\/01\/WhatsApp-Image-2024-01-23-at-16.13.18-1-800x450.jpeg\" alt=\"\" class=\"wp-image-31468\"\/><\/figure>\n\n\n\n<figure class=\"wp-block-image size-large\"><img loading=\"lazy\" decoding=\"async\" width=\"800\" height=\"450\" data-attachment-id=\"31465\" data-permalink=\"https:\/\/www.paudalho.pe.gov.br\/portal\/paudalho-inicia-o-ii-festival-de-ferias-interescolar-2024-nesta-terca-feira-23-confira-o-calendario-de-jogos\/whatsapp-image-2024-01-23-at-16-13-18\/\" data-orig-file=\"https:\/\/www.paudalho.pe.gov.br\/portal\/wp-content\/uploads\/2024\/01\/WhatsApp-Image-2024-01-23-at-16.13.18-scaled.jpeg\" data-orig-size=\"2560,1920\" data-comments-opened=\"1\" data-image-meta=\"{&quot;aperture&quot;:&quot;0&quot;,&quot;credit&quot;:&quot;&quot;,&quot;camera&quot;:&quot;&quot;,&quot;caption&quot;:&quot;&quot;,&quot;created_timestamp&quot;:&quot;0&quot;,&quot;copyright&quot;:&quot;&quot;,&quot;focal_length&quot;:&quot;0&quot;,&quot;iso&quot;:&quot;0&quot;,&quot;shutter_speed&quot;:&quot;0&quot;,&quot;title&quot;:&quot;&quot;,&quot;orientation&quot;:&quot;0&quot;}\" data-image-title=\"WhatsApp Image 2024-01-23 at 16.13.18\" data-image-description=\"\" data-image-caption=\"\" data-medium-file=\"https:\/\/www.paudalho.pe.gov.br\/portal\/wp-content\/uploads\/2024\/01\/WhatsApp-Image-2024-01-23-at-16.13.18-350x230.jpeg\" data-large-file=\"https:\/\/www.paudalho.pe.gov.br\/portal\/wp-content\/uploads\/2024\/01\/WhatsApp-Image-2024-01-23-at-16.13.18-800x450.jpeg\" data-id=\"31465\" src=\"https:\/\/www.paudalho.pe.gov.br\/portal\/wp-content\/uploads\/2024\/01\/WhatsApp-Image-2024-01-23-at-16.13.18-800x450.jpeg\" alt=\"\" class=\"wp-image-31465\"\/><\/figure>\n\n\n\n<figure class=\"wp-block-image size-large\"><img loading=\"lazy\" decoding=\"async\" width=\"800\" height=\"450\" data-attachment-id=\"31464\" data-permalink=\"https:\/\/www.paudalho.pe.gov.br\/portal\/paudalho-inicia-o-ii-festival-de-ferias-interescolar-2024-nesta-terca-feira-23-confira-o-calendario-de-jogos\/whatsapp-image-2024-01-23-at-16-13-17-1\/\" data-orig-file=\"https:\/\/www.paudalho.pe.gov.br\/portal\/wp-content\/uploads\/2024\/01\/WhatsApp-Image-2024-01-23-at-16.13.17-1-scaled.jpeg\" data-orig-size=\"2560,1920\" data-comments-opened=\"1\" data-image-meta=\"{&quot;aperture&quot;:&quot;0&quot;,&quot;credit&quot;:&quot;&quot;,&quot;camera&quot;:&quot;&quot;,&quot;caption&quot;:&quot;&quot;,&quot;created_timestamp&quot;:&quot;0&quot;,&quot;copyright&quot;:&quot;&quot;,&quot;focal_length&quot;:&quot;0&quot;,&quot;iso&quot;:&quot;0&quot;,&quot;shutter_speed&quot;:&quot;0&quot;,&quot;title&quot;:&quot;&quot;,&quot;orientation&quot;:&quot;0&quot;}\" data-image-title=\"WhatsApp Image 2024-01-23 at 16.13.17 (1)\" data-image-description=\"\" data-image-caption=\"\" data-medium-file=\"https:\/\/www.paudalho.pe.gov.br\/portal\/wp-content\/uploads\/2024\/01\/WhatsApp-Image-2024-01-23-at-16.13.17-1-350x230.jpeg\" data-large-file=\"https:\/\/www.paudalho.pe.gov.br\/portal\/wp-content\/uploads\/2024\/01\/WhatsApp-Image-2024-01-23-at-16.13.17-1-800x450.jpeg\" data-id=\"31464\" src=\"https:\/\/www.paudalho.pe.gov.br\/portal\/wp-content\/uploads\/2024\/01\/WhatsApp-Image-2024-01-23-at-16.13.17-1-800x450.jpeg\" alt=\"\" class=\"wp-image-31464\"\/><\/figure>\n<\/figure>\n\n\n\n<p>O evento \u00e9 mais uma forma de investimento no esporte dentro do munic\u00edpio e abre o calend\u00e1rio anual esportivo em Paudalho. Segundo a secret\u00e1ria de Educa\u00e7\u00e3o e Esportes, Paula Marinho, o festival une o per\u00edodo de f\u00e9rias e o esp\u00edrito esportivo no munic\u00edpio. &#8220;O grande objetivo desse festival de f\u00e9rias \u00e9 movimentar os alunos, as crian\u00e7as, os mun\u00edcipes, nesse momento de intervalo das aulas. Ao parar as aulas, \u00e9 necess\u00e1rio que os alunos tenham alguma atividade para se movimentar e n\u00e3o ficar na ociosidade. E o esporte \u00e9 uma via delas, que complementa a educa\u00e7\u00e3o, que participa diretamente no desenvolvimento do ser humano saud\u00e1vel&#8221;, destacou a secret\u00e1ria.<\/p>\n\n\n\n<p>Di\u00f3genes Porf\u00edrio, secret\u00e1rio executivo de Esportes, tamb\u00e9m comentou sobre o tema. &#8220;Vamos finalizar as f\u00e9rias escolares com esse grande evento esportivo e promover um grande movimento educacional, social e comunit\u00e1rio em nossa cidade. O Festival de F\u00e9rias \u00e9 a abertura oficial do calend\u00e1rio esportivo do ano no munic\u00edpio&#8221;, finalizou Di\u00f3genes.<\/p>\n\n\n\n<p>Para mais informa\u00e7\u00f5es, os atletas podem contatar a Sec. Ex. de Esportes pelo n\u00famero<strong>&nbsp;<\/strong>81 997495276. <\/p>\n\n\n\n<p><strong>Confira o calend\u00e1rio completo dos jogos do II Festival de F\u00e9rias Interescolar 2024:<\/strong><\/p>\n\n\n\n<figure class=\"wp-block-table\"><table><tbody><tr><td><\/td><td>Ter\u00e7a-feira, dia 23\/01<\/td><\/tr><tr><td>13h<\/td><td>Futsal masculino sub 09 e sub 11 (etapa \u00fanica)<\/td><\/tr><tr><td>18h<\/td><td>Futsal masculino sub 20<br>Basquete feminino aberto e masculino sub 16 (etapa \u00fanica)<br>Futsal feminino<\/td><\/tr><tr><td><\/td><td>Quarta-feira, dia 24\/01<\/td><\/tr><tr><td>13h<\/td><td>Futsal masculino sub 13 (etapa \u00fanica)<\/td><\/tr><tr><td>18h<\/td><td>Taekwondo aberto (etapa \u00fanica) apresenta\u00e7\u00e3o<br>Queimado misto (etapa \u00fanica)<\/td><\/tr><tr><td><\/td><td>Quinta-feira, dia 25\/01<\/td><\/tr><tr><td>13h<\/td><td>Futsal masculino sub 15 (etapa \u00fanica)<\/td><\/tr><tr><td>18h<\/td><td>Handebol masculino aberto (etapa \u00fanica)<br>V\u00f4lei feminino e masculino aberto (etapa \u00fanica)<\/td><\/tr><tr><td><\/td><td>Sexta-feira, dia 26\/01<\/td><\/tr><tr><td>13h<\/td><td>Futsal masculino sub 17 (etapa \u00fanica)<\/td><\/tr><tr><td>18h<\/td><td>Handebol feminino aberto (etapa \u00fanica)<br>Karat\u00ea aberto (etapa \u00fanica)<\/td><\/tr><\/tbody><\/table><\/figure>\n","protected":false},"excerpt":{"rendered":"<p>Com sete modalidades diferentes e mais de 900 atletas inscritos, a Prefeitura de Paudalho, atrav\u00e9s da Secretaria de Educa\u00e7\u00e3o e Esportes (Seduc), realiza a segunda edi\u00e7\u00e3o do Festival de F\u00e9rias Interescolar de Paudalho 2024. O evento acontece entre os dias 23 e 26 de janeiro, na quadra poliesportiva do Centro, no per\u00edodo da tarde, das [&hellip;]<\/p>\n","protected":false},"author":10,"featured_media":31463,"comment_status":"closed","ping_status":"open","sticky":false,"template":"","format":"standard","meta":{"_jetpack_newsletter_access":"","_jetpack_dont_email_post_to_subs":false,"_jetpack_newsletter_tier_id":0,"_jetpack_memberships_contains_paywalled_content":false,"_jetpack_memberships_contains_paid_content":false,"footnotes":""},"categories":[2,4,520,7,1],"tags":[53,1378,542,1379,14,22,1201,715],"class_list":["post-31185","post","type-post","status-publish","format-standard","has-post-thumbnail","hentry","category-destaque","category-educacao","category-educacao-2","category-esportes","category-noticias","tag-esportes-paudalho","tag-festival-de-ferias-interescolar","tag-futsal","tag-ii-festival-de-ferias-interescolar-2024","tag-paudalho","tag-prefeitura-do-paudalho","tag-secretaria-de-educacao-e-esportes","tag-seduc"],"jetpack_featured_media_url":"https:\/\/www.paudalho.pe.gov.br\/portal\/wp-content\/uploads\/2024\/01\/WhatsApp-Image-2024-01-23-at-16.13.17-scaled-e1706037735294.jpeg","jetpack_sharing_enabled":true,"jetpack_shortlink":"https:\/\/wp.me\/p98mS2-86Z","_links":{"self":[{"href":"https:\/\/www.paudalho.pe.gov.br\/portal\/wp-json\/wp\/v2\/posts\/31185","targetHints":{"allow":["GET"]}}],"collection":[{"href":"https:\/\/www.paudalho.pe.gov.br\/portal\/wp-json\/wp\/v2\/posts"}],"about":[{"href":"https:\/\/www.paudalho.pe.gov.br\/portal\/wp-json\/wp\/v2\/types\/post"}],"author":[{"embeddable":true,"href":"https:\/\/www.paudalho.pe.gov.br\/portal\/wp-json\/wp\/v2\/users\/10"}],"replies":[{"embeddable":true,"href":"https:\/\/www.paudalho.pe.gov.br\/portal\/wp-json\/wp\/v2\/comments?post=31185"}],"version-history":[{"count":9,"href":"https:\/\/www.paudalho.pe.gov.br\/portal\/wp-json\/wp\/v2\/posts\/31185\/revisions"}],"predecessor-version":[{"id":31479,"href":"https:\/\/www.paudalho.pe.gov.br\/portal\/wp-json\/wp\/v2\/posts\/31185\/revisions\/31479"}],"wp:featuredmedia":[{"embeddable":true,"href":"https:\/\/www.paudalho.pe.gov.br\/portal\/wp-json\/wp\/v2\/media\/31463"}],"wp:attachment":[{"href":"https:\/\/www.paudalho.pe.gov.br\/portal\/wp-json\/wp\/v2\/media?parent=31185"}],"wp:term":[{"taxonomy":"category","embeddable":true,"href":"https:\/\/www.paudalho.pe.gov.br\/portal\/wp-json\/wp\/v2\/categories?post=31185"},{"taxonomy":"post_tag","embeddable":true,"href":"https:\/\/www.paudalho.pe.gov.br\/portal\/wp-json\/wp\/v2\/tags?post=31185"}],"curies":[{"name":"wp","href":"https:\/\/api.w.org\/{rel}","templated":true}]}}