{"id":31177,"date":"2024-01-17T12:20:35","date_gmt":"2024-01-17T15:20:35","guid":{"rendered":"https:\/\/www.paudalho.pe.gov.br\/portal\/?p=31177"},"modified":"2025-01-08T00:38:19","modified_gmt":"2025-01-08T03:38:19","slug":"vagas-limitadas-inscricoes-abertas-para-catadores-avulsos-atuarem-na-155a-festa-de-sao-sebastiao-2024-de-paudalho","status":"publish","type":"post","link":"https:\/\/www.paudalho.pe.gov.br\/portal\/vagas-limitadas-inscricoes-abertas-para-catadores-avulsos-atuarem-na-155a-festa-de-sao-sebastiao-2024-de-paudalho\/","title":{"rendered":"Vagas limitadas: inscri\u00e7\u00f5es abertas para catadores avulsos atuarem na 155\u00aa Festa de S\u00e3o Sebasti\u00e3o 2024 de Paudalho"},"content":{"rendered":"\n<p>A Prefeitura do Paudalho, atrav\u00e9s da Secretaria Executiva de Desenvolvimento Econ\u00f4mico, Meio Ambiente e Qualifica\u00e7\u00e3o Profissional (Sedemaq) e da Cooperativa de Catadores de Materiais Recicl\u00e1veis de Paudalho (Coopcapa), abre as inscri\u00e7\u00f5es para catadores avulsos que desejam atuar na 155\u00aa Festa de S\u00e3o Sebasti\u00e3o 2024 de Paudalho, nos dias 19, 20 e 21.<\/p>\n\n\n\n<p>Com vagas limitadas, as inscri\u00e7\u00f5es ocorrem at\u00e9 o dia 18 de janeiro ou at\u00e9 o preenchimento das vagas, das 8h \u00e0s 14h, na sede da Sedemaq, localizada no P\u00e1tio da Feira, no Centro do munic\u00edpio. Para se inscrever, \u00e9 necess\u00e1rio apresentar documento oficial com foto (RG).&nbsp;<\/p>\n\n\n\n<p>Segundo Den\u00edcio Ribeiro, coordenador de coleta seletiva de Paudalho, a inclus\u00e3o dos catadores ir\u00e1 aumentar em mais de uma tonelada a meta de coleta de recicl\u00e1veis deste ano, al\u00e9m de ser apoio para a constru\u00e7\u00e3o de um evento ainda mais sustent\u00e1vel. &#8220;Na festividade do ano passado, colhemos 2,4 toneladas de material recicl\u00e1vel, que foi destinado para a ind\u00fastria de recicl\u00e1veis. Temos uma meta nesse ano de coletar 3,5 toneladas de materiais que ser\u00e3o destinados corretamente para a ind\u00fastria de recicl\u00e1veis e, assim, iremos promover uma festa mais sustent\u00e1vel, com inclus\u00e3o dos catadores, com renda para essas fam\u00edlias que tanto dependem desses materiais&#8221;, destacou o coordenador.<\/p>\n","protected":false},"excerpt":{"rendered":"<p>A Prefeitura do Paudalho, atrav\u00e9s da Secretaria Executiva de Desenvolvimento Econ\u00f4mico, Meio Ambiente e Qualifica\u00e7\u00e3o Profissional (Sedemaq) e da Cooperativa de Catadores de Materiais Recicl\u00e1veis de Paudalho (Coopcapa), abre as inscri\u00e7\u00f5es para catadores avulsos que desejam atuar na 155\u00aa Festa de S\u00e3o Sebasti\u00e3o 2024 de Paudalho, nos dias 19, 20 e 21. Com vagas limitadas, [&hellip;]<\/p>\n","protected":false},"author":10,"featured_media":31181,"comment_status":"open","ping_status":"open","sticky":false,"template":"","format":"standard","meta":{"_jetpack_newsletter_access":"","_jetpack_dont_email_post_to_subs":false,"_jetpack_newsletter_tier_id":0,"_jetpack_memberships_contains_paywalled_content":false,"_jetpack_memberships_contains_paid_content":false,"footnotes":""},"categories":[6,1184,2,765,1],"tags":[1375,68,1331,1277,14,22,234,1377,238,1330,754],"class_list":["post-31177","post","type-post","status-publish","format-standard","has-post-thumbnail","hentry","category-cultura","category-cultura-2","category-destaque","category-meio-ambiente","category-noticias","tag-155a-festa-de-sao-sebastiao-2024","tag-cultura","tag-meio-ambiente-e-qualificacao-profissional","tag-meio-ambiente-e-qualificacao-profissional-sedemaq","tag-paudalho","tag-prefeitura-do-paudalho","tag-sao-sebastiao","tag-sao-sebastiao-2024","tag-secretaria-de-cultura-e-turismo","tag-secretaria-executiva-de-desenvolvimento-economico","tag-sedemaq"],"jetpack_featured_media_url":"https:\/\/www.paudalho.pe.gov.br\/portal\/wp-content\/uploads\/2024\/01\/COLETA-SELETIVA-PAUDALHO-01.jpg","jetpack_sharing_enabled":true,"jetpack_shortlink":"https:\/\/wp.me\/p98mS2-86R","_links":{"self":[{"href":"https:\/\/www.paudalho.pe.gov.br\/portal\/wp-json\/wp\/v2\/posts\/31177","targetHints":{"allow":["GET"]}}],"collection":[{"href":"https:\/\/www.paudalho.pe.gov.br\/portal\/wp-json\/wp\/v2\/posts"}],"about":[{"href":"https:\/\/www.paudalho.pe.gov.br\/portal\/wp-json\/wp\/v2\/types\/post"}],"author":[{"embeddable":true,"href":"https:\/\/www.paudalho.pe.gov.br\/portal\/wp-json\/wp\/v2\/users\/10"}],"replies":[{"embeddable":true,"href":"https:\/\/www.paudalho.pe.gov.br\/portal\/wp-json\/wp\/v2\/comments?post=31177"}],"version-history":[{"count":2,"href":"https:\/\/www.paudalho.pe.gov.br\/portal\/wp-json\/wp\/v2\/posts\/31177\/revisions"}],"predecessor-version":[{"id":31197,"href":"https:\/\/www.paudalho.pe.gov.br\/portal\/wp-json\/wp\/v2\/posts\/31177\/revisions\/31197"}],"wp:featuredmedia":[{"embeddable":true,"href":"https:\/\/www.paudalho.pe.gov.br\/portal\/wp-json\/wp\/v2\/media\/31181"}],"wp:attachment":[{"href":"https:\/\/www.paudalho.pe.gov.br\/portal\/wp-json\/wp\/v2\/media?parent=31177"}],"wp:term":[{"taxonomy":"category","embeddable":true,"href":"https:\/\/www.paudalho.pe.gov.br\/portal\/wp-json\/wp\/v2\/categories?post=31177"},{"taxonomy":"post_tag","embeddable":true,"href":"https:\/\/www.paudalho.pe.gov.br\/portal\/wp-json\/wp\/v2\/tags?post=31177"}],"curies":[{"name":"wp","href":"https:\/\/api.w.org\/{rel}","templated":true}]}}