{"id":31163,"date":"2024-01-16T13:49:53","date_gmt":"2024-01-16T16:49:53","guid":{"rendered":"https:\/\/www.paudalho.pe.gov.br\/portal\/?p=31163"},"modified":"2025-01-08T00:38:19","modified_gmt":"2025-01-08T03:38:19","slug":"raphaela-santos-limao-com-mel-tarcisio-do-acordeon-e-felipe-amorim-sao-atracoes-confirmadas-na-155a-festa-de-sao-sebastiao-2024-de-paudalho","status":"publish","type":"post","link":"https:\/\/www.paudalho.pe.gov.br\/portal\/raphaela-santos-limao-com-mel-tarcisio-do-acordeon-e-felipe-amorim-sao-atracoes-confirmadas-na-155a-festa-de-sao-sebastiao-2024-de-paudalho\/","title":{"rendered":"Raphaela Santos, Lim\u00e3o com Mel, Tarc\u00edsio do Acordeon e Felipe Amorim s\u00e3o atra\u00e7\u00f5es confirmadas na 155\u00aa Festa de S\u00e3o Sebasti\u00e3o 2024 de Paudalho"},"content":{"rendered":"\n<p>Cotados na programa\u00e7\u00e3o do Polo Principal, Paudalho recebe 10 atra\u00e7\u00f5es no final de semana dos dias 19, 20 e 21 de janeiro, na 155\u00aa Festa de S\u00e3o Sebasti\u00e3o 2024, com nomes como Raphaela Santos, Lim\u00e3o com Mel, Tarc\u00edsio do Acordeon e Felipe Amorim. Os shows iniciam a partir das 19h, no P\u00e1tio de Eventos do Beira-Rio.<\/p>\n\n\n\n<p>O evento reunir\u00e1 gigantes da m\u00fasica, como Conde, Juarez, Rog\u00e9rio Som e Amanda Ferraz, que se apresentam na sexta-feira (19). J\u00e1 no s\u00e1bado(20), a noite vai ser animada pelas vozes de Raphaela Santos, Felipe Amorim e Tatah Santana. Finalizando com grande estilo, teremos no domingo(21) a presen\u00e7a de Tarc\u00edsio do Acordeon, Banda Lim\u00e3o com Mel e F\u00e1gner e Amandinha.<\/p>\n\n\n\n<p>A expectativa deste ano \u00e9 reunir milhares de paudalhenses e visitantes de cidades vizinhas para aproveitar a tradicional Festa de S\u00e3o Sebasti\u00e3o, que abre o ciclo anual de festividades do munic\u00edpio.<\/p>\n\n\n\n<h2 class=\"wp-block-heading\"><strong>Multiculturalidade e valoriza\u00e7\u00e3o dos artistas locais<\/strong><\/h2>\n\n\n\n<p>Apesar do Polo Principal abrir no dia 19 de janeiro, a 155\u00aa Festa de Sebasti\u00e3o 2024 conta com programa\u00e7\u00e3o todos os dias, a partir das 20h30, desde a \u00faltima sexta-feira (12), no Polo Cultural, localizado ao lado do Col\u00e9gio Municipal de Paudalho (CMP).&nbsp;<\/p>\n\n\n\n<p>O Polo v\u00eam reunindo artistas da terra, com diversas express\u00f5es culturais e art\u00edsticas, garantindo uma festa multicultural para o povo paudalhense. No total, o Polo Cultural conta com 20 atra\u00e7\u00f5es, em nove dias de festa, trazendo ritmos como o brega, frevo, forr\u00f3 p\u00e9 de serra, MPB, pop nacional, ciranda, blocos l\u00edricos, atra\u00e7\u00f5es religiosas e muito mais. <\/p>\n\n\n\n<p><strong>Confira a programa\u00e7\u00e3o completa da 155\u00aa Festa de Sebasti\u00e3o 2024 de Paudalho<\/strong>:<\/p>\n\n\n\n<figure class=\"wp-block-table\"><table><tbody><tr><td>Polo Cultural<\/td><td><\/td><\/tr><tr><td>Data:<\/td><td>Atra\u00e7\u00f5es:<\/td><\/tr><tr><td>Sexta-feira<br>12\/01<\/td><td>Cia de Dan\u00e7a Ra\u00edzes da Mastruz<br>Mano Jory<br>Ninho Pernambuco<\/td><\/tr><tr><td>S\u00e1bado<br>13\/01<\/td><td>Banda Ess\u00eancia<br>Rosimar Lima<br>Gera\u00e7\u00e3o Mania<\/td><\/tr><tr><td>Domingo<br>14\/01<\/td><td>Bloco L\u00edrico Som de Serenata<br>Orquetra P\u00e9rola<\/td><\/tr><tr><td>Segunda-feira<br>15\/01<\/td><td>Biu Sanfoneiro e os Populares Nordestinos<br>Viajantes do Brega<\/td><\/tr><tr><td>Ter\u00e7a-feira<br>16\/01<\/td><td>Deni\u00eare Martis<br>Aleff Counter<\/td><\/tr><tr><td>Quarta-feira<br>17\/01<\/td><td>Forr\u00f3 da Babilaka<br>Xuxu a Perigosa<\/td><\/tr><tr><td>Quinta-feira<br>18\/01<\/td><td>Robert Brian e Banda One<br>Dayan Nunes<\/td><\/tr><tr><td>Sexta-feira<br>19\/01<\/td><td>Zaminho Soares<br>Orquestra Acordes<\/td><\/tr><tr><td>S\u00e1bado<br>20\/01<\/td><td>Padre Neto Feitosa<\/td><\/tr><tr><td>Domingo<br>21\/01<\/td><td>Mestre Bi e a Ciranda Bela Rosa<\/td><\/tr><tr><td>Polo Principal<\/td><td><\/td><\/tr><tr><td>Sexta-feira<br>19\/01<\/td><td>Amanda Ferraz<br>Rog\u00e9rio Som<br>Juarez<br>Conde<\/td><\/tr><tr><td>S\u00e1bado<br>20\/01<\/td><td>Tatah Santana<br>Felipe Amorim<br>Raphaela Santos<\/td><\/tr><tr><td>Domingo<br>21\/01<\/td><td>F\u00e1gner e Amandinha<br>Lim\u00e3o com Mel<br>Tarc\u00edsio do Acordeon<\/td><\/tr><\/tbody><\/table><\/figure>\n","protected":false},"excerpt":{"rendered":"<p>Cotados na programa\u00e7\u00e3o do Polo Principal, Paudalho recebe 10 atra\u00e7\u00f5es no final de semana dos dias 19, 20 e 21 de janeiro, na 155\u00aa Festa de S\u00e3o Sebasti\u00e3o 2024, com nomes como Raphaela Santos, Lim\u00e3o com Mel, Tarc\u00edsio do Acordeon e Felipe Amorim. Os shows iniciam a partir das 19h, no P\u00e1tio de Eventos do [&hellip;]<\/p>\n","protected":false},"author":10,"featured_media":31167,"comment_status":"open","ping_status":"open","sticky":false,"template":"","format":"standard","meta":{"_jetpack_newsletter_access":"","_jetpack_dont_email_post_to_subs":false,"_jetpack_newsletter_tier_id":0,"_jetpack_memberships_contains_paywalled_content":false,"_jetpack_memberships_contains_paid_content":false,"footnotes":""},"categories":[6,1184,2,1],"tags":[1375,68,14,22,1377,238],"class_list":["post-31163","post","type-post","status-publish","format-standard","has-post-thumbnail","hentry","category-cultura","category-cultura-2","category-destaque","category-noticias","tag-155a-festa-de-sao-sebastiao-2024","tag-cultura","tag-paudalho","tag-prefeitura-do-paudalho","tag-sao-sebastiao-2024","tag-secretaria-de-cultura-e-turismo"],"jetpack_featured_media_url":"https:\/\/www.paudalho.pe.gov.br\/portal\/wp-content\/uploads\/2024\/01\/PAUDALHO-12.png","jetpack_sharing_enabled":true,"jetpack_shortlink":"https:\/\/wp.me\/p98mS2-86D","_links":{"self":[{"href":"https:\/\/www.paudalho.pe.gov.br\/portal\/wp-json\/wp\/v2\/posts\/31163","targetHints":{"allow":["GET"]}}],"collection":[{"href":"https:\/\/www.paudalho.pe.gov.br\/portal\/wp-json\/wp\/v2\/posts"}],"about":[{"href":"https:\/\/www.paudalho.pe.gov.br\/portal\/wp-json\/wp\/v2\/types\/post"}],"author":[{"embeddable":true,"href":"https:\/\/www.paudalho.pe.gov.br\/portal\/wp-json\/wp\/v2\/users\/10"}],"replies":[{"embeddable":true,"href":"https:\/\/www.paudalho.pe.gov.br\/portal\/wp-json\/wp\/v2\/comments?post=31163"}],"version-history":[{"count":1,"href":"https:\/\/www.paudalho.pe.gov.br\/portal\/wp-json\/wp\/v2\/posts\/31163\/revisions"}],"predecessor-version":[{"id":31166,"href":"https:\/\/www.paudalho.pe.gov.br\/portal\/wp-json\/wp\/v2\/posts\/31163\/revisions\/31166"}],"wp:featuredmedia":[{"embeddable":true,"href":"https:\/\/www.paudalho.pe.gov.br\/portal\/wp-json\/wp\/v2\/media\/31167"}],"wp:attachment":[{"href":"https:\/\/www.paudalho.pe.gov.br\/portal\/wp-json\/wp\/v2\/media?parent=31163"}],"wp:term":[{"taxonomy":"category","embeddable":true,"href":"https:\/\/www.paudalho.pe.gov.br\/portal\/wp-json\/wp\/v2\/categories?post=31163"},{"taxonomy":"post_tag","embeddable":true,"href":"https:\/\/www.paudalho.pe.gov.br\/portal\/wp-json\/wp\/v2\/tags?post=31163"}],"curies":[{"name":"wp","href":"https:\/\/api.w.org\/{rel}","templated":true}]}}