{"id":31135,"date":"2024-01-16T11:44:48","date_gmt":"2024-01-16T14:44:48","guid":{"rendered":"https:\/\/www.paudalho.pe.gov.br\/portal\/?p=31135"},"modified":"2025-01-08T00:38:19","modified_gmt":"2025-01-08T03:38:19","slug":"155a-festa-de-sao-sebastiao-2024-de-paudalho-iniciou-na-ultima-sexta-feira-12-com-publico-animado-e-segue-ate-o-dia-21-de-janeiro","status":"publish","type":"post","link":"https:\/\/www.paudalho.pe.gov.br\/portal\/155a-festa-de-sao-sebastiao-2024-de-paudalho-iniciou-na-ultima-sexta-feira-12-com-publico-animado-e-segue-ate-o-dia-21-de-janeiro\/","title":{"rendered":"Artistas paudalhenses marcam os primeiros dias da 155\u00aa Festa de S\u00e3o Sebasti\u00e3o 2024 de Paudalho"},"content":{"rendered":"\n<p>Frevo, brega, forr\u00f3 p\u00e9 de serra, MPB, pop nacional, blocos l\u00edricos e outras express\u00f5es culturais e art\u00edsticas v\u00eam encantando o Polo Cultural da 155\u00aa Festa de S\u00e3o Sebasti\u00e3o 2024 de Paudalho que iniciou na \u00faltima sexta-feira(12), a partir das 20h30, e segue at\u00e9 o dia 22 de janeiro, no munic\u00edpio.<\/p>\n\n\n\n<p>No primeiro dia de programa\u00e7\u00e3o, a festividade foi aberta com a apresenta\u00e7\u00e3o da Cia de Dan\u00e7a Ra\u00edzes da Mastruz, com a obra Patrim\u00f4nios e Ritmos; seguido de cl\u00e1ssicos da MPB com o cantor Mano Jory e participa\u00e7\u00e3o especial da paudalhense Beatriz Pessoa; finalizando com o forr\u00f3 p\u00e9 de serra de Ninho Pernambucano. <\/p>\n\n\n\n<figure class=\"wp-block-gallery has-nested-images columns-default is-cropped wp-block-gallery-1 is-layout-flex wp-block-gallery-is-layout-flex\">\n<figure class=\"wp-block-image size-large\"><img loading=\"lazy\" decoding=\"async\" width=\"800\" height=\"450\" data-attachment-id=\"31143\" data-permalink=\"https:\/\/www.paudalho.pe.gov.br\/portal\/155a-festa-de-sao-sebastiao-2024-de-paudalho-iniciou-na-ultima-sexta-feira-12-com-publico-animado-e-segue-ate-o-dia-21-de-janeiro\/_h5a4532\/\" data-orig-file=\"https:\/\/www.paudalho.pe.gov.br\/portal\/wp-content\/uploads\/2024\/01\/H5A4532-scaled.jpg\" data-orig-size=\"2560,1707\" data-comments-opened=\"1\" data-image-meta=\"{&quot;aperture&quot;:&quot;2.2&quot;,&quot;credit&quot;:&quot;CHARLES JOHNSON&quot;,&quot;camera&quot;:&quot;Canon EOS 5D Mark IV&quot;,&quot;caption&quot;:&quot;&quot;,&quot;created_timestamp&quot;:&quot;1705096673&quot;,&quot;copyright&quot;:&quot;CHARLES JOHNSON 81 986016133&quot;,&quot;focal_length&quot;:&quot;50&quot;,&quot;iso&quot;:&quot;3200&quot;,&quot;shutter_speed&quot;:&quot;0.00625&quot;,&quot;title&quot;:&quot;&quot;,&quot;orientation&quot;:&quot;1&quot;}\" data-image-title=\"_H5A4532\" data-image-description=\"\" data-image-caption=\"\" data-medium-file=\"https:\/\/www.paudalho.pe.gov.br\/portal\/wp-content\/uploads\/2024\/01\/H5A4532-350x230.jpg\" data-large-file=\"https:\/\/www.paudalho.pe.gov.br\/portal\/wp-content\/uploads\/2024\/01\/H5A4532-800x450.jpg\" data-id=\"31143\" src=\"https:\/\/www.paudalho.pe.gov.br\/portal\/wp-content\/uploads\/2024\/01\/H5A4532-800x450.jpg\" alt=\"\" class=\"wp-image-31143\"\/><figcaption class=\"wp-element-caption\">Cr\u00e9ditos: Josu\u00e9 J\u00fanior<\/figcaption><\/figure>\n\n\n\n<figure class=\"wp-block-image size-large\"><img loading=\"lazy\" decoding=\"async\" width=\"800\" height=\"450\" data-attachment-id=\"31144\" data-permalink=\"https:\/\/www.paudalho.pe.gov.br\/portal\/155a-festa-de-sao-sebastiao-2024-de-paudalho-iniciou-na-ultima-sexta-feira-12-com-publico-animado-e-segue-ate-o-dia-21-de-janeiro\/_h5a4534\/\" data-orig-file=\"https:\/\/www.paudalho.pe.gov.br\/portal\/wp-content\/uploads\/2024\/01\/H5A4534-scaled.jpg\" data-orig-size=\"2560,1707\" data-comments-opened=\"1\" data-image-meta=\"{&quot;aperture&quot;:&quot;3.2&quot;,&quot;credit&quot;:&quot;CHARLES JOHNSON&quot;,&quot;camera&quot;:&quot;Canon EOS 5D Mark IV&quot;,&quot;caption&quot;:&quot;&quot;,&quot;created_timestamp&quot;:&quot;1705097494&quot;,&quot;copyright&quot;:&quot;CHARLES JOHNSON 81 986016133&quot;,&quot;focal_length&quot;:&quot;50&quot;,&quot;iso&quot;:&quot;2000&quot;,&quot;shutter_speed&quot;:&quot;0.005&quot;,&quot;title&quot;:&quot;&quot;,&quot;orientation&quot;:&quot;1&quot;}\" data-image-title=\"_H5A4534\" data-image-description=\"\" data-image-caption=\"&lt;p&gt;Cr\u00e9ditos: Josu\u00e9 J\u00fanior&lt;\/p&gt;\n\" data-medium-file=\"https:\/\/www.paudalho.pe.gov.br\/portal\/wp-content\/uploads\/2024\/01\/H5A4534-350x230.jpg\" data-large-file=\"https:\/\/www.paudalho.pe.gov.br\/portal\/wp-content\/uploads\/2024\/01\/H5A4534-800x450.jpg\" data-id=\"31144\" src=\"https:\/\/www.paudalho.pe.gov.br\/portal\/wp-content\/uploads\/2024\/01\/H5A4534-800x450.jpg\" alt=\"\" class=\"wp-image-31144\"\/><figcaption class=\"wp-element-caption\">Cr\u00e9ditos: Josu\u00e9 J\u00fanior<\/figcaption><\/figure>\n\n\n\n<figure class=\"wp-block-image size-large\"><img loading=\"lazy\" decoding=\"async\" width=\"800\" height=\"450\" data-attachment-id=\"31149\" data-permalink=\"https:\/\/www.paudalho.pe.gov.br\/portal\/155a-festa-de-sao-sebastiao-2024-de-paudalho-iniciou-na-ultima-sexta-feira-12-com-publico-animado-e-segue-ate-o-dia-21-de-janeiro\/_h5a4579\/\" data-orig-file=\"https:\/\/www.paudalho.pe.gov.br\/portal\/wp-content\/uploads\/2024\/01\/H5A4579-scaled.jpg\" data-orig-size=\"2560,1707\" data-comments-opened=\"1\" data-image-meta=\"{&quot;aperture&quot;:&quot;2.8&quot;,&quot;credit&quot;:&quot;CHARLES JOHNSON&quot;,&quot;camera&quot;:&quot;Canon EOS 5D Mark IV&quot;,&quot;caption&quot;:&quot;&quot;,&quot;created_timestamp&quot;:&quot;1705099849&quot;,&quot;copyright&quot;:&quot;CHARLES JOHNSON 81 986016133&quot;,&quot;focal_length&quot;:&quot;50&quot;,&quot;iso&quot;:&quot;1000&quot;,&quot;shutter_speed&quot;:&quot;0.008&quot;,&quot;title&quot;:&quot;&quot;,&quot;orientation&quot;:&quot;1&quot;}\" data-image-title=\"_H5A4579\" data-image-description=\"\" data-image-caption=\"&lt;p&gt;Cr\u00e9ditos: Josu\u00e9 J\u00fanior&lt;\/p&gt;\n\" data-medium-file=\"https:\/\/www.paudalho.pe.gov.br\/portal\/wp-content\/uploads\/2024\/01\/H5A4579-350x230.jpg\" data-large-file=\"https:\/\/www.paudalho.pe.gov.br\/portal\/wp-content\/uploads\/2024\/01\/H5A4579-800x450.jpg\" data-id=\"31149\" src=\"https:\/\/www.paudalho.pe.gov.br\/portal\/wp-content\/uploads\/2024\/01\/H5A4579-800x450.jpg\" alt=\"\" class=\"wp-image-31149\"\/><figcaption class=\"wp-element-caption\">Cr\u00e9ditos: Josu\u00e9 J\u00fanior<\/figcaption><\/figure>\n\n\n\n<figure class=\"wp-block-image size-large\"><img loading=\"lazy\" decoding=\"async\" width=\"800\" height=\"450\" data-attachment-id=\"31137\" data-permalink=\"https:\/\/www.paudalho.pe.gov.br\/portal\/155a-festa-de-sao-sebastiao-2024-de-paudalho-iniciou-na-ultima-sexta-feira-12-com-publico-animado-e-segue-ate-o-dia-21-de-janeiro\/_h5a4621\/\" data-orig-file=\"https:\/\/www.paudalho.pe.gov.br\/portal\/wp-content\/uploads\/2024\/01\/H5A4621-scaled.jpg\" data-orig-size=\"2560,1707\" data-comments-opened=\"1\" data-image-meta=\"{&quot;aperture&quot;:&quot;2.8&quot;,&quot;credit&quot;:&quot;CHARLES JOHNSON&quot;,&quot;camera&quot;:&quot;Canon EOS 5D Mark IV&quot;,&quot;caption&quot;:&quot;&quot;,&quot;created_timestamp&quot;:&quot;1705103076&quot;,&quot;copyright&quot;:&quot;CHARLES JOHNSON 81 986016133&quot;,&quot;focal_length&quot;:&quot;50&quot;,&quot;iso&quot;:&quot;1000&quot;,&quot;shutter_speed&quot;:&quot;0.008&quot;,&quot;title&quot;:&quot;&quot;,&quot;orientation&quot;:&quot;1&quot;}\" data-image-title=\"_H5A4621\" data-image-description=\"\" data-image-caption=\"&lt;p&gt;Cr\u00e9ditos: Josu\u00e9 J\u00fanior&lt;\/p&gt;\n\" data-medium-file=\"https:\/\/www.paudalho.pe.gov.br\/portal\/wp-content\/uploads\/2024\/01\/H5A4621-350x230.jpg\" data-large-file=\"https:\/\/www.paudalho.pe.gov.br\/portal\/wp-content\/uploads\/2024\/01\/H5A4621-800x450.jpg\" data-id=\"31137\" src=\"https:\/\/www.paudalho.pe.gov.br\/portal\/wp-content\/uploads\/2024\/01\/H5A4621-800x450.jpg\" alt=\"\" class=\"wp-image-31137\"\/><figcaption class=\"wp-element-caption\">Cr\u00e9ditos: Josu\u00e9 J\u00fanior<\/figcaption><\/figure>\n\n\n\n<figure class=\"wp-block-image size-large\"><img loading=\"lazy\" decoding=\"async\" width=\"800\" height=\"450\" data-attachment-id=\"31148\" data-permalink=\"https:\/\/www.paudalho.pe.gov.br\/portal\/155a-festa-de-sao-sebastiao-2024-de-paudalho-iniciou-na-ultima-sexta-feira-12-com-publico-animado-e-segue-ate-o-dia-21-de-janeiro\/_h5a4557\/\" data-orig-file=\"https:\/\/www.paudalho.pe.gov.br\/portal\/wp-content\/uploads\/2024\/01\/H5A4557-scaled.jpg\" data-orig-size=\"2560,1707\" data-comments-opened=\"1\" data-image-meta=\"{&quot;aperture&quot;:&quot;2.5&quot;,&quot;credit&quot;:&quot;CHARLES JOHNSON&quot;,&quot;camera&quot;:&quot;Canon EOS 5D Mark IV&quot;,&quot;caption&quot;:&quot;&quot;,&quot;created_timestamp&quot;:&quot;1705098483&quot;,&quot;copyright&quot;:&quot;CHARLES JOHNSON 81 986016133&quot;,&quot;focal_length&quot;:&quot;50&quot;,&quot;iso&quot;:&quot;1000&quot;,&quot;shutter_speed&quot;:&quot;0.008&quot;,&quot;title&quot;:&quot;&quot;,&quot;orientation&quot;:&quot;1&quot;}\" data-image-title=\"_H5A4557\" data-image-description=\"\" data-image-caption=\"&lt;p&gt;Cr\u00e9ditos: Josu\u00e9 J\u00fanior&lt;\/p&gt;\n\" data-medium-file=\"https:\/\/www.paudalho.pe.gov.br\/portal\/wp-content\/uploads\/2024\/01\/H5A4557-350x230.jpg\" data-large-file=\"https:\/\/www.paudalho.pe.gov.br\/portal\/wp-content\/uploads\/2024\/01\/H5A4557-800x450.jpg\" data-id=\"31148\" src=\"https:\/\/www.paudalho.pe.gov.br\/portal\/wp-content\/uploads\/2024\/01\/H5A4557-800x450.jpg\" alt=\"\" class=\"wp-image-31148\"\/><figcaption class=\"wp-element-caption\">Cr\u00e9ditos: Josu\u00e9 J\u00fanior<\/figcaption><\/figure>\n\n\n\n<figure class=\"wp-block-image size-large\"><img loading=\"lazy\" decoding=\"async\" width=\"800\" height=\"450\" data-attachment-id=\"31142\" data-permalink=\"https:\/\/www.paudalho.pe.gov.br\/portal\/155a-festa-de-sao-sebastiao-2024-de-paudalho-iniciou-na-ultima-sexta-feira-12-com-publico-animado-e-segue-ate-o-dia-21-de-janeiro\/_h5a4531\/\" data-orig-file=\"https:\/\/www.paudalho.pe.gov.br\/portal\/wp-content\/uploads\/2024\/01\/H5A4531-scaled.jpg\" data-orig-size=\"2560,1707\" data-comments-opened=\"1\" data-image-meta=\"{&quot;aperture&quot;:&quot;2.5&quot;,&quot;credit&quot;:&quot;CHARLES JOHNSON&quot;,&quot;camera&quot;:&quot;Canon EOS 5D Mark IV&quot;,&quot;caption&quot;:&quot;&quot;,&quot;created_timestamp&quot;:&quot;1705096645&quot;,&quot;copyright&quot;:&quot;CHARLES JOHNSON 81 986016133&quot;,&quot;focal_length&quot;:&quot;50&quot;,&quot;iso&quot;:&quot;3200&quot;,&quot;shutter_speed&quot;:&quot;0.00625&quot;,&quot;title&quot;:&quot;&quot;,&quot;orientation&quot;:&quot;1&quot;}\" data-image-title=\"_H5A4531\" data-image-description=\"\" data-image-caption=\"&lt;p&gt;Cr\u00e9ditos: Josu\u00e9 J\u00fanior&lt;\/p&gt;\n\" data-medium-file=\"https:\/\/www.paudalho.pe.gov.br\/portal\/wp-content\/uploads\/2024\/01\/H5A4531-350x230.jpg\" data-large-file=\"https:\/\/www.paudalho.pe.gov.br\/portal\/wp-content\/uploads\/2024\/01\/H5A4531-800x450.jpg\" data-id=\"31142\" src=\"https:\/\/www.paudalho.pe.gov.br\/portal\/wp-content\/uploads\/2024\/01\/H5A4531-800x450.jpg\" alt=\"\" class=\"wp-image-31142\"\/><figcaption class=\"wp-element-caption\">Cr\u00e9ditos: Josu\u00e9 J\u00fanior<\/figcaption><\/figure>\n<\/figure>\n\n\n\n<p>No segundo dia de festa, a popula\u00e7\u00e3o p\u00f4de se esbaldar no brega com a Banda Ess\u00eancia. Logo ap\u00f3s, foi a vez do forrozeiro Rosimar Lima animar o sabad\u00e3o com muito p\u00e9 de serra e m\u00fasica de vaquejada. A noite terminou com a apresenta\u00e7\u00e3o da Gera\u00e7\u00e3o Mania, levando todos ao del\u00edrio.<\/p>\n\n\n\n<p>J\u00e1 no domingo (14), o povo paudalhense p\u00f4de matar a saudades do carnaval com o tradicional Bloco L\u00edrico Som da Serenata e a Orquestra P\u00e9rola, trazendo muito frevo, alegria e anima\u00e7\u00e3o. Na segunda-feira (15), a sanfona tocou e o Paudalho remexeu com Biu Sanfoneiro e os Populares Nordestinos. Para finalizar a noite em alto estilo, a programa\u00e7\u00e3o contou com a apresenta\u00e7\u00e3o da Banda Viajantes do Brega.&nbsp;<\/p>\n\n\n\n<p>Nesta ter\u00e7a-feira (16), a festa continua com mais dois artistas da terra, Deni\u00eare Martins e Aleff Counter, animando o povo paudalhense com m\u00fasica de alta qualidade. <\/p>\n\n\n\n<p>Al\u00e9m das apresenta\u00e7\u00f5es musicais, o Polo Cultural conta todos os dias com a Feira de Artesanato, comercializando produtos dos artes\u00e3os paudalheneses. Garantindo a seguran\u00e7a, a programa\u00e7\u00e3o conta com a presen\u00e7a da Guarda Municipal e Autarquia de Tr\u00e2nsito de Paudalho, equipe de Bombeiros, stand da sa\u00fade e Plant\u00e3o Social.<\/p>\n\n\n\n<p>A Festa de S\u00e3o Sebasti\u00e3o abre o ciclo anual de festividades de Paudalho e conta com programa\u00e7\u00e3o multicultural, com dois polos, o Polo Cultural, localizado ao lado Col\u00e9gio Municipal de Paudalho (CMP), e o Polo Principal, no P\u00e1tio de Eventos Beira-Rio. O Polo Cultural inicia a sua programa\u00e7\u00e3o \u00e0s 20h30, j\u00e1 o Polo Principal conta com atra\u00e7\u00f5es a partir das 19h. <\/p>\n\n\n\n<p><strong>Confira a programa\u00e7\u00e3o completa abaixo:<\/strong><\/p>\n\n\n\n<figure class=\"wp-block-table\"><table><tbody><tr><td>Polo Cultural<\/td><td><\/td><\/tr><tr><td>Data:<\/td><td>Atra\u00e7\u00f5es:<\/td><\/tr><tr><td>Sexta-feira<br>12\/01<\/td><td>Cia de Dan\u00e7a Ra\u00edzes da Mastruz<br>Mano Jory<br>Ninho Pernambuco<\/td><\/tr><tr><td>S\u00e1bado<br>13\/01<\/td><td>Banda Ess\u00eancia<br>Rosimar Lima<br>Gera\u00e7\u00e3o Mania<\/td><\/tr><tr><td>Domingo<br>14\/01<\/td><td>Bloco L\u00edrico Som de Serenata<br>Orquetra P\u00e9rola<\/td><\/tr><tr><td>Segunda-feira<br>15\/01<\/td><td>Biu Sanfoneiro e os Populares Nordestinos<br>Viajantes do Brega<\/td><\/tr><tr><td>Ter\u00e7a-feira<br>16\/01<\/td><td>Deni\u00eare Martis<br>Aleff Counter<\/td><\/tr><tr><td>Quarta-feira<br>17\/01<\/td><td>Forr\u00f3 da Babilaka<br>Xuxu a Perigosa<\/td><\/tr><tr><td>Quinta-feira<br>18\/01<\/td><td>Robert Brian e Banda One<br>Dayan Nunes<\/td><\/tr><tr><td>Sexta-feira<br>19\/01<\/td><td>Zaminho Soares<br>Orquestra Acordes<\/td><\/tr><tr><td>S\u00e1bado<br>20\/01<\/td><td>Padre Neto Feitosa<\/td><\/tr><tr><td>Domingo<br>21\/01<\/td><td>Mestre Bi e a Ciranda Bela Rosa<\/td><\/tr><tr><td>Polo Principal<\/td><td><\/td><\/tr><tr><td>Sexta-feira<br>19\/01 <\/td><td>Amanda Ferraz<br>Rog\u00e9rio Som<br>Juarez<br>Conde<\/td><\/tr><tr><td>S\u00e1bado<br>20\/01<\/td><td>Tatah Santana<br>Felipe Amorim<br>Raphaela Santos<\/td><\/tr><tr><td>Domingo<br>21\/01<\/td><td>F\u00e1gner e Amandinha<br>Lim\u00e3o com Mel<br>Tarc\u00edsio do Acordeon<\/td><\/tr><\/tbody><\/table><\/figure>\n","protected":false},"excerpt":{"rendered":"<p>Frevo, brega, forr\u00f3 p\u00e9 de serra, MPB, pop nacional, blocos l\u00edricos e outras express\u00f5es culturais e art\u00edsticas v\u00eam encantando o Polo Cultural da 155\u00aa Festa de S\u00e3o Sebasti\u00e3o 2024 de Paudalho que iniciou na \u00faltima sexta-feira(12), a partir das 20h30, e segue at\u00e9 o dia 22 de janeiro, no munic\u00edpio. No primeiro dia de programa\u00e7\u00e3o, [&hellip;]<\/p>\n","protected":false},"author":10,"featured_media":31141,"comment_status":"open","ping_status":"open","sticky":false,"template":"","format":"standard","meta":{"_jetpack_newsletter_access":"","_jetpack_dont_email_post_to_subs":false,"_jetpack_newsletter_tier_id":0,"_jetpack_memberships_contains_paywalled_content":false,"_jetpack_memberships_contains_paid_content":false,"footnotes":""},"categories":[1184,6,2,1],"tags":[1374,1375,68,14,22,234,238],"class_list":["post-31135","post","type-post","status-publish","format-standard","has-post-thumbnail","hentry","category-cultura-2","category-cultura","category-destaque","category-noticias","tag-155a-festa-de-sao-sebastiao","tag-155a-festa-de-sao-sebastiao-2024","tag-cultura","tag-paudalho","tag-prefeitura-do-paudalho","tag-sao-sebastiao","tag-secretaria-de-cultura-e-turismo"],"jetpack_featured_media_url":"https:\/\/www.paudalho.pe.gov.br\/portal\/wp-content\/uploads\/2024\/01\/H5A4492-scaled.jpg","jetpack_sharing_enabled":true,"jetpack_shortlink":"https:\/\/wp.me\/p98mS2-86b","_links":{"self":[{"href":"https:\/\/www.paudalho.pe.gov.br\/portal\/wp-json\/wp\/v2\/posts\/31135","targetHints":{"allow":["GET"]}}],"collection":[{"href":"https:\/\/www.paudalho.pe.gov.br\/portal\/wp-json\/wp\/v2\/posts"}],"about":[{"href":"https:\/\/www.paudalho.pe.gov.br\/portal\/wp-json\/wp\/v2\/types\/post"}],"author":[{"embeddable":true,"href":"https:\/\/www.paudalho.pe.gov.br\/portal\/wp-json\/wp\/v2\/users\/10"}],"replies":[{"embeddable":true,"href":"https:\/\/www.paudalho.pe.gov.br\/portal\/wp-json\/wp\/v2\/comments?post=31135"}],"version-history":[{"count":6,"href":"https:\/\/www.paudalho.pe.gov.br\/portal\/wp-json\/wp\/v2\/posts\/31135\/revisions"}],"predecessor-version":[{"id":31164,"href":"https:\/\/www.paudalho.pe.gov.br\/portal\/wp-json\/wp\/v2\/posts\/31135\/revisions\/31164"}],"wp:featuredmedia":[{"embeddable":true,"href":"https:\/\/www.paudalho.pe.gov.br\/portal\/wp-json\/wp\/v2\/media\/31141"}],"wp:attachment":[{"href":"https:\/\/www.paudalho.pe.gov.br\/portal\/wp-json\/wp\/v2\/media?parent=31135"}],"wp:term":[{"taxonomy":"category","embeddable":true,"href":"https:\/\/www.paudalho.pe.gov.br\/portal\/wp-json\/wp\/v2\/categories?post=31135"},{"taxonomy":"post_tag","embeddable":true,"href":"https:\/\/www.paudalho.pe.gov.br\/portal\/wp-json\/wp\/v2\/tags?post=31135"}],"curies":[{"name":"wp","href":"https:\/\/api.w.org\/{rel}","templated":true}]}}