{"id":31049,"date":"2023-12-26T11:41:36","date_gmt":"2023-12-26T14:41:36","guid":{"rendered":"https:\/\/www.paudalho.pe.gov.br\/portal\/?p=31049"},"modified":"2025-01-08T00:38:20","modified_gmt":"2025-01-08T03:38:20","slug":"espetaculo-auto-de-natal-em-paudalho-e-adiado-para-esta-terca-feira26","status":"publish","type":"post","link":"https:\/\/www.paudalho.pe.gov.br\/portal\/espetaculo-auto-de-natal-em-paudalho-e-adiado-para-esta-terca-feira26\/","title":{"rendered":"Espet\u00e1culo &#8220;Auto de Natal&#8221; em Paudalho \u00e9 adiado para esta ter\u00e7a-feira(26)"},"content":{"rendered":"\n<p>Devido \u00e0s chuvas que marcaram o \u00faltimo s\u00e1bado(23), data inicial do espet\u00e1culo, a pe\u00e7a teatral Auto de Natal foi adiada para esta ter\u00e7a-feira(26), a partir das 19h, no palco especial Monte da F\u00e9, teatro ao ar livre, localizado na Pra\u00e7a da Vila Asa Branca, em Paudalho. O evento \u00e9 gratuito e aberto ao p\u00fablico.\u00a0<\/p>\n\n\n\n<p>Realizado pelo Movimento Teatral do Paudalho (MTP) e o Instituto de Desenvolvimento Econ\u00f4mico, Socioambiental e Sustent\u00e1vel (IDESS), em parceria com a Prefeitura de Paudalho, a produ\u00e7\u00e3o teatral promete unir a tradi\u00e7\u00e3o, cultura e espiritualidade que envolve o per\u00edodo natalino no Monte da F\u00e9, um dos cart\u00f5es postais e pontos tur\u00edsticos do munic\u00edpio; que tamb\u00e9m foi palco de diversas apresenta\u00e7\u00f5es, como a Paix\u00e3o do Monte da F\u00e9, promovido pelo MTP, que abrilhanta o cora\u00e7\u00e3o de todos a cada edi\u00e7\u00e3o.<\/p>\n\n\n\n<p>Jo\u00e3o Batista, diretor do espet\u00e1culo, que realiza pela primeira vez o Natal do Monte da F\u00e9, destaca o entusiamo de toda a equipe em realizar a pe\u00e7a. &#8220;Respeitando a todos e a natureza, que trouxe chuva, o espet\u00e1culo foi adiado; mas estamos com o mesmo entusiasmo e vontade para a apresenta\u00e7\u00e3o nesta ter\u00e7a-feira(26)&#8221;, comentou Jo\u00e3o Batista, que h\u00e1 40 anos trabalha com teatro no munic\u00edpio. &#8220;Acreditamos no nosso p\u00fablico, com certeza! Confiamos que vir\u00e1 ainda mais pessoas que no s\u00e1bado(23)&#8221;, destacou o diretor.\u00a0<\/p>\n\n\n\n<figure class=\"wp-block-gallery has-nested-images columns-default is-cropped wp-block-gallery-1 is-layout-flex wp-block-gallery-is-layout-flex\">\n<figure class=\"wp-block-image size-large\"><img loading=\"lazy\" decoding=\"async\" width=\"800\" height=\"450\" data-attachment-id=\"31051\" data-permalink=\"https:\/\/www.paudalho.pe.gov.br\/portal\/espetaculo-auto-de-natal-em-paudalho-e-adiado-para-esta-terca-feira26\/site-paudalho\/\" data-orig-file=\"https:\/\/www.paudalho.pe.gov.br\/portal\/wp-content\/uploads\/2023\/12\/SITE-PAUDALHO.png\" data-orig-size=\"2560,1440\" data-comments-opened=\"1\" data-image-meta=\"{&quot;aperture&quot;:&quot;0&quot;,&quot;credit&quot;:&quot;&quot;,&quot;camera&quot;:&quot;&quot;,&quot;caption&quot;:&quot;&quot;,&quot;created_timestamp&quot;:&quot;0&quot;,&quot;copyright&quot;:&quot;&quot;,&quot;focal_length&quot;:&quot;0&quot;,&quot;iso&quot;:&quot;0&quot;,&quot;shutter_speed&quot;:&quot;0&quot;,&quot;title&quot;:&quot;&quot;,&quot;orientation&quot;:&quot;0&quot;}\" data-image-title=\"SITE-PAUDALHO\" data-image-description=\"\" data-image-caption=\"&lt;p&gt;Registro do espet\u00e1culo Paix\u00e3o do Monte da F\u00e9 2023. Cr\u00e9dito: Josu\u00e9 J\u00fanior\/PMP&lt;\/p&gt;\n\" data-medium-file=\"https:\/\/www.paudalho.pe.gov.br\/portal\/wp-content\/uploads\/2023\/12\/SITE-PAUDALHO-350x230.png\" data-large-file=\"https:\/\/www.paudalho.pe.gov.br\/portal\/wp-content\/uploads\/2023\/12\/SITE-PAUDALHO-800x450.png\" data-id=\"31051\" src=\"https:\/\/www.paudalho.pe.gov.br\/portal\/wp-content\/uploads\/2023\/12\/SITE-PAUDALHO-800x450.png\" alt=\"\" class=\"wp-image-31051\" srcset=\"https:\/\/www.paudalho.pe.gov.br\/portal\/wp-content\/uploads\/2023\/12\/SITE-PAUDALHO-800x450.png 800w, https:\/\/www.paudalho.pe.gov.br\/portal\/wp-content\/uploads\/2023\/12\/SITE-PAUDALHO-768x432.png 768w, https:\/\/www.paudalho.pe.gov.br\/portal\/wp-content\/uploads\/2023\/12\/SITE-PAUDALHO-1536x864.png 1536w, https:\/\/www.paudalho.pe.gov.br\/portal\/wp-content\/uploads\/2023\/12\/SITE-PAUDALHO-2048x1152.png 2048w\" sizes=\"auto, (max-width: 800px) 100vw, 800px\" \/><figcaption class=\"wp-element-caption\">Registro do espet\u00e1culo Paix\u00e3o do Monte da F\u00e9 2023. Cr\u00e9dito: Josu\u00e9 J\u00fanior\/PMP<\/figcaption><\/figure>\n\n\n\n<figure class=\"wp-block-image size-large\"><img loading=\"lazy\" decoding=\"async\" width=\"800\" height=\"450\" data-attachment-id=\"31008\" data-permalink=\"https:\/\/www.paudalho.pe.gov.br\/portal\/em-paudalho-o-espetaculo-auto-de-natal-vai-reunir-a-magia-do-teatro-ao-livre-e-o-espirito-natalino-em-apresentacao-gratuita\/_h5a9761\/\" data-orig-file=\"https:\/\/www.paudalho.pe.gov.br\/portal\/wp-content\/uploads\/2023\/12\/H5A9761-scaled.jpg\" data-orig-size=\"2560,1707\" data-comments-opened=\"1\" data-image-meta=\"{&quot;aperture&quot;:&quot;2.8&quot;,&quot;credit&quot;:&quot;CHARLES JOHNSON&quot;,&quot;camera&quot;:&quot;Canon EOS 5D Mark IV&quot;,&quot;caption&quot;:&quot;&quot;,&quot;created_timestamp&quot;:&quot;1680725348&quot;,&quot;copyright&quot;:&quot;CHARLES JOHNSON 81 986016133&quot;,&quot;focal_length&quot;:&quot;200&quot;,&quot;iso&quot;:&quot;3200&quot;,&quot;shutter_speed&quot;:&quot;0.01&quot;,&quot;title&quot;:&quot;&quot;,&quot;orientation&quot;:&quot;1&quot;}\" data-image-title=\"_H5A9761\" data-image-description=\"\" data-image-caption=\"&lt;p&gt;Cr\u00e9dito: Josu\u00e9 J\u00fanior \/ PMP&lt;\/p&gt;\n\" data-medium-file=\"https:\/\/www.paudalho.pe.gov.br\/portal\/wp-content\/uploads\/2023\/12\/H5A9761-350x230.jpg\" data-large-file=\"https:\/\/www.paudalho.pe.gov.br\/portal\/wp-content\/uploads\/2023\/12\/H5A9761-800x450.jpg\" data-id=\"31008\" src=\"https:\/\/www.paudalho.pe.gov.br\/portal\/wp-content\/uploads\/2023\/12\/H5A9761-800x450.jpg\" alt=\"\" class=\"wp-image-31008\"\/><figcaption class=\"wp-element-caption\">Jo\u00e3o Batista, diretor do espet\u00e1culo, tamb\u00e9m dirigiu a pe\u00e7a Paix\u00e3o do Monte da F\u00e9 2023. Cr\u00e9dito: Josu\u00e9 J\u00fanior \/ PMP<\/figcaption><\/figure>\n\n\n\n<figure class=\"wp-block-image size-large\"><img loading=\"lazy\" decoding=\"async\" width=\"800\" height=\"450\" data-attachment-id=\"31010\" data-permalink=\"https:\/\/www.paudalho.pe.gov.br\/portal\/em-paudalho-o-espetaculo-auto-de-natal-vai-reunir-a-magia-do-teatro-ao-livre-e-o-espirito-natalino-em-apresentacao-gratuita\/_h5a0051-1-2\/\" data-orig-file=\"https:\/\/www.paudalho.pe.gov.br\/portal\/wp-content\/uploads\/2023\/12\/H5A0051-1-1-scaled.jpg\" data-orig-size=\"2560,1707\" data-comments-opened=\"1\" data-image-meta=\"{&quot;aperture&quot;:&quot;2.8&quot;,&quot;credit&quot;:&quot;CHARLES JOHNSON&quot;,&quot;camera&quot;:&quot;Canon EOS 5D Mark IV&quot;,&quot;caption&quot;:&quot;&quot;,&quot;created_timestamp&quot;:&quot;1680730663&quot;,&quot;copyright&quot;:&quot;CHARLES JOHNSON 81 986016133&quot;,&quot;focal_length&quot;:&quot;200&quot;,&quot;iso&quot;:&quot;4000&quot;,&quot;shutter_speed&quot;:&quot;0.008&quot;,&quot;title&quot;:&quot;&quot;,&quot;orientation&quot;:&quot;1&quot;}\" data-image-title=\"_H5A0051 (1)\" data-image-description=\"\" data-image-caption=\"&lt;p&gt;Registro do espet\u00e1culo Paix\u00e3o do Monte da F\u00e9 2023. Cr\u00e9dito: Josu\u00e9 J\u00fanior\/PMP&lt;\/p&gt;\n\" data-medium-file=\"https:\/\/www.paudalho.pe.gov.br\/portal\/wp-content\/uploads\/2023\/12\/H5A0051-1-1-350x230.jpg\" data-large-file=\"https:\/\/www.paudalho.pe.gov.br\/portal\/wp-content\/uploads\/2023\/12\/H5A0051-1-1-800x450.jpg\" data-id=\"31010\" src=\"https:\/\/www.paudalho.pe.gov.br\/portal\/wp-content\/uploads\/2023\/12\/H5A0051-1-1-800x450.jpg\" alt=\"\" class=\"wp-image-31010\"\/><figcaption class=\"wp-element-caption\">Registro do espet\u00e1culo Paix\u00e3o do Monte da F\u00e9 2023. Cr\u00e9dito: Josu\u00e9 J\u00fanior\/PMP<\/figcaption><\/figure>\n<\/figure>\n\n\n\n<p>O espet\u00e1culo Auto do Natal, realizado com e por artistas paudalhenses, surge como um ponto alto das festividades na cidade e antecede a tradicional Festa de S\u00e3o Sebasti\u00e3o, realizada no m\u00eas de janeiro, que faz parte do calend\u00e1rio municipal. Segundo a equipe do MTP, as luzes cintilantes do Natal do Monte da F\u00e9 ir\u00e3o iluminar n\u00e3o apenas o palco, mas tamb\u00e9m os cora\u00e7\u00f5es da comunidade, onde a narrativa teatral, as cenas habilmente encenadas, explorar\u00e3o tanto os aspectos espirituais quanto os aspectos culturais do Natal.<\/p>\n","protected":false},"excerpt":{"rendered":"<p>Devido \u00e0s chuvas que marcaram o \u00faltimo s\u00e1bado(23), data inicial do espet\u00e1culo, a pe\u00e7a teatral Auto de Natal foi adiada para esta ter\u00e7a-feira(26), a partir das 19h, no palco especial Monte da F\u00e9, teatro ao ar livre, localizado na Pra\u00e7a da Vila Asa Branca, em Paudalho. O evento \u00e9 gratuito e aberto ao p\u00fablico.\u00a0 Realizado [&hellip;]<\/p>\n","protected":false},"author":10,"featured_media":31050,"comment_status":"open","ping_status":"open","sticky":false,"template":"","format":"standard","meta":{"_jetpack_newsletter_access":"","_jetpack_dont_email_post_to_subs":false,"_jetpack_newsletter_tier_id":0,"_jetpack_memberships_contains_paywalled_content":false,"_jetpack_memberships_contains_paid_content":false,"footnotes":""},"categories":[6,1184,2,1],"tags":[68,1343,1342,232,1161,14,1340,22,238,1344,1341,1334],"class_list":["post-31049","post","type-post","status-publish","format-standard","has-post-thumbnail","hentry","category-cultura","category-cultura-2","category-destaque","category-noticias","tag-cultura","tag-instituto-de-desenvolvimento-economico","tag-movimento-teatral-do-paudalho","tag-natal","tag-paixao-do-monte-da-fe","tag-paudalho","tag-peca-teatral","tag-prefeitura-do-paudalho","tag-secretaria-de-cultura-e-turismo","tag-socioambiental-e-sustentavel-idess","tag-teatro","tag-teatro-ao-ar-livre"],"jetpack_featured_media_url":"https:\/\/www.paudalho.pe.gov.br\/portal\/wp-content\/uploads\/2023\/12\/H5A0108-scaled.jpg","jetpack_sharing_enabled":true,"jetpack_shortlink":"https:\/\/wp.me\/p98mS2-84N","_links":{"self":[{"href":"https:\/\/www.paudalho.pe.gov.br\/portal\/wp-json\/wp\/v2\/posts\/31049","targetHints":{"allow":["GET"]}}],"collection":[{"href":"https:\/\/www.paudalho.pe.gov.br\/portal\/wp-json\/wp\/v2\/posts"}],"about":[{"href":"https:\/\/www.paudalho.pe.gov.br\/portal\/wp-json\/wp\/v2\/types\/post"}],"author":[{"embeddable":true,"href":"https:\/\/www.paudalho.pe.gov.br\/portal\/wp-json\/wp\/v2\/users\/10"}],"replies":[{"embeddable":true,"href":"https:\/\/www.paudalho.pe.gov.br\/portal\/wp-json\/wp\/v2\/comments?post=31049"}],"version-history":[{"count":1,"href":"https:\/\/www.paudalho.pe.gov.br\/portal\/wp-json\/wp\/v2\/posts\/31049\/revisions"}],"predecessor-version":[{"id":31052,"href":"https:\/\/www.paudalho.pe.gov.br\/portal\/wp-json\/wp\/v2\/posts\/31049\/revisions\/31052"}],"wp:featuredmedia":[{"embeddable":true,"href":"https:\/\/www.paudalho.pe.gov.br\/portal\/wp-json\/wp\/v2\/media\/31050"}],"wp:attachment":[{"href":"https:\/\/www.paudalho.pe.gov.br\/portal\/wp-json\/wp\/v2\/media?parent=31049"}],"wp:term":[{"taxonomy":"category","embeddable":true,"href":"https:\/\/www.paudalho.pe.gov.br\/portal\/wp-json\/wp\/v2\/categories?post=31049"},{"taxonomy":"post_tag","embeddable":true,"href":"https:\/\/www.paudalho.pe.gov.br\/portal\/wp-json\/wp\/v2\/tags?post=31049"}],"curies":[{"name":"wp","href":"https:\/\/api.w.org\/{rel}","templated":true}]}}