{"id":31003,"date":"2023-12-14T12:06:23","date_gmt":"2023-12-14T15:06:23","guid":{"rendered":"https:\/\/www.paudalho.pe.gov.br\/portal\/?p=31003"},"modified":"2025-01-08T00:38:21","modified_gmt":"2025-01-08T03:38:21","slug":"em-paudalho-o-espetaculo-auto-de-natal-vai-reunir-a-magia-do-teatro-ao-livre-e-o-espirito-natalino-em-apresentacao-gratuita","status":"publish","type":"post","link":"https:\/\/www.paudalho.pe.gov.br\/portal\/em-paudalho-o-espetaculo-auto-de-natal-vai-reunir-a-magia-do-teatro-ao-livre-e-o-espirito-natalino-em-apresentacao-gratuita\/","title":{"rendered":"Em Paudalho, o espet\u00e1culo &#8220;Auto de Natal&#8221; vai reunir a magia do teatro ao ar livre e o esp\u00edrito natalino em apresenta\u00e7\u00e3o gratuita"},"content":{"rendered":"\n<p>Trazendo a magia do natal para Paudalho em um espet\u00e1culo recheado de emo\u00e7\u00e3o, a pe\u00e7a teatral Auto de Natal j\u00e1 tem data marcada no munic\u00edpio. O evento ser\u00e1 realizado no dia 23 de dezembro, a partir das 19h30, no palco especial Monte da F\u00e9, na Pra\u00e7a da Vila Asa Branca, de forma gratuita e aberta ao p\u00fablico.<\/p>\n\n\n\n<p>O evento \u00e9 realizado pelo Movimento Teatral do Paudalho (MTP) e o Instituto de Desenvolvimento Econ\u00f4mico, Socioambiental e Sustent\u00e1vel (IDESS), em parceria com a Prefeitura de Paudalho. A produ\u00e7\u00e3o teatral promete unir a tradi\u00e7\u00e3o, cultura e espiritualidade que envolve o per\u00edodo natalino no Monte da F\u00e9, um dos cart\u00f5es postais e pontos tur\u00edsticos do munic\u00edpio; al\u00e9m de ser palco de diversas apresenta\u00e7\u00f5es, como a Paix\u00e3o do Monte da F\u00e9, tamb\u00e9m promovido pelo MTP, que abrilhanta o cora\u00e7\u00e3o de todos a cada edi\u00e7\u00e3o.<\/p>\n\n\n\n<p>Jo\u00e3o Batista, diretor do espet\u00e1culo, realiza pela primeira vez o Natal do Monte da F\u00e9 e destaca o significado da pe\u00e7a para a popula\u00e7\u00e3o e cultura paudalhense. &#8220;O evento promete envolver n\u00e3o apenas os participantes, mas toda a cidade, pois se torna uma oportunidade para fortalecer os la\u00e7os entre os moradores. Afinal, a magia do teatro, aliada \u00e0 atmosfera festiva do Natal, cria um ambiente prop\u00edcio para a reflex\u00e3o, gratid\u00e3o e solidariedade&#8221;, comentou o diretor, que a 40 anos atua com teatro no munic\u00edpio. &#8220;A presen\u00e7a ativa dos atores locais refor\u00e7a o comprometimento da comunidade em preservar e promover suas tradi\u00e7\u00f5es, destacando a riqueza cultural local&#8221;, finalizou.<\/p>\n\n\n\n<figure class=\"wp-block-gallery has-nested-images columns-default is-cropped wp-block-gallery-1 is-layout-flex wp-block-gallery-is-layout-flex\">\n<figure class=\"wp-block-image size-large\"><img loading=\"lazy\" decoding=\"async\" width=\"800\" height=\"450\" data-attachment-id=\"31008\" data-permalink=\"https:\/\/www.paudalho.pe.gov.br\/portal\/em-paudalho-o-espetaculo-auto-de-natal-vai-reunir-a-magia-do-teatro-ao-livre-e-o-espirito-natalino-em-apresentacao-gratuita\/_h5a9761\/\" data-orig-file=\"https:\/\/www.paudalho.pe.gov.br\/portal\/wp-content\/uploads\/2023\/12\/H5A9761-scaled.jpg\" data-orig-size=\"2560,1707\" data-comments-opened=\"1\" data-image-meta=\"{&quot;aperture&quot;:&quot;2.8&quot;,&quot;credit&quot;:&quot;CHARLES JOHNSON&quot;,&quot;camera&quot;:&quot;Canon EOS 5D Mark IV&quot;,&quot;caption&quot;:&quot;&quot;,&quot;created_timestamp&quot;:&quot;1680725348&quot;,&quot;copyright&quot;:&quot;CHARLES JOHNSON 81 986016133&quot;,&quot;focal_length&quot;:&quot;200&quot;,&quot;iso&quot;:&quot;3200&quot;,&quot;shutter_speed&quot;:&quot;0.01&quot;,&quot;title&quot;:&quot;&quot;,&quot;orientation&quot;:&quot;1&quot;}\" data-image-title=\"_H5A9761\" data-image-description=\"\" data-image-caption=\"&lt;p&gt;Cr\u00e9dito: Josu\u00e9 J\u00fanior \/ PMP&lt;\/p&gt;\n\" data-medium-file=\"https:\/\/www.paudalho.pe.gov.br\/portal\/wp-content\/uploads\/2023\/12\/H5A9761-350x230.jpg\" data-large-file=\"https:\/\/www.paudalho.pe.gov.br\/portal\/wp-content\/uploads\/2023\/12\/H5A9761-800x450.jpg\" data-id=\"31008\" src=\"https:\/\/www.paudalho.pe.gov.br\/portal\/wp-content\/uploads\/2023\/12\/H5A9761-800x450.jpg\" alt=\"\" class=\"wp-image-31008\"\/><figcaption class=\"wp-element-caption\">Jo\u00e3o Batista, diretor do espet\u00e1culo, tamb\u00e9m dirigiu e atuou na pe\u00e7a Paix\u00e3o do Monte da F\u00e9 2023. Cr\u00e9dito: Josu\u00e9 J\u00fanior \/ PMP<\/figcaption><\/figure>\n\n\n\n<figure class=\"wp-block-image size-large\"><img loading=\"lazy\" decoding=\"async\" width=\"800\" height=\"450\" data-attachment-id=\"31009\" data-permalink=\"https:\/\/www.paudalho.pe.gov.br\/portal\/em-paudalho-o-espetaculo-auto-de-natal-vai-reunir-a-magia-do-teatro-ao-livre-e-o-espirito-natalino-em-apresentacao-gratuita\/_h5a9876\/\" data-orig-file=\"https:\/\/www.paudalho.pe.gov.br\/portal\/wp-content\/uploads\/2023\/12\/H5A9876-scaled.jpg\" data-orig-size=\"2560,1707\" data-comments-opened=\"1\" data-image-meta=\"{&quot;aperture&quot;:&quot;2.8&quot;,&quot;credit&quot;:&quot;CHARLES JOHNSON&quot;,&quot;camera&quot;:&quot;Canon EOS 5D Mark IV&quot;,&quot;caption&quot;:&quot;&quot;,&quot;created_timestamp&quot;:&quot;1680727683&quot;,&quot;copyright&quot;:&quot;CHARLES JOHNSON 81 986016133&quot;,&quot;focal_length&quot;:&quot;115&quot;,&quot;iso&quot;:&quot;6400&quot;,&quot;shutter_speed&quot;:&quot;0.005&quot;,&quot;title&quot;:&quot;&quot;,&quot;orientation&quot;:&quot;1&quot;}\" data-image-title=\"_H5A9876\" data-image-description=\"\" data-image-caption=\"&lt;p&gt;Registro do espet\u00e1culo Paix\u00e3o do Monte da F\u00e9.Cr\u00e9dito: Josu\u00e9 J\u00fanior \/ PMP&lt;\/p&gt;\n\" data-medium-file=\"https:\/\/www.paudalho.pe.gov.br\/portal\/wp-content\/uploads\/2023\/12\/H5A9876-350x230.jpg\" data-large-file=\"https:\/\/www.paudalho.pe.gov.br\/portal\/wp-content\/uploads\/2023\/12\/H5A9876-800x450.jpg\" data-id=\"31009\" src=\"https:\/\/www.paudalho.pe.gov.br\/portal\/wp-content\/uploads\/2023\/12\/H5A9876-800x450.jpg\" alt=\"\" class=\"wp-image-31009\"\/><figcaption class=\"wp-element-caption\">Registro do espet\u00e1culo Paix\u00e3o do Monte da F\u00e9.Cr\u00e9dito: Josu\u00e9 J\u00fanior \/ PMP<\/figcaption><\/figure>\n<\/figure>\n\n\n\n<p>O Auto do Natal surge como um ponto alto das festividades na cidade e antecede a tradicional Festa de S\u00e3o Sebasti\u00e3o, realizada no m\u00eas de janeiro, que faz parte do calend\u00e1rio municipal. Segundo a equipe do MTP, as luzes cintilantes do Natal do Monte da F\u00e9 ir\u00e3o iluminar n\u00e3o apenas o palco, mas tamb\u00e9m os cora\u00e7\u00f5es da comunidade, onde a narrativa teatral, as cenas habilmente encenadas, explorar\u00e3o tanto os aspectos espirituais quanto os aspectos culturais do Natal.<\/p>\n","protected":false},"excerpt":{"rendered":"<p>Trazendo a magia do natal para Paudalho em um espet\u00e1culo recheado de emo\u00e7\u00e3o, a pe\u00e7a teatral Auto de Natal j\u00e1 tem data marcada no munic\u00edpio. O evento ser\u00e1 realizado no dia 23 de dezembro, a partir das 19h30, no palco especial Monte da F\u00e9, na Pra\u00e7a da Vila Asa Branca, de forma gratuita e aberta [&hellip;]<\/p>\n","protected":false},"author":10,"featured_media":31005,"comment_status":"open","ping_status":"open","sticky":false,"template":"","format":"standard","meta":{"_jetpack_newsletter_access":"","_jetpack_dont_email_post_to_subs":false,"_jetpack_newsletter_tier_id":0,"_jetpack_memberships_contains_paywalled_content":false,"_jetpack_memberships_contains_paid_content":false,"footnotes":""},"categories":[6,1184,2,1],"tags":[1336,68,469,232,1333,14,1335,22,1334],"class_list":["post-31003","post","type-post","status-publish","format-standard","has-post-thumbnail","hentry","category-cultura","category-cultura-2","category-destaque","category-noticias","tag-auto-do-natal","tag-cultura","tag-monte-da-fe","tag-natal","tag-natal-do-monte-da-fe","tag-paudalho","tag-praca-da-vila-asa-branca","tag-prefeitura-do-paudalho","tag-teatro-ao-ar-livre"],"jetpack_featured_media_url":"https:\/\/www.paudalho.pe.gov.br\/portal\/wp-content\/uploads\/2023\/12\/H5A0083-1-scaled.jpg","jetpack_sharing_enabled":true,"jetpack_shortlink":"https:\/\/wp.me\/p98mS2-843","_links":{"self":[{"href":"https:\/\/www.paudalho.pe.gov.br\/portal\/wp-json\/wp\/v2\/posts\/31003","targetHints":{"allow":["GET"]}}],"collection":[{"href":"https:\/\/www.paudalho.pe.gov.br\/portal\/wp-json\/wp\/v2\/posts"}],"about":[{"href":"https:\/\/www.paudalho.pe.gov.br\/portal\/wp-json\/wp\/v2\/types\/post"}],"author":[{"embeddable":true,"href":"https:\/\/www.paudalho.pe.gov.br\/portal\/wp-json\/wp\/v2\/users\/10"}],"replies":[{"embeddable":true,"href":"https:\/\/www.paudalho.pe.gov.br\/portal\/wp-json\/wp\/v2\/comments?post=31003"}],"version-history":[{"count":3,"href":"https:\/\/www.paudalho.pe.gov.br\/portal\/wp-json\/wp\/v2\/posts\/31003\/revisions"}],"predecessor-version":[{"id":31043,"href":"https:\/\/www.paudalho.pe.gov.br\/portal\/wp-json\/wp\/v2\/posts\/31003\/revisions\/31043"}],"wp:featuredmedia":[{"embeddable":true,"href":"https:\/\/www.paudalho.pe.gov.br\/portal\/wp-json\/wp\/v2\/media\/31005"}],"wp:attachment":[{"href":"https:\/\/www.paudalho.pe.gov.br\/portal\/wp-json\/wp\/v2\/media?parent=31003"}],"wp:term":[{"taxonomy":"category","embeddable":true,"href":"https:\/\/www.paudalho.pe.gov.br\/portal\/wp-json\/wp\/v2\/categories?post=31003"},{"taxonomy":"post_tag","embeddable":true,"href":"https:\/\/www.paudalho.pe.gov.br\/portal\/wp-json\/wp\/v2\/tags?post=31003"}],"curies":[{"name":"wp","href":"https:\/\/api.w.org\/{rel}","templated":true}]}}