{"id":3100,"date":"2018-06-07T11:39:04","date_gmt":"2018-06-07T14:39:04","guid":{"rendered":"http:\/\/www.paudalho.pe.gov.br\/portal\/?p=3100"},"modified":"2018-06-07T11:54:55","modified_gmt":"2018-06-07T14:54:55","slug":"secretaria-de-educacao-realiza-etapa-municipal-do-concurso-ler-bem","status":"publish","type":"post","link":"https:\/\/www.paudalho.pe.gov.br\/portal\/secretaria-de-educacao-realiza-etapa-municipal-do-concurso-ler-bem\/","title":{"rendered":"Secretaria de Educa\u00e7\u00e3o realiza etapa municipal do concurso &#8220;Ler Bem&#8221;"},"content":{"rendered":"<p><strong><em>\u201cEnsinar n\u00e3o \u00e9 transferir conhecimento, mas criar as possibilidades para a sua pr\u00f3pria produ\u00e7\u00e3o ou a sua constru\u00e7\u00e3o\u201d.\u00a0<\/em><\/strong>(Paulo Freire \u2013 Educador, pedagogo e fil\u00f3sofo)<\/p>\n<p>Ensinar atrav\u00e9s da educa\u00e7\u00e3o vai al\u00e9m de transferir conhecimento. \u00c9 um processo que d\u00e1 oportunidade ao indiv\u00edduo de sonhar e tornar realidade os maiores objetivos dos seres humanos. Pensando nisso, na \u00faltima ter\u00e7a-feira (5), a Secretaria de Educa\u00e7\u00e3o do Paudalho realizou a final da etapa municipal da 8\u00ba edi\u00e7\u00e3o do concurso &#8220;Ler Bem&#8221;, no audit\u00f3rio da sede da pasta, que fica na Pra\u00e7a Pedro Coutinho, Centro da cidade.<\/p>\n<p>A Secretaria atrav\u00e9s da sua equipe pedag\u00f3gica elaborou atividades de leitura onde os oito Finalistas da Rede Municipal foram avaliados por uma banca de jurados , sob os seguintes crit\u00e9rios: espontaneidade; entona\u00e7\u00e3o da voz; aplica\u00e7\u00e3o dos diferentes tipos de pausa impostas pelos sinais de pontua\u00e7\u00e3o; capacidade de ler com clareza, respeitando a grafia correta das palavras, termos ou express\u00f5es presentes no texto e, ainda, a capacidade de estabelecer a comunicabilidade e de prender a aten\u00e7\u00e3o dos ouvintes.<\/p>\n<h2>Paudalho disputa vaga regional<\/h2>\n<p>No momento, a aluna Alessandra Gabrielle Bandeira da Silva, do Col\u00e9gio Municipal de Guadalajara, foi classificada para a etapa regional do concurso e levou para casa um tablet como premia\u00e7\u00e3o. Todos os candidatos foram premiados com brindes.<\/p>\n<h2>Dados<\/h2>\n<p>De acordo com relat\u00f3rio do Banco Mundial, estima-se que o Brasil v\u00e1 demorar cerca de 260 anos para atingir o n\u00edvel educacional de pa\u00edses desenvolvidos em leitura.\u00a0O c\u00e1lculo foi realizado com base no desempenho dos estudantes brasileiros em todas as edi\u00e7\u00f5es do Pisa, a avalia\u00e7\u00e3o internacional aplicada pela Organiza\u00e7\u00e3o para a Coopera\u00e7\u00e3o e Desenvolvimento (OCDE).\u00a0 A Prefeitura do Paudalho segue no comprometimento de promover a\u00e7\u00f5es e apoiar programa\u00e7\u00f5es que incentive os estudantes a praticar a leitura.<\/p>\n<p>&nbsp;<\/p>\n<p>&nbsp;<\/p>\n","protected":false},"excerpt":{"rendered":"<p>\u201cEnsinar n\u00e3o \u00e9 transferir conhecimento, mas criar as possibilidades para a sua pr\u00f3pria produ\u00e7\u00e3o ou a sua constru\u00e7\u00e3o\u201d.\u00a0(Paulo Freire \u2013 Educador, pedagogo e fil\u00f3sofo) Ensinar atrav\u00e9s da educa\u00e7\u00e3o vai al\u00e9m de transferir conhecimento. \u00c9 um processo que d\u00e1 oportunidade ao indiv\u00edduo de sonhar e tornar realidade os maiores objetivos dos seres humanos. Pensando nisso, na [&hellip;]<\/p>\n","protected":false},"author":4,"featured_media":3101,"comment_status":"open","ping_status":"open","sticky":false,"template":"","format":"standard","meta":{"_jetpack_newsletter_access":"","_jetpack_dont_email_post_to_subs":false,"_jetpack_newsletter_tier_id":0,"_jetpack_memberships_contains_paywalled_content":false,"_jetpack_memberships_contains_paid_content":false,"footnotes":""},"categories":[2,4,1],"tags":[328,30,22,106],"class_list":["post-3100","post","type-post","status-publish","format-standard","has-post-thumbnail","hentry","category-destaque","category-educacao","category-noticias","tag-concurso-ler-bem","tag-educacao","tag-prefeitura-do-paudalho","tag-secretaria-de-educacao"],"jetpack_featured_media_url":"https:\/\/www.paudalho.pe.gov.br\/portal\/wp-content\/uploads\/2018\/06\/DENTRO-OOO.jpg","jetpack_sharing_enabled":true,"jetpack_shortlink":"https:\/\/wp.me\/p98mS2-O0","_links":{"self":[{"href":"https:\/\/www.paudalho.pe.gov.br\/portal\/wp-json\/wp\/v2\/posts\/3100","targetHints":{"allow":["GET"]}}],"collection":[{"href":"https:\/\/www.paudalho.pe.gov.br\/portal\/wp-json\/wp\/v2\/posts"}],"about":[{"href":"https:\/\/www.paudalho.pe.gov.br\/portal\/wp-json\/wp\/v2\/types\/post"}],"author":[{"embeddable":true,"href":"https:\/\/www.paudalho.pe.gov.br\/portal\/wp-json\/wp\/v2\/users\/4"}],"replies":[{"embeddable":true,"href":"https:\/\/www.paudalho.pe.gov.br\/portal\/wp-json\/wp\/v2\/comments?post=3100"}],"version-history":[{"count":4,"href":"https:\/\/www.paudalho.pe.gov.br\/portal\/wp-json\/wp\/v2\/posts\/3100\/revisions"}],"predecessor-version":[{"id":3106,"href":"https:\/\/www.paudalho.pe.gov.br\/portal\/wp-json\/wp\/v2\/posts\/3100\/revisions\/3106"}],"wp:featuredmedia":[{"embeddable":true,"href":"https:\/\/www.paudalho.pe.gov.br\/portal\/wp-json\/wp\/v2\/media\/3101"}],"wp:attachment":[{"href":"https:\/\/www.paudalho.pe.gov.br\/portal\/wp-json\/wp\/v2\/media?parent=3100"}],"wp:term":[{"taxonomy":"category","embeddable":true,"href":"https:\/\/www.paudalho.pe.gov.br\/portal\/wp-json\/wp\/v2\/categories?post=3100"},{"taxonomy":"post_tag","embeddable":true,"href":"https:\/\/www.paudalho.pe.gov.br\/portal\/wp-json\/wp\/v2\/tags?post=3100"}],"curies":[{"name":"wp","href":"https:\/\/api.w.org\/{rel}","templated":true}]}}