{"id":30984,"date":"2023-12-13T18:00:00","date_gmt":"2023-12-13T21:00:00","guid":{"rendered":"https:\/\/www.paudalho.pe.gov.br\/portal\/?p=30984"},"modified":"2025-01-08T00:38:21","modified_gmt":"2025-01-08T03:38:21","slug":"segundo-dia-do-aulao-natalino-da-academia-da-saude-de-paudalho-ocorre-nesta-quinta-feira14-em-guadalajara","status":"publish","type":"post","link":"https:\/\/www.paudalho.pe.gov.br\/portal\/segundo-dia-do-aulao-natalino-da-academia-da-saude-de-paudalho-ocorre-nesta-quinta-feira14-em-guadalajara\/","title":{"rendered":"Segundo dia do aul\u00e3o natalino da Academia da Sa\u00fade de Paudalho ocorre nesta quinta-feira(14), em Guadalajara\u00a0"},"content":{"rendered":"\n<p>O aul\u00e3o natalino da Academia da Sa\u00fade de Paudalho j\u00e1 virou tradi\u00e7\u00e3o no munic\u00edpio de Paudalho. A edi\u00e7\u00e3o deste ano de 2023, realizado pela Prefeitura de Paudalho, ocorreu na \u00faltima quarta-feira(13), na Academia da Sa\u00fade &#8211; Polo Centro. \u00c0s 6h, a Academia estava recheada de paudalhenses, participando das aulas de step, aer\u00f3bica e dan\u00e7a. O segundo dia do aul\u00e3o natalino ocorre nesta quinta-feira (14), no mesmo hor\u00e1rio, na Academia da Cidade de Guadalajara &#8211; ser\u00e1 disponibilizado transporte gratuito saindo \u00e0s 5h30 da Academia da Sa\u00fade &#8211; Polo Centro, pr\u00f3ximo ao p\u00e1tio da feira e quadra coberta<\/p>\n\n\n\n<p>&#8220;O aul\u00e3o natalino acontece como aula da saudade do ano. \u00c9 sempre uma sensa\u00e7\u00e3o de boas energias, clima de natal e ano novo. Um momento de fortalecer as amizades e o cuidado com a sa\u00fade f\u00edsica e mental\u201d, conta Claudecy Meneses, coordenadora da Academia da Sa\u00fade de Paudalho. \u201cO aul\u00e3o conta com a presen\u00e7a de v\u00e1rios profissionais para atender a todos os participantes. Momento de risos e muita mobilidade, entre tantos outros benef\u00edcios que a pr\u00e1tica de atividades f\u00edsicas&nbsp;promovem ao bem-estar&#8221;, finalizou.<\/p>\n\n\n\n<p>O aul\u00e3o natalino faz parte da programa\u00e7\u00e3o da Academia da Cidade que, todos os dias, de segunda a sexta-feira, nos hor\u00e1rios das 6h \u00e0s 7h, das 8h \u00e0s 9h e das 16h \u00e0s 17h, oferta atividades f\u00edsicas gratuitas como dan\u00e7a e aer\u00f3bica para a popula\u00e7\u00e3o, al\u00e9m de atividades extras para crian\u00e7as, adolescentes e idosos. A Academia tem o objetivo de promover mais sa\u00fade, bem-estar, socializa\u00e7\u00e3o e qualidade de vida para o povo paudalhense, considerando que uma vida ativa \u00e9 essencial no tratamento e preven\u00e7\u00e3o de doen\u00e7as, sejam elas f\u00edsicas ou mentais, al\u00e9m de ser uma op\u00e7\u00e3o de lazer.<\/p>\n","protected":false},"excerpt":{"rendered":"<p>O aul\u00e3o natalino da Academia da Sa\u00fade de Paudalho j\u00e1 virou tradi\u00e7\u00e3o no munic\u00edpio de Paudalho. A edi\u00e7\u00e3o deste ano de 2023, realizado pela Prefeitura de Paudalho, ocorreu na \u00faltima quarta-feira(13), na Academia da Sa\u00fade &#8211; Polo Centro. \u00c0s 6h, a Academia estava recheada de paudalhenses, participando das aulas de step, aer\u00f3bica e dan\u00e7a. O [&hellip;]<\/p>\n","protected":false},"author":10,"featured_media":30990,"comment_status":"open","ping_status":"open","sticky":false,"template":"","format":"standard","meta":{"_jetpack_newsletter_access":"","_jetpack_dont_email_post_to_subs":false,"_jetpack_newsletter_tier_id":0,"_jetpack_memberships_contains_paywalled_content":false,"_jetpack_memberships_contains_paid_content":false,"footnotes":""},"categories":[2,7,1,3,1227],"tags":[178,14,22,16],"class_list":["post-30984","post","type-post","status-publish","format-standard","has-post-thumbnail","hentry","category-destaque","category-esportes","category-noticias","category-saude","category-saude-2","tag-academia-da-saude","tag-paudalho","tag-prefeitura-do-paudalho","tag-saude"],"jetpack_featured_media_url":"https:\/\/www.paudalho.pe.gov.br\/portal\/wp-content\/uploads\/2023\/12\/photo1681304134.jpeg","jetpack_sharing_enabled":true,"jetpack_shortlink":"https:\/\/wp.me\/p98mS2-83K","_links":{"self":[{"href":"https:\/\/www.paudalho.pe.gov.br\/portal\/wp-json\/wp\/v2\/posts\/30984","targetHints":{"allow":["GET"]}}],"collection":[{"href":"https:\/\/www.paudalho.pe.gov.br\/portal\/wp-json\/wp\/v2\/posts"}],"about":[{"href":"https:\/\/www.paudalho.pe.gov.br\/portal\/wp-json\/wp\/v2\/types\/post"}],"author":[{"embeddable":true,"href":"https:\/\/www.paudalho.pe.gov.br\/portal\/wp-json\/wp\/v2\/users\/10"}],"replies":[{"embeddable":true,"href":"https:\/\/www.paudalho.pe.gov.br\/portal\/wp-json\/wp\/v2\/comments?post=30984"}],"version-history":[{"count":4,"href":"https:\/\/www.paudalho.pe.gov.br\/portal\/wp-json\/wp\/v2\/posts\/30984\/revisions"}],"predecessor-version":[{"id":30989,"href":"https:\/\/www.paudalho.pe.gov.br\/portal\/wp-json\/wp\/v2\/posts\/30984\/revisions\/30989"}],"wp:featuredmedia":[{"embeddable":true,"href":"https:\/\/www.paudalho.pe.gov.br\/portal\/wp-json\/wp\/v2\/media\/30990"}],"wp:attachment":[{"href":"https:\/\/www.paudalho.pe.gov.br\/portal\/wp-json\/wp\/v2\/media?parent=30984"}],"wp:term":[{"taxonomy":"category","embeddable":true,"href":"https:\/\/www.paudalho.pe.gov.br\/portal\/wp-json\/wp\/v2\/categories?post=30984"},{"taxonomy":"post_tag","embeddable":true,"href":"https:\/\/www.paudalho.pe.gov.br\/portal\/wp-json\/wp\/v2\/tags?post=30984"}],"curies":[{"name":"wp","href":"https:\/\/api.w.org\/{rel}","templated":true}]}}