{"id":30968,"date":"2023-12-13T18:00:00","date_gmt":"2023-12-13T21:00:00","guid":{"rendered":"https:\/\/www.paudalho.pe.gov.br\/portal\/?p=30968"},"modified":"2025-01-08T00:38:21","modified_gmt":"2025-01-08T03:38:21","slug":"paudalho-realiza-a-i-feira-de-conhecimentos-com-as-criancas-do-5o-ano-do-ensino-fundamental","status":"publish","type":"post","link":"https:\/\/www.paudalho.pe.gov.br\/portal\/paudalho-realiza-a-i-feira-de-conhecimentos-com-as-criancas-do-5o-ano-do-ensino-fundamental\/","title":{"rendered":"Paudalho realiza a I Feira de Conhecimentos com as crian\u00e7as do 5\u00ba ano do Ensino Fundamental"},"content":{"rendered":"\n<p>Com o objetivo de estimular o aprendizado e a criatividade, a Prefeitura do Paudalho, em parceria com a Secretaria de Educa\u00e7\u00e3o e Esportes, realizou na \u00faltima ter\u00e7a-feira(12), a I Feira de Conhecimentos com as crian\u00e7as da Educa\u00e7\u00e3o Infantil e dos Anos Iniciais do Ensino Fundamental, do Col\u00e9gio Municipal Maria de F\u00e1tima, localizado na comunidade de Ch\u00e3 de Cruz.<\/p>\n\n\n\n<p>No evento, as crian\u00e7as apresentaram atividades e habilidades que desenvolveram na sala de aula, com trabalhos sobre Educa\u00e7\u00e3o Infantil, jogos matem\u00e1ticos, fauna da catinga, biografia de Luiz Gonzada, alimenta\u00e7\u00e3o, entre outros temas.<\/p>\n\n\n\n<figure class=\"wp-block-gallery has-nested-images columns-default is-cropped wp-block-gallery-1 is-layout-flex wp-block-gallery-is-layout-flex\">\n<figure class=\"wp-block-image size-large\"><img loading=\"lazy\" decoding=\"async\" width=\"800\" height=\"450\" data-attachment-id=\"30974\" data-permalink=\"https:\/\/www.paudalho.pe.gov.br\/portal\/paudalho-realiza-a-i-feira-de-conhecimentos-com-as-criancas-do-5o-ano-do-ensino-fundamental\/paudalho-6\/\" data-orig-file=\"https:\/\/www.paudalho.pe.gov.br\/portal\/wp-content\/uploads\/2023\/12\/PAUDALHO-6.png\" data-orig-size=\"2560,1440\" data-comments-opened=\"1\" data-image-meta=\"{&quot;aperture&quot;:&quot;0&quot;,&quot;credit&quot;:&quot;&quot;,&quot;camera&quot;:&quot;&quot;,&quot;caption&quot;:&quot;&quot;,&quot;created_timestamp&quot;:&quot;0&quot;,&quot;copyright&quot;:&quot;&quot;,&quot;focal_length&quot;:&quot;0&quot;,&quot;iso&quot;:&quot;0&quot;,&quot;shutter_speed&quot;:&quot;0&quot;,&quot;title&quot;:&quot;&quot;,&quot;orientation&quot;:&quot;0&quot;}\" data-image-title=\"PAUDALHO (6)\" data-image-description=\"\" data-image-caption=\"\" data-medium-file=\"https:\/\/www.paudalho.pe.gov.br\/portal\/wp-content\/uploads\/2023\/12\/PAUDALHO-6-350x230.png\" data-large-file=\"https:\/\/www.paudalho.pe.gov.br\/portal\/wp-content\/uploads\/2023\/12\/PAUDALHO-6-800x450.png\" data-id=\"30974\" src=\"https:\/\/www.paudalho.pe.gov.br\/portal\/wp-content\/uploads\/2023\/12\/PAUDALHO-6-800x450.png\" alt=\"\" class=\"wp-image-30974\" srcset=\"https:\/\/www.paudalho.pe.gov.br\/portal\/wp-content\/uploads\/2023\/12\/PAUDALHO-6-800x450.png 800w, https:\/\/www.paudalho.pe.gov.br\/portal\/wp-content\/uploads\/2023\/12\/PAUDALHO-6-768x432.png 768w, https:\/\/www.paudalho.pe.gov.br\/portal\/wp-content\/uploads\/2023\/12\/PAUDALHO-6-1536x864.png 1536w, https:\/\/www.paudalho.pe.gov.br\/portal\/wp-content\/uploads\/2023\/12\/PAUDALHO-6-2048x1152.png 2048w\" sizes=\"auto, (max-width: 800px) 100vw, 800px\" \/><\/figure>\n\n\n\n<figure class=\"wp-block-image size-large\"><img loading=\"lazy\" decoding=\"async\" width=\"800\" height=\"450\" data-attachment-id=\"30977\" data-permalink=\"https:\/\/www.paudalho.pe.gov.br\/portal\/paudalho-realiza-a-i-feira-de-conhecimentos-com-as-criancas-do-5o-ano-do-ensino-fundamental\/paudalho-3\/\" data-orig-file=\"https:\/\/www.paudalho.pe.gov.br\/portal\/wp-content\/uploads\/2023\/12\/PAUDALHO-3.png\" data-orig-size=\"2560,1440\" data-comments-opened=\"1\" data-image-meta=\"{&quot;aperture&quot;:&quot;0&quot;,&quot;credit&quot;:&quot;&quot;,&quot;camera&quot;:&quot;&quot;,&quot;caption&quot;:&quot;&quot;,&quot;created_timestamp&quot;:&quot;0&quot;,&quot;copyright&quot;:&quot;&quot;,&quot;focal_length&quot;:&quot;0&quot;,&quot;iso&quot;:&quot;0&quot;,&quot;shutter_speed&quot;:&quot;0&quot;,&quot;title&quot;:&quot;&quot;,&quot;orientation&quot;:&quot;0&quot;}\" data-image-title=\"PAUDALHO (3)\" data-image-description=\"\" data-image-caption=\"\" data-medium-file=\"https:\/\/www.paudalho.pe.gov.br\/portal\/wp-content\/uploads\/2023\/12\/PAUDALHO-3-350x230.png\" data-large-file=\"https:\/\/www.paudalho.pe.gov.br\/portal\/wp-content\/uploads\/2023\/12\/PAUDALHO-3-800x450.png\" data-id=\"30977\" src=\"https:\/\/www.paudalho.pe.gov.br\/portal\/wp-content\/uploads\/2023\/12\/PAUDALHO-3-800x450.png\" alt=\"\" class=\"wp-image-30977\" srcset=\"https:\/\/www.paudalho.pe.gov.br\/portal\/wp-content\/uploads\/2023\/12\/PAUDALHO-3-800x450.png 800w, https:\/\/www.paudalho.pe.gov.br\/portal\/wp-content\/uploads\/2023\/12\/PAUDALHO-3-768x432.png 768w, https:\/\/www.paudalho.pe.gov.br\/portal\/wp-content\/uploads\/2023\/12\/PAUDALHO-3-1536x864.png 1536w, https:\/\/www.paudalho.pe.gov.br\/portal\/wp-content\/uploads\/2023\/12\/PAUDALHO-3-2048x1152.png 2048w\" sizes=\"auto, (max-width: 800px) 100vw, 800px\" \/><\/figure>\n\n\n\n<figure class=\"wp-block-image size-large\"><img loading=\"lazy\" decoding=\"async\" width=\"800\" height=\"450\" data-attachment-id=\"30976\" data-permalink=\"https:\/\/www.paudalho.pe.gov.br\/portal\/paudalho-realiza-a-i-feira-de-conhecimentos-com-as-criancas-do-5o-ano-do-ensino-fundamental\/paudalho-4\/\" data-orig-file=\"https:\/\/www.paudalho.pe.gov.br\/portal\/wp-content\/uploads\/2023\/12\/PAUDALHO-4.png\" data-orig-size=\"2560,1144\" data-comments-opened=\"1\" data-image-meta=\"{&quot;aperture&quot;:&quot;0&quot;,&quot;credit&quot;:&quot;&quot;,&quot;camera&quot;:&quot;&quot;,&quot;caption&quot;:&quot;&quot;,&quot;created_timestamp&quot;:&quot;0&quot;,&quot;copyright&quot;:&quot;&quot;,&quot;focal_length&quot;:&quot;0&quot;,&quot;iso&quot;:&quot;0&quot;,&quot;shutter_speed&quot;:&quot;0&quot;,&quot;title&quot;:&quot;&quot;,&quot;orientation&quot;:&quot;0&quot;}\" data-image-title=\"PAUDALHO (4)\" data-image-description=\"\" data-image-caption=\"\" data-medium-file=\"https:\/\/www.paudalho.pe.gov.br\/portal\/wp-content\/uploads\/2023\/12\/PAUDALHO-4-350x230.png\" data-large-file=\"https:\/\/www.paudalho.pe.gov.br\/portal\/wp-content\/uploads\/2023\/12\/PAUDALHO-4-800x450.png\" data-id=\"30976\" src=\"https:\/\/www.paudalho.pe.gov.br\/portal\/wp-content\/uploads\/2023\/12\/PAUDALHO-4-800x450.png\" alt=\"\" class=\"wp-image-30976\"\/><\/figure>\n\n\n\n<figure class=\"wp-block-image size-large\"><img loading=\"lazy\" decoding=\"async\" width=\"800\" height=\"450\" data-attachment-id=\"30980\" data-permalink=\"https:\/\/www.paudalho.pe.gov.br\/portal\/paudalho-realiza-a-i-feira-de-conhecimentos-com-as-criancas-do-5o-ano-do-ensino-fundamental\/paudalho-7\/\" data-orig-file=\"https:\/\/www.paudalho.pe.gov.br\/portal\/wp-content\/uploads\/2023\/12\/PAUDALHO-7.png\" data-orig-size=\"2156,1440\" data-comments-opened=\"1\" data-image-meta=\"{&quot;aperture&quot;:&quot;0&quot;,&quot;credit&quot;:&quot;&quot;,&quot;camera&quot;:&quot;&quot;,&quot;caption&quot;:&quot;&quot;,&quot;created_timestamp&quot;:&quot;0&quot;,&quot;copyright&quot;:&quot;&quot;,&quot;focal_length&quot;:&quot;0&quot;,&quot;iso&quot;:&quot;0&quot;,&quot;shutter_speed&quot;:&quot;0&quot;,&quot;title&quot;:&quot;&quot;,&quot;orientation&quot;:&quot;0&quot;}\" data-image-title=\"PAUDALHO-7\" data-image-description=\"\" data-image-caption=\"\" data-medium-file=\"https:\/\/www.paudalho.pe.gov.br\/portal\/wp-content\/uploads\/2023\/12\/PAUDALHO-7-350x230.png\" data-large-file=\"https:\/\/www.paudalho.pe.gov.br\/portal\/wp-content\/uploads\/2023\/12\/PAUDALHO-7-800x450.png\" data-id=\"30980\" src=\"https:\/\/www.paudalho.pe.gov.br\/portal\/wp-content\/uploads\/2023\/12\/PAUDALHO-7-800x450.png\" alt=\"\" class=\"wp-image-30980\"\/><\/figure>\n\n\n\n<figure class=\"wp-block-image size-large\"><img loading=\"lazy\" decoding=\"async\" width=\"800\" height=\"450\" data-attachment-id=\"30978\" data-permalink=\"https:\/\/www.paudalho.pe.gov.br\/portal\/paudalho-realiza-a-i-feira-de-conhecimentos-com-as-criancas-do-5o-ano-do-ensino-fundamental\/paudalho-2\/\" data-orig-file=\"https:\/\/www.paudalho.pe.gov.br\/portal\/wp-content\/uploads\/2023\/12\/PAUDALHO-2.png\" data-orig-size=\"2560,1440\" data-comments-opened=\"1\" data-image-meta=\"{&quot;aperture&quot;:&quot;0&quot;,&quot;credit&quot;:&quot;&quot;,&quot;camera&quot;:&quot;&quot;,&quot;caption&quot;:&quot;&quot;,&quot;created_timestamp&quot;:&quot;0&quot;,&quot;copyright&quot;:&quot;&quot;,&quot;focal_length&quot;:&quot;0&quot;,&quot;iso&quot;:&quot;0&quot;,&quot;shutter_speed&quot;:&quot;0&quot;,&quot;title&quot;:&quot;&quot;,&quot;orientation&quot;:&quot;0&quot;}\" data-image-title=\"PAUDALHO (2)\" data-image-description=\"\" data-image-caption=\"\" data-medium-file=\"https:\/\/www.paudalho.pe.gov.br\/portal\/wp-content\/uploads\/2023\/12\/PAUDALHO-2-350x230.png\" data-large-file=\"https:\/\/www.paudalho.pe.gov.br\/portal\/wp-content\/uploads\/2023\/12\/PAUDALHO-2-800x450.png\" data-id=\"30978\" src=\"https:\/\/www.paudalho.pe.gov.br\/portal\/wp-content\/uploads\/2023\/12\/PAUDALHO-2-800x450.png\" alt=\"\" class=\"wp-image-30978\" srcset=\"https:\/\/www.paudalho.pe.gov.br\/portal\/wp-content\/uploads\/2023\/12\/PAUDALHO-2-800x450.png 800w, https:\/\/www.paudalho.pe.gov.br\/portal\/wp-content\/uploads\/2023\/12\/PAUDALHO-2-768x432.png 768w, https:\/\/www.paudalho.pe.gov.br\/portal\/wp-content\/uploads\/2023\/12\/PAUDALHO-2-1536x864.png 1536w, https:\/\/www.paudalho.pe.gov.br\/portal\/wp-content\/uploads\/2023\/12\/PAUDALHO-2-2048x1152.png 2048w\" sizes=\"auto, (max-width: 800px) 100vw, 800px\" \/><\/figure>\n<\/figure>\n","protected":false},"excerpt":{"rendered":"<p>Com o objetivo de estimular o aprendizado e a criatividade, a Prefeitura do Paudalho, em parceria com a Secretaria de Educa\u00e7\u00e3o e Esportes, realizou na \u00faltima ter\u00e7a-feira(12), a I Feira de Conhecimentos com as crian\u00e7as da Educa\u00e7\u00e3o Infantil e dos Anos Iniciais do Ensino Fundamental, do Col\u00e9gio Municipal Maria de F\u00e1tima, localizado na comunidade de [&hellip;]<\/p>\n","protected":false},"author":10,"featured_media":30979,"comment_status":"open","ping_status":"open","sticky":false,"template":"","format":"standard","meta":{"_jetpack_newsletter_access":"","_jetpack_dont_email_post_to_subs":false,"_jetpack_newsletter_tier_id":0,"_jetpack_memberships_contains_paywalled_content":false,"_jetpack_memberships_contains_paid_content":false,"footnotes":""},"categories":[4,520,1],"tags":[1326,14,22,106],"class_list":["post-30968","post","type-post","status-publish","format-standard","has-post-thumbnail","hentry","category-educacao","category-educacao-2","category-noticias","tag-colegio-municipal-maria-de-fatima","tag-paudalho","tag-prefeitura-do-paudalho","tag-secretaria-de-educacao"],"jetpack_featured_media_url":"https:\/\/www.paudalho.pe.gov.br\/portal\/wp-content\/uploads\/2023\/12\/PAUDALHO-1.png","jetpack_sharing_enabled":true,"jetpack_shortlink":"https:\/\/wp.me\/p98mS2-83u","_links":{"self":[{"href":"https:\/\/www.paudalho.pe.gov.br\/portal\/wp-json\/wp\/v2\/posts\/30968","targetHints":{"allow":["GET"]}}],"collection":[{"href":"https:\/\/www.paudalho.pe.gov.br\/portal\/wp-json\/wp\/v2\/posts"}],"about":[{"href":"https:\/\/www.paudalho.pe.gov.br\/portal\/wp-json\/wp\/v2\/types\/post"}],"author":[{"embeddable":true,"href":"https:\/\/www.paudalho.pe.gov.br\/portal\/wp-json\/wp\/v2\/users\/10"}],"replies":[{"embeddable":true,"href":"https:\/\/www.paudalho.pe.gov.br\/portal\/wp-json\/wp\/v2\/comments?post=30968"}],"version-history":[{"count":3,"href":"https:\/\/www.paudalho.pe.gov.br\/portal\/wp-json\/wp\/v2\/posts\/30968\/revisions"}],"predecessor-version":[{"id":31001,"href":"https:\/\/www.paudalho.pe.gov.br\/portal\/wp-json\/wp\/v2\/posts\/30968\/revisions\/31001"}],"wp:featuredmedia":[{"embeddable":true,"href":"https:\/\/www.paudalho.pe.gov.br\/portal\/wp-json\/wp\/v2\/media\/30979"}],"wp:attachment":[{"href":"https:\/\/www.paudalho.pe.gov.br\/portal\/wp-json\/wp\/v2\/media?parent=30968"}],"wp:term":[{"taxonomy":"category","embeddable":true,"href":"https:\/\/www.paudalho.pe.gov.br\/portal\/wp-json\/wp\/v2\/categories?post=30968"},{"taxonomy":"post_tag","embeddable":true,"href":"https:\/\/www.paudalho.pe.gov.br\/portal\/wp-json\/wp\/v2\/tags?post=30968"}],"curies":[{"name":"wp","href":"https:\/\/api.w.org\/{rel}","templated":true}]}}