{"id":30960,"date":"2023-12-13T14:41:40","date_gmt":"2023-12-13T17:41:40","guid":{"rendered":"https:\/\/www.paudalho.pe.gov.br\/portal\/?p=30960"},"modified":"2025-01-08T00:38:21","modified_gmt":"2025-01-08T03:38:21","slug":"paudalho-ganha-primeiro-lugar-em-pernambuco-no-concurso-programa-de-educacao-ambiental-pea","status":"publish","type":"post","link":"https:\/\/www.paudalho.pe.gov.br\/portal\/paudalho-ganha-primeiro-lugar-em-pernambuco-no-concurso-programa-de-educacao-ambiental-pea\/","title":{"rendered":"Paudalho ganha primeiro lugar em Pernambuco no concurso Programa de Educa\u00e7\u00e3o Ambiental (Pea)"},"content":{"rendered":"\n<p>Os alunos Davi Ara\u00fajo e Kayo \u00c2ngelo, da Rede Municipal de Ensino de Paudalho, ganham em primeiro lugar o concurso de desenho e reda\u00e7\u00e3o, respectivamente, do Programa de Educa\u00e7\u00e3o Ambiental (Pea), em Pernambuco.&nbsp;&nbsp;<\/p>\n\n\n\n<p>A edi\u00e7\u00e3o deste ano contou com o tema Ecoefici\u00eancia, com foco na Casa Ecoeficiente, trazendo trabalhos brilhantes de reda\u00e7\u00e3o e desenho. Em primeiro lugar no concurso de desenho em Pernambuco, venceu Davi Aquino Marques de Ara\u00fajo, da Escola Municipal Jos\u00e9 Bonif\u00e1cio; e, em primeiro lugar no concurso de reda\u00e7\u00e3o no estado, venceu Kayo Vin\u00edcios Ferreira \u00c2ngelo, da Escola Municipal Eliza Fid\u00e9lis. Como pr\u00eamio pelo primeiro lugar, ambos estudantes ganharam um tablet do Pea.<\/p>\n\n\n\n<figure class=\"wp-block-gallery has-nested-images columns-default is-cropped wp-block-gallery-1 is-layout-flex wp-block-gallery-is-layout-flex\">\n<figure class=\"wp-block-image size-large\"><img loading=\"lazy\" decoding=\"async\" width=\"800\" height=\"450\" data-attachment-id=\"30971\" data-permalink=\"https:\/\/www.paudalho.pe.gov.br\/portal\/paudalho-ganha-primeiro-lugar-em-pernambuco-no-concurso-programa-de-educacao-ambiental-pea\/paudalho\/\" data-orig-file=\"https:\/\/www.paudalho.pe.gov.br\/portal\/wp-content\/uploads\/2023\/12\/PAUDALHO.png\" data-orig-size=\"1976,1432\" data-comments-opened=\"1\" data-image-meta=\"{&quot;aperture&quot;:&quot;0&quot;,&quot;credit&quot;:&quot;&quot;,&quot;camera&quot;:&quot;&quot;,&quot;caption&quot;:&quot;&quot;,&quot;created_timestamp&quot;:&quot;0&quot;,&quot;copyright&quot;:&quot;&quot;,&quot;focal_length&quot;:&quot;0&quot;,&quot;iso&quot;:&quot;0&quot;,&quot;shutter_speed&quot;:&quot;0&quot;,&quot;title&quot;:&quot;&quot;,&quot;orientation&quot;:&quot;0&quot;}\" data-image-title=\"PAUDALHO\" data-image-description=\"\" data-image-caption=\"\" data-medium-file=\"https:\/\/www.paudalho.pe.gov.br\/portal\/wp-content\/uploads\/2023\/12\/PAUDALHO-350x230.png\" data-large-file=\"https:\/\/www.paudalho.pe.gov.br\/portal\/wp-content\/uploads\/2023\/12\/PAUDALHO-800x450.png\" data-id=\"30971\" src=\"https:\/\/www.paudalho.pe.gov.br\/portal\/wp-content\/uploads\/2023\/12\/PAUDALHO-800x450.png\" alt=\"\" class=\"wp-image-30971\"\/><figcaption class=\"wp-element-caption\">Produ\u00e7\u00e3o de Davi Aquino Marques de Ara\u00fajo, do 4\u00ba Ano do Ensino Fundamental, da Escola Municipal Jos\u00e9 Bonif\u00e1cio, em Paudalho <\/figcaption><\/figure>\n<\/figure>\n\n\n\n<p>O Pea \u00e9 mais um programa abra\u00e7ado pelo munic\u00edpio que une a educa\u00e7\u00e3o e o meio ambiente, incentivando desde cedo um pensamento cr\u00edtico sobre o tema . Dan\u00fabia Ribeiro, coordenadora do Pea em Paudalho, destaca os benef\u00edcios do programa para o desenvolvimento dos estudantes. &#8220;Sempre \u00e9 muito bom saber que nossos alunos foram capazes de ganhar uma premia\u00e7\u00e3o, mas o que \u00e9 mais importante \u00e9 saber que os mesmos conseguiram desenvolver as habilidades voltadas para a melhoria do meio ambiente, j\u00e1 que essa \u00e9 a proposta do Pea\u201d, disse Dan\u00fabia. \u201cVemos nas a\u00e7\u00f5es das escolas e em trabalhos apresentados no Inova, a\u00e7\u00f5es voltadas para um ambiente ecoeficiente, onde nossos estudantes s\u00e3o propagadores da ideia da Ecoefici\u00eancia n\u00e3o s\u00f3 na escola, mas tamb\u00e9m em suas casas\u201d, finalizou.<\/p>\n\n\n\n<figure class=\"wp-block-gallery has-nested-images columns-default is-cropped wp-block-gallery-2 is-layout-flex wp-block-gallery-is-layout-flex\">\n<figure class=\"wp-block-image size-large\"><img loading=\"lazy\" decoding=\"async\" width=\"800\" height=\"450\" data-attachment-id=\"30963\" data-permalink=\"https:\/\/www.paudalho.pe.gov.br\/portal\/paudalho-ganha-primeiro-lugar-em-pernambuco-no-concurso-programa-de-educacao-ambiental-pea\/design-sem-nome-30\/\" data-orig-file=\"https:\/\/www.paudalho.pe.gov.br\/portal\/wp-content\/uploads\/2023\/12\/Design-sem-nome-30.png\" data-orig-size=\"2560,1440\" data-comments-opened=\"1\" data-image-meta=\"{&quot;aperture&quot;:&quot;0&quot;,&quot;credit&quot;:&quot;&quot;,&quot;camera&quot;:&quot;&quot;,&quot;caption&quot;:&quot;&quot;,&quot;created_timestamp&quot;:&quot;0&quot;,&quot;copyright&quot;:&quot;&quot;,&quot;focal_length&quot;:&quot;0&quot;,&quot;iso&quot;:&quot;0&quot;,&quot;shutter_speed&quot;:&quot;0&quot;,&quot;title&quot;:&quot;&quot;,&quot;orientation&quot;:&quot;0&quot;}\" data-image-title=\"Design sem nome (30)\" data-image-description=\"\" data-image-caption=\"\" data-medium-file=\"https:\/\/www.paudalho.pe.gov.br\/portal\/wp-content\/uploads\/2023\/12\/Design-sem-nome-30-350x230.png\" data-large-file=\"https:\/\/www.paudalho.pe.gov.br\/portal\/wp-content\/uploads\/2023\/12\/Design-sem-nome-30-800x450.png\" data-id=\"30963\" src=\"https:\/\/www.paudalho.pe.gov.br\/portal\/wp-content\/uploads\/2023\/12\/Design-sem-nome-30-800x450.png\" alt=\"\" class=\"wp-image-30963\" srcset=\"https:\/\/www.paudalho.pe.gov.br\/portal\/wp-content\/uploads\/2023\/12\/Design-sem-nome-30-800x450.png 800w, https:\/\/www.paudalho.pe.gov.br\/portal\/wp-content\/uploads\/2023\/12\/Design-sem-nome-30-768x432.png 768w, https:\/\/www.paudalho.pe.gov.br\/portal\/wp-content\/uploads\/2023\/12\/Design-sem-nome-30-1536x864.png 1536w, https:\/\/www.paudalho.pe.gov.br\/portal\/wp-content\/uploads\/2023\/12\/Design-sem-nome-30-2048x1152.png 2048w\" sizes=\"auto, (max-width: 800px) 100vw, 800px\" \/><\/figure>\n\n\n\n<figure class=\"wp-block-image size-large\"><img loading=\"lazy\" decoding=\"async\" width=\"800\" height=\"450\" data-attachment-id=\"30964\" data-permalink=\"https:\/\/www.paudalho.pe.gov.br\/portal\/paudalho-ganha-primeiro-lugar-em-pernambuco-no-concurso-programa-de-educacao-ambiental-pea\/design-sem-nome-29\/\" data-orig-file=\"https:\/\/www.paudalho.pe.gov.br\/portal\/wp-content\/uploads\/2023\/12\/Design-sem-nome-29.png\" data-orig-size=\"2560,1440\" data-comments-opened=\"1\" data-image-meta=\"{&quot;aperture&quot;:&quot;0&quot;,&quot;credit&quot;:&quot;&quot;,&quot;camera&quot;:&quot;&quot;,&quot;caption&quot;:&quot;&quot;,&quot;created_timestamp&quot;:&quot;0&quot;,&quot;copyright&quot;:&quot;&quot;,&quot;focal_length&quot;:&quot;0&quot;,&quot;iso&quot;:&quot;0&quot;,&quot;shutter_speed&quot;:&quot;0&quot;,&quot;title&quot;:&quot;&quot;,&quot;orientation&quot;:&quot;0&quot;}\" data-image-title=\"Design sem nome (29)\" data-image-description=\"\" data-image-caption=\"\" data-medium-file=\"https:\/\/www.paudalho.pe.gov.br\/portal\/wp-content\/uploads\/2023\/12\/Design-sem-nome-29-350x230.png\" data-large-file=\"https:\/\/www.paudalho.pe.gov.br\/portal\/wp-content\/uploads\/2023\/12\/Design-sem-nome-29-800x450.png\" data-id=\"30964\" src=\"https:\/\/www.paudalho.pe.gov.br\/portal\/wp-content\/uploads\/2023\/12\/Design-sem-nome-29-800x450.png\" alt=\"\" class=\"wp-image-30964\" srcset=\"https:\/\/www.paudalho.pe.gov.br\/portal\/wp-content\/uploads\/2023\/12\/Design-sem-nome-29-800x450.png 800w, https:\/\/www.paudalho.pe.gov.br\/portal\/wp-content\/uploads\/2023\/12\/Design-sem-nome-29-768x432.png 768w, https:\/\/www.paudalho.pe.gov.br\/portal\/wp-content\/uploads\/2023\/12\/Design-sem-nome-29-1536x864.png 1536w, https:\/\/www.paudalho.pe.gov.br\/portal\/wp-content\/uploads\/2023\/12\/Design-sem-nome-29-2048x1152.png 2048w\" sizes=\"auto, (max-width: 800px) 100vw, 800px\" \/><\/figure>\n\n\n\n<figure class=\"wp-block-image size-large\"><img loading=\"lazy\" decoding=\"async\" width=\"800\" height=\"450\" data-attachment-id=\"30965\" data-permalink=\"https:\/\/www.paudalho.pe.gov.br\/portal\/paudalho-ganha-primeiro-lugar-em-pernambuco-no-concurso-programa-de-educacao-ambiental-pea\/design-sem-nome-28\/\" data-orig-file=\"https:\/\/www.paudalho.pe.gov.br\/portal\/wp-content\/uploads\/2023\/12\/Design-sem-nome-28.png\" data-orig-size=\"2560,1440\" data-comments-opened=\"1\" data-image-meta=\"{&quot;aperture&quot;:&quot;0&quot;,&quot;credit&quot;:&quot;&quot;,&quot;camera&quot;:&quot;&quot;,&quot;caption&quot;:&quot;&quot;,&quot;created_timestamp&quot;:&quot;0&quot;,&quot;copyright&quot;:&quot;&quot;,&quot;focal_length&quot;:&quot;0&quot;,&quot;iso&quot;:&quot;0&quot;,&quot;shutter_speed&quot;:&quot;0&quot;,&quot;title&quot;:&quot;&quot;,&quot;orientation&quot;:&quot;0&quot;}\" data-image-title=\"Design sem nome (28)\" data-image-description=\"\" data-image-caption=\"\" data-medium-file=\"https:\/\/www.paudalho.pe.gov.br\/portal\/wp-content\/uploads\/2023\/12\/Design-sem-nome-28-350x230.png\" data-large-file=\"https:\/\/www.paudalho.pe.gov.br\/portal\/wp-content\/uploads\/2023\/12\/Design-sem-nome-28-800x450.png\" data-id=\"30965\" src=\"https:\/\/www.paudalho.pe.gov.br\/portal\/wp-content\/uploads\/2023\/12\/Design-sem-nome-28-800x450.png\" alt=\"\" class=\"wp-image-30965\" srcset=\"https:\/\/www.paudalho.pe.gov.br\/portal\/wp-content\/uploads\/2023\/12\/Design-sem-nome-28-800x450.png 800w, https:\/\/www.paudalho.pe.gov.br\/portal\/wp-content\/uploads\/2023\/12\/Design-sem-nome-28-768x432.png 768w, https:\/\/www.paudalho.pe.gov.br\/portal\/wp-content\/uploads\/2023\/12\/Design-sem-nome-28-1536x864.png 1536w, https:\/\/www.paudalho.pe.gov.br\/portal\/wp-content\/uploads\/2023\/12\/Design-sem-nome-28-2048x1152.png 2048w\" sizes=\"auto, (max-width: 800px) 100vw, 800px\" \/><\/figure>\n\n\n\n<figure class=\"wp-block-image size-large\"><img loading=\"lazy\" decoding=\"async\" width=\"800\" height=\"450\" data-attachment-id=\"30966\" data-permalink=\"https:\/\/www.paudalho.pe.gov.br\/portal\/paudalho-ganha-primeiro-lugar-em-pernambuco-no-concurso-programa-de-educacao-ambiental-pea\/design-sem-nome-27\/\" data-orig-file=\"https:\/\/www.paudalho.pe.gov.br\/portal\/wp-content\/uploads\/2023\/12\/Design-sem-nome-27.png\" data-orig-size=\"2560,1440\" data-comments-opened=\"1\" data-image-meta=\"{&quot;aperture&quot;:&quot;0&quot;,&quot;credit&quot;:&quot;&quot;,&quot;camera&quot;:&quot;&quot;,&quot;caption&quot;:&quot;&quot;,&quot;created_timestamp&quot;:&quot;0&quot;,&quot;copyright&quot;:&quot;&quot;,&quot;focal_length&quot;:&quot;0&quot;,&quot;iso&quot;:&quot;0&quot;,&quot;shutter_speed&quot;:&quot;0&quot;,&quot;title&quot;:&quot;&quot;,&quot;orientation&quot;:&quot;0&quot;}\" data-image-title=\"Design sem nome (27)\" data-image-description=\"\" data-image-caption=\"\" data-medium-file=\"https:\/\/www.paudalho.pe.gov.br\/portal\/wp-content\/uploads\/2023\/12\/Design-sem-nome-27-350x230.png\" data-large-file=\"https:\/\/www.paudalho.pe.gov.br\/portal\/wp-content\/uploads\/2023\/12\/Design-sem-nome-27-800x450.png\" data-id=\"30966\" src=\"https:\/\/www.paudalho.pe.gov.br\/portal\/wp-content\/uploads\/2023\/12\/Design-sem-nome-27-800x450.png\" alt=\"\" class=\"wp-image-30966\" srcset=\"https:\/\/www.paudalho.pe.gov.br\/portal\/wp-content\/uploads\/2023\/12\/Design-sem-nome-27-800x450.png 800w, https:\/\/www.paudalho.pe.gov.br\/portal\/wp-content\/uploads\/2023\/12\/Design-sem-nome-27-768x432.png 768w, https:\/\/www.paudalho.pe.gov.br\/portal\/wp-content\/uploads\/2023\/12\/Design-sem-nome-27-1536x864.png 1536w, https:\/\/www.paudalho.pe.gov.br\/portal\/wp-content\/uploads\/2023\/12\/Design-sem-nome-27-2048x1152.png 2048w\" sizes=\"auto, (max-width: 800px) 100vw, 800px\" \/><\/figure>\n\n\n\n<figure class=\"wp-block-image size-large\"><img loading=\"lazy\" decoding=\"async\" width=\"800\" height=\"450\" data-attachment-id=\"30962\" data-permalink=\"https:\/\/www.paudalho.pe.gov.br\/portal\/paudalho-ganha-primeiro-lugar-em-pernambuco-no-concurso-programa-de-educacao-ambiental-pea\/design-sem-nome-26\/\" data-orig-file=\"https:\/\/www.paudalho.pe.gov.br\/portal\/wp-content\/uploads\/2023\/12\/Design-sem-nome-26.png\" data-orig-size=\"2560,1440\" data-comments-opened=\"1\" data-image-meta=\"{&quot;aperture&quot;:&quot;0&quot;,&quot;credit&quot;:&quot;&quot;,&quot;camera&quot;:&quot;&quot;,&quot;caption&quot;:&quot;&quot;,&quot;created_timestamp&quot;:&quot;0&quot;,&quot;copyright&quot;:&quot;&quot;,&quot;focal_length&quot;:&quot;0&quot;,&quot;iso&quot;:&quot;0&quot;,&quot;shutter_speed&quot;:&quot;0&quot;,&quot;title&quot;:&quot;&quot;,&quot;orientation&quot;:&quot;0&quot;}\" data-image-title=\"Design sem nome (26)\" data-image-description=\"\" data-image-caption=\"\" data-medium-file=\"https:\/\/www.paudalho.pe.gov.br\/portal\/wp-content\/uploads\/2023\/12\/Design-sem-nome-26-350x230.png\" data-large-file=\"https:\/\/www.paudalho.pe.gov.br\/portal\/wp-content\/uploads\/2023\/12\/Design-sem-nome-26-800x450.png\" data-id=\"30962\" src=\"https:\/\/www.paudalho.pe.gov.br\/portal\/wp-content\/uploads\/2023\/12\/Design-sem-nome-26-800x450.png\" alt=\"\" class=\"wp-image-30962\" srcset=\"https:\/\/www.paudalho.pe.gov.br\/portal\/wp-content\/uploads\/2023\/12\/Design-sem-nome-26-800x450.png 800w, https:\/\/www.paudalho.pe.gov.br\/portal\/wp-content\/uploads\/2023\/12\/Design-sem-nome-26-768x432.png 768w, https:\/\/www.paudalho.pe.gov.br\/portal\/wp-content\/uploads\/2023\/12\/Design-sem-nome-26-1536x864.png 1536w, https:\/\/www.paudalho.pe.gov.br\/portal\/wp-content\/uploads\/2023\/12\/Design-sem-nome-26-2048x1152.png 2048w\" sizes=\"auto, (max-width: 800px) 100vw, 800px\" \/><\/figure>\n<\/figure>\n\n\n\n<p>O Pea do Sistema Campo Limpo \u00e9 uma parceria entre o Instituto Nacional de Processamento de Embalagens Vazias (InpEV), a Associa\u00e7\u00e3o dos Revendedores de Produtos Agropecu\u00e1rios do Nordeste (Arpan) e a Prefeitura de Paudalho, atrav\u00e9s da Secretaria de Educa\u00e7\u00e3o e Esportes, que visa apoiar institui\u00e7\u00f5es de ensino na complementa\u00e7\u00e3o de conte\u00fados curriculares relacionados ao meio ambiente.<\/p>\n\n\n\n<p>Confira a reda\u00e7\u00e3o de Kayo Vin\u00edcios Ferreira \u00c2ngelo, do 5\u00ba ano do Ensino Fundamental, da Escola Municipal Eliza Fid\u00e9lis:<\/p>\n\n\n\n<div data-wp-interactive=\"core\/file\" class=\"wp-block-file\"><object data-wp-bind--hidden=\"!state.hasPdfPreview\" hidden class=\"wp-block-file__embed\" data=\"https:\/\/www.paudalho.pe.gov.br\/portal\/wp-content\/uploads\/2023\/12\/CamScanner-23-10-2023-09.55.pdf\" type=\"application\/pdf\" style=\"width:100%;height:600px\" aria-label=\"Incorporado de CamScanner-23-10-2023-09.55.\"><\/object><a id=\"wp-block-file--media-ea51cab2-f635-4eaa-a5ad-71916918498a\" href=\"https:\/\/www.paudalho.pe.gov.br\/portal\/wp-content\/uploads\/2023\/12\/CamScanner-23-10-2023-09.55.pdf\">CamScanner-23-10-2023-09.55<\/a><a href=\"https:\/\/www.paudalho.pe.gov.br\/portal\/wp-content\/uploads\/2023\/12\/CamScanner-23-10-2023-09.55.pdf\" class=\"wp-block-file__button wp-element-button\" download aria-describedby=\"wp-block-file--media-ea51cab2-f635-4eaa-a5ad-71916918498a\">Baixar<\/a><\/div>\n","protected":false},"excerpt":{"rendered":"<p>Os alunos Davi Ara\u00fajo e Kayo \u00c2ngelo, da Rede Municipal de Ensino de Paudalho, ganham em primeiro lugar o concurso de desenho e reda\u00e7\u00e3o, respectivamente, do Programa de Educa\u00e7\u00e3o Ambiental (Pea), em Pernambuco.&nbsp;&nbsp; A edi\u00e7\u00e3o deste ano contou com o tema Ecoefici\u00eancia, com foco na Casa Ecoeficiente, trazendo trabalhos brilhantes de reda\u00e7\u00e3o e desenho. Em [&hellip;]<\/p>\n","protected":false},"author":10,"featured_media":30961,"comment_status":"open","ping_status":"open","sticky":false,"template":"","format":"standard","meta":{"_jetpack_newsletter_access":"","_jetpack_dont_email_post_to_subs":false,"_jetpack_newsletter_tier_id":0,"_jetpack_memberships_contains_paywalled_content":false,"_jetpack_memberships_contains_paid_content":false,"footnotes":""},"categories":[2,4,520,1],"tags":[1325,30,1322,1323,1324,14,22,1321,106],"class_list":["post-30960","post","type-post","status-publish","format-standard","has-post-thumbnail","hentry","category-destaque","category-educacao","category-educacao-2","category-noticias","tag-associacao-dos-revendedores-de-produtos-agropecuarios-do-nordeste-arpan","tag-educacao","tag-escola-municipal-eliza-fidelis","tag-escola-municipal-jose-bonifacio","tag-instituto-nacional-de-processamento-de-embalagens-vazias-inpev","tag-paudalho","tag-prefeitura-do-paudalho","tag-programa-de-educacao-ambiental-pea","tag-secretaria-de-educacao"],"jetpack_featured_media_url":"https:\/\/www.paudalho.pe.gov.br\/portal\/wp-content\/uploads\/2023\/12\/Design-sem-nome-25.png","jetpack_sharing_enabled":true,"jetpack_shortlink":"https:\/\/wp.me\/p98mS2-83m","_links":{"self":[{"href":"https:\/\/www.paudalho.pe.gov.br\/portal\/wp-json\/wp\/v2\/posts\/30960","targetHints":{"allow":["GET"]}}],"collection":[{"href":"https:\/\/www.paudalho.pe.gov.br\/portal\/wp-json\/wp\/v2\/posts"}],"about":[{"href":"https:\/\/www.paudalho.pe.gov.br\/portal\/wp-json\/wp\/v2\/types\/post"}],"author":[{"embeddable":true,"href":"https:\/\/www.paudalho.pe.gov.br\/portal\/wp-json\/wp\/v2\/users\/10"}],"replies":[{"embeddable":true,"href":"https:\/\/www.paudalho.pe.gov.br\/portal\/wp-json\/wp\/v2\/comments?post=30960"}],"version-history":[{"count":3,"href":"https:\/\/www.paudalho.pe.gov.br\/portal\/wp-json\/wp\/v2\/posts\/30960\/revisions"}],"predecessor-version":[{"id":30973,"href":"https:\/\/www.paudalho.pe.gov.br\/portal\/wp-json\/wp\/v2\/posts\/30960\/revisions\/30973"}],"wp:featuredmedia":[{"embeddable":true,"href":"https:\/\/www.paudalho.pe.gov.br\/portal\/wp-json\/wp\/v2\/media\/30961"}],"wp:attachment":[{"href":"https:\/\/www.paudalho.pe.gov.br\/portal\/wp-json\/wp\/v2\/media?parent=30960"}],"wp:term":[{"taxonomy":"category","embeddable":true,"href":"https:\/\/www.paudalho.pe.gov.br\/portal\/wp-json\/wp\/v2\/categories?post=30960"},{"taxonomy":"post_tag","embeddable":true,"href":"https:\/\/www.paudalho.pe.gov.br\/portal\/wp-json\/wp\/v2\/tags?post=30960"}],"curies":[{"name":"wp","href":"https:\/\/api.w.org\/{rel}","templated":true}]}}