{"id":30865,"date":"2023-12-12T13:42:25","date_gmt":"2023-12-12T16:42:25","guid":{"rendered":"https:\/\/www.paudalho.pe.gov.br\/portal\/?p=30865"},"modified":"2025-01-08T00:38:21","modified_gmt":"2025-01-08T03:38:21","slug":"atracoes-culturais-musicais-e-muito-empreendedorismo-paudalho-realiza-a-v-feira-de-natal-fenapa-marcando-o-inicio-da-programacao-natalina-do-municipio","status":"publish","type":"post","link":"https:\/\/www.paudalho.pe.gov.br\/portal\/atracoes-culturais-musicais-e-muito-empreendedorismo-paudalho-realiza-a-v-feira-de-natal-fenapa-marcando-o-inicio-da-programacao-natalina-do-municipio\/","title":{"rendered":"<strong>Atra\u00e7\u00f5es culturais, musicais e muito empreendedorismo: Paudalho realiza a V Feira de Natal (Fenapa), marcando o in\u00edcio da programa\u00e7\u00e3o natalina do munic\u00edpio<\/strong>"},"content":{"rendered":"\n<p>Dando o ponto de partida nas festividades natalinas de Paudalho, o munic\u00edpio realiza a V Feira de Natal de Paudalho (Fenapa), a maior feira de multineg\u00f3cio da Mata Norte de Pernambuco. O evento acontece entre os dias 14 e 17 de dezembro, no hor\u00e1rio das 17h \u00e0s 22h, no P\u00e1tio de Eventos Beira-Rio.&nbsp;<\/p>\n\n\n\n<p>Com 80 participantes, a V Fenapa conta com exposi\u00e7\u00e3o de servi\u00e7os e produtos artesanais, est\u00e9ticos, cosm\u00e9ticos, al\u00e9m de pe\u00e7as voltadas para as \u00e1reas de decora\u00e7\u00e3o, gastronomia, vestimenta, entre outros. E mais: o evento ter\u00e1 programa\u00e7\u00e3o para as crian\u00e7as, com parque infantil, al\u00e9m de m\u00fasica ao vivo e diferentes atra\u00e7\u00f5es culturais todos os dias, com nomes como\u00a0Fagner e Amandinha, Elis Reis, Aleff Counter, Bloco L\u00edrico Flor da Serenata, Mano Jory, Grupo Musical da Banda 22 de Novembro Juvenil, Bloco Magia L\u00edrica, Cantoria de viola com Zominho, entre outros artistas e grupos locais.<\/p>\n\n\n\n<p>&#8220;H\u00e1 cinco anos que criamos Fenapa para ser mais um espa\u00e7o onde os empreendedores podem disponibilizar seus produtos e divulgar o seu neg\u00f3cio. \u00c9 uma forma de investimento n\u00e3o s\u00f3 para eles, mas tamb\u00e9m na economia do munic\u00edpio, j\u00e1 que, na feira, a popula\u00e7\u00e3o de Paudalho e da regi\u00e3o tem um local onde pode realizar suas compras de Natal, aquecendo tamb\u00e9m a nossa economia&#8221;, pontuou Marcelo Gouveia, prefeito de Paudalho.<\/p>\n\n\n\n<figure class=\"wp-block-gallery has-nested-images columns-default is-cropped wp-block-gallery-1 is-layout-flex wp-block-gallery-is-layout-flex\">\n<figure class=\"wp-block-image size-large\"><img loading=\"lazy\" decoding=\"async\" width=\"800\" height=\"450\" data-attachment-id=\"30155\" data-permalink=\"https:\/\/www.paudalho.pe.gov.br\/portal\/paudalho-anuncia-a-v-feira-de-natal-de-paudalho-fenapa-e-conta-com-stands-disponiveis-para-empreendedores\/80038583_1668184906638585_7078213727098503168_n\/\" data-orig-file=\"https:\/\/www.paudalho.pe.gov.br\/portal\/wp-content\/uploads\/2023\/11\/80038583_1668184906638585_7078213727098503168_n.jpg\" data-orig-size=\"1440,960\" data-comments-opened=\"1\" data-image-meta=\"{&quot;aperture&quot;:&quot;0&quot;,&quot;credit&quot;:&quot;&quot;,&quot;camera&quot;:&quot;&quot;,&quot;caption&quot;:&quot;&quot;,&quot;created_timestamp&quot;:&quot;0&quot;,&quot;copyright&quot;:&quot;&quot;,&quot;focal_length&quot;:&quot;0&quot;,&quot;iso&quot;:&quot;0&quot;,&quot;shutter_speed&quot;:&quot;0&quot;,&quot;title&quot;:&quot;&quot;,&quot;orientation&quot;:&quot;0&quot;}\" data-image-title=\"80038583_1668184906638585_7078213727098503168_n\" data-image-description=\"\" data-image-caption=\"\" data-medium-file=\"https:\/\/www.paudalho.pe.gov.br\/portal\/wp-content\/uploads\/2023\/11\/80038583_1668184906638585_7078213727098503168_n-350x230.jpg\" data-large-file=\"https:\/\/www.paudalho.pe.gov.br\/portal\/wp-content\/uploads\/2023\/11\/80038583_1668184906638585_7078213727098503168_n-800x450.jpg\" data-id=\"30155\" src=\"https:\/\/www.paudalho.pe.gov.br\/portal\/wp-content\/uploads\/2023\/11\/80038583_1668184906638585_7078213727098503168_n-800x450.jpg\" alt=\"\" class=\"wp-image-30155\"\/><\/figure>\n\n\n\n<figure class=\"wp-block-image size-large\"><img loading=\"lazy\" decoding=\"async\" width=\"800\" height=\"450\" data-attachment-id=\"30152\" data-permalink=\"https:\/\/www.paudalho.pe.gov.br\/portal\/paudalho-anuncia-a-v-feira-de-natal-de-paudalho-fenapa-e-conta-com-stands-disponiveis-para-empreendedores\/262803075_6897326530284982_7287513687159637280_n\/\" data-orig-file=\"https:\/\/www.paudalho.pe.gov.br\/portal\/wp-content\/uploads\/2023\/11\/262803075_6897326530284982_7287513687159637280_n.jpg\" data-orig-size=\"1280,853\" data-comments-opened=\"1\" data-image-meta=\"{&quot;aperture&quot;:&quot;0&quot;,&quot;credit&quot;:&quot;&quot;,&quot;camera&quot;:&quot;&quot;,&quot;caption&quot;:&quot;&quot;,&quot;created_timestamp&quot;:&quot;0&quot;,&quot;copyright&quot;:&quot;&quot;,&quot;focal_length&quot;:&quot;0&quot;,&quot;iso&quot;:&quot;0&quot;,&quot;shutter_speed&quot;:&quot;0&quot;,&quot;title&quot;:&quot;&quot;,&quot;orientation&quot;:&quot;0&quot;}\" data-image-title=\"262803075_6897326530284982_7287513687159637280_n\" data-image-description=\"\" data-image-caption=\"\" data-medium-file=\"https:\/\/www.paudalho.pe.gov.br\/portal\/wp-content\/uploads\/2023\/11\/262803075_6897326530284982_7287513687159637280_n-350x230.jpg\" data-large-file=\"https:\/\/www.paudalho.pe.gov.br\/portal\/wp-content\/uploads\/2023\/11\/262803075_6897326530284982_7287513687159637280_n-800x450.jpg\" data-id=\"30152\" src=\"https:\/\/www.paudalho.pe.gov.br\/portal\/wp-content\/uploads\/2023\/11\/262803075_6897326530284982_7287513687159637280_n-800x450.jpg\" alt=\"\" class=\"wp-image-30152\"\/><\/figure>\n<\/figure>\n\n\n\n<p>A Fenapa \u00e9 uma feira de multineg\u00f3cio e busca ser vitrine para as empresas e empreendimentos paudalhenses. Assim, os empres\u00e1rios\/empreendedores do munic\u00edpio podem expor o seu neg\u00f3cio para novos p\u00fablicos, sendo tamb\u00e9m um espa\u00e7o para experimenta\u00e7\u00e3o de novas estrat\u00e9gias de vendas, afim de fidelizar e\/ou alcan\u00e7ar novos clientes, enquanto fortalece o seu neg\u00f3cio. A Fenapa tamb\u00e9m \u00e9 um local de networking (rede de relacionamentos\/contatos), sendo um espa\u00e7o prop\u00edcio para a constru\u00e7\u00e3o de novas parcerias.<\/p>\n\n\n\n<p>Josim\u00e1rio Marques, secret\u00e1rio-executivo de Desenvolvimento Econ\u00f4mico, Meio Ambiente e Qualifica\u00e7\u00e3o Profissional de Paudalho, salienta o potencial da V Fenapa: \u201cn\u00e3o somos s\u00f3 um espa\u00e7o de vendas, mas tamb\u00e9m um local de apresenta\u00e7\u00e3o, lan\u00e7amento de neg\u00f3cios, e muito mais. \u00c9 um sentimento de orgulho poder, junto a toda equipe, criar um espa\u00e7o de comercializa\u00e7\u00e3o e amplia\u00e7\u00e3o dos neg\u00f3cios\u201d, destacou.<\/p>\n\n\n\n<p>Confira o calend\u00e1rio de apresenta\u00e7\u00f5es culturais da V Feira de Natal de Paudalho (Fenapa) 2023 :<\/p>\n\n\n\n<figure class=\"wp-block-table\"><table><tbody><tr><td><\/td><td><strong>Atra\u00e7\u00f5es<\/strong><\/td><\/tr><tr><td><strong>Quinta-feira (14\/12)<\/strong><\/td><td>Cantoria de viola com Zominho<br>Fagner e Amandinha<br>Carpinteiro Rabecado<br>Deni\u00eare Martins<br>Elis Reis<\/td><\/tr><tr><td><strong>Sexta-feira (15\/12)<\/strong><\/td><td>Aleff Counter<br>Biu Sanfoneiro<br>O Romantismo de Gaspar<br>Jo\u00e3o e Guilherme<\/td><\/tr><tr><td><strong>S\u00e1bado (16\/12)<\/strong><\/td><td>Bloco L\u00edrico Flor da Serenata<br>Banda Marcial Escola Jo\u00e3o Cavalcanti Petrib\u00fa<br>Ciranda do Servi\u00e7o de Conviv\u00eancia e Fortalecimento de V\u00ednculos, com o grupo de idosos<br>Mano Jory<\/td><\/tr><tr><td><strong>Domingo (17\/12)<\/strong><\/td><td>Grupo Musical Banda 22 de Novembro Juvenil<br>Bloco Magia L\u00edrica<br>Bernardo Louren\u00e7o (violino)<br>Afro G 081<br>Joel Cabral <\/td><\/tr><\/tbody><\/table><\/figure>\n","protected":false},"excerpt":{"rendered":"<p>Dando o ponto de partida nas festividades natalinas de Paudalho, o munic\u00edpio realiza a V Feira de Natal de Paudalho (Fenapa), a maior feira de multineg\u00f3cio da Mata Norte de Pernambuco. O evento acontece entre os dias 14 e 17 de dezembro, no hor\u00e1rio das 17h \u00e0s 22h, no P\u00e1tio de Eventos Beira-Rio.&nbsp; Com 80 [&hellip;]<\/p>\n","protected":false},"author":10,"featured_media":30870,"comment_status":"open","ping_status":"open","sticky":false,"template":"","format":"standard","meta":{"_jetpack_newsletter_access":"","_jetpack_dont_email_post_to_subs":false,"_jetpack_newsletter_tier_id":0,"_jetpack_memberships_contains_paywalled_content":false,"_jetpack_memberships_contains_paid_content":false,"footnotes":""},"categories":[1184,2,1,753],"tags":[140,823,1277,1317,14,22,1276,1316,1315],"class_list":["post-30865","post","type-post","status-publish","format-standard","has-post-thumbnail","hentry","category-cultura-2","category-destaque","category-noticias","category-qualificacao-profissional","tag-empreendedorismo","tag-feira-de-natal-de-paudalho","tag-meio-ambiente-e-qualificacao-profissional-sedemaq","tag-multinegocio","tag-paudalho","tag-prefeitura-do-paudalho","tag-secretaria-de-desenvolvimento-economico","tag-v-feira-de-natal-de-paudalho","tag-v-fenapa"],"jetpack_featured_media_url":"https:\/\/www.paudalho.pe.gov.br\/portal\/wp-content\/uploads\/2023\/12\/IMG_6249.jpg","jetpack_sharing_enabled":true,"jetpack_shortlink":"https:\/\/wp.me\/p98mS2-81P","_links":{"self":[{"href":"https:\/\/www.paudalho.pe.gov.br\/portal\/wp-json\/wp\/v2\/posts\/30865","targetHints":{"allow":["GET"]}}],"collection":[{"href":"https:\/\/www.paudalho.pe.gov.br\/portal\/wp-json\/wp\/v2\/posts"}],"about":[{"href":"https:\/\/www.paudalho.pe.gov.br\/portal\/wp-json\/wp\/v2\/types\/post"}],"author":[{"embeddable":true,"href":"https:\/\/www.paudalho.pe.gov.br\/portal\/wp-json\/wp\/v2\/users\/10"}],"replies":[{"embeddable":true,"href":"https:\/\/www.paudalho.pe.gov.br\/portal\/wp-json\/wp\/v2\/comments?post=30865"}],"version-history":[{"count":7,"href":"https:\/\/www.paudalho.pe.gov.br\/portal\/wp-json\/wp\/v2\/posts\/30865\/revisions"}],"predecessor-version":[{"id":31179,"href":"https:\/\/www.paudalho.pe.gov.br\/portal\/wp-json\/wp\/v2\/posts\/30865\/revisions\/31179"}],"wp:featuredmedia":[{"embeddable":true,"href":"https:\/\/www.paudalho.pe.gov.br\/portal\/wp-json\/wp\/v2\/media\/30870"}],"wp:attachment":[{"href":"https:\/\/www.paudalho.pe.gov.br\/portal\/wp-json\/wp\/v2\/media?parent=30865"}],"wp:term":[{"taxonomy":"category","embeddable":true,"href":"https:\/\/www.paudalho.pe.gov.br\/portal\/wp-json\/wp\/v2\/categories?post=30865"},{"taxonomy":"post_tag","embeddable":true,"href":"https:\/\/www.paudalho.pe.gov.br\/portal\/wp-json\/wp\/v2\/tags?post=30865"}],"curies":[{"name":"wp","href":"https:\/\/api.w.org\/{rel}","templated":true}]}}