{"id":30836,"date":"2023-12-07T13:21:14","date_gmt":"2023-12-07T16:21:14","guid":{"rendered":"https:\/\/www.paudalho.pe.gov.br\/portal\/?p=30836"},"modified":"2025-01-08T00:38:23","modified_gmt":"2025-01-08T03:38:23","slug":"3o-encontro-da-instancia-e-governanca-da-regiao-turistica-engenhos-e-maracatus-de-pernambuco-e-realizado-em-paudalho-na-ultima-quinta-feira7","status":"publish","type":"post","link":"https:\/\/www.paudalho.pe.gov.br\/portal\/3o-encontro-da-instancia-e-governanca-da-regiao-turistica-engenhos-e-maracatus-de-pernambuco-e-realizado-em-paudalho-na-ultima-quinta-feira7\/","title":{"rendered":"3\u00ba Encontro da Inst\u00e2ncia e Governan\u00e7a da Regi\u00e3o Tur\u00edstica Engenhos e Maracatus de Pernambuco \u00e9 realizado em Paudalho, na \u00faltima quinta-feira(7)"},"content":{"rendered":"\n<p>Reunindo secret\u00e1rios de diversos munic\u00edpios, Paudalho recebeu o 3\u00ba Encontro da Inst\u00e2ncia e Governan\u00e7a da Regi\u00e3o Tur\u00edstica Engenhos e Maracatus de Pernambuco na \u00faltima quinta-feira(7), no Recanto Neo do Peixe, na Barragem do Goit\u00e1. Encontro debateu novas estrat\u00e9gias para promover ainda mais o turismo na regi\u00e3o tur\u00edstica. No evento, tivemos presentes representantes dos munic\u00edpios de Paudalho, Tracunha\u00e9m, Alian\u00e7a, Lagoa do Carro, Itamb\u00e9 e S\u00e3o Louren\u00e7o da Mata, al\u00e9m da equipe da Empresa de Turismo de Pernambuco (Empetur), da Secretaria de Turismo do Estado, e do Programa de Regionaliza\u00e7\u00e3o do Turismo, do Governo Federal.<\/p>\n\n\n\n<p>Gil Marinho, que faz parte da equipe do Programa de Regionaliza\u00e7\u00e3o do Turismo, comentou sobre o encontro. \u201cA Engenhos e Maracatus \u00e9 uma regi\u00e3o incrivelmente rica culturalmente e geograficamente, de um povo receptivo. E a gente est\u00e1 discutindo o que vai fazer pra\u00a02024 para que essa regi\u00e3o cres\u00e7a, se estruture e se fortale\u00e7a dentro do programa, atraindo mais turistas e visitantes pra c\u00e1\u201d, destacou Gil Marinho, que tamb\u00e9m \u00e9 gerente de destinos e produtos tur\u00edsticos da Empetur. \u201cE esse \u00e9 o objetivo da gente, cada vez mais a regi\u00e3o seja conhecida, vendida e consumida como um destino tur\u00edstico forte em Pernambuco\u201d, pontuou.<\/p>\n\n\n\n<figure class=\"wp-block-gallery has-nested-images columns-default is-cropped wp-block-gallery-1 is-layout-flex wp-block-gallery-is-layout-flex\">\n<figure class=\"wp-block-image size-large\"><img loading=\"lazy\" decoding=\"async\" width=\"800\" height=\"450\" data-attachment-id=\"30841\" data-permalink=\"https:\/\/www.paudalho.pe.gov.br\/portal\/3o-encontro-da-instancia-e-governanca-da-regiao-turistica-engenhos-e-maracatus-de-pernambuco-e-realizado-em-paudalho-na-ultima-quinta-feira7\/photo1702311928\/\" data-orig-file=\"https:\/\/www.paudalho.pe.gov.br\/portal\/wp-content\/uploads\/2023\/12\/photo1702311928.jpeg\" data-orig-size=\"1280,960\" data-comments-opened=\"1\" data-image-meta=\"{&quot;aperture&quot;:&quot;0&quot;,&quot;credit&quot;:&quot;&quot;,&quot;camera&quot;:&quot;&quot;,&quot;caption&quot;:&quot;&quot;,&quot;created_timestamp&quot;:&quot;0&quot;,&quot;copyright&quot;:&quot;&quot;,&quot;focal_length&quot;:&quot;0&quot;,&quot;iso&quot;:&quot;0&quot;,&quot;shutter_speed&quot;:&quot;0&quot;,&quot;title&quot;:&quot;&quot;,&quot;orientation&quot;:&quot;0&quot;}\" data-image-title=\"photo1702311928\" data-image-description=\"\" data-image-caption=\"&lt;p&gt;Cr\u00e9dito: Amanda Myrtes \/ PMP&lt;\/p&gt;\n\" data-medium-file=\"https:\/\/www.paudalho.pe.gov.br\/portal\/wp-content\/uploads\/2023\/12\/photo1702311928-350x230.jpeg\" data-large-file=\"https:\/\/www.paudalho.pe.gov.br\/portal\/wp-content\/uploads\/2023\/12\/photo1702311928-800x450.jpeg\" data-id=\"30841\" src=\"https:\/\/www.paudalho.pe.gov.br\/portal\/wp-content\/uploads\/2023\/12\/photo1702311928-800x450.jpeg\" alt=\"\" class=\"wp-image-30841\"\/><figcaption class=\"wp-element-caption\">Cr\u00e9dito: Amanda Myrtes \/ PMP<\/figcaption><\/figure>\n\n\n\n<figure class=\"wp-block-image size-large\"><img loading=\"lazy\" decoding=\"async\" width=\"800\" height=\"450\" data-attachment-id=\"30838\" data-permalink=\"https:\/\/www.paudalho.pe.gov.br\/portal\/3o-encontro-da-instancia-e-governanca-da-regiao-turistica-engenhos-e-maracatus-de-pernambuco-e-realizado-em-paudalho-na-ultima-quinta-feira7\/photo1702311928-3\/\" data-orig-file=\"https:\/\/www.paudalho.pe.gov.br\/portal\/wp-content\/uploads\/2023\/12\/photo1702311928-3.jpeg\" data-orig-size=\"1280,960\" data-comments-opened=\"1\" data-image-meta=\"{&quot;aperture&quot;:&quot;0&quot;,&quot;credit&quot;:&quot;&quot;,&quot;camera&quot;:&quot;&quot;,&quot;caption&quot;:&quot;&quot;,&quot;created_timestamp&quot;:&quot;0&quot;,&quot;copyright&quot;:&quot;&quot;,&quot;focal_length&quot;:&quot;0&quot;,&quot;iso&quot;:&quot;0&quot;,&quot;shutter_speed&quot;:&quot;0&quot;,&quot;title&quot;:&quot;&quot;,&quot;orientation&quot;:&quot;0&quot;}\" data-image-title=\"photo1702311928 (3)\" data-image-description=\"\" data-image-caption=\"\" data-medium-file=\"https:\/\/www.paudalho.pe.gov.br\/portal\/wp-content\/uploads\/2023\/12\/photo1702311928-3-350x230.jpeg\" data-large-file=\"https:\/\/www.paudalho.pe.gov.br\/portal\/wp-content\/uploads\/2023\/12\/photo1702311928-3-800x450.jpeg\" data-id=\"30838\" src=\"https:\/\/www.paudalho.pe.gov.br\/portal\/wp-content\/uploads\/2023\/12\/photo1702311928-3-800x450.jpeg\" alt=\"\" class=\"wp-image-30838\"\/><figcaption class=\"wp-element-caption\">Cr\u00e9dito: Amanda Myrtes \/ PMP<\/figcaption><\/figure>\n<\/figure>\n\n\n\n<p>Paudalho \u00e9 um dos munic\u00edpios que abrange a regi\u00e3o tur\u00edstica Engenhos e Maracatus, sendo uma das refer\u00eancias na cultura e tradi\u00e7\u00e3o em Pernambuco, em raz\u00e3o de seus clubes, casarios, agremia\u00e7\u00f5es carnavalescas, maracatus, bois, caboclinhos, entre outras manifesta\u00e7\u00f5es culturais tradicionais do munic\u00edpio.<\/p>\n","protected":false},"excerpt":{"rendered":"<p>Reunindo secret\u00e1rios de diversos munic\u00edpios, Paudalho recebeu o 3\u00ba Encontro da Inst\u00e2ncia e Governan\u00e7a da Regi\u00e3o Tur\u00edstica Engenhos e Maracatus de Pernambuco na \u00faltima quinta-feira(7), no Recanto Neo do Peixe, na Barragem do Goit\u00e1. Encontro debateu novas estrat\u00e9gias para promover ainda mais o turismo na regi\u00e3o tur\u00edstica. No evento, tivemos presentes representantes dos munic\u00edpios de [&hellip;]<\/p>\n","protected":false},"author":10,"featured_media":30840,"comment_status":"open","ping_status":"open","sticky":false,"template":"","format":"standard","meta":{"_jetpack_newsletter_access":"","_jetpack_dont_email_post_to_subs":false,"_jetpack_newsletter_tier_id":0,"_jetpack_memberships_contains_paywalled_content":false,"_jetpack_memberships_contains_paid_content":false,"footnotes":""},"categories":[1184,1],"tags":[14,22,1309,238],"class_list":["post-30836","post","type-post","status-publish","format-standard","has-post-thumbnail","hentry","category-cultura-2","category-noticias","tag-paudalho","tag-prefeitura-do-paudalho","tag-regiao-turistica-engenhos-e-maracatus","tag-secretaria-de-cultura-e-turismo"],"jetpack_featured_media_url":"https:\/\/www.paudalho.pe.gov.br\/portal\/wp-content\/uploads\/2023\/12\/photo1702311928-1.jpeg","jetpack_sharing_enabled":true,"jetpack_shortlink":"https:\/\/wp.me\/p98mS2-81m","_links":{"self":[{"href":"https:\/\/www.paudalho.pe.gov.br\/portal\/wp-json\/wp\/v2\/posts\/30836","targetHints":{"allow":["GET"]}}],"collection":[{"href":"https:\/\/www.paudalho.pe.gov.br\/portal\/wp-json\/wp\/v2\/posts"}],"about":[{"href":"https:\/\/www.paudalho.pe.gov.br\/portal\/wp-json\/wp\/v2\/types\/post"}],"author":[{"embeddable":true,"href":"https:\/\/www.paudalho.pe.gov.br\/portal\/wp-json\/wp\/v2\/users\/10"}],"replies":[{"embeddable":true,"href":"https:\/\/www.paudalho.pe.gov.br\/portal\/wp-json\/wp\/v2\/comments?post=30836"}],"version-history":[{"count":1,"href":"https:\/\/www.paudalho.pe.gov.br\/portal\/wp-json\/wp\/v2\/posts\/30836\/revisions"}],"predecessor-version":[{"id":30842,"href":"https:\/\/www.paudalho.pe.gov.br\/portal\/wp-json\/wp\/v2\/posts\/30836\/revisions\/30842"}],"wp:featuredmedia":[{"embeddable":true,"href":"https:\/\/www.paudalho.pe.gov.br\/portal\/wp-json\/wp\/v2\/media\/30840"}],"wp:attachment":[{"href":"https:\/\/www.paudalho.pe.gov.br\/portal\/wp-json\/wp\/v2\/media?parent=30836"}],"wp:term":[{"taxonomy":"category","embeddable":true,"href":"https:\/\/www.paudalho.pe.gov.br\/portal\/wp-json\/wp\/v2\/categories?post=30836"},{"taxonomy":"post_tag","embeddable":true,"href":"https:\/\/www.paudalho.pe.gov.br\/portal\/wp-json\/wp\/v2\/tags?post=30836"}],"curies":[{"name":"wp","href":"https:\/\/api.w.org\/{rel}","templated":true}]}}