{"id":30813,"date":"2023-12-01T11:35:08","date_gmt":"2023-12-01T14:35:08","guid":{"rendered":"https:\/\/www.paudalho.pe.gov.br\/portal\/?p=30813"},"modified":"2025-01-08T00:38:23","modified_gmt":"2025-01-08T03:38:23","slug":"paudalho-realiza-assembleia-ordinaria-de-alimentacao-escolar-2023-para-analise-e-aplicacao-dos-recursos-do-pnae","status":"publish","type":"post","link":"https:\/\/www.paudalho.pe.gov.br\/portal\/paudalho-realiza-assembleia-ordinaria-de-alimentacao-escolar-2023-para-analise-e-aplicacao-dos-recursos-do-pnae\/","title":{"rendered":"Paudalho realiza Assembleia Ordin\u00e1ria de Alimenta\u00e7\u00e3o Escolar 2023 para an\u00e1lise e aplica\u00e7\u00e3o dos recursos do Pnae"},"content":{"rendered":"\n<p>O Conselho Municipal de Alimenta\u00e7\u00e3o Escolar (Cae), atrav\u00e9s da Prefeitura do Paudalho, por meio da Secretaria de Educa\u00e7\u00e3o e Esportes, realizou a Assembleia Ordin\u00e1ria de Alimenta\u00e7\u00e3o Escolar no dia 30 de novembro, para an\u00e1lise e aplica\u00e7\u00e3o dos recursos do Programa Nacional de Alimenta\u00e7\u00e3o Escolar (Pnae).<\/p>\n\n\n\n<p>Diogo Falc\u00e3o, presidente do Cae Paudalho, detalhou as inst\u00e2ncias debatidas na assembleia. \u201cN\u00f3s, conselheiros, fizemos a an\u00e1lise desse material para que, no pr\u00f3ximo ano, quando o sistema de presta\u00e7\u00f5es de conta do Governo Federal, referente a esse recurso da merenda escolar, estiver dispon\u00edvel, a gente preencha o relat\u00f3rio e o encaminhe com base nas informa\u00e7\u00f5es que nos foram apresentadas\u201d, comentou. Diogo Falc\u00e3o tamb\u00e9m destacou a import\u00e2ncia do Cae para a popula\u00e7\u00e3o paudalhense. \u201cEm Paudalho, existe um conselho que cuida da aplica\u00e7\u00e3o desses recursos, que visa garantir que o munic\u00edpio ofere\u00e7a uma merenda de qualidade para os estudantes da rede municipal\u201d, finalizou.<\/p>\n\n\n\n<figure class=\"wp-block-gallery has-nested-images columns-default is-cropped wp-block-gallery-1 is-layout-flex wp-block-gallery-is-layout-flex\">\n<figure class=\"wp-block-image size-large\"><img loading=\"lazy\" decoding=\"async\" width=\"800\" height=\"450\" data-attachment-id=\"30815\" data-permalink=\"https:\/\/www.paudalho.pe.gov.br\/portal\/paudalho-realiza-assembleia-ordinaria-de-alimentacao-escolar-2023-para-analise-e-aplicacao-dos-recursos-do-pnae\/whatsapp-image-2023-12-05-at-13-18-30-3\/\" data-orig-file=\"https:\/\/www.paudalho.pe.gov.br\/portal\/wp-content\/uploads\/2023\/12\/WhatsApp-Image-2023-12-05-at-13.18.30-3-scaled.jpeg\" data-orig-size=\"2560,1920\" data-comments-opened=\"1\" data-image-meta=\"{&quot;aperture&quot;:&quot;0&quot;,&quot;credit&quot;:&quot;&quot;,&quot;camera&quot;:&quot;&quot;,&quot;caption&quot;:&quot;&quot;,&quot;created_timestamp&quot;:&quot;0&quot;,&quot;copyright&quot;:&quot;&quot;,&quot;focal_length&quot;:&quot;0&quot;,&quot;iso&quot;:&quot;0&quot;,&quot;shutter_speed&quot;:&quot;0&quot;,&quot;title&quot;:&quot;&quot;,&quot;orientation&quot;:&quot;0&quot;}\" data-image-title=\"WhatsApp-Image-2023-12-05-at-13.18.30-3\" data-image-description=\"\" data-image-caption=\"\" data-medium-file=\"https:\/\/www.paudalho.pe.gov.br\/portal\/wp-content\/uploads\/2023\/12\/WhatsApp-Image-2023-12-05-at-13.18.30-3-350x230.jpeg\" data-large-file=\"https:\/\/www.paudalho.pe.gov.br\/portal\/wp-content\/uploads\/2023\/12\/WhatsApp-Image-2023-12-05-at-13.18.30-3-800x450.jpeg\" data-id=\"30815\" src=\"https:\/\/www.paudalho.pe.gov.br\/portal\/wp-content\/uploads\/2023\/12\/WhatsApp-Image-2023-12-05-at-13.18.30-3-800x450.jpeg\" alt=\"\" class=\"wp-image-30815\"\/><\/figure>\n\n\n\n<figure class=\"wp-block-image size-large\"><img loading=\"lazy\" decoding=\"async\" width=\"800\" height=\"450\" data-attachment-id=\"30818\" data-permalink=\"https:\/\/www.paudalho.pe.gov.br\/portal\/paudalho-realiza-assembleia-ordinaria-de-alimentacao-escolar-2023-para-analise-e-aplicacao-dos-recursos-do-pnae\/whatsapp-image-2023-12-05-at-13-18-30-1-1\/\" data-orig-file=\"https:\/\/www.paudalho.pe.gov.br\/portal\/wp-content\/uploads\/2023\/12\/WhatsApp-Image-2023-12-05-at-13.18.30-1-1-scaled.jpeg\" data-orig-size=\"2560,1920\" data-comments-opened=\"1\" data-image-meta=\"{&quot;aperture&quot;:&quot;0&quot;,&quot;credit&quot;:&quot;&quot;,&quot;camera&quot;:&quot;&quot;,&quot;caption&quot;:&quot;&quot;,&quot;created_timestamp&quot;:&quot;0&quot;,&quot;copyright&quot;:&quot;&quot;,&quot;focal_length&quot;:&quot;0&quot;,&quot;iso&quot;:&quot;0&quot;,&quot;shutter_speed&quot;:&quot;0&quot;,&quot;title&quot;:&quot;&quot;,&quot;orientation&quot;:&quot;0&quot;}\" data-image-title=\"WhatsApp-Image-2023-12-05-at-13.18.30-1-1\" data-image-description=\"\" data-image-caption=\"\" data-medium-file=\"https:\/\/www.paudalho.pe.gov.br\/portal\/wp-content\/uploads\/2023\/12\/WhatsApp-Image-2023-12-05-at-13.18.30-1-1-350x230.jpeg\" data-large-file=\"https:\/\/www.paudalho.pe.gov.br\/portal\/wp-content\/uploads\/2023\/12\/WhatsApp-Image-2023-12-05-at-13.18.30-1-1-800x450.jpeg\" data-id=\"30818\" src=\"https:\/\/www.paudalho.pe.gov.br\/portal\/wp-content\/uploads\/2023\/12\/WhatsApp-Image-2023-12-05-at-13.18.30-1-1-800x450.jpeg\" alt=\"\" class=\"wp-image-30818\"\/><\/figure>\n\n\n\n<figure class=\"wp-block-image size-large\"><img loading=\"lazy\" decoding=\"async\" width=\"800\" height=\"450\" data-attachment-id=\"30816\" data-permalink=\"https:\/\/www.paudalho.pe.gov.br\/portal\/paudalho-realiza-assembleia-ordinaria-de-alimentacao-escolar-2023-para-analise-e-aplicacao-dos-recursos-do-pnae\/whatsapp-image-2023-12-05-at-13-18-30-2\/\" data-orig-file=\"https:\/\/www.paudalho.pe.gov.br\/portal\/wp-content\/uploads\/2023\/12\/WhatsApp-Image-2023-12-05-at-13.18.30-2-scaled.jpeg\" data-orig-size=\"2560,1920\" data-comments-opened=\"1\" data-image-meta=\"{&quot;aperture&quot;:&quot;0&quot;,&quot;credit&quot;:&quot;&quot;,&quot;camera&quot;:&quot;&quot;,&quot;caption&quot;:&quot;&quot;,&quot;created_timestamp&quot;:&quot;0&quot;,&quot;copyright&quot;:&quot;&quot;,&quot;focal_length&quot;:&quot;0&quot;,&quot;iso&quot;:&quot;0&quot;,&quot;shutter_speed&quot;:&quot;0&quot;,&quot;title&quot;:&quot;&quot;,&quot;orientation&quot;:&quot;0&quot;}\" data-image-title=\"WhatsApp-Image-2023-12-05-at-13.18.30-2\" data-image-description=\"\" data-image-caption=\"\" data-medium-file=\"https:\/\/www.paudalho.pe.gov.br\/portal\/wp-content\/uploads\/2023\/12\/WhatsApp-Image-2023-12-05-at-13.18.30-2-350x230.jpeg\" data-large-file=\"https:\/\/www.paudalho.pe.gov.br\/portal\/wp-content\/uploads\/2023\/12\/WhatsApp-Image-2023-12-05-at-13.18.30-2-800x450.jpeg\" data-id=\"30816\" src=\"https:\/\/www.paudalho.pe.gov.br\/portal\/wp-content\/uploads\/2023\/12\/WhatsApp-Image-2023-12-05-at-13.18.30-2-800x450.jpeg\" alt=\"\" class=\"wp-image-30816\"\/><\/figure>\n<\/figure>\n\n\n\n<p><strong>Paudalho \u00e9 representada<\/strong><\/p>\n\n\n\n<p>O Cae Paudalho marcou presenta no 1\u00b0 Encontro dos Conselhos de Alimenta\u00e7\u00e3o Escolar do Nordeste, realizado na cidade de Jo\u00e3o Pessoa, em Para\u00edba. O evento reuniu conselheiros, nutricionistas e gestores para debater melhorias na alimenta\u00e7\u00e3o escolar. O encontro contou com apresenta\u00e7\u00f5es e palestras sobre a alimenta\u00e7\u00e3o escolar em Jo\u00e3o Pessoa, compra da agricultura familiar, licita\u00e7\u00f5es, e o papel do nutricionista e sua articula\u00e7\u00e3o com o controle social.<\/p>\n","protected":false},"excerpt":{"rendered":"<p>O Conselho Municipal de Alimenta\u00e7\u00e3o Escolar (Cae), atrav\u00e9s da Prefeitura do Paudalho, por meio da Secretaria de Educa\u00e7\u00e3o e Esportes, realizou a Assembleia Ordin\u00e1ria de Alimenta\u00e7\u00e3o Escolar no dia 30 de novembro, para an\u00e1lise e aplica\u00e7\u00e3o dos recursos do Programa Nacional de Alimenta\u00e7\u00e3o Escolar (Pnae). Diogo Falc\u00e3o, presidente do Cae Paudalho, detalhou as inst\u00e2ncias debatidas [&hellip;]<\/p>\n","protected":false},"author":10,"featured_media":30819,"comment_status":"open","ping_status":"open","sticky":false,"template":"","format":"standard","meta":{"_jetpack_newsletter_access":"","_jetpack_dont_email_post_to_subs":false,"_jetpack_newsletter_tier_id":0,"_jetpack_memberships_contains_paywalled_content":false,"_jetpack_memberships_contains_paid_content":false,"footnotes":""},"categories":[520,4,1],"tags":[1203,14,22,106],"class_list":["post-30813","post","type-post","status-publish","format-standard","has-post-thumbnail","hentry","category-educacao-2","category-educacao","category-noticias","tag-conselho-de-alimentacao-escolar","tag-paudalho","tag-prefeitura-do-paudalho","tag-secretaria-de-educacao"],"jetpack_featured_media_url":"https:\/\/www.paudalho.pe.gov.br\/portal\/wp-content\/uploads\/2023\/12\/photo1681915770-1.jpeg","jetpack_sharing_enabled":true,"jetpack_shortlink":"https:\/\/wp.me\/p98mS2-80Z","_links":{"self":[{"href":"https:\/\/www.paudalho.pe.gov.br\/portal\/wp-json\/wp\/v2\/posts\/30813","targetHints":{"allow":["GET"]}}],"collection":[{"href":"https:\/\/www.paudalho.pe.gov.br\/portal\/wp-json\/wp\/v2\/posts"}],"about":[{"href":"https:\/\/www.paudalho.pe.gov.br\/portal\/wp-json\/wp\/v2\/types\/post"}],"author":[{"embeddable":true,"href":"https:\/\/www.paudalho.pe.gov.br\/portal\/wp-json\/wp\/v2\/users\/10"}],"replies":[{"embeddable":true,"href":"https:\/\/www.paudalho.pe.gov.br\/portal\/wp-json\/wp\/v2\/comments?post=30813"}],"version-history":[{"count":1,"href":"https:\/\/www.paudalho.pe.gov.br\/portal\/wp-json\/wp\/v2\/posts\/30813\/revisions"}],"predecessor-version":[{"id":30820,"href":"https:\/\/www.paudalho.pe.gov.br\/portal\/wp-json\/wp\/v2\/posts\/30813\/revisions\/30820"}],"wp:featuredmedia":[{"embeddable":true,"href":"https:\/\/www.paudalho.pe.gov.br\/portal\/wp-json\/wp\/v2\/media\/30819"}],"wp:attachment":[{"href":"https:\/\/www.paudalho.pe.gov.br\/portal\/wp-json\/wp\/v2\/media?parent=30813"}],"wp:term":[{"taxonomy":"category","embeddable":true,"href":"https:\/\/www.paudalho.pe.gov.br\/portal\/wp-json\/wp\/v2\/categories?post=30813"},{"taxonomy":"post_tag","embeddable":true,"href":"https:\/\/www.paudalho.pe.gov.br\/portal\/wp-json\/wp\/v2\/tags?post=30813"}],"curies":[{"name":"wp","href":"https:\/\/api.w.org\/{rel}","templated":true}]}}