{"id":30769,"date":"2023-12-09T10:41:35","date_gmt":"2023-12-09T13:41:35","guid":{"rendered":"https:\/\/www.paudalho.pe.gov.br\/portal\/?p=30769"},"modified":"2025-01-08T00:38:22","modified_gmt":"2025-01-08T03:38:22","slug":"com-a-oficina-eu-melhorei-bastante-e-ate-aluguei-em-espaco-maior-para-vender-destacou-aluna-das-oficinas-de-geracao-de-renda-na-solenidade-de-entrega-de-certificados-e-lancamento-d","status":"publish","type":"post","link":"https:\/\/www.paudalho.pe.gov.br\/portal\/com-a-oficina-eu-melhorei-bastante-e-ate-aluguei-em-espaco-maior-para-vender-destacou-aluna-das-oficinas-de-geracao-de-renda-na-solenidade-de-entrega-de-certificados-e-lancamento-d\/","title":{"rendered":"\u201cCom a oficina, eu melhorei bastante e at\u00e9 aluguei em espa\u00e7o maior para vender\u201d, destacou aluna das Oficinas de Gera\u00e7\u00e3o de Renda na solenidade de entrega de certificados e lan\u00e7amento do Programa de Cestas B\u00e1sicas"},"content":{"rendered":"\n<p>A Prefeitura do Paudalho, atrav\u00e9s da Secretaria de Desenvolvimento e Assist\u00eancia Social (Sedas), realizou no dia 2 de dezembro, a Solenidade de Entrega de Certificados das Primeiras Turmas das Oficinas de Gera\u00e7\u00e3o de Renda do munic\u00edpio e o lan\u00e7amento do Programa de Concess\u00e3o de Cestas B\u00e1sicas do Munic\u00edpio.&nbsp;<\/p>\n\n\n\n<p>Com apresenta\u00e7\u00e3o cultural da ciranda do grupo de idosas do Servi\u00e7o de Conviv\u00eancia e Fortalecimento de V\u00ednculos, a solenidade entregou os certificados para os alunos e alunas das Oficinas de Gera\u00e7\u00e3o de Renda. Durante um per\u00edodo de 30 dias, foram disponibilizadas oficinas de confec\u00e7\u00e3o de bolos e tortas, design de sobrancelhas, manicure, cabeleireiro, doces e salgados para festa. Foram cerca de 160 alunos participando diariamente das aulas, realizadas no Centro de Refer\u00eancia de Assist\u00eancia Social (Cras), sede do Programa Minha Casa, Minha Vida e na sede da Sedas.<\/p>\n\n\n\n<p>\u201cEu j\u00e1 vendia lanche, mas eu precisava melhorar na \u00e1rea de salgados e outras coisas mais. Com a oficina, eu melhorei bastante e at\u00e9 aluguei um espa\u00e7o maior para vender [&#8230;] E hoje, gra\u00e7as a Deus, a minha renda e do meu esposo aumentou, com lucro!\u201d, afirmou F\u00e1tima L\u00facia, uma das alunas das oficinas.<\/p>\n\n\n\n<figure class=\"wp-block-gallery has-nested-images columns-default is-cropped wp-block-gallery-1 is-layout-flex wp-block-gallery-is-layout-flex\">\n<figure class=\"wp-block-image size-large\"><img loading=\"lazy\" decoding=\"async\" width=\"800\" height=\"450\" data-attachment-id=\"30770\" data-permalink=\"https:\/\/www.paudalho.pe.gov.br\/portal\/com-a-oficina-eu-melhorei-bastante-e-ate-aluguei-em-espaco-maior-para-vender-destacou-aluna-das-oficinas-de-geracao-de-renda-na-solenidade-de-entrega-de-certificados-e-lancamento-d\/h5a9702-1\/\" data-orig-file=\"https:\/\/www.paudalho.pe.gov.br\/portal\/wp-content\/uploads\/2023\/12\/H5A9702-1-scaled.jpg\" data-orig-size=\"2560,1707\" data-comments-opened=\"1\" data-image-meta=\"{&quot;aperture&quot;:&quot;4.5&quot;,&quot;credit&quot;:&quot;CHARLES JOHNSON&quot;,&quot;camera&quot;:&quot;Canon EOS 5D Mark IV&quot;,&quot;caption&quot;:&quot;&quot;,&quot;created_timestamp&quot;:&quot;1701512008&quot;,&quot;copyright&quot;:&quot;CHARLES JOHNSON 81 986016133&quot;,&quot;focal_length&quot;:&quot;85&quot;,&quot;iso&quot;:&quot;1000&quot;,&quot;shutter_speed&quot;:&quot;0.01&quot;,&quot;title&quot;:&quot;&quot;,&quot;orientation&quot;:&quot;1&quot;}\" data-image-title=\"H5A9702-1\" data-image-description=\"\" data-image-caption=\"\" data-medium-file=\"https:\/\/www.paudalho.pe.gov.br\/portal\/wp-content\/uploads\/2023\/12\/H5A9702-1-350x230.jpg\" data-large-file=\"https:\/\/www.paudalho.pe.gov.br\/portal\/wp-content\/uploads\/2023\/12\/H5A9702-1-800x450.jpg\" data-id=\"30770\" src=\"https:\/\/www.paudalho.pe.gov.br\/portal\/wp-content\/uploads\/2023\/12\/H5A9702-1-800x450.jpg\" alt=\"\" class=\"wp-image-30770\"\/><figcaption class=\"wp-element-caption\">F\u00e1tima L\u00facia foi uma das alunas da oficina de salgados. Cr\u00e9dito: Josu\u00e9 J\u00fanior\/PMP<\/figcaption><\/figure>\n<\/figure>\n\n\n\n<p>Al\u00e9m da entrega dos certificados, o evento contou com o lan\u00e7amento do Programa de Concess\u00e3o de Cestas B\u00e1sicas do munic\u00edpio, beneficiando 300 fam\u00edlias paudalhenses nesta primeira entrega.<\/p>\n\n\n\n<p>\u201cFoi aprovado o projeto de lei no munic\u00edpio de concess\u00e3o de cestas b\u00e1sicas para atender as necessidades das fam\u00edlias em vulnerabilidade social em Paudalho. Quanto \u00e0s oficinas, essa foi a primeira etapa e n\u00f3s teremos v\u00e1rias outras que ser\u00e3o ofertadas pela Sedas. Ser\u00e1 um ano de forma\u00e7\u00e3o em Paudalho, sendo capacitados mais de 1000 pessoas em nosso munic\u00edpio. Esse \u00e9 um trabalho focado na gera\u00e7\u00e3o de emprego e renda. \u00c9 muito importante o poder p\u00fablico fazer a sua parte de capacitar, informar e ajudar a gerar renda no munic\u00edpio e, em Paudalho, esse trabalho vem sendo feito\u201d, destacou Marcelo Gouveia, prefeito do munic\u00edpio de Paudalho.<\/p>\n\n\n\n<figure class=\"wp-block-gallery has-nested-images columns-default is-cropped wp-block-gallery-2 is-layout-flex wp-block-gallery-is-layout-flex\">\n<figure class=\"wp-block-image size-large\"><img loading=\"lazy\" decoding=\"async\" width=\"800\" height=\"450\" data-attachment-id=\"30771\" data-permalink=\"https:\/\/www.paudalho.pe.gov.br\/portal\/com-a-oficina-eu-melhorei-bastante-e-ate-aluguei-em-espaco-maior-para-vender-destacou-aluna-das-oficinas-de-geracao-de-renda-na-solenidade-de-entrega-de-certificados-e-lancamento-d\/_h5a9784\/\" data-orig-file=\"https:\/\/www.paudalho.pe.gov.br\/portal\/wp-content\/uploads\/2023\/12\/H5A9784-scaled.jpg\" data-orig-size=\"2560,1707\" data-comments-opened=\"1\" data-image-meta=\"{&quot;aperture&quot;:&quot;4.5&quot;,&quot;credit&quot;:&quot;CHARLES JOHNSON&quot;,&quot;camera&quot;:&quot;Canon EOS 5D Mark IV&quot;,&quot;caption&quot;:&quot;&quot;,&quot;created_timestamp&quot;:&quot;1701512931&quot;,&quot;copyright&quot;:&quot;CHARLES JOHNSON 81 986016133&quot;,&quot;focal_length&quot;:&quot;24&quot;,&quot;iso&quot;:&quot;1000&quot;,&quot;shutter_speed&quot;:&quot;0.01&quot;,&quot;title&quot;:&quot;&quot;,&quot;orientation&quot;:&quot;1&quot;}\" data-image-title=\"_H5A9784\" data-image-description=\"\" data-image-caption=\"&lt;p&gt;Cr\u00e9dito: Josu\u00e9 J\u00fanior\/ PMP&lt;\/p&gt;\n\" data-medium-file=\"https:\/\/www.paudalho.pe.gov.br\/portal\/wp-content\/uploads\/2023\/12\/H5A9784-350x230.jpg\" data-large-file=\"https:\/\/www.paudalho.pe.gov.br\/portal\/wp-content\/uploads\/2023\/12\/H5A9784-800x450.jpg\" data-id=\"30771\" src=\"https:\/\/www.paudalho.pe.gov.br\/portal\/wp-content\/uploads\/2023\/12\/H5A9784-800x450.jpg\" alt=\"\" class=\"wp-image-30771\"\/><figcaption class=\"wp-element-caption\">Cr\u00e9dito: Josu\u00e9 J\u00fanior\/ PMP<\/figcaption><\/figure>\n\n\n\n<figure class=\"wp-block-image size-large\"><img loading=\"lazy\" decoding=\"async\" width=\"800\" height=\"450\" data-attachment-id=\"30772\" data-permalink=\"https:\/\/www.paudalho.pe.gov.br\/portal\/com-a-oficina-eu-melhorei-bastante-e-ate-aluguei-em-espaco-maior-para-vender-destacou-aluna-das-oficinas-de-geracao-de-renda-na-solenidade-de-entrega-de-certificados-e-lancamento-d\/_h5a9771\/\" data-orig-file=\"https:\/\/www.paudalho.pe.gov.br\/portal\/wp-content\/uploads\/2023\/12\/H5A9771-scaled.jpg\" data-orig-size=\"2560,1707\" data-comments-opened=\"1\" data-image-meta=\"{&quot;aperture&quot;:&quot;3.5&quot;,&quot;credit&quot;:&quot;CHARLES JOHNSON&quot;,&quot;camera&quot;:&quot;Canon EOS 5D Mark IV&quot;,&quot;caption&quot;:&quot;&quot;,&quot;created_timestamp&quot;:&quot;1701512819&quot;,&quot;copyright&quot;:&quot;CHARLES JOHNSON 81 986016133&quot;,&quot;focal_length&quot;:&quot;85&quot;,&quot;iso&quot;:&quot;1000&quot;,&quot;shutter_speed&quot;:&quot;0.01&quot;,&quot;title&quot;:&quot;&quot;,&quot;orientation&quot;:&quot;1&quot;}\" data-image-title=\"_H5A9771\" data-image-description=\"\" data-image-caption=\"&lt;p&gt;Cr\u00e9dito: Josu\u00e9 J\u00fanior\/ PMP&lt;\/p&gt;\n\" data-medium-file=\"https:\/\/www.paudalho.pe.gov.br\/portal\/wp-content\/uploads\/2023\/12\/H5A9771-350x230.jpg\" data-large-file=\"https:\/\/www.paudalho.pe.gov.br\/portal\/wp-content\/uploads\/2023\/12\/H5A9771-800x450.jpg\" data-id=\"30772\" src=\"https:\/\/www.paudalho.pe.gov.br\/portal\/wp-content\/uploads\/2023\/12\/H5A9771-800x450.jpg\" alt=\"\" class=\"wp-image-30772\"\/><figcaption class=\"wp-element-caption\">Cr\u00e9dito: Josu\u00e9 J\u00fanior\/ PMP<\/figcaption><\/figure>\n<\/figure>\n\n\n\n<p>As Oficinas de Gera\u00e7\u00e3o de Renda seguem para mais uma fase, agora com aulas todos os dias de tortas, doces, entre outros, no per\u00edodo da manh\u00e3 e\/ou tarde. As turmas est\u00e3o sendo formadas pelos inscritos que ficaram na lista de espera na primeira fase. Novas inscri\u00e7\u00f5es ser\u00e3o abertas no ano de 2024.<\/p>\n\n\n\n<p>Sobre o Programa de Concess\u00e3o de Cestas B\u00e1sicas, os paudalhenses podem integrar o servi\u00e7o procurando a equipe da Sedas. \u201cO lan\u00e7amento e amplia\u00e7\u00e3o do programa vai ser mais um bra\u00e7o forte no combate a fome e inseguran\u00e7a alimentar em Paudalho. O aux\u00edlio ir\u00e1 atender as fam\u00edlias em situa\u00e7\u00e3o de vulnerabilidade e\/ou risco pessoal e social inscritas no cadastro \u00fanico do munic\u00edpio. Para se cadastrar no programa, basta procurar a Sedas com a folha resumo V7, RG, CPF e comprovante de resid\u00eancia. L\u00e1 daremos todas as informa\u00e7\u00f5es que o usu\u00e1rio precisa para integrar o programa\u201d, destacou Brunna Dias, a secret\u00e1ria de Desenvolvimento e Assist\u00eancia Social de Paudalho.<\/p>\n\n\n\n<figure class=\"wp-block-image size-large\"><img loading=\"lazy\" decoding=\"async\" width=\"800\" height=\"450\" data-attachment-id=\"30790\" data-permalink=\"https:\/\/www.paudalho.pe.gov.br\/portal\/com-a-oficina-eu-melhorei-bastante-e-ate-aluguei-em-espaco-maior-para-vender-destacou-aluna-das-oficinas-de-geracao-de-renda-na-solenidade-de-entrega-de-certificados-e-lancamento-d\/_h5a9824\/\" data-orig-file=\"https:\/\/www.paudalho.pe.gov.br\/portal\/wp-content\/uploads\/2023\/12\/H5A9824-scaled.jpg\" data-orig-size=\"2560,1707\" data-comments-opened=\"1\" data-image-meta=\"{&quot;aperture&quot;:&quot;3.5&quot;,&quot;credit&quot;:&quot;CHARLES JOHNSON&quot;,&quot;camera&quot;:&quot;Canon EOS 5D Mark IV&quot;,&quot;caption&quot;:&quot;&quot;,&quot;created_timestamp&quot;:&quot;1701513679&quot;,&quot;copyright&quot;:&quot;CHARLES JOHNSON 81 986016133&quot;,&quot;focal_length&quot;:&quot;24&quot;,&quot;iso&quot;:&quot;1250&quot;,&quot;shutter_speed&quot;:&quot;0.00625&quot;,&quot;title&quot;:&quot;&quot;,&quot;orientation&quot;:&quot;1&quot;}\" data-image-title=\"_H5A9824\" data-image-description=\"\" data-image-caption=\"&lt;p&gt;Cr\u00e9dito: Josu\u00e9 J\u00fanior \/ PMP&lt;\/p&gt;\n\" data-medium-file=\"https:\/\/www.paudalho.pe.gov.br\/portal\/wp-content\/uploads\/2023\/12\/H5A9824-350x230.jpg\" data-large-file=\"https:\/\/www.paudalho.pe.gov.br\/portal\/wp-content\/uploads\/2023\/12\/H5A9824-800x450.jpg\" src=\"https:\/\/www.paudalho.pe.gov.br\/portal\/wp-content\/uploads\/2023\/12\/H5A9824-800x450.jpg\" alt=\"\" class=\"wp-image-30790\"\/><figcaption class=\"wp-element-caption\">Cr\u00e9dito: Josu\u00e9 J\u00fanior \/ PMP<\/figcaption><\/figure>\n\n\n\n<figure class=\"wp-block-gallery has-nested-images columns-default is-cropped wp-block-gallery-3 is-layout-flex wp-block-gallery-is-layout-flex\">\n<figure class=\"wp-block-image size-large\"><img loading=\"lazy\" decoding=\"async\" width=\"800\" height=\"450\" data-attachment-id=\"30773\" data-permalink=\"https:\/\/www.paudalho.pe.gov.br\/portal\/com-a-oficina-eu-melhorei-bastante-e-ate-aluguei-em-espaco-maior-para-vender-destacou-aluna-das-oficinas-de-geracao-de-renda-na-solenidade-de-entrega-de-certificados-e-lancamento-d\/_h5a9679\/\" data-orig-file=\"https:\/\/www.paudalho.pe.gov.br\/portal\/wp-content\/uploads\/2023\/12\/H5A9679-scaled.jpg\" data-orig-size=\"2560,1707\" data-comments-opened=\"1\" data-image-meta=\"{&quot;aperture&quot;:&quot;5&quot;,&quot;credit&quot;:&quot;CHARLES JOHNSON&quot;,&quot;camera&quot;:&quot;Canon EOS 5D Mark IV&quot;,&quot;caption&quot;:&quot;&quot;,&quot;created_timestamp&quot;:&quot;1701511788&quot;,&quot;copyright&quot;:&quot;CHARLES JOHNSON 81 986016133&quot;,&quot;focal_length&quot;:&quot;24&quot;,&quot;iso&quot;:&quot;1000&quot;,&quot;shutter_speed&quot;:&quot;0.01&quot;,&quot;title&quot;:&quot;&quot;,&quot;orientation&quot;:&quot;1&quot;}\" data-image-title=\"_H5A9679\" data-image-description=\"\" data-image-caption=\"&lt;p&gt;Cr\u00e9dito: Josu\u00e9 J\u00fanior \/ PMP&lt;\/p&gt;\n\" data-medium-file=\"https:\/\/www.paudalho.pe.gov.br\/portal\/wp-content\/uploads\/2023\/12\/H5A9679-350x230.jpg\" data-large-file=\"https:\/\/www.paudalho.pe.gov.br\/portal\/wp-content\/uploads\/2023\/12\/H5A9679-800x450.jpg\" data-id=\"30773\" src=\"https:\/\/www.paudalho.pe.gov.br\/portal\/wp-content\/uploads\/2023\/12\/H5A9679-800x450.jpg\" alt=\"\" class=\"wp-image-30773\"\/><figcaption class=\"wp-element-caption\">Cr\u00e9dito: Josu\u00e9 J\u00fanior \/ PMP<\/figcaption><\/figure>\n\n\n\n<figure class=\"wp-block-image size-large\"><img loading=\"lazy\" decoding=\"async\" width=\"800\" height=\"450\" data-attachment-id=\"30775\" data-permalink=\"https:\/\/www.paudalho.pe.gov.br\/portal\/com-a-oficina-eu-melhorei-bastante-e-ate-aluguei-em-espaco-maior-para-vender-destacou-aluna-das-oficinas-de-geracao-de-renda-na-solenidade-de-entrega-de-certificados-e-lancamento-d\/_h5a9648\/\" data-orig-file=\"https:\/\/www.paudalho.pe.gov.br\/portal\/wp-content\/uploads\/2023\/12\/H5A9648-scaled.jpg\" data-orig-size=\"2560,1707\" data-comments-opened=\"1\" data-image-meta=\"{&quot;aperture&quot;:&quot;5&quot;,&quot;credit&quot;:&quot;CHARLES JOHNSON&quot;,&quot;camera&quot;:&quot;Canon EOS 5D Mark IV&quot;,&quot;caption&quot;:&quot;&quot;,&quot;created_timestamp&quot;:&quot;1701510773&quot;,&quot;copyright&quot;:&quot;CHARLES JOHNSON 81 986016133&quot;,&quot;focal_length&quot;:&quot;24&quot;,&quot;iso&quot;:&quot;1000&quot;,&quot;shutter_speed&quot;:&quot;0.008&quot;,&quot;title&quot;:&quot;&quot;,&quot;orientation&quot;:&quot;1&quot;}\" data-image-title=\"_H5A9648\" data-image-description=\"\" data-image-caption=\"&lt;p&gt;Cr\u00e9dito: Josu\u00e9 J\u00fanior \/ PMP&lt;\/p&gt;\n\" data-medium-file=\"https:\/\/www.paudalho.pe.gov.br\/portal\/wp-content\/uploads\/2023\/12\/H5A9648-350x230.jpg\" data-large-file=\"https:\/\/www.paudalho.pe.gov.br\/portal\/wp-content\/uploads\/2023\/12\/H5A9648-800x450.jpg\" data-id=\"30775\" src=\"https:\/\/www.paudalho.pe.gov.br\/portal\/wp-content\/uploads\/2023\/12\/H5A9648-800x450.jpg\" alt=\"\" class=\"wp-image-30775\"\/><figcaption class=\"wp-element-caption\">Cr\u00e9dito: Josu\u00e9 J\u00fanior \/ PMP<\/figcaption><\/figure>\n\n\n\n<figure class=\"wp-block-image size-large\"><img loading=\"lazy\" decoding=\"async\" width=\"800\" height=\"450\" data-attachment-id=\"30777\" data-permalink=\"https:\/\/www.paudalho.pe.gov.br\/portal\/com-a-oficina-eu-melhorei-bastante-e-ate-aluguei-em-espaco-maior-para-vender-destacou-aluna-das-oficinas-de-geracao-de-renda-na-solenidade-de-entrega-de-certificados-e-lancamento-d\/_h5a9643\/\" data-orig-file=\"https:\/\/www.paudalho.pe.gov.br\/portal\/wp-content\/uploads\/2023\/12\/H5A9643-scaled.jpg\" data-orig-size=\"2560,1707\" data-comments-opened=\"1\" data-image-meta=\"{&quot;aperture&quot;:&quot;3.2&quot;,&quot;credit&quot;:&quot;CHARLES JOHNSON&quot;,&quot;camera&quot;:&quot;Canon EOS 5D Mark IV&quot;,&quot;caption&quot;:&quot;&quot;,&quot;created_timestamp&quot;:&quot;1701510640&quot;,&quot;copyright&quot;:&quot;CHARLES JOHNSON 81 986016133&quot;,&quot;focal_length&quot;:&quot;24&quot;,&quot;iso&quot;:&quot;1000&quot;,&quot;shutter_speed&quot;:&quot;0.008&quot;,&quot;title&quot;:&quot;&quot;,&quot;orientation&quot;:&quot;1&quot;}\" data-image-title=\"_H5A9643\" data-image-description=\"\" data-image-caption=\"&lt;p&gt;Cr\u00e9dito: Josu\u00e9 J\u00fanior \/ PMP&lt;\/p&gt;\n\" data-medium-file=\"https:\/\/www.paudalho.pe.gov.br\/portal\/wp-content\/uploads\/2023\/12\/H5A9643-350x230.jpg\" data-large-file=\"https:\/\/www.paudalho.pe.gov.br\/portal\/wp-content\/uploads\/2023\/12\/H5A9643-800x450.jpg\" data-id=\"30777\" src=\"https:\/\/www.paudalho.pe.gov.br\/portal\/wp-content\/uploads\/2023\/12\/H5A9643-800x450.jpg\" alt=\"\" class=\"wp-image-30777\"\/><figcaption class=\"wp-element-caption\">Cr\u00e9dito: Josu\u00e9 J\u00fanior \/ PMP<\/figcaption><\/figure>\n\n\n\n<figure class=\"wp-block-image size-large\"><img loading=\"lazy\" decoding=\"async\" width=\"800\" height=\"450\" data-attachment-id=\"30778\" data-permalink=\"https:\/\/www.paudalho.pe.gov.br\/portal\/com-a-oficina-eu-melhorei-bastante-e-ate-aluguei-em-espaco-maior-para-vender-destacou-aluna-das-oficinas-de-geracao-de-renda-na-solenidade-de-entrega-de-certificados-e-lancamento-d\/_h5a9642\/\" data-orig-file=\"https:\/\/www.paudalho.pe.gov.br\/portal\/wp-content\/uploads\/2023\/12\/H5A9642-scaled.jpg\" data-orig-size=\"2560,1707\" data-comments-opened=\"1\" data-image-meta=\"{&quot;aperture&quot;:&quot;5&quot;,&quot;credit&quot;:&quot;CHARLES JOHNSON&quot;,&quot;camera&quot;:&quot;Canon EOS 5D Mark IV&quot;,&quot;caption&quot;:&quot;&quot;,&quot;created_timestamp&quot;:&quot;1701510607&quot;,&quot;copyright&quot;:&quot;CHARLES JOHNSON 81 986016133&quot;,&quot;focal_length&quot;:&quot;24&quot;,&quot;iso&quot;:&quot;1000&quot;,&quot;shutter_speed&quot;:&quot;0.008&quot;,&quot;title&quot;:&quot;&quot;,&quot;orientation&quot;:&quot;1&quot;}\" data-image-title=\"_H5A9642\" data-image-description=\"\" data-image-caption=\"&lt;p&gt;Cr\u00e9dito: Josu\u00e9 J\u00fanior \/ PMP&lt;\/p&gt;\n\" data-medium-file=\"https:\/\/www.paudalho.pe.gov.br\/portal\/wp-content\/uploads\/2023\/12\/H5A9642-350x230.jpg\" data-large-file=\"https:\/\/www.paudalho.pe.gov.br\/portal\/wp-content\/uploads\/2023\/12\/H5A9642-800x450.jpg\" data-id=\"30778\" src=\"https:\/\/www.paudalho.pe.gov.br\/portal\/wp-content\/uploads\/2023\/12\/H5A9642-800x450.jpg\" alt=\"\" class=\"wp-image-30778\"\/><figcaption class=\"wp-element-caption\">Cr\u00e9dito: Josu\u00e9 J\u00fanior \/ PMP<\/figcaption><\/figure>\n\n\n\n<figure class=\"wp-block-image size-large\"><img loading=\"lazy\" decoding=\"async\" width=\"800\" height=\"450\" data-attachment-id=\"30806\" data-permalink=\"https:\/\/www.paudalho.pe.gov.br\/portal\/com-a-oficina-eu-melhorei-bastante-e-ate-aluguei-em-espaco-maior-para-vender-destacou-aluna-das-oficinas-de-geracao-de-renda-na-solenidade-de-entrega-de-certificados-e-lancamento-d\/_h5a9721\/\" data-orig-file=\"https:\/\/www.paudalho.pe.gov.br\/portal\/wp-content\/uploads\/2023\/12\/H5A9721-scaled.jpg\" data-orig-size=\"2560,1707\" data-comments-opened=\"1\" data-image-meta=\"{&quot;aperture&quot;:&quot;4&quot;,&quot;credit&quot;:&quot;CHARLES JOHNSON&quot;,&quot;camera&quot;:&quot;Canon EOS 5D Mark IV&quot;,&quot;caption&quot;:&quot;&quot;,&quot;created_timestamp&quot;:&quot;1701512452&quot;,&quot;copyright&quot;:&quot;CHARLES JOHNSON 81 986016133&quot;,&quot;focal_length&quot;:&quot;85&quot;,&quot;iso&quot;:&quot;1000&quot;,&quot;shutter_speed&quot;:&quot;0.01&quot;,&quot;title&quot;:&quot;&quot;,&quot;orientation&quot;:&quot;1&quot;}\" data-image-title=\"_H5A9721\" data-image-description=\"\" data-image-caption=\"&lt;p&gt;Cr\u00e9dito: Josu\u00e9 J\u00fanior \/ PMP&lt;\/p&gt;\n\" data-medium-file=\"https:\/\/www.paudalho.pe.gov.br\/portal\/wp-content\/uploads\/2023\/12\/H5A9721-350x230.jpg\" data-large-file=\"https:\/\/www.paudalho.pe.gov.br\/portal\/wp-content\/uploads\/2023\/12\/H5A9721-800x450.jpg\" data-id=\"30806\" src=\"https:\/\/www.paudalho.pe.gov.br\/portal\/wp-content\/uploads\/2023\/12\/H5A9721-800x450.jpg\" alt=\"\" class=\"wp-image-30806\"\/><figcaption class=\"wp-element-caption\">Cr\u00e9dito: Josu\u00e9 J\u00fanior \/ PMP<\/figcaption><\/figure>\n\n\n\n<figure class=\"wp-block-image size-large\"><img loading=\"lazy\" decoding=\"async\" width=\"800\" height=\"450\" data-attachment-id=\"30801\" data-permalink=\"https:\/\/www.paudalho.pe.gov.br\/portal\/com-a-oficina-eu-melhorei-bastante-e-ate-aluguei-em-espaco-maior-para-vender-destacou-aluna-das-oficinas-de-geracao-de-renda-na-solenidade-de-entrega-de-certificados-e-lancamento-d\/_h5a9795\/\" data-orig-file=\"https:\/\/www.paudalho.pe.gov.br\/portal\/wp-content\/uploads\/2023\/12\/H5A9795-scaled.jpg\" data-orig-size=\"2560,1707\" data-comments-opened=\"1\" data-image-meta=\"{&quot;aperture&quot;:&quot;4.5&quot;,&quot;credit&quot;:&quot;CHARLES JOHNSON&quot;,&quot;camera&quot;:&quot;Canon EOS 5D Mark IV&quot;,&quot;caption&quot;:&quot;&quot;,&quot;created_timestamp&quot;:&quot;1701513186&quot;,&quot;copyright&quot;:&quot;CHARLES JOHNSON 81 986016133&quot;,&quot;focal_length&quot;:&quot;24&quot;,&quot;iso&quot;:&quot;1000&quot;,&quot;shutter_speed&quot;:&quot;0.01&quot;,&quot;title&quot;:&quot;&quot;,&quot;orientation&quot;:&quot;1&quot;}\" data-image-title=\"_H5A9795\" data-image-description=\"\" data-image-caption=\"&lt;p&gt;Cr\u00e9dito: Josu\u00e9 J\u00fanior \/ PMP&lt;\/p&gt;\n\" data-medium-file=\"https:\/\/www.paudalho.pe.gov.br\/portal\/wp-content\/uploads\/2023\/12\/H5A9795-350x230.jpg\" data-large-file=\"https:\/\/www.paudalho.pe.gov.br\/portal\/wp-content\/uploads\/2023\/12\/H5A9795-800x450.jpg\" data-id=\"30801\" src=\"https:\/\/www.paudalho.pe.gov.br\/portal\/wp-content\/uploads\/2023\/12\/H5A9795-800x450.jpg\" alt=\"\" class=\"wp-image-30801\"\/><figcaption class=\"wp-element-caption\">Cr\u00e9dito: Josu\u00e9 J\u00fanior \/ PMP<\/figcaption><\/figure>\n\n\n\n<figure class=\"wp-block-image size-large\"><img loading=\"lazy\" decoding=\"async\" width=\"800\" height=\"450\" data-attachment-id=\"30784\" data-permalink=\"https:\/\/www.paudalho.pe.gov.br\/portal\/com-a-oficina-eu-melhorei-bastante-e-ate-aluguei-em-espaco-maior-para-vender-destacou-aluna-das-oficinas-de-geracao-de-renda-na-solenidade-de-entrega-de-certificados-e-lancamento-d\/_h5a9847\/\" data-orig-file=\"https:\/\/www.paudalho.pe.gov.br\/portal\/wp-content\/uploads\/2023\/12\/H5A9847-scaled.jpg\" data-orig-size=\"2560,1707\" data-comments-opened=\"1\" data-image-meta=\"{&quot;aperture&quot;:&quot;3.5&quot;,&quot;credit&quot;:&quot;CHARLES JOHNSON&quot;,&quot;camera&quot;:&quot;Canon EOS 5D Mark IV&quot;,&quot;caption&quot;:&quot;&quot;,&quot;created_timestamp&quot;:&quot;1701514313&quot;,&quot;copyright&quot;:&quot;CHARLES JOHNSON 81 986016133&quot;,&quot;focal_length&quot;:&quot;24&quot;,&quot;iso&quot;:&quot;1250&quot;,&quot;shutter_speed&quot;:&quot;0.00625&quot;,&quot;title&quot;:&quot;&quot;,&quot;orientation&quot;:&quot;1&quot;}\" data-image-title=\"_H5A9847\" data-image-description=\"\" data-image-caption=\"&lt;p&gt;Cr\u00e9dito: Josu\u00e9 J\u00fanior \/ PMP&lt;\/p&gt;\n\" data-medium-file=\"https:\/\/www.paudalho.pe.gov.br\/portal\/wp-content\/uploads\/2023\/12\/H5A9847-350x230.jpg\" data-large-file=\"https:\/\/www.paudalho.pe.gov.br\/portal\/wp-content\/uploads\/2023\/12\/H5A9847-800x450.jpg\" data-id=\"30784\" src=\"https:\/\/www.paudalho.pe.gov.br\/portal\/wp-content\/uploads\/2023\/12\/H5A9847-800x450.jpg\" alt=\"\" class=\"wp-image-30784\"\/><figcaption class=\"wp-element-caption\">Cr\u00e9dito: Josu\u00e9 J\u00fanior \/ PMP<\/figcaption><\/figure>\n\n\n\n<figure class=\"wp-block-image size-large\"><img loading=\"lazy\" decoding=\"async\" width=\"800\" height=\"450\" data-attachment-id=\"30785\" data-permalink=\"https:\/\/www.paudalho.pe.gov.br\/portal\/com-a-oficina-eu-melhorei-bastante-e-ate-aluguei-em-espaco-maior-para-vender-destacou-aluna-das-oficinas-de-geracao-de-renda-na-solenidade-de-entrega-de-certificados-e-lancamento-d\/_h5a9845\/\" data-orig-file=\"https:\/\/www.paudalho.pe.gov.br\/portal\/wp-content\/uploads\/2023\/12\/H5A9845-scaled.jpg\" data-orig-size=\"2560,1707\" data-comments-opened=\"1\" data-image-meta=\"{&quot;aperture&quot;:&quot;3.5&quot;,&quot;credit&quot;:&quot;CHARLES JOHNSON&quot;,&quot;camera&quot;:&quot;Canon EOS 5D Mark IV&quot;,&quot;caption&quot;:&quot;&quot;,&quot;created_timestamp&quot;:&quot;1701514305&quot;,&quot;copyright&quot;:&quot;CHARLES JOHNSON 81 986016133&quot;,&quot;focal_length&quot;:&quot;24&quot;,&quot;iso&quot;:&quot;1250&quot;,&quot;shutter_speed&quot;:&quot;0.00625&quot;,&quot;title&quot;:&quot;&quot;,&quot;orientation&quot;:&quot;1&quot;}\" data-image-title=\"_H5A9845\" data-image-description=\"\" data-image-caption=\"&lt;p&gt;Cr\u00e9dito: Josu\u00e9 J\u00fanior \/ PMP&lt;\/p&gt;\n\" data-medium-file=\"https:\/\/www.paudalho.pe.gov.br\/portal\/wp-content\/uploads\/2023\/12\/H5A9845-350x230.jpg\" data-large-file=\"https:\/\/www.paudalho.pe.gov.br\/portal\/wp-content\/uploads\/2023\/12\/H5A9845-800x450.jpg\" data-id=\"30785\" src=\"https:\/\/www.paudalho.pe.gov.br\/portal\/wp-content\/uploads\/2023\/12\/H5A9845-800x450.jpg\" alt=\"\" class=\"wp-image-30785\"\/><figcaption class=\"wp-element-caption\">Cr\u00e9dito: Josu\u00e9 J\u00fanior \/ PMP<\/figcaption><\/figure>\n\n\n\n<figure class=\"wp-block-image size-large\"><img loading=\"lazy\" decoding=\"async\" width=\"800\" height=\"450\" data-attachment-id=\"30786\" data-permalink=\"https:\/\/www.paudalho.pe.gov.br\/portal\/com-a-oficina-eu-melhorei-bastante-e-ate-aluguei-em-espaco-maior-para-vender-destacou-aluna-das-oficinas-de-geracao-de-renda-na-solenidade-de-entrega-de-certificados-e-lancamento-d\/_h5a9840\/\" data-orig-file=\"https:\/\/www.paudalho.pe.gov.br\/portal\/wp-content\/uploads\/2023\/12\/H5A9840-scaled.jpg\" data-orig-size=\"2560,1707\" data-comments-opened=\"1\" data-image-meta=\"{&quot;aperture&quot;:&quot;4.5&quot;,&quot;credit&quot;:&quot;CHARLES JOHNSON&quot;,&quot;camera&quot;:&quot;Canon EOS 5D Mark IV&quot;,&quot;caption&quot;:&quot;&quot;,&quot;created_timestamp&quot;:&quot;1701514273&quot;,&quot;copyright&quot;:&quot;CHARLES JOHNSON 81 986016133&quot;,&quot;focal_length&quot;:&quot;24&quot;,&quot;iso&quot;:&quot;1250&quot;,&quot;shutter_speed&quot;:&quot;0.00625&quot;,&quot;title&quot;:&quot;&quot;,&quot;orientation&quot;:&quot;1&quot;}\" data-image-title=\"_H5A9840\" data-image-description=\"\" data-image-caption=\"&lt;p&gt;Cr\u00e9dito: Josu\u00e9 J\u00fanior \/ PMP&lt;\/p&gt;\n\" data-medium-file=\"https:\/\/www.paudalho.pe.gov.br\/portal\/wp-content\/uploads\/2023\/12\/H5A9840-350x230.jpg\" data-large-file=\"https:\/\/www.paudalho.pe.gov.br\/portal\/wp-content\/uploads\/2023\/12\/H5A9840-800x450.jpg\" data-id=\"30786\" src=\"https:\/\/www.paudalho.pe.gov.br\/portal\/wp-content\/uploads\/2023\/12\/H5A9840-800x450.jpg\" alt=\"\" class=\"wp-image-30786\"\/><figcaption class=\"wp-element-caption\">Cr\u00e9dito: Josu\u00e9 J\u00fanior \/ PMP<\/figcaption><\/figure>\n\n\n\n<figure class=\"wp-block-image size-large\"><img loading=\"lazy\" decoding=\"async\" width=\"800\" height=\"450\" data-attachment-id=\"30804\" data-permalink=\"https:\/\/www.paudalho.pe.gov.br\/portal\/com-a-oficina-eu-melhorei-bastante-e-ate-aluguei-em-espaco-maior-para-vender-destacou-aluna-das-oficinas-de-geracao-de-renda-na-solenidade-de-entrega-de-certificados-e-lancamento-d\/_h5a9788\/\" data-orig-file=\"https:\/\/www.paudalho.pe.gov.br\/portal\/wp-content\/uploads\/2023\/12\/H5A9788-scaled.jpg\" data-orig-size=\"2560,1707\" data-comments-opened=\"1\" data-image-meta=\"{&quot;aperture&quot;:&quot;4&quot;,&quot;credit&quot;:&quot;CHARLES JOHNSON&quot;,&quot;camera&quot;:&quot;Canon EOS 5D Mark IV&quot;,&quot;caption&quot;:&quot;&quot;,&quot;created_timestamp&quot;:&quot;1701513049&quot;,&quot;copyright&quot;:&quot;CHARLES JOHNSON 81 986016133&quot;,&quot;focal_length&quot;:&quot;24&quot;,&quot;iso&quot;:&quot;1000&quot;,&quot;shutter_speed&quot;:&quot;0.01&quot;,&quot;title&quot;:&quot;&quot;,&quot;orientation&quot;:&quot;1&quot;}\" data-image-title=\"_H5A9788\" data-image-description=\"\" data-image-caption=\"&lt;p&gt;Cr\u00e9dito: Josu\u00e9 J\u00fanior \/ PMP&lt;\/p&gt;\n\" data-medium-file=\"https:\/\/www.paudalho.pe.gov.br\/portal\/wp-content\/uploads\/2023\/12\/H5A9788-350x230.jpg\" data-large-file=\"https:\/\/www.paudalho.pe.gov.br\/portal\/wp-content\/uploads\/2023\/12\/H5A9788-800x450.jpg\" data-id=\"30804\" src=\"https:\/\/www.paudalho.pe.gov.br\/portal\/wp-content\/uploads\/2023\/12\/H5A9788-800x450.jpg\" alt=\"\" class=\"wp-image-30804\"\/><figcaption class=\"wp-element-caption\">Cr\u00e9dito: Josu\u00e9 J\u00fanior \/ PMP<\/figcaption><\/figure>\n\n\n\n<figure class=\"wp-block-image size-large\"><img loading=\"lazy\" decoding=\"async\" width=\"800\" height=\"450\" data-attachment-id=\"30792\" data-permalink=\"https:\/\/www.paudalho.pe.gov.br\/portal\/com-a-oficina-eu-melhorei-bastante-e-ate-aluguei-em-espaco-maior-para-vender-destacou-aluna-das-oficinas-de-geracao-de-renda-na-solenidade-de-entrega-de-certificados-e-lancamento-d\/_h5a9817\/\" data-orig-file=\"https:\/\/www.paudalho.pe.gov.br\/portal\/wp-content\/uploads\/2023\/12\/H5A9817-scaled.jpg\" data-orig-size=\"2560,1707\" data-comments-opened=\"1\" data-image-meta=\"{&quot;aperture&quot;:&quot;3.2&quot;,&quot;credit&quot;:&quot;CHARLES JOHNSON&quot;,&quot;camera&quot;:&quot;Canon EOS 5D Mark IV&quot;,&quot;caption&quot;:&quot;&quot;,&quot;created_timestamp&quot;:&quot;1701513503&quot;,&quot;copyright&quot;:&quot;CHARLES JOHNSON 81 986016133&quot;,&quot;focal_length&quot;:&quot;24&quot;,&quot;iso&quot;:&quot;1250&quot;,&quot;shutter_speed&quot;:&quot;0.00625&quot;,&quot;title&quot;:&quot;&quot;,&quot;orientation&quot;:&quot;1&quot;}\" data-image-title=\"_H5A9817\" data-image-description=\"\" data-image-caption=\"&lt;p&gt;Cr\u00e9dito: Josu\u00e9 J\u00fanior \/ PMP&lt;\/p&gt;\n\" data-medium-file=\"https:\/\/www.paudalho.pe.gov.br\/portal\/wp-content\/uploads\/2023\/12\/H5A9817-350x230.jpg\" data-large-file=\"https:\/\/www.paudalho.pe.gov.br\/portal\/wp-content\/uploads\/2023\/12\/H5A9817-800x450.jpg\" data-id=\"30792\" src=\"https:\/\/www.paudalho.pe.gov.br\/portal\/wp-content\/uploads\/2023\/12\/H5A9817-800x450.jpg\" alt=\"\" class=\"wp-image-30792\"\/><figcaption class=\"wp-element-caption\">Cr\u00e9dito: Josu\u00e9 J\u00fanior \/ PMP<\/figcaption><\/figure>\n\n\n\n<figure class=\"wp-block-image size-large\"><img loading=\"lazy\" decoding=\"async\" width=\"800\" height=\"450\" data-attachment-id=\"30793\" data-permalink=\"https:\/\/www.paudalho.pe.gov.br\/portal\/com-a-oficina-eu-melhorei-bastante-e-ate-aluguei-em-espaco-maior-para-vender-destacou-aluna-das-oficinas-de-geracao-de-renda-na-solenidade-de-entrega-de-certificados-e-lancamento-d\/_h5a9815\/\" data-orig-file=\"https:\/\/www.paudalho.pe.gov.br\/portal\/wp-content\/uploads\/2023\/12\/H5A9815-scaled.jpg\" data-orig-size=\"2560,1707\" data-comments-opened=\"1\" data-image-meta=\"{&quot;aperture&quot;:&quot;3.2&quot;,&quot;credit&quot;:&quot;CHARLES JOHNSON&quot;,&quot;camera&quot;:&quot;Canon EOS 5D Mark IV&quot;,&quot;caption&quot;:&quot;&quot;,&quot;created_timestamp&quot;:&quot;1701513450&quot;,&quot;copyright&quot;:&quot;CHARLES JOHNSON 81 986016133&quot;,&quot;focal_length&quot;:&quot;24&quot;,&quot;iso&quot;:&quot;1000&quot;,&quot;shutter_speed&quot;:&quot;0.00625&quot;,&quot;title&quot;:&quot;&quot;,&quot;orientation&quot;:&quot;1&quot;}\" data-image-title=\"_H5A9815\" data-image-description=\"\" data-image-caption=\"&lt;p&gt;Cr\u00e9dito: Josu\u00e9 J\u00fanior \/ PMP&lt;\/p&gt;\n\" data-medium-file=\"https:\/\/www.paudalho.pe.gov.br\/portal\/wp-content\/uploads\/2023\/12\/H5A9815-350x230.jpg\" data-large-file=\"https:\/\/www.paudalho.pe.gov.br\/portal\/wp-content\/uploads\/2023\/12\/H5A9815-800x450.jpg\" data-id=\"30793\" src=\"https:\/\/www.paudalho.pe.gov.br\/portal\/wp-content\/uploads\/2023\/12\/H5A9815-800x450.jpg\" alt=\"\" class=\"wp-image-30793\"\/><figcaption class=\"wp-element-caption\">Cr\u00e9dito: Josu\u00e9 J\u00fanior \/ PMP<\/figcaption><\/figure>\n\n\n\n<figure class=\"wp-block-image size-large\"><img loading=\"lazy\" decoding=\"async\" width=\"800\" height=\"450\" data-attachment-id=\"30794\" data-permalink=\"https:\/\/www.paudalho.pe.gov.br\/portal\/com-a-oficina-eu-melhorei-bastante-e-ate-aluguei-em-espaco-maior-para-vender-destacou-aluna-das-oficinas-de-geracao-de-renda-na-solenidade-de-entrega-de-certificados-e-lancamento-d\/_h5a9812\/\" data-orig-file=\"https:\/\/www.paudalho.pe.gov.br\/portal\/wp-content\/uploads\/2023\/12\/H5A9812-scaled.jpg\" data-orig-size=\"2560,1707\" data-comments-opened=\"1\" data-image-meta=\"{&quot;aperture&quot;:&quot;3.2&quot;,&quot;credit&quot;:&quot;CHARLES JOHNSON&quot;,&quot;camera&quot;:&quot;Canon EOS 5D Mark IV&quot;,&quot;caption&quot;:&quot;&quot;,&quot;created_timestamp&quot;:&quot;1701513401&quot;,&quot;copyright&quot;:&quot;CHARLES JOHNSON 81 986016133&quot;,&quot;focal_length&quot;:&quot;24&quot;,&quot;iso&quot;:&quot;1000&quot;,&quot;shutter_speed&quot;:&quot;0.01&quot;,&quot;title&quot;:&quot;&quot;,&quot;orientation&quot;:&quot;1&quot;}\" data-image-title=\"_H5A9812\" data-image-description=\"\" data-image-caption=\"&lt;p&gt;Cr\u00e9dito: Josu\u00e9 J\u00fanior \/ PMP&lt;\/p&gt;\n\" data-medium-file=\"https:\/\/www.paudalho.pe.gov.br\/portal\/wp-content\/uploads\/2023\/12\/H5A9812-350x230.jpg\" data-large-file=\"https:\/\/www.paudalho.pe.gov.br\/portal\/wp-content\/uploads\/2023\/12\/H5A9812-800x450.jpg\" data-id=\"30794\" src=\"https:\/\/www.paudalho.pe.gov.br\/portal\/wp-content\/uploads\/2023\/12\/H5A9812-800x450.jpg\" alt=\"\" class=\"wp-image-30794\"\/><figcaption class=\"wp-element-caption\">Cr\u00e9dito: Josu\u00e9 J\u00fanior \/ PMP<\/figcaption><\/figure>\n\n\n\n<figure class=\"wp-block-image size-large\"><img loading=\"lazy\" decoding=\"async\" width=\"800\" height=\"450\" data-attachment-id=\"30795\" data-permalink=\"https:\/\/www.paudalho.pe.gov.br\/portal\/com-a-oficina-eu-melhorei-bastante-e-ate-aluguei-em-espaco-maior-para-vender-destacou-aluna-das-oficinas-de-geracao-de-renda-na-solenidade-de-entrega-de-certificados-e-lancamento-d\/_h5a9809\/\" data-orig-file=\"https:\/\/www.paudalho.pe.gov.br\/portal\/wp-content\/uploads\/2023\/12\/H5A9809-scaled.jpg\" data-orig-size=\"2560,1707\" data-comments-opened=\"1\" data-image-meta=\"{&quot;aperture&quot;:&quot;3.2&quot;,&quot;credit&quot;:&quot;CHARLES JOHNSON&quot;,&quot;camera&quot;:&quot;Canon EOS 5D Mark IV&quot;,&quot;caption&quot;:&quot;&quot;,&quot;created_timestamp&quot;:&quot;1701513327&quot;,&quot;copyright&quot;:&quot;CHARLES JOHNSON 81 986016133&quot;,&quot;focal_length&quot;:&quot;24&quot;,&quot;iso&quot;:&quot;1000&quot;,&quot;shutter_speed&quot;:&quot;0.01&quot;,&quot;title&quot;:&quot;&quot;,&quot;orientation&quot;:&quot;1&quot;}\" data-image-title=\"_H5A9809\" data-image-description=\"\" data-image-caption=\"&lt;p&gt;Cr\u00e9dito: Josu\u00e9 J\u00fanior \/ PMP&lt;\/p&gt;\n\" data-medium-file=\"https:\/\/www.paudalho.pe.gov.br\/portal\/wp-content\/uploads\/2023\/12\/H5A9809-350x230.jpg\" data-large-file=\"https:\/\/www.paudalho.pe.gov.br\/portal\/wp-content\/uploads\/2023\/12\/H5A9809-800x450.jpg\" data-id=\"30795\" src=\"https:\/\/www.paudalho.pe.gov.br\/portal\/wp-content\/uploads\/2023\/12\/H5A9809-800x450.jpg\" alt=\"\" class=\"wp-image-30795\"\/><figcaption class=\"wp-element-caption\">Cr\u00e9dito: Josu\u00e9 J\u00fanior \/ PMP<\/figcaption><\/figure>\n\n\n\n<figure class=\"wp-block-image size-large\"><img loading=\"lazy\" decoding=\"async\" width=\"800\" height=\"450\" data-attachment-id=\"30796\" data-permalink=\"https:\/\/www.paudalho.pe.gov.br\/portal\/com-a-oficina-eu-melhorei-bastante-e-ate-aluguei-em-espaco-maior-para-vender-destacou-aluna-das-oficinas-de-geracao-de-renda-na-solenidade-de-entrega-de-certificados-e-lancamento-d\/_h5a9805-1\/\" data-orig-file=\"https:\/\/www.paudalho.pe.gov.br\/portal\/wp-content\/uploads\/2023\/12\/H5A9805-1-scaled.jpg\" data-orig-size=\"2560,1707\" data-comments-opened=\"1\" data-image-meta=\"{&quot;aperture&quot;:&quot;3.5&quot;,&quot;credit&quot;:&quot;CHARLES JOHNSON&quot;,&quot;camera&quot;:&quot;Canon EOS 5D Mark IV&quot;,&quot;caption&quot;:&quot;&quot;,&quot;created_timestamp&quot;:&quot;1701513280&quot;,&quot;copyright&quot;:&quot;CHARLES JOHNSON 81 986016133&quot;,&quot;focal_length&quot;:&quot;24&quot;,&quot;iso&quot;:&quot;1000&quot;,&quot;shutter_speed&quot;:&quot;0.01&quot;,&quot;title&quot;:&quot;&quot;,&quot;orientation&quot;:&quot;1&quot;}\" data-image-title=\"_H5A9805 (1)\" data-image-description=\"\" data-image-caption=\"&lt;p&gt;Cr\u00e9dito: Josu\u00e9 J\u00fanior \/ PMP&lt;\/p&gt;\n\" data-medium-file=\"https:\/\/www.paudalho.pe.gov.br\/portal\/wp-content\/uploads\/2023\/12\/H5A9805-1-350x230.jpg\" data-large-file=\"https:\/\/www.paudalho.pe.gov.br\/portal\/wp-content\/uploads\/2023\/12\/H5A9805-1-800x450.jpg\" data-id=\"30796\" src=\"https:\/\/www.paudalho.pe.gov.br\/portal\/wp-content\/uploads\/2023\/12\/H5A9805-1-800x450.jpg\" alt=\"\" class=\"wp-image-30796\"\/><figcaption class=\"wp-element-caption\">Cr\u00e9dito: Josu\u00e9 J\u00fanior \/ PMP<\/figcaption><\/figure>\n\n\n\n<figure class=\"wp-block-image size-large\"><img loading=\"lazy\" decoding=\"async\" width=\"800\" height=\"450\" data-attachment-id=\"30797\" data-permalink=\"https:\/\/www.paudalho.pe.gov.br\/portal\/com-a-oficina-eu-melhorei-bastante-e-ate-aluguei-em-espaco-maior-para-vender-destacou-aluna-das-oficinas-de-geracao-de-renda-na-solenidade-de-entrega-de-certificados-e-lancamento-d\/_h5a9805\/\" data-orig-file=\"https:\/\/www.paudalho.pe.gov.br\/portal\/wp-content\/uploads\/2023\/12\/H5A9805-scaled.jpg\" data-orig-size=\"2560,1707\" data-comments-opened=\"1\" data-image-meta=\"{&quot;aperture&quot;:&quot;3.5&quot;,&quot;credit&quot;:&quot;CHARLES JOHNSON&quot;,&quot;camera&quot;:&quot;Canon EOS 5D Mark IV&quot;,&quot;caption&quot;:&quot;&quot;,&quot;created_timestamp&quot;:&quot;1701513280&quot;,&quot;copyright&quot;:&quot;CHARLES JOHNSON 81 986016133&quot;,&quot;focal_length&quot;:&quot;24&quot;,&quot;iso&quot;:&quot;1000&quot;,&quot;shutter_speed&quot;:&quot;0.01&quot;,&quot;title&quot;:&quot;&quot;,&quot;orientation&quot;:&quot;1&quot;}\" data-image-title=\"_H5A9805\" data-image-description=\"\" data-image-caption=\"&lt;p&gt;Cr\u00e9dito: Josu\u00e9 J\u00fanior \/ PMP&lt;\/p&gt;\n\" data-medium-file=\"https:\/\/www.paudalho.pe.gov.br\/portal\/wp-content\/uploads\/2023\/12\/H5A9805-350x230.jpg\" data-large-file=\"https:\/\/www.paudalho.pe.gov.br\/portal\/wp-content\/uploads\/2023\/12\/H5A9805-800x450.jpg\" data-id=\"30797\" src=\"https:\/\/www.paudalho.pe.gov.br\/portal\/wp-content\/uploads\/2023\/12\/H5A9805-800x450.jpg\" alt=\"\" class=\"wp-image-30797\"\/><figcaption class=\"wp-element-caption\">Cr\u00e9dito: Josu\u00e9 J\u00fanior \/ PMP<\/figcaption><\/figure>\n\n\n\n<figure class=\"wp-block-image size-large\"><img loading=\"lazy\" decoding=\"async\" width=\"800\" height=\"450\" data-attachment-id=\"30798\" data-permalink=\"https:\/\/www.paudalho.pe.gov.br\/portal\/com-a-oficina-eu-melhorei-bastante-e-ate-aluguei-em-espaco-maior-para-vender-destacou-aluna-das-oficinas-de-geracao-de-renda-na-solenidade-de-entrega-de-certificados-e-lancamento-d\/_h5a9804-3\/\" data-orig-file=\"https:\/\/www.paudalho.pe.gov.br\/portal\/wp-content\/uploads\/2023\/12\/H5A9804-scaled.jpg\" data-orig-size=\"2560,1707\" data-comments-opened=\"1\" data-image-meta=\"{&quot;aperture&quot;:&quot;3.5&quot;,&quot;credit&quot;:&quot;CHARLES JOHNSON&quot;,&quot;camera&quot;:&quot;Canon EOS 5D Mark IV&quot;,&quot;caption&quot;:&quot;&quot;,&quot;created_timestamp&quot;:&quot;1701513238&quot;,&quot;copyright&quot;:&quot;CHARLES JOHNSON 81 986016133&quot;,&quot;focal_length&quot;:&quot;24&quot;,&quot;iso&quot;:&quot;1000&quot;,&quot;shutter_speed&quot;:&quot;0.01&quot;,&quot;title&quot;:&quot;&quot;,&quot;orientation&quot;:&quot;1&quot;}\" data-image-title=\"_H5A9804\" data-image-description=\"\" data-image-caption=\"&lt;p&gt;Cr\u00e9dito: Josu\u00e9 J\u00fanior \/ PMP&lt;\/p&gt;\n\" data-medium-file=\"https:\/\/www.paudalho.pe.gov.br\/portal\/wp-content\/uploads\/2023\/12\/H5A9804-350x230.jpg\" data-large-file=\"https:\/\/www.paudalho.pe.gov.br\/portal\/wp-content\/uploads\/2023\/12\/H5A9804-800x450.jpg\" data-id=\"30798\" src=\"https:\/\/www.paudalho.pe.gov.br\/portal\/wp-content\/uploads\/2023\/12\/H5A9804-800x450.jpg\" alt=\"\" class=\"wp-image-30798\"\/><figcaption class=\"wp-element-caption\">Cr\u00e9dito: Josu\u00e9 J\u00fanior \/ PMP<\/figcaption><\/figure>\n\n\n\n<figure class=\"wp-block-image size-large\"><img loading=\"lazy\" decoding=\"async\" width=\"800\" height=\"450\" data-attachment-id=\"30802\" data-permalink=\"https:\/\/www.paudalho.pe.gov.br\/portal\/com-a-oficina-eu-melhorei-bastante-e-ate-aluguei-em-espaco-maior-para-vender-destacou-aluna-das-oficinas-de-geracao-de-renda-na-solenidade-de-entrega-de-certificados-e-lancamento-d\/_h5a9793\/\" data-orig-file=\"https:\/\/www.paudalho.pe.gov.br\/portal\/wp-content\/uploads\/2023\/12\/H5A9793-scaled.jpg\" data-orig-size=\"2560,1707\" data-comments-opened=\"1\" data-image-meta=\"{&quot;aperture&quot;:&quot;4.5&quot;,&quot;credit&quot;:&quot;CHARLES JOHNSON&quot;,&quot;camera&quot;:&quot;Canon EOS 5D Mark IV&quot;,&quot;caption&quot;:&quot;&quot;,&quot;created_timestamp&quot;:&quot;1701513141&quot;,&quot;copyright&quot;:&quot;CHARLES JOHNSON 81 986016133&quot;,&quot;focal_length&quot;:&quot;24&quot;,&quot;iso&quot;:&quot;1000&quot;,&quot;shutter_speed&quot;:&quot;0.01&quot;,&quot;title&quot;:&quot;&quot;,&quot;orientation&quot;:&quot;1&quot;}\" data-image-title=\"_H5A9793\" data-image-description=\"\" data-image-caption=\"&lt;p&gt;Cr\u00e9dito: Josu\u00e9 J\u00fanior \/ PMP&lt;\/p&gt;\n\" data-medium-file=\"https:\/\/www.paudalho.pe.gov.br\/portal\/wp-content\/uploads\/2023\/12\/H5A9793-350x230.jpg\" data-large-file=\"https:\/\/www.paudalho.pe.gov.br\/portal\/wp-content\/uploads\/2023\/12\/H5A9793-800x450.jpg\" data-id=\"30802\" src=\"https:\/\/www.paudalho.pe.gov.br\/portal\/wp-content\/uploads\/2023\/12\/H5A9793-800x450.jpg\" alt=\"\" class=\"wp-image-30802\"\/><figcaption class=\"wp-element-caption\">Cr\u00e9dito: Josu\u00e9 J\u00fanior \/ PMP<\/figcaption><\/figure>\n\n\n\n<figure class=\"wp-block-image size-large\"><img loading=\"lazy\" decoding=\"async\" width=\"800\" height=\"450\" data-attachment-id=\"30803\" data-permalink=\"https:\/\/www.paudalho.pe.gov.br\/portal\/com-a-oficina-eu-melhorei-bastante-e-ate-aluguei-em-espaco-maior-para-vender-destacou-aluna-das-oficinas-de-geracao-de-renda-na-solenidade-de-entrega-de-certificados-e-lancamento-d\/_h5a9791\/\" data-orig-file=\"https:\/\/www.paudalho.pe.gov.br\/portal\/wp-content\/uploads\/2023\/12\/H5A9791-scaled.jpg\" data-orig-size=\"2560,1707\" data-comments-opened=\"1\" data-image-meta=\"{&quot;aperture&quot;:&quot;4.5&quot;,&quot;credit&quot;:&quot;CHARLES JOHNSON&quot;,&quot;camera&quot;:&quot;Canon EOS 5D Mark IV&quot;,&quot;caption&quot;:&quot;&quot;,&quot;created_timestamp&quot;:&quot;1701513100&quot;,&quot;copyright&quot;:&quot;CHARLES JOHNSON 81 986016133&quot;,&quot;focal_length&quot;:&quot;24&quot;,&quot;iso&quot;:&quot;1000&quot;,&quot;shutter_speed&quot;:&quot;0.01&quot;,&quot;title&quot;:&quot;&quot;,&quot;orientation&quot;:&quot;1&quot;}\" data-image-title=\"_H5A9791\" data-image-description=\"\" data-image-caption=\"&lt;p&gt;Cr\u00e9dito: Josu\u00e9 J\u00fanior \/ PMP&lt;\/p&gt;\n\" data-medium-file=\"https:\/\/www.paudalho.pe.gov.br\/portal\/wp-content\/uploads\/2023\/12\/H5A9791-350x230.jpg\" data-large-file=\"https:\/\/www.paudalho.pe.gov.br\/portal\/wp-content\/uploads\/2023\/12\/H5A9791-800x450.jpg\" data-id=\"30803\" src=\"https:\/\/www.paudalho.pe.gov.br\/portal\/wp-content\/uploads\/2023\/12\/H5A9791-800x450.jpg\" alt=\"\" class=\"wp-image-30803\"\/><figcaption class=\"wp-element-caption\">Cr\u00e9dito: Josu\u00e9 J\u00fanior \/ PMP<\/figcaption><\/figure>\n\n\n\n<figure class=\"wp-block-image size-large\"><img loading=\"lazy\" decoding=\"async\" width=\"800\" height=\"450\" data-attachment-id=\"30782\" data-permalink=\"https:\/\/www.paudalho.pe.gov.br\/portal\/com-a-oficina-eu-melhorei-bastante-e-ate-aluguei-em-espaco-maior-para-vender-destacou-aluna-das-oficinas-de-geracao-de-renda-na-solenidade-de-entrega-de-certificados-e-lancamento-d\/_h5a9769\/\" data-orig-file=\"https:\/\/www.paudalho.pe.gov.br\/portal\/wp-content\/uploads\/2023\/12\/H5A9769-scaled.jpg\" data-orig-size=\"2560,1707\" data-comments-opened=\"1\" data-image-meta=\"{&quot;aperture&quot;:&quot;4&quot;,&quot;credit&quot;:&quot;CHARLES JOHNSON&quot;,&quot;camera&quot;:&quot;Canon EOS 5D Mark IV&quot;,&quot;caption&quot;:&quot;&quot;,&quot;created_timestamp&quot;:&quot;1701512742&quot;,&quot;copyright&quot;:&quot;CHARLES JOHNSON 81 986016133&quot;,&quot;focal_length&quot;:&quot;85&quot;,&quot;iso&quot;:&quot;1000&quot;,&quot;shutter_speed&quot;:&quot;0.01&quot;,&quot;title&quot;:&quot;&quot;,&quot;orientation&quot;:&quot;1&quot;}\" data-image-title=\"_H5A9769\" data-image-description=\"\" data-image-caption=\"&lt;p&gt;Cr\u00e9dito: Josu\u00e9 J\u00fanior \/ PMP&lt;\/p&gt;\n\" data-medium-file=\"https:\/\/www.paudalho.pe.gov.br\/portal\/wp-content\/uploads\/2023\/12\/H5A9769-350x230.jpg\" data-large-file=\"https:\/\/www.paudalho.pe.gov.br\/portal\/wp-content\/uploads\/2023\/12\/H5A9769-800x450.jpg\" data-id=\"30782\" src=\"https:\/\/www.paudalho.pe.gov.br\/portal\/wp-content\/uploads\/2023\/12\/H5A9769-800x450.jpg\" alt=\"\" class=\"wp-image-30782\"\/><figcaption class=\"wp-element-caption\">Cr\u00e9dito: Josu\u00e9 J\u00fanior \/ PMP<\/figcaption><\/figure>\n\n\n\n<figure class=\"wp-block-image size-large\"><img loading=\"lazy\" decoding=\"async\" width=\"800\" height=\"450\" data-attachment-id=\"30783\" data-permalink=\"https:\/\/www.paudalho.pe.gov.br\/portal\/com-a-oficina-eu-melhorei-bastante-e-ate-aluguei-em-espaco-maior-para-vender-destacou-aluna-das-oficinas-de-geracao-de-renda-na-solenidade-de-entrega-de-certificados-e-lancamento-d\/_h5a9750\/\" data-orig-file=\"https:\/\/www.paudalho.pe.gov.br\/portal\/wp-content\/uploads\/2023\/12\/H5A9750-scaled.jpg\" data-orig-size=\"2560,1707\" data-comments-opened=\"1\" data-image-meta=\"{&quot;aperture&quot;:&quot;5&quot;,&quot;credit&quot;:&quot;CHARLES JOHNSON&quot;,&quot;camera&quot;:&quot;Canon EOS 5D Mark IV&quot;,&quot;caption&quot;:&quot;&quot;,&quot;created_timestamp&quot;:&quot;1701512572&quot;,&quot;copyright&quot;:&quot;CHARLES JOHNSON 81 986016133&quot;,&quot;focal_length&quot;:&quot;85&quot;,&quot;iso&quot;:&quot;1000&quot;,&quot;shutter_speed&quot;:&quot;0.01&quot;,&quot;title&quot;:&quot;&quot;,&quot;orientation&quot;:&quot;1&quot;}\" data-image-title=\"_H5A9750\" data-image-description=\"\" data-image-caption=\"&lt;p&gt;Cr\u00e9dito: Josu\u00e9 J\u00fanior \/ PMP&lt;\/p&gt;\n\" data-medium-file=\"https:\/\/www.paudalho.pe.gov.br\/portal\/wp-content\/uploads\/2023\/12\/H5A9750-350x230.jpg\" data-large-file=\"https:\/\/www.paudalho.pe.gov.br\/portal\/wp-content\/uploads\/2023\/12\/H5A9750-800x450.jpg\" data-id=\"30783\" src=\"https:\/\/www.paudalho.pe.gov.br\/portal\/wp-content\/uploads\/2023\/12\/H5A9750-800x450.jpg\" alt=\"\" class=\"wp-image-30783\"\/><figcaption class=\"wp-element-caption\">Cr\u00e9dito: Josu\u00e9 J\u00fanior \/ PMP<\/figcaption><\/figure>\n\n\n\n<figure class=\"wp-block-image size-large\"><img loading=\"lazy\" decoding=\"async\" width=\"800\" height=\"450\" data-attachment-id=\"30807\" data-permalink=\"https:\/\/www.paudalho.pe.gov.br\/portal\/com-a-oficina-eu-melhorei-bastante-e-ate-aluguei-em-espaco-maior-para-vender-destacou-aluna-das-oficinas-de-geracao-de-renda-na-solenidade-de-entrega-de-certificados-e-lancamento-d\/_h5a9720\/\" data-orig-file=\"https:\/\/www.paudalho.pe.gov.br\/portal\/wp-content\/uploads\/2023\/12\/H5A9720-scaled.jpg\" data-orig-size=\"2560,1707\" data-comments-opened=\"1\" data-image-meta=\"{&quot;aperture&quot;:&quot;4&quot;,&quot;credit&quot;:&quot;CHARLES JOHNSON&quot;,&quot;camera&quot;:&quot;Canon EOS 5D Mark IV&quot;,&quot;caption&quot;:&quot;&quot;,&quot;created_timestamp&quot;:&quot;1701512346&quot;,&quot;copyright&quot;:&quot;CHARLES JOHNSON 81 986016133&quot;,&quot;focal_length&quot;:&quot;85&quot;,&quot;iso&quot;:&quot;1000&quot;,&quot;shutter_speed&quot;:&quot;0.01&quot;,&quot;title&quot;:&quot;&quot;,&quot;orientation&quot;:&quot;1&quot;}\" data-image-title=\"_H5A9720\" data-image-description=\"\" data-image-caption=\"&lt;p&gt;Cr\u00e9dito: Josu\u00e9 J\u00fanior \/ PMP&lt;\/p&gt;\n\" data-medium-file=\"https:\/\/www.paudalho.pe.gov.br\/portal\/wp-content\/uploads\/2023\/12\/H5A9720-350x230.jpg\" data-large-file=\"https:\/\/www.paudalho.pe.gov.br\/portal\/wp-content\/uploads\/2023\/12\/H5A9720-800x450.jpg\" data-id=\"30807\" src=\"https:\/\/www.paudalho.pe.gov.br\/portal\/wp-content\/uploads\/2023\/12\/H5A9720-800x450.jpg\" alt=\"\" class=\"wp-image-30807\"\/><figcaption class=\"wp-element-caption\">Cr\u00e9dito: Josu\u00e9 J\u00fanior \/ PMP<\/figcaption><\/figure>\n\n\n\n<figure class=\"wp-block-image size-large\"><img loading=\"lazy\" decoding=\"async\" width=\"800\" height=\"450\" data-attachment-id=\"30808\" data-permalink=\"https:\/\/www.paudalho.pe.gov.br\/portal\/com-a-oficina-eu-melhorei-bastante-e-ate-aluguei-em-espaco-maior-para-vender-destacou-aluna-das-oficinas-de-geracao-de-renda-na-solenidade-de-entrega-de-certificados-e-lancamento-d\/_h5a9715\/\" data-orig-file=\"https:\/\/www.paudalho.pe.gov.br\/portal\/wp-content\/uploads\/2023\/12\/H5A9715-scaled.jpg\" data-orig-size=\"2560,1707\" data-comments-opened=\"1\" data-image-meta=\"{&quot;aperture&quot;:&quot;4.5&quot;,&quot;credit&quot;:&quot;CHARLES JOHNSON&quot;,&quot;camera&quot;:&quot;Canon EOS 5D Mark IV&quot;,&quot;caption&quot;:&quot;&quot;,&quot;created_timestamp&quot;:&quot;1701512237&quot;,&quot;copyright&quot;:&quot;CHARLES JOHNSON 81 986016133&quot;,&quot;focal_length&quot;:&quot;85&quot;,&quot;iso&quot;:&quot;1000&quot;,&quot;shutter_speed&quot;:&quot;0.01&quot;,&quot;title&quot;:&quot;&quot;,&quot;orientation&quot;:&quot;1&quot;}\" data-image-title=\"_H5A9715\" data-image-description=\"\" data-image-caption=\"&lt;p&gt;Cr\u00e9dito: Josu\u00e9 J\u00fanior \/ PMP&lt;\/p&gt;\n\" data-medium-file=\"https:\/\/www.paudalho.pe.gov.br\/portal\/wp-content\/uploads\/2023\/12\/H5A9715-350x230.jpg\" data-large-file=\"https:\/\/www.paudalho.pe.gov.br\/portal\/wp-content\/uploads\/2023\/12\/H5A9715-800x450.jpg\" data-id=\"30808\" src=\"https:\/\/www.paudalho.pe.gov.br\/portal\/wp-content\/uploads\/2023\/12\/H5A9715-800x450.jpg\" alt=\"\" class=\"wp-image-30808\"\/><figcaption class=\"wp-element-caption\">Cr\u00e9dito: Josu\u00e9 J\u00fanior \/ PMP<\/figcaption><\/figure>\n\n\n\n<figure class=\"wp-block-image size-large\"><img loading=\"lazy\" decoding=\"async\" width=\"800\" height=\"450\" data-attachment-id=\"30809\" data-permalink=\"https:\/\/www.paudalho.pe.gov.br\/portal\/com-a-oficina-eu-melhorei-bastante-e-ate-aluguei-em-espaco-maior-para-vender-destacou-aluna-das-oficinas-de-geracao-de-renda-na-solenidade-de-entrega-de-certificados-e-lancamento-d\/_h5a9714\/\" data-orig-file=\"https:\/\/www.paudalho.pe.gov.br\/portal\/wp-content\/uploads\/2023\/12\/H5A9714-scaled.jpg\" data-orig-size=\"2560,1707\" data-comments-opened=\"1\" data-image-meta=\"{&quot;aperture&quot;:&quot;4.5&quot;,&quot;credit&quot;:&quot;CHARLES JOHNSON&quot;,&quot;camera&quot;:&quot;Canon EOS 5D Mark IV&quot;,&quot;caption&quot;:&quot;&quot;,&quot;created_timestamp&quot;:&quot;1701512182&quot;,&quot;copyright&quot;:&quot;CHARLES JOHNSON 81 986016133&quot;,&quot;focal_length&quot;:&quot;85&quot;,&quot;iso&quot;:&quot;1000&quot;,&quot;shutter_speed&quot;:&quot;0.01&quot;,&quot;title&quot;:&quot;&quot;,&quot;orientation&quot;:&quot;1&quot;}\" data-image-title=\"_H5A9714\" data-image-description=\"\" data-image-caption=\"&lt;p&gt;Cr\u00e9dito: Josu\u00e9 J\u00fanior \/ PMP&lt;\/p&gt;\n\" data-medium-file=\"https:\/\/www.paudalho.pe.gov.br\/portal\/wp-content\/uploads\/2023\/12\/H5A9714-350x230.jpg\" data-large-file=\"https:\/\/www.paudalho.pe.gov.br\/portal\/wp-content\/uploads\/2023\/12\/H5A9714-800x450.jpg\" data-id=\"30809\" src=\"https:\/\/www.paudalho.pe.gov.br\/portal\/wp-content\/uploads\/2023\/12\/H5A9714-800x450.jpg\" alt=\"\" class=\"wp-image-30809\"\/><figcaption class=\"wp-element-caption\">Cr\u00e9dito: Josu\u00e9 J\u00fanior \/ PMP<\/figcaption><\/figure>\n\n\n\n<figure class=\"wp-block-image size-large\"><img loading=\"lazy\" decoding=\"async\" width=\"800\" height=\"450\" data-attachment-id=\"30788\" data-permalink=\"https:\/\/www.paudalho.pe.gov.br\/portal\/com-a-oficina-eu-melhorei-bastante-e-ate-aluguei-em-espaco-maior-para-vender-destacou-aluna-das-oficinas-de-geracao-de-renda-na-solenidade-de-entrega-de-certificados-e-lancamento-d\/_h5a9837\/\" data-orig-file=\"https:\/\/www.paudalho.pe.gov.br\/portal\/wp-content\/uploads\/2023\/12\/H5A9837-scaled.jpg\" data-orig-size=\"2560,1707\" data-comments-opened=\"1\" data-image-meta=\"{&quot;aperture&quot;:&quot;3.2&quot;,&quot;credit&quot;:&quot;CHARLES JOHNSON&quot;,&quot;camera&quot;:&quot;Canon EOS 5D Mark IV&quot;,&quot;caption&quot;:&quot;&quot;,&quot;created_timestamp&quot;:&quot;1701514207&quot;,&quot;copyright&quot;:&quot;CHARLES JOHNSON 81 986016133&quot;,&quot;focal_length&quot;:&quot;24&quot;,&quot;iso&quot;:&quot;1250&quot;,&quot;shutter_speed&quot;:&quot;0.00625&quot;,&quot;title&quot;:&quot;&quot;,&quot;orientation&quot;:&quot;1&quot;}\" data-image-title=\"_H5A9837\" data-image-description=\"\" data-image-caption=\"&lt;p&gt;Cr\u00e9dito: Josu\u00e9 J\u00fanior \/ PMP&lt;\/p&gt;\n\" data-medium-file=\"https:\/\/www.paudalho.pe.gov.br\/portal\/wp-content\/uploads\/2023\/12\/H5A9837-350x230.jpg\" data-large-file=\"https:\/\/www.paudalho.pe.gov.br\/portal\/wp-content\/uploads\/2023\/12\/H5A9837-800x450.jpg\" data-id=\"30788\" src=\"https:\/\/www.paudalho.pe.gov.br\/portal\/wp-content\/uploads\/2023\/12\/H5A9837-800x450.jpg\" alt=\"\" class=\"wp-image-30788\"\/><figcaption class=\"wp-element-caption\">Cr\u00e9dito: Josu\u00e9 J\u00fanior \/ PMP<\/figcaption><\/figure>\n<\/figure>\n","protected":false},"excerpt":{"rendered":"<p>A Prefeitura do Paudalho, atrav\u00e9s da Secretaria de Desenvolvimento e Assist\u00eancia Social (Sedas), realizou no dia 2 de dezembro, a Solenidade de Entrega de Certificados das Primeiras Turmas das Oficinas de Gera\u00e7\u00e3o de Renda do munic\u00edpio e o lan\u00e7amento do Programa de Concess\u00e3o de Cestas B\u00e1sicas do Munic\u00edpio.&nbsp; Com apresenta\u00e7\u00e3o cultural da ciranda do grupo [&hellip;]<\/p>\n","protected":false},"author":10,"featured_media":30780,"comment_status":"open","ping_status":"open","sticky":false,"template":"","format":"standard","meta":{"_jetpack_newsletter_access":"","_jetpack_dont_email_post_to_subs":false,"_jetpack_newsletter_tier_id":0,"_jetpack_memberships_contains_paywalled_content":false,"_jetpack_memberships_contains_paid_content":false,"footnotes":""},"categories":[850,2,1],"tags":[1305,1306,1301,1302,14,22,1303,1304,124],"class_list":["post-30769","post","type-post","status-publish","format-standard","has-post-thumbnail","hentry","category-assistencia-social","category-destaque","category-noticias","tag-cestas-basicas","tag-cestas-basicas-paudalho","tag-oficinas-de-geracao-de-renda","tag-oficinas-de-geracao-de-renda-de-paudalho","tag-paudalho","tag-prefeitura-do-paudalho","tag-programa-de-concessao-de-cestas-basicas","tag-programa-de-concessao-de-cestas-basicas-de-paudalho","tag-secretaria-de-desenvolvimento-e-assistencia-social"],"jetpack_featured_media_url":"https:\/\/www.paudalho.pe.gov.br\/portal\/wp-content\/uploads\/2023\/12\/H5A9684-scaled.jpg","jetpack_sharing_enabled":true,"jetpack_shortlink":"https:\/\/wp.me\/p98mS2-80h","_links":{"self":[{"href":"https:\/\/www.paudalho.pe.gov.br\/portal\/wp-json\/wp\/v2\/posts\/30769","targetHints":{"allow":["GET"]}}],"collection":[{"href":"https:\/\/www.paudalho.pe.gov.br\/portal\/wp-json\/wp\/v2\/posts"}],"about":[{"href":"https:\/\/www.paudalho.pe.gov.br\/portal\/wp-json\/wp\/v2\/types\/post"}],"author":[{"embeddable":true,"href":"https:\/\/www.paudalho.pe.gov.br\/portal\/wp-json\/wp\/v2\/users\/10"}],"replies":[{"embeddable":true,"href":"https:\/\/www.paudalho.pe.gov.br\/portal\/wp-json\/wp\/v2\/comments?post=30769"}],"version-history":[{"count":4,"href":"https:\/\/www.paudalho.pe.gov.br\/portal\/wp-json\/wp\/v2\/posts\/30769\/revisions"}],"predecessor-version":[{"id":31058,"href":"https:\/\/www.paudalho.pe.gov.br\/portal\/wp-json\/wp\/v2\/posts\/30769\/revisions\/31058"}],"wp:featuredmedia":[{"embeddable":true,"href":"https:\/\/www.paudalho.pe.gov.br\/portal\/wp-json\/wp\/v2\/media\/30780"}],"wp:attachment":[{"href":"https:\/\/www.paudalho.pe.gov.br\/portal\/wp-json\/wp\/v2\/media?parent=30769"}],"wp:term":[{"taxonomy":"category","embeddable":true,"href":"https:\/\/www.paudalho.pe.gov.br\/portal\/wp-json\/wp\/v2\/categories?post=30769"},{"taxonomy":"post_tag","embeddable":true,"href":"https:\/\/www.paudalho.pe.gov.br\/portal\/wp-json\/wp\/v2\/tags?post=30769"}],"curies":[{"name":"wp","href":"https:\/\/api.w.org\/{rel}","templated":true}]}}