{"id":30718,"date":"2023-12-08T12:11:45","date_gmt":"2023-12-08T15:11:45","guid":{"rendered":"https:\/\/www.paudalho.pe.gov.br\/portal\/?p=30718"},"modified":"2025-01-08T00:38:22","modified_gmt":"2025-01-08T03:38:22","slug":"sim-no-altar-paudalho-realiza-casamento-comunitario-2023-para-mais-de-30-casais","status":"publish","type":"post","link":"https:\/\/www.paudalho.pe.gov.br\/portal\/sim-no-altar-paudalho-realiza-casamento-comunitario-2023-para-mais-de-30-casais\/","title":{"rendered":"\u2018Sim\u2019 no altar: Paudalho realiza Casamento Comunit\u00e1rio 2023 para mais de 30 casais"},"content":{"rendered":"\n<p>&#8220;Foi inesquec\u00edvel saber que naquele momento estar\u00edamos nos unindo para sempre!&#8221;, destacou Ver\u00f4nica Josefa, 38 anos, uma das noivas do Casamento Comunit\u00e1rio realizado pela Prefeitura de Paudalho, atrav\u00e9s da Secretaria de Desenvolvimento e Assist\u00eancia Social (Sedas).<\/p>\n\n\n\n<p>O \u201csim\u201d dos nubentes ocorreu na manh\u00e3 da \u00faltima sexta-feira (1\u00ba), no sal\u00e3o paroquial da Igreja Matriz Divino Esp\u00edrito Santo, em uma estrutura com direito a decora\u00e7\u00e3o com flores, bolo, buffet, m\u00fasica e marcha nupcial ao som do saxofone ao vivo. Diante do juiz de direito, Guilherme Arzani, do Cart\u00f3rio do Registro Civil das Pessoas Naturais de Paudalho, de autoridades locais e dos convidados, os casais mudaram o status de solteiros para casados em uma cerim\u00f4nia repleta de emo\u00e7\u00e3o.<\/p>\n\n\n\n<p>&#8220;N\u00f3s j\u00e1 viv\u00edamos juntos h\u00e1 sete anos e, para n\u00f3s, foi uma \u00f3tima oportunidade para oficializar nossa uni\u00e3o. Para mim, \u00e9 muito importante oficializar uma uni\u00e3o entre duas pessoas, significa uma alian\u00e7a para fortalecer ainda mais o casal. O meu sentimento foi de muita felicidade, realiza\u00e7\u00e3o de um sonho&#8221;, comentou Ver\u00f4nica, emocionada com a uni\u00e3o com o seu esposo, Carlos Andr\u00e9, 42 anos.<\/p>\n\n\n\n<figure class=\"wp-block-image size-large\"><img loading=\"lazy\" decoding=\"async\" width=\"800\" height=\"450\" data-attachment-id=\"30748\" data-permalink=\"https:\/\/www.paudalho.pe.gov.br\/portal\/sim-no-altar-paudalho-realiza-casamento-comunitario-2023-para-mais-de-30-casais\/design-sem-nome-8\/\" data-orig-file=\"https:\/\/www.paudalho.pe.gov.br\/portal\/wp-content\/uploads\/2023\/12\/Design-sem-nome-8.png\" data-orig-size=\"2560,1440\" data-comments-opened=\"1\" data-image-meta=\"{&quot;aperture&quot;:&quot;0&quot;,&quot;credit&quot;:&quot;&quot;,&quot;camera&quot;:&quot;&quot;,&quot;caption&quot;:&quot;&quot;,&quot;created_timestamp&quot;:&quot;0&quot;,&quot;copyright&quot;:&quot;&quot;,&quot;focal_length&quot;:&quot;0&quot;,&quot;iso&quot;:&quot;0&quot;,&quot;shutter_speed&quot;:&quot;0&quot;,&quot;title&quot;:&quot;&quot;,&quot;orientation&quot;:&quot;0&quot;}\" data-image-title=\"Design-sem-nome-8\" data-image-description=\"\" data-image-caption=\"\" data-medium-file=\"https:\/\/www.paudalho.pe.gov.br\/portal\/wp-content\/uploads\/2023\/12\/Design-sem-nome-8-350x230.png\" data-large-file=\"https:\/\/www.paudalho.pe.gov.br\/portal\/wp-content\/uploads\/2023\/12\/Design-sem-nome-8-800x450.png\" src=\"https:\/\/www.paudalho.pe.gov.br\/portal\/wp-content\/uploads\/2023\/12\/Design-sem-nome-8-800x450.png\" alt=\"\" class=\"wp-image-30748\" srcset=\"https:\/\/www.paudalho.pe.gov.br\/portal\/wp-content\/uploads\/2023\/12\/Design-sem-nome-8-800x450.png 800w, https:\/\/www.paudalho.pe.gov.br\/portal\/wp-content\/uploads\/2023\/12\/Design-sem-nome-8-768x432.png 768w, https:\/\/www.paudalho.pe.gov.br\/portal\/wp-content\/uploads\/2023\/12\/Design-sem-nome-8-1536x864.png 1536w, https:\/\/www.paudalho.pe.gov.br\/portal\/wp-content\/uploads\/2023\/12\/Design-sem-nome-8-2048x1152.png 2048w\" sizes=\"auto, (max-width: 800px) 100vw, 800px\" \/><figcaption class=\"wp-element-caption\"> Ver\u00f4nica Josefa, 38 anos, e Carlos Andr\u00e9, 42 anos, realizaram o sonho no Casamento Comunit\u00e1rio 2023. Cr\u00e9dito: R\u00fabia Almeida\/ PMP.<\/figcaption><\/figure>\n\n\n\n<p>Na edi\u00e7\u00e3o deste ano, contamos com casais de diferentes idades realizando o sonho do casamento. O jovem casal Maria da Concei\u00e7\u00e3o, 25 anos, e Anderson Valdevino, 23 anos, aproveitaram a oportunidade para marcar a uni\u00e3o matrimonial e iniciar a caminhada a dois na cerim\u00f4nia. \u201cS\u00f3 sentimento de gratid\u00e3o. Deus colocou esse desejo no nosso cora\u00e7\u00e3o e agora Paudalho est\u00e1 dando essa chance da gente realizar esse sonho\u201d, comentou Maria da Concei\u00e7\u00e3o.<\/p>\n\n\n\n<figure class=\"wp-block-image size-large\"><img loading=\"lazy\" decoding=\"async\" width=\"800\" height=\"450\" data-attachment-id=\"30751\" data-permalink=\"https:\/\/www.paudalho.pe.gov.br\/portal\/sim-no-altar-paudalho-realiza-casamento-comunitario-2023-para-mais-de-30-casais\/design-sem-nome-11\/\" data-orig-file=\"https:\/\/www.paudalho.pe.gov.br\/portal\/wp-content\/uploads\/2023\/12\/Design-sem-nome-11.png\" data-orig-size=\"2560,1440\" data-comments-opened=\"1\" data-image-meta=\"{&quot;aperture&quot;:&quot;0&quot;,&quot;credit&quot;:&quot;&quot;,&quot;camera&quot;:&quot;&quot;,&quot;caption&quot;:&quot;&quot;,&quot;created_timestamp&quot;:&quot;0&quot;,&quot;copyright&quot;:&quot;&quot;,&quot;focal_length&quot;:&quot;0&quot;,&quot;iso&quot;:&quot;0&quot;,&quot;shutter_speed&quot;:&quot;0&quot;,&quot;title&quot;:&quot;&quot;,&quot;orientation&quot;:&quot;0&quot;}\" data-image-title=\"Design-sem-nome-11\" data-image-description=\"\" data-image-caption=\"\" data-medium-file=\"https:\/\/www.paudalho.pe.gov.br\/portal\/wp-content\/uploads\/2023\/12\/Design-sem-nome-11-350x230.png\" data-large-file=\"https:\/\/www.paudalho.pe.gov.br\/portal\/wp-content\/uploads\/2023\/12\/Design-sem-nome-11-800x450.png\" src=\"https:\/\/www.paudalho.pe.gov.br\/portal\/wp-content\/uploads\/2023\/12\/Design-sem-nome-11-800x450.png\" alt=\"\" class=\"wp-image-30751\" srcset=\"https:\/\/www.paudalho.pe.gov.br\/portal\/wp-content\/uploads\/2023\/12\/Design-sem-nome-11-800x450.png 800w, https:\/\/www.paudalho.pe.gov.br\/portal\/wp-content\/uploads\/2023\/12\/Design-sem-nome-11-768x432.png 768w, https:\/\/www.paudalho.pe.gov.br\/portal\/wp-content\/uploads\/2023\/12\/Design-sem-nome-11-1536x864.png 1536w, https:\/\/www.paudalho.pe.gov.br\/portal\/wp-content\/uploads\/2023\/12\/Design-sem-nome-11-2048x1152.png 2048w\" sizes=\"auto, (max-width: 800px) 100vw, 800px\" \/><figcaption class=\"wp-element-caption\">Maria da Concei\u00e7\u00e3o, 25 anos, e Anderson Valdevino, 23 anos, foi um dos mais de 30 casais se casando no Casamento Comunit\u00e1rio 2023. Cr\u00e9ditos: R\u00fabia Almeida\/PMP.<\/figcaption><\/figure>\n\n\n\n<p>Dona Leonilda Ferreira, 45 anos, e seu companheiro, Daniel Augusto, 52 anos, vivem juntos h\u00e1 20 anos, por\u00e9m sem o casamento oficializado. Eles souberam sobre a a\u00e7\u00e3o atrav\u00e9s do Cras Paudalho e n\u00e3o perderam tempo: foram dizer &#8216;sim\u2019 no altar. \u201cH\u00e1 20 anos estamos juntos e nesse tempo todinho nunca casamos, mas a oportunidade chegou. \u00c9 gratificante tanto pra mim como para o meu esposo e toda a equipe que se empenhou para poder oficializar a uni\u00e3o de cada um que passou por al\u00ed. Foi muito emocionante, estou sem palavras, a equipe fez tudo com muito amor, muito carinho\u201d, pontuou Dona Leonilda.<\/p>\n\n\n\n<figure class=\"wp-block-gallery has-nested-images columns-default is-cropped wp-block-gallery-1 is-layout-flex wp-block-gallery-is-layout-flex\">\n<figure class=\"wp-block-image size-large\"><img loading=\"lazy\" decoding=\"async\" width=\"800\" height=\"450\" data-attachment-id=\"30750\" data-permalink=\"https:\/\/www.paudalho.pe.gov.br\/portal\/sim-no-altar-paudalho-realiza-casamento-comunitario-2023-para-mais-de-30-casais\/design-sem-nome-9\/\" data-orig-file=\"https:\/\/www.paudalho.pe.gov.br\/portal\/wp-content\/uploads\/2023\/12\/Design-sem-nome-9.png\" data-orig-size=\"2560,1440\" data-comments-opened=\"1\" data-image-meta=\"{&quot;aperture&quot;:&quot;0&quot;,&quot;credit&quot;:&quot;&quot;,&quot;camera&quot;:&quot;&quot;,&quot;caption&quot;:&quot;&quot;,&quot;created_timestamp&quot;:&quot;0&quot;,&quot;copyright&quot;:&quot;&quot;,&quot;focal_length&quot;:&quot;0&quot;,&quot;iso&quot;:&quot;0&quot;,&quot;shutter_speed&quot;:&quot;0&quot;,&quot;title&quot;:&quot;&quot;,&quot;orientation&quot;:&quot;0&quot;}\" data-image-title=\"Design-sem-nome-9\" data-image-description=\"\" data-image-caption=\"\" data-medium-file=\"https:\/\/www.paudalho.pe.gov.br\/portal\/wp-content\/uploads\/2023\/12\/Design-sem-nome-9-350x230.png\" data-large-file=\"https:\/\/www.paudalho.pe.gov.br\/portal\/wp-content\/uploads\/2023\/12\/Design-sem-nome-9-800x450.png\" data-id=\"30750\" src=\"https:\/\/www.paudalho.pe.gov.br\/portal\/wp-content\/uploads\/2023\/12\/Design-sem-nome-9-800x450.png\" alt=\"\" class=\"wp-image-30750\" srcset=\"https:\/\/www.paudalho.pe.gov.br\/portal\/wp-content\/uploads\/2023\/12\/Design-sem-nome-9-800x450.png 800w, https:\/\/www.paudalho.pe.gov.br\/portal\/wp-content\/uploads\/2023\/12\/Design-sem-nome-9-768x432.png 768w, https:\/\/www.paudalho.pe.gov.br\/portal\/wp-content\/uploads\/2023\/12\/Design-sem-nome-9-1536x864.png 1536w, https:\/\/www.paudalho.pe.gov.br\/portal\/wp-content\/uploads\/2023\/12\/Design-sem-nome-9-2048x1152.png 2048w\" sizes=\"auto, (max-width: 800px) 100vw, 800px\" \/><figcaption class=\"wp-element-caption\">Dona Leonilda Ferreira, 45 anos, e  Daniel Augusto, 52 anos, tiveram a oportunidade de subir no altar ap\u00f3s 20 anos de uni\u00e3o. Cr\u00e9dito: R\u00fabia Almeida\/PMP.<\/figcaption><\/figure>\n<\/figure>\n\n\n\n<p>O Casamento Comunit\u00e1rio \u00e9 um servi\u00e7o da Sedas, que busca oficializar a uni\u00e3o conjugal sem custos cartoriais aos casais. Al\u00e9m de regularizar o estado civil dos casais que j\u00e1 vivem maritalmente, a a\u00e7\u00e3o oferta prote\u00e7\u00e3o familiar e amplia\u00e7\u00e3o das garantias de direitos patrimoniais e sucess\u00f3rios. <\/p>\n\n\n\n<p>Confira alguns registros do Casamento Comunit\u00e1rio 2023:<\/p>\n\n\n\n<figure class=\"wp-block-gallery has-nested-images columns-default is-cropped wp-block-gallery-2 is-layout-flex wp-block-gallery-is-layout-flex\">\n<figure class=\"wp-block-image size-large\"><img loading=\"lazy\" decoding=\"async\" width=\"800\" height=\"450\" data-attachment-id=\"30739\" data-permalink=\"https:\/\/www.paudalho.pe.gov.br\/portal\/sim-no-altar-paudalho-realiza-casamento-comunitario-2023-para-mais-de-30-casais\/unnamed-5\/\" data-orig-file=\"https:\/\/www.paudalho.pe.gov.br\/portal\/wp-content\/uploads\/2023\/12\/unnamed-5-scaled.jpg\" data-orig-size=\"2560,2226\" data-comments-opened=\"1\" data-image-meta=\"{&quot;aperture&quot;:&quot;0&quot;,&quot;credit&quot;:&quot;&quot;,&quot;camera&quot;:&quot;&quot;,&quot;caption&quot;:&quot;&quot;,&quot;created_timestamp&quot;:&quot;0&quot;,&quot;copyright&quot;:&quot;&quot;,&quot;focal_length&quot;:&quot;0&quot;,&quot;iso&quot;:&quot;0&quot;,&quot;shutter_speed&quot;:&quot;0&quot;,&quot;title&quot;:&quot;&quot;,&quot;orientation&quot;:&quot;0&quot;}\" data-image-title=\"unnamed-5\" data-image-description=\"\" data-image-caption=\"\" data-medium-file=\"https:\/\/www.paudalho.pe.gov.br\/portal\/wp-content\/uploads\/2023\/12\/unnamed-5-350x230.jpg\" data-large-file=\"https:\/\/www.paudalho.pe.gov.br\/portal\/wp-content\/uploads\/2023\/12\/unnamed-5-800x450.jpg\" data-id=\"30739\" src=\"https:\/\/www.paudalho.pe.gov.br\/portal\/wp-content\/uploads\/2023\/12\/unnamed-5-800x450.jpg\" alt=\"\" class=\"wp-image-30739\"\/><figcaption class=\"wp-element-caption\">Cr\u00e9dito: R\u00fabia Almeida\/PMP.<\/figcaption><\/figure>\n\n\n\n<figure class=\"wp-block-image size-large\"><img loading=\"lazy\" decoding=\"async\" width=\"800\" height=\"450\" data-attachment-id=\"30765\" data-permalink=\"https:\/\/www.paudalho.pe.gov.br\/portal\/sim-no-altar-paudalho-realiza-casamento-comunitario-2023-para-mais-de-30-casais\/design-sem-nome-16-1\/\" data-orig-file=\"https:\/\/www.paudalho.pe.gov.br\/portal\/wp-content\/uploads\/2023\/12\/Design-sem-nome-16-1.png\" data-orig-size=\"2560,1144\" data-comments-opened=\"1\" data-image-meta=\"{&quot;aperture&quot;:&quot;0&quot;,&quot;credit&quot;:&quot;&quot;,&quot;camera&quot;:&quot;&quot;,&quot;caption&quot;:&quot;&quot;,&quot;created_timestamp&quot;:&quot;0&quot;,&quot;copyright&quot;:&quot;&quot;,&quot;focal_length&quot;:&quot;0&quot;,&quot;iso&quot;:&quot;0&quot;,&quot;shutter_speed&quot;:&quot;0&quot;,&quot;title&quot;:&quot;&quot;,&quot;orientation&quot;:&quot;0&quot;}\" data-image-title=\"Design-sem-nome-16-1\" data-image-description=\"\" data-image-caption=\"\" data-medium-file=\"https:\/\/www.paudalho.pe.gov.br\/portal\/wp-content\/uploads\/2023\/12\/Design-sem-nome-16-1-350x230.png\" data-large-file=\"https:\/\/www.paudalho.pe.gov.br\/portal\/wp-content\/uploads\/2023\/12\/Design-sem-nome-16-1-800x450.png\" data-id=\"30765\" src=\"https:\/\/www.paudalho.pe.gov.br\/portal\/wp-content\/uploads\/2023\/12\/Design-sem-nome-16-1-800x450.png\" alt=\"\" class=\"wp-image-30765\"\/><figcaption class=\"wp-element-caption\">Cr\u00e9dito: R\u00fabia Almeida\/PMP.<\/figcaption><\/figure>\n\n\n\n<figure class=\"wp-block-image size-large\"><img loading=\"lazy\" decoding=\"async\" width=\"800\" height=\"450\" data-attachment-id=\"30758\" data-permalink=\"https:\/\/www.paudalho.pe.gov.br\/portal\/sim-no-altar-paudalho-realiza-casamento-comunitario-2023-para-mais-de-30-casais\/design-sem-nome-19\/\" data-orig-file=\"https:\/\/www.paudalho.pe.gov.br\/portal\/wp-content\/uploads\/2023\/12\/Design-sem-nome-19.png\" data-orig-size=\"2160,1440\" data-comments-opened=\"1\" data-image-meta=\"{&quot;aperture&quot;:&quot;0&quot;,&quot;credit&quot;:&quot;&quot;,&quot;camera&quot;:&quot;&quot;,&quot;caption&quot;:&quot;&quot;,&quot;created_timestamp&quot;:&quot;0&quot;,&quot;copyright&quot;:&quot;&quot;,&quot;focal_length&quot;:&quot;0&quot;,&quot;iso&quot;:&quot;0&quot;,&quot;shutter_speed&quot;:&quot;0&quot;,&quot;title&quot;:&quot;&quot;,&quot;orientation&quot;:&quot;0&quot;}\" data-image-title=\"Design-sem-nome-19\" data-image-description=\"\" data-image-caption=\"\" data-medium-file=\"https:\/\/www.paudalho.pe.gov.br\/portal\/wp-content\/uploads\/2023\/12\/Design-sem-nome-19-350x230.png\" data-large-file=\"https:\/\/www.paudalho.pe.gov.br\/portal\/wp-content\/uploads\/2023\/12\/Design-sem-nome-19-800x450.png\" data-id=\"30758\" src=\"https:\/\/www.paudalho.pe.gov.br\/portal\/wp-content\/uploads\/2023\/12\/Design-sem-nome-19-800x450.png\" alt=\"\" class=\"wp-image-30758\"\/><figcaption class=\"wp-element-caption\">Cr\u00e9dito: R\u00fabia Almeida\/PMP.<\/figcaption><\/figure>\n\n\n\n<figure class=\"wp-block-image size-large\"><img loading=\"lazy\" decoding=\"async\" width=\"800\" height=\"450\" data-attachment-id=\"30757\" data-permalink=\"https:\/\/www.paudalho.pe.gov.br\/portal\/sim-no-altar-paudalho-realiza-casamento-comunitario-2023-para-mais-de-30-casais\/design-sem-nome-18\/\" data-orig-file=\"https:\/\/www.paudalho.pe.gov.br\/portal\/wp-content\/uploads\/2023\/12\/Design-sem-nome-18.png\" data-orig-size=\"2160,1440\" data-comments-opened=\"1\" data-image-meta=\"{&quot;aperture&quot;:&quot;0&quot;,&quot;credit&quot;:&quot;&quot;,&quot;camera&quot;:&quot;&quot;,&quot;caption&quot;:&quot;&quot;,&quot;created_timestamp&quot;:&quot;0&quot;,&quot;copyright&quot;:&quot;&quot;,&quot;focal_length&quot;:&quot;0&quot;,&quot;iso&quot;:&quot;0&quot;,&quot;shutter_speed&quot;:&quot;0&quot;,&quot;title&quot;:&quot;&quot;,&quot;orientation&quot;:&quot;0&quot;}\" data-image-title=\"Design-sem-nome-18\" data-image-description=\"\" data-image-caption=\"\" data-medium-file=\"https:\/\/www.paudalho.pe.gov.br\/portal\/wp-content\/uploads\/2023\/12\/Design-sem-nome-18-350x230.png\" data-large-file=\"https:\/\/www.paudalho.pe.gov.br\/portal\/wp-content\/uploads\/2023\/12\/Design-sem-nome-18-800x450.png\" data-id=\"30757\" src=\"https:\/\/www.paudalho.pe.gov.br\/portal\/wp-content\/uploads\/2023\/12\/Design-sem-nome-18-800x450.png\" alt=\"\" class=\"wp-image-30757\"\/><figcaption class=\"wp-element-caption\">Cr\u00e9dito: R\u00fabia Almeida\/PMP.<\/figcaption><\/figure>\n\n\n\n<figure class=\"wp-block-image size-large\"><img loading=\"lazy\" decoding=\"async\" width=\"800\" height=\"450\" data-attachment-id=\"30759\" data-permalink=\"https:\/\/www.paudalho.pe.gov.br\/portal\/sim-no-altar-paudalho-realiza-casamento-comunitario-2023-para-mais-de-30-casais\/design-sem-nome-17\/\" data-orig-file=\"https:\/\/www.paudalho.pe.gov.br\/portal\/wp-content\/uploads\/2023\/12\/Design-sem-nome-17.png\" data-orig-size=\"2232,1440\" data-comments-opened=\"1\" data-image-meta=\"{&quot;aperture&quot;:&quot;0&quot;,&quot;credit&quot;:&quot;&quot;,&quot;camera&quot;:&quot;&quot;,&quot;caption&quot;:&quot;&quot;,&quot;created_timestamp&quot;:&quot;0&quot;,&quot;copyright&quot;:&quot;&quot;,&quot;focal_length&quot;:&quot;0&quot;,&quot;iso&quot;:&quot;0&quot;,&quot;shutter_speed&quot;:&quot;0&quot;,&quot;title&quot;:&quot;&quot;,&quot;orientation&quot;:&quot;0&quot;}\" data-image-title=\"Design-sem-nome-17\" data-image-description=\"\" data-image-caption=\"\" data-medium-file=\"https:\/\/www.paudalho.pe.gov.br\/portal\/wp-content\/uploads\/2023\/12\/Design-sem-nome-17-350x230.png\" data-large-file=\"https:\/\/www.paudalho.pe.gov.br\/portal\/wp-content\/uploads\/2023\/12\/Design-sem-nome-17-800x450.png\" data-id=\"30759\" src=\"https:\/\/www.paudalho.pe.gov.br\/portal\/wp-content\/uploads\/2023\/12\/Design-sem-nome-17-800x450.png\" alt=\"\" class=\"wp-image-30759\"\/><figcaption class=\"wp-element-caption\">Cr\u00e9dito: R\u00fabia Almeida\/PMP.<\/figcaption><\/figure>\n<\/figure>\n\n\n\n<figure class=\"wp-block-gallery has-nested-images columns-default is-cropped wp-block-gallery-3 is-layout-flex wp-block-gallery-is-layout-flex\">\n<figure class=\"wp-block-image size-large\"><img loading=\"lazy\" decoding=\"async\" width=\"800\" height=\"450\" data-attachment-id=\"30760\" data-permalink=\"https:\/\/www.paudalho.pe.gov.br\/portal\/sim-no-altar-paudalho-realiza-casamento-comunitario-2023-para-mais-de-30-casais\/design-sem-nome-20\/\" data-orig-file=\"https:\/\/www.paudalho.pe.gov.br\/portal\/wp-content\/uploads\/2023\/12\/Design-sem-nome-20.png\" data-orig-size=\"2160,1440\" data-comments-opened=\"1\" data-image-meta=\"{&quot;aperture&quot;:&quot;0&quot;,&quot;credit&quot;:&quot;&quot;,&quot;camera&quot;:&quot;&quot;,&quot;caption&quot;:&quot;&quot;,&quot;created_timestamp&quot;:&quot;0&quot;,&quot;copyright&quot;:&quot;&quot;,&quot;focal_length&quot;:&quot;0&quot;,&quot;iso&quot;:&quot;0&quot;,&quot;shutter_speed&quot;:&quot;0&quot;,&quot;title&quot;:&quot;&quot;,&quot;orientation&quot;:&quot;0&quot;}\" data-image-title=\"Design-sem-nome-20\" data-image-description=\"\" data-image-caption=\"\" data-medium-file=\"https:\/\/www.paudalho.pe.gov.br\/portal\/wp-content\/uploads\/2023\/12\/Design-sem-nome-20-350x230.png\" data-large-file=\"https:\/\/www.paudalho.pe.gov.br\/portal\/wp-content\/uploads\/2023\/12\/Design-sem-nome-20-800x450.png\" data-id=\"30760\" src=\"https:\/\/www.paudalho.pe.gov.br\/portal\/wp-content\/uploads\/2023\/12\/Design-sem-nome-20-800x450.png\" alt=\"\" class=\"wp-image-30760\"\/><figcaption class=\"wp-element-caption\">Cr\u00e9dito: R\u00fabia Almeida\/PMP.<\/figcaption><\/figure>\n\n\n\n<figure class=\"wp-block-image size-large\"><img loading=\"lazy\" decoding=\"async\" width=\"800\" height=\"450\" data-attachment-id=\"30766\" data-permalink=\"https:\/\/www.paudalho.pe.gov.br\/portal\/sim-no-altar-paudalho-realiza-casamento-comunitario-2023-para-mais-de-30-casais\/design-sem-nome-22\/\" data-orig-file=\"https:\/\/www.paudalho.pe.gov.br\/portal\/wp-content\/uploads\/2023\/12\/Design-sem-nome-22.png\" data-orig-size=\"2448,1144\" data-comments-opened=\"1\" data-image-meta=\"{&quot;aperture&quot;:&quot;0&quot;,&quot;credit&quot;:&quot;&quot;,&quot;camera&quot;:&quot;&quot;,&quot;caption&quot;:&quot;&quot;,&quot;created_timestamp&quot;:&quot;0&quot;,&quot;copyright&quot;:&quot;&quot;,&quot;focal_length&quot;:&quot;0&quot;,&quot;iso&quot;:&quot;0&quot;,&quot;shutter_speed&quot;:&quot;0&quot;,&quot;title&quot;:&quot;&quot;,&quot;orientation&quot;:&quot;0&quot;}\" data-image-title=\"Design-sem-nome-22\" data-image-description=\"\" data-image-caption=\"\" data-medium-file=\"https:\/\/www.paudalho.pe.gov.br\/portal\/wp-content\/uploads\/2023\/12\/Design-sem-nome-22-350x230.png\" data-large-file=\"https:\/\/www.paudalho.pe.gov.br\/portal\/wp-content\/uploads\/2023\/12\/Design-sem-nome-22-800x450.png\" data-id=\"30766\" src=\"https:\/\/www.paudalho.pe.gov.br\/portal\/wp-content\/uploads\/2023\/12\/Design-sem-nome-22-800x450.png\" alt=\"\" class=\"wp-image-30766\"\/><figcaption class=\"wp-element-caption\">Cr\u00e9dito: R\u00fabia Almeida\/PMP.<\/figcaption><\/figure>\n<\/figure>\n\n\n\n<figure class=\"wp-block-gallery has-nested-images columns-default is-cropped wp-block-gallery-4 is-layout-flex wp-block-gallery-is-layout-flex\">\n<figure class=\"wp-block-image size-large\"><img loading=\"lazy\" decoding=\"async\" width=\"800\" height=\"450\" data-attachment-id=\"30761\" data-permalink=\"https:\/\/www.paudalho.pe.gov.br\/portal\/sim-no-altar-paudalho-realiza-casamento-comunitario-2023-para-mais-de-30-casais\/design-sem-nome-21\/\" data-orig-file=\"https:\/\/www.paudalho.pe.gov.br\/portal\/wp-content\/uploads\/2023\/12\/Design-sem-nome-21.png\" data-orig-size=\"2240,1440\" data-comments-opened=\"1\" data-image-meta=\"{&quot;aperture&quot;:&quot;0&quot;,&quot;credit&quot;:&quot;&quot;,&quot;camera&quot;:&quot;&quot;,&quot;caption&quot;:&quot;&quot;,&quot;created_timestamp&quot;:&quot;0&quot;,&quot;copyright&quot;:&quot;&quot;,&quot;focal_length&quot;:&quot;0&quot;,&quot;iso&quot;:&quot;0&quot;,&quot;shutter_speed&quot;:&quot;0&quot;,&quot;title&quot;:&quot;&quot;,&quot;orientation&quot;:&quot;0&quot;}\" data-image-title=\"Design-sem-nome-21\" data-image-description=\"\" data-image-caption=\"\" data-medium-file=\"https:\/\/www.paudalho.pe.gov.br\/portal\/wp-content\/uploads\/2023\/12\/Design-sem-nome-21-350x230.png\" data-large-file=\"https:\/\/www.paudalho.pe.gov.br\/portal\/wp-content\/uploads\/2023\/12\/Design-sem-nome-21-800x450.png\" data-id=\"30761\" src=\"https:\/\/www.paudalho.pe.gov.br\/portal\/wp-content\/uploads\/2023\/12\/Design-sem-nome-21-800x450.png\" alt=\"\" class=\"wp-image-30761\"\/><figcaption class=\"wp-element-caption\">Cr\u00e9dito: R\u00fabia Almeida\/PMP.<\/figcaption><\/figure>\n<\/figure>\n","protected":false},"excerpt":{"rendered":"<p>&#8220;Foi inesquec\u00edvel saber que naquele momento estar\u00edamos nos unindo para sempre!&#8221;, destacou Ver\u00f4nica Josefa, 38 anos, uma das noivas do Casamento Comunit\u00e1rio realizado pela Prefeitura de Paudalho, atrav\u00e9s da Secretaria de Desenvolvimento e Assist\u00eancia Social (Sedas). O \u201csim\u201d dos nubentes ocorreu na manh\u00e3 da \u00faltima sexta-feira (1\u00ba), no sal\u00e3o paroquial da Igreja Matriz Divino Esp\u00edrito [&hellip;]<\/p>\n","protected":false},"author":10,"featured_media":30747,"comment_status":"open","ping_status":"open","sticky":false,"template":"","format":"standard","meta":{"_jetpack_newsletter_access":"","_jetpack_dont_email_post_to_subs":false,"_jetpack_newsletter_tier_id":0,"_jetpack_memberships_contains_paywalled_content":false,"_jetpack_memberships_contains_paid_content":false,"footnotes":""},"categories":[850,2,1],"tags":[1299,1300,14,22,124],"class_list":["post-30718","post","type-post","status-publish","format-standard","has-post-thumbnail","hentry","category-assistencia-social","category-destaque","category-noticias","tag-casamento-comunitario","tag-casamento-comunitario-paudalho","tag-paudalho","tag-prefeitura-do-paudalho","tag-secretaria-de-desenvolvimento-e-assistencia-social"],"jetpack_featured_media_url":"https:\/\/www.paudalho.pe.gov.br\/portal\/wp-content\/uploads\/2023\/12\/Design-sem-nome-7.png","jetpack_sharing_enabled":true,"jetpack_shortlink":"https:\/\/wp.me\/p98mS2-7Zs","_links":{"self":[{"href":"https:\/\/www.paudalho.pe.gov.br\/portal\/wp-json\/wp\/v2\/posts\/30718","targetHints":{"allow":["GET"]}}],"collection":[{"href":"https:\/\/www.paudalho.pe.gov.br\/portal\/wp-json\/wp\/v2\/posts"}],"about":[{"href":"https:\/\/www.paudalho.pe.gov.br\/portal\/wp-json\/wp\/v2\/types\/post"}],"author":[{"embeddable":true,"href":"https:\/\/www.paudalho.pe.gov.br\/portal\/wp-json\/wp\/v2\/users\/10"}],"replies":[{"embeddable":true,"href":"https:\/\/www.paudalho.pe.gov.br\/portal\/wp-json\/wp\/v2\/comments?post=30718"}],"version-history":[{"count":4,"href":"https:\/\/www.paudalho.pe.gov.br\/portal\/wp-json\/wp\/v2\/posts\/30718\/revisions"}],"predecessor-version":[{"id":31176,"href":"https:\/\/www.paudalho.pe.gov.br\/portal\/wp-json\/wp\/v2\/posts\/30718\/revisions\/31176"}],"wp:featuredmedia":[{"embeddable":true,"href":"https:\/\/www.paudalho.pe.gov.br\/portal\/wp-json\/wp\/v2\/media\/30747"}],"wp:attachment":[{"href":"https:\/\/www.paudalho.pe.gov.br\/portal\/wp-json\/wp\/v2\/media?parent=30718"}],"wp:term":[{"taxonomy":"category","embeddable":true,"href":"https:\/\/www.paudalho.pe.gov.br\/portal\/wp-json\/wp\/v2\/categories?post=30718"},{"taxonomy":"post_tag","embeddable":true,"href":"https:\/\/www.paudalho.pe.gov.br\/portal\/wp-json\/wp\/v2\/tags?post=30718"}],"curies":[{"name":"wp","href":"https:\/\/api.w.org\/{rel}","templated":true}]}}