{"id":3064,"date":"2018-06-04T14:11:12","date_gmt":"2018-06-04T17:11:12","guid":{"rendered":"http:\/\/www.paudalho.pe.gov.br\/portal\/?p=3064"},"modified":"2018-06-04T14:11:12","modified_gmt":"2018-06-04T17:11:12","slug":"prefeitura-do-paudalho-da-pontape-inicial-em-obras-de-escola-na-comunidade-fonte-de-aldeia","status":"publish","type":"post","link":"https:\/\/www.paudalho.pe.gov.br\/portal\/prefeitura-do-paudalho-da-pontape-inicial-em-obras-de-escola-na-comunidade-fonte-de-aldeia\/","title":{"rendered":"Prefeitura do Paudalho d\u00e1 &#8220;pontap\u00e9&#8221; inicial em obras de escola na comunidade Fonte de Aldeia"},"content":{"rendered":"<h2><em>&#8220;Ensinar n\u00e3o \u00e9 transferir conhecimento, mas criar as possibilidades para a sua pr\u00f3pria produ\u00e7\u00e3o ou a sua constru\u00e7\u00e3o&#8221;.<\/em><\/h2>\n<p><em>(Paulo Freire &#8211; educador, pedagogo e fil\u00f3sofo)\u00a0<\/em><\/p>\n<p>&nbsp;<\/p>\n<p>\u00c9 na Educa\u00e7\u00e3o que a sociedade se transforma e que o indiv\u00edduo tem oportunidade. Acreditando nisso, a Prefeitura do Paudalho mais uma vez avan\u00e7ou e no \u00faltimo s\u00e1bado (2), o prefeito Marcelo Gouveia esteve juntamente com autoridades como o secret\u00e1rio de Educa\u00e7\u00e3o, Ednaldo Ernesto, na comunidade Fonte de Aldeia, onde foi dado o &#8220;pontap\u00e9&#8221; inicial para a constru\u00e7\u00e3o da escola de educa\u00e7\u00e3o infantil no local. A unidade de ensino ser\u00e1 erguida com recursos pr\u00f3prios e vai atender centenas de crian\u00e7as.<\/p>\n<p>Para o prefeito do Munic\u00edpio, Marcelo Gouveia, o momento \u00e9 um reflexo do compromisso da gest\u00e3o de continuar proporcionando aos mun\u00edcipes, do centro \u00e0 Zona Rural, a oportunidade de sonhar e crescer. &#8220;<em>\u00c9 na educa\u00e7\u00e3o que o ser humano consegue mudar socialmente. E n\u00f3s acreditamos nisso e por isso o trabalho n\u00e3o vai parar, estamos muito felizes<\/em>&#8220;, comentou.<\/p>\n<div id=\"attachment_3070\" style=\"width: 615px\" class=\"wp-caption alignnone\"><img loading=\"lazy\" decoding=\"async\" aria-describedby=\"caption-attachment-3070\" data-attachment-id=\"3070\" data-permalink=\"https:\/\/www.paudalho.pe.gov.br\/portal\/prefeitura-do-paudalho-da-pontape-inicial-em-obras-de-escola-na-comunidade-fonte-de-aldeia\/2a0b743f-0aa0-48ba-be74-423818fee9a5\/\" data-orig-file=\"https:\/\/www.paudalho.pe.gov.br\/portal\/wp-content\/uploads\/2018\/06\/2a0b743f-0aa0-48ba-be74-423818fee9a5.jpg\" data-orig-size=\"1024,683\" data-comments-opened=\"1\" data-image-meta=\"{&quot;aperture&quot;:&quot;0&quot;,&quot;credit&quot;:&quot;&quot;,&quot;camera&quot;:&quot;&quot;,&quot;caption&quot;:&quot;&quot;,&quot;created_timestamp&quot;:&quot;0&quot;,&quot;copyright&quot;:&quot;&quot;,&quot;focal_length&quot;:&quot;0&quot;,&quot;iso&quot;:&quot;0&quot;,&quot;shutter_speed&quot;:&quot;0&quot;,&quot;title&quot;:&quot;&quot;,&quot;orientation&quot;:&quot;0&quot;}\" data-image-title=\"2a0b743f-0aa0-48ba-be74-423818fee9a5\" data-image-description=\"\" data-image-caption=\"&lt;p&gt;Foto: Isak de Castro\/PMP&lt;\/p&gt;\n\" data-medium-file=\"https:\/\/www.paudalho.pe.gov.br\/portal\/wp-content\/uploads\/2018\/06\/2a0b743f-0aa0-48ba-be74-423818fee9a5-350x230.jpg\" data-large-file=\"https:\/\/www.paudalho.pe.gov.br\/portal\/wp-content\/uploads\/2018\/06\/2a0b743f-0aa0-48ba-be74-423818fee9a5-800x450.jpg\" class=\" wp-image-3070\" src=\"http:\/\/www.paudalho.pe.gov.br\/portal\/wp-content\/uploads\/2018\/06\/2a0b743f-0aa0-48ba-be74-423818fee9a5-350x230.jpg\" alt=\"\" width=\"605\" height=\"397\" \/><p id=\"caption-attachment-3070\" class=\"wp-caption-text\">Foto: Isak de Castro\/PMP<\/p><\/div>\n<div id=\"attachment_3071\" style=\"width: 618px\" class=\"wp-caption alignnone\"><img loading=\"lazy\" decoding=\"async\" aria-describedby=\"caption-attachment-3071\" data-attachment-id=\"3071\" data-permalink=\"https:\/\/www.paudalho.pe.gov.br\/portal\/prefeitura-do-paudalho-da-pontape-inicial-em-obras-de-escola-na-comunidade-fonte-de-aldeia\/0b40ae3d-82e2-48ce-9a60-779b604018fe\/\" data-orig-file=\"https:\/\/www.paudalho.pe.gov.br\/portal\/wp-content\/uploads\/2018\/06\/0b40ae3d-82e2-48ce-9a60-779b604018fe.jpg\" data-orig-size=\"1024,683\" data-comments-opened=\"1\" data-image-meta=\"{&quot;aperture&quot;:&quot;0&quot;,&quot;credit&quot;:&quot;&quot;,&quot;camera&quot;:&quot;&quot;,&quot;caption&quot;:&quot;&quot;,&quot;created_timestamp&quot;:&quot;0&quot;,&quot;copyright&quot;:&quot;&quot;,&quot;focal_length&quot;:&quot;0&quot;,&quot;iso&quot;:&quot;0&quot;,&quot;shutter_speed&quot;:&quot;0&quot;,&quot;title&quot;:&quot;&quot;,&quot;orientation&quot;:&quot;0&quot;}\" data-image-title=\"0b40ae3d-82e2-48ce-9a60-779b604018fe\" data-image-description=\"\" data-image-caption=\"&lt;p&gt;Foto: Isak de Castro\/PMP&lt;\/p&gt;\n\" data-medium-file=\"https:\/\/www.paudalho.pe.gov.br\/portal\/wp-content\/uploads\/2018\/06\/0b40ae3d-82e2-48ce-9a60-779b604018fe-350x230.jpg\" data-large-file=\"https:\/\/www.paudalho.pe.gov.br\/portal\/wp-content\/uploads\/2018\/06\/0b40ae3d-82e2-48ce-9a60-779b604018fe-800x450.jpg\" class=\" wp-image-3071\" src=\"http:\/\/www.paudalho.pe.gov.br\/portal\/wp-content\/uploads\/2018\/06\/0b40ae3d-82e2-48ce-9a60-779b604018fe-350x230.jpg\" alt=\"\" width=\"608\" height=\"399\" \/><p id=\"caption-attachment-3071\" class=\"wp-caption-text\">Foto: Isak de Castro\/PMP<\/p><\/div>\n<p>A comunidade sofria com o descaso e h\u00e1 muitos anos que uma a\u00e7\u00e3o n\u00e3o chegava \u00e0 localidade. Joel Jo\u00e3o Ten\u00f3rio J\u00fanior, de 31 anos, \u00e9 morador da Fonte de Aldeia e comemorou os efeitos que a constru\u00e7\u00e3o da escola vai trazer \u00e0 comunidade. <em>&#8220;Essa obra vai ser um grande incentivo para as crian\u00e7as e jovens, pois em Fonte de Aldeia t\u00eam muitos analfabetos e jovens que n\u00e3o terminaram nem o ensino fundamental. Com essa escola, tenho certeza que vai melhorar muito a vida da comunidade, porque sabemos que a educa\u00e7\u00e3o \u00e9 a base de tudo e s\u00f3 assim essas crian\u00e7as ter\u00e3o um futuro promissor<\/em>&#8220;, disse.<\/p>\n<p>Por muito tempo os moradores sonharam\u00a0<span style=\"line-height: 1.4em\">com o momento. Tiago Avelino, de 30 anos, n\u00e3o escondeu a felicidade. &#8220;Vai ser \u00f3timo! \u00c9 um sonho de mais de 20 anos que est\u00e1 sendo realizado e n\u00f3s acreditamos que dias melhores vir\u00e3o&#8221;, falou. A Prefeitura do Paudalho segue construindo um novo amanh\u00e3.<\/span><\/p>\n","protected":false},"excerpt":{"rendered":"<p>&#8220;Ensinar n\u00e3o \u00e9 transferir conhecimento, mas criar as possibilidades para a sua pr\u00f3pria produ\u00e7\u00e3o ou a sua constru\u00e7\u00e3o&#8221;. (Paulo Freire &#8211; educador, pedagogo e fil\u00f3sofo)\u00a0 &nbsp; \u00c9 na Educa\u00e7\u00e3o que a sociedade se transforma e que o indiv\u00edduo tem oportunidade. Acreditando nisso, a Prefeitura do Paudalho mais uma vez avan\u00e7ou e no \u00faltimo s\u00e1bado (2), [&hellip;]<\/p>\n","protected":false},"author":4,"featured_media":3066,"comment_status":"open","ping_status":"open","sticky":false,"template":"","format":"standard","meta":{"_jetpack_newsletter_access":"","_jetpack_dont_email_post_to_subs":false,"_jetpack_newsletter_tier_id":0,"_jetpack_memberships_contains_paywalled_content":false,"_jetpack_memberships_contains_paid_content":false,"footnotes":""},"categories":[2,4,1],"tags":[324,30,325,14,22],"class_list":["post-3064","post","type-post","status-publish","format-standard","has-post-thumbnail","hentry","category-destaque","category-educacao","category-noticias","tag-construcao-de-escola","tag-educacao","tag-fonte-de-aldeia","tag-paudalho","tag-prefeitura-do-paudalho"],"jetpack_featured_media_url":"https:\/\/www.paudalho.pe.gov.br\/portal\/wp-content\/uploads\/2018\/06\/2fae3bf0-af63-4dcd-ac10-0fd54afad338.jpg","jetpack_sharing_enabled":true,"jetpack_shortlink":"https:\/\/wp.me\/p98mS2-Nq","_links":{"self":[{"href":"https:\/\/www.paudalho.pe.gov.br\/portal\/wp-json\/wp\/v2\/posts\/3064","targetHints":{"allow":["GET"]}}],"collection":[{"href":"https:\/\/www.paudalho.pe.gov.br\/portal\/wp-json\/wp\/v2\/posts"}],"about":[{"href":"https:\/\/www.paudalho.pe.gov.br\/portal\/wp-json\/wp\/v2\/types\/post"}],"author":[{"embeddable":true,"href":"https:\/\/www.paudalho.pe.gov.br\/portal\/wp-json\/wp\/v2\/users\/4"}],"replies":[{"embeddable":true,"href":"https:\/\/www.paudalho.pe.gov.br\/portal\/wp-json\/wp\/v2\/comments?post=3064"}],"version-history":[{"count":4,"href":"https:\/\/www.paudalho.pe.gov.br\/portal\/wp-json\/wp\/v2\/posts\/3064\/revisions"}],"predecessor-version":[{"id":3072,"href":"https:\/\/www.paudalho.pe.gov.br\/portal\/wp-json\/wp\/v2\/posts\/3064\/revisions\/3072"}],"wp:featuredmedia":[{"embeddable":true,"href":"https:\/\/www.paudalho.pe.gov.br\/portal\/wp-json\/wp\/v2\/media\/3066"}],"wp:attachment":[{"href":"https:\/\/www.paudalho.pe.gov.br\/portal\/wp-json\/wp\/v2\/media?parent=3064"}],"wp:term":[{"taxonomy":"category","embeddable":true,"href":"https:\/\/www.paudalho.pe.gov.br\/portal\/wp-json\/wp\/v2\/categories?post=3064"},{"taxonomy":"post_tag","embeddable":true,"href":"https:\/\/www.paudalho.pe.gov.br\/portal\/wp-json\/wp\/v2\/tags?post=3064"}],"curies":[{"name":"wp","href":"https:\/\/api.w.org\/{rel}","templated":true}]}}