{"id":30534,"date":"2023-12-01T19:40:49","date_gmt":"2023-12-01T22:40:49","guid":{"rendered":"https:\/\/www.paudalho.pe.gov.br\/portal\/?p=30534"},"modified":"2025-01-08T00:38:23","modified_gmt":"2025-01-08T03:38:23","slug":"prefeitura-de-paudalho-o-resultado-provisorio-das-analises-dos-editais-da-lei-paulo-gustavo","status":"publish","type":"post","link":"https:\/\/www.paudalho.pe.gov.br\/portal\/prefeitura-de-paudalho-o-resultado-provisorio-das-analises-dos-editais-da-lei-paulo-gustavo\/","title":{"rendered":"Prefeitura de Paudalho o resultado provis\u00f3rio das an\u00e1lises dos editais da Lei Paulo Gustavo"},"content":{"rendered":"\n<p>A Prefeitura do Paudalho, atrav\u00e9s da Secretaria de Cultura, Turismo, Lazer e Juventude (SecultJuv),\u00a0lan\u00e7a o resultado provis\u00f3rio das an\u00e1lises dos recursos dos editais da Lei Paulo Gustavo (LPG). Nos dias 4 e 5 de dezembro, os fazedores de cultura poder\u00e3o apresentar as suas contrarraz\u00f5es, seguindo o calend\u00e1rio da LPG.<\/p>\n\n\n\n<p>Confira o resultado provis\u00f3rio das an\u00e1lises dos recursos do Edital Jeff Mand\u00fa:<\/p>\n\n\n\n<div data-wp-interactive=\"core\/file\" class=\"wp-block-file\"><object data-wp-bind--hidden=\"!state.hasPdfPreview\" hidden class=\"wp-block-file__embed\" data=\"https:\/\/www.paudalho.pe.gov.br\/portal\/wp-content\/uploads\/2023\/12\/Resultado-Provisorio-das-Analises-dos-Recursos-da-Paulo-Gustavo-Audiovisual-JEFF-MANDU-Defintivo-01.12.23.pdf\" type=\"application\/pdf\" style=\"width:100%;height:600px\" aria-label=\"Incorporado de Resultado-Provisorio-das-Analises-dos-Recursos-da-Paulo-Gustavo-Audiovisual-JEFF-MANDU-Defintivo-01.12.23.\"><\/object><a id=\"wp-block-file--media-e5cbd410-b4bc-46e5-a821-aac8757b64f5\" href=\"https:\/\/www.paudalho.pe.gov.br\/portal\/wp-content\/uploads\/2023\/12\/Resultado-Provisorio-das-Analises-dos-Recursos-da-Paulo-Gustavo-Audiovisual-JEFF-MANDU-Defintivo-01.12.23.pdf\">Resultado-Provisorio-das-Analises-dos-Recursos-da-Paulo-Gustavo-Audiovisual-JEFF-MANDU-Defintivo-01.12.23<\/a><a href=\"https:\/\/www.paudalho.pe.gov.br\/portal\/wp-content\/uploads\/2023\/12\/Resultado-Provisorio-das-Analises-dos-Recursos-da-Paulo-Gustavo-Audiovisual-JEFF-MANDU-Defintivo-01.12.23.pdf\" class=\"wp-block-file__button wp-element-button\" download aria-describedby=\"wp-block-file--media-e5cbd410-b4bc-46e5-a821-aac8757b64f5\">Baixar<\/a><\/div>\n\n\n\n<p>Confira o resultado provis\u00f3rio das an\u00e1lises dos recursos do Edital Elvira Gusm\u00e3o:<\/p>\n\n\n\n<div data-wp-interactive=\"core\/file\" class=\"wp-block-file\"><object data-wp-bind--hidden=\"!state.hasPdfPreview\" hidden class=\"wp-block-file__embed\" data=\"https:\/\/www.paudalho.pe.gov.br\/portal\/wp-content\/uploads\/2023\/12\/Resultado-Provisorio-das-Analises-dos-Recursos-da-Paulo-Gustavo-Multicultural-ELVIRA-GUSMAO-Definitivo-01.12.23.pdf\" type=\"application\/pdf\" style=\"width:100%;height:600px\" aria-label=\"Incorporado de Resultado-Provisorio-das-Analises-dos-Recursos-da-Paulo-Gustavo-Multicultural-ELVIRA-GUSMAO-Definitivo-01.12.23.\"><\/object><a id=\"wp-block-file--media-653b7a42-4f02-4da5-b71e-259602b5e9bc\" href=\"https:\/\/www.paudalho.pe.gov.br\/portal\/wp-content\/uploads\/2023\/12\/Resultado-Provisorio-das-Analises-dos-Recursos-da-Paulo-Gustavo-Multicultural-ELVIRA-GUSMAO-Definitivo-01.12.23.pdf\">Resultado-Provisorio-das-Analises-dos-Recursos-da-Paulo-Gustavo-Multicultural-ELVIRA-GUSMAO-Definitivo-01.12.23<\/a><a href=\"https:\/\/www.paudalho.pe.gov.br\/portal\/wp-content\/uploads\/2023\/12\/Resultado-Provisorio-das-Analises-dos-Recursos-da-Paulo-Gustavo-Multicultural-ELVIRA-GUSMAO-Definitivo-01.12.23.pdf\" class=\"wp-block-file__button wp-element-button\" download aria-describedby=\"wp-block-file--media-653b7a42-4f02-4da5-b71e-259602b5e9bc\">Baixar<\/a><\/div>\n\n\n\n<p>Confira o calend\u00e1rio de entrega dos resultados finais e suas etapas retificado:<\/p>\n\n\n\n<div data-wp-interactive=\"core\/file\" class=\"wp-block-file\"><object data-wp-bind--hidden=\"!state.hasPdfPreview\" hidden class=\"wp-block-file__embed\" data=\"https:\/\/www.paudalho.pe.gov.br\/portal\/wp-content\/uploads\/2023\/12\/Retificacao-do-Calendario-dos-Editais-da-Lei-Paulo-Gustavo-01.12.23-1.pdf\" type=\"application\/pdf\" style=\"width:100%;height:600px\" aria-label=\"Incorporado de Retificacao-do-Calendario-dos-Editais-da-Lei-Paulo-Gustavo-01.12.23-1.\"><\/object><a id=\"wp-block-file--media-71ae0cab-3796-4324-b7b3-7f1671fd13bb\" href=\"https:\/\/www.paudalho.pe.gov.br\/portal\/wp-content\/uploads\/2023\/12\/Retificacao-do-Calendario-dos-Editais-da-Lei-Paulo-Gustavo-01.12.23-1.pdf\">Retificacao-do-Calendario-dos-Editais-da-Lei-Paulo-Gustavo-01.12.23-1<\/a><a href=\"https:\/\/www.paudalho.pe.gov.br\/portal\/wp-content\/uploads\/2023\/12\/Retificacao-do-Calendario-dos-Editais-da-Lei-Paulo-Gustavo-01.12.23-1.pdf\" class=\"wp-block-file__button wp-element-button\" download aria-describedby=\"wp-block-file--media-71ae0cab-3796-4324-b7b3-7f1671fd13bb\">Baixar<\/a><\/div>\n","protected":false},"excerpt":{"rendered":"<p>A Prefeitura do Paudalho, atrav\u00e9s da Secretaria de Cultura, Turismo, Lazer e Juventude (SecultJuv),\u00a0lan\u00e7a o resultado provis\u00f3rio das an\u00e1lises dos recursos dos editais da Lei Paulo Gustavo (LPG). Nos dias 4 e 5 de dezembro, os fazedores de cultura poder\u00e3o apresentar as suas contrarraz\u00f5es, seguindo o calend\u00e1rio da LPG. Confira o resultado provis\u00f3rio das an\u00e1lises [&hellip;]<\/p>\n","protected":false},"author":10,"featured_media":30048,"comment_status":"open","ping_status":"open","sticky":false,"template":"","format":"standard","meta":{"_jetpack_newsletter_access":"","_jetpack_dont_email_post_to_subs":false,"_jetpack_newsletter_tier_id":0,"_jetpack_memberships_contains_paywalled_content":false,"_jetpack_memberships_contains_paid_content":false,"footnotes":""},"categories":[6,2],"tags":[68,1273,1193,14,22],"class_list":["post-30534","post","type-post","status-publish","format-standard","has-post-thumbnail","hentry","category-cultura","category-destaque","tag-cultura","tag-edital-lei-paulo-gustavo","tag-lei-paulo-gustavo","tag-paudalho","tag-prefeitura-do-paudalho"],"jetpack_featured_media_url":"https:\/\/www.paudalho.pe.gov.br\/portal\/wp-content\/uploads\/2023\/11\/H5A1640-scaled.jpg","jetpack_sharing_enabled":true,"jetpack_shortlink":"https:\/\/wp.me\/p98mS2-7Wu","_links":{"self":[{"href":"https:\/\/www.paudalho.pe.gov.br\/portal\/wp-json\/wp\/v2\/posts\/30534","targetHints":{"allow":["GET"]}}],"collection":[{"href":"https:\/\/www.paudalho.pe.gov.br\/portal\/wp-json\/wp\/v2\/posts"}],"about":[{"href":"https:\/\/www.paudalho.pe.gov.br\/portal\/wp-json\/wp\/v2\/types\/post"}],"author":[{"embeddable":true,"href":"https:\/\/www.paudalho.pe.gov.br\/portal\/wp-json\/wp\/v2\/users\/10"}],"replies":[{"embeddable":true,"href":"https:\/\/www.paudalho.pe.gov.br\/portal\/wp-json\/wp\/v2\/comments?post=30534"}],"version-history":[{"count":2,"href":"https:\/\/www.paudalho.pe.gov.br\/portal\/wp-json\/wp\/v2\/posts\/30534\/revisions"}],"predecessor-version":[{"id":30539,"href":"https:\/\/www.paudalho.pe.gov.br\/portal\/wp-json\/wp\/v2\/posts\/30534\/revisions\/30539"}],"wp:featuredmedia":[{"embeddable":true,"href":"https:\/\/www.paudalho.pe.gov.br\/portal\/wp-json\/wp\/v2\/media\/30048"}],"wp:attachment":[{"href":"https:\/\/www.paudalho.pe.gov.br\/portal\/wp-json\/wp\/v2\/media?parent=30534"}],"wp:term":[{"taxonomy":"category","embeddable":true,"href":"https:\/\/www.paudalho.pe.gov.br\/portal\/wp-json\/wp\/v2\/categories?post=30534"},{"taxonomy":"post_tag","embeddable":true,"href":"https:\/\/www.paudalho.pe.gov.br\/portal\/wp-json\/wp\/v2\/tags?post=30534"}],"curies":[{"name":"wp","href":"https:\/\/api.w.org\/{rel}","templated":true}]}}