{"id":3052,"date":"2018-06-04T12:07:56","date_gmt":"2018-06-04T15:07:56","guid":{"rendered":"http:\/\/www.paudalho.pe.gov.br\/portal\/?p=3052"},"modified":"2018-06-11T19:28:25","modified_gmt":"2018-06-11T22:28:25","slug":"livre-como-se-fosse-um-passarinho-diz-aluna-sobre-semana-radical-em-paudalho","status":"publish","type":"post","link":"https:\/\/www.paudalho.pe.gov.br\/portal\/livre-como-se-fosse-um-passarinho-diz-aluna-sobre-semana-radical-em-paudalho\/","title":{"rendered":"&#8220;Livre como se fosse um passarinho&#8221;, diz aluna sobre Semana Radical em Paudalho"},"content":{"rendered":"<p>A Semana Radical em Paudalho segue ocorrendo no Parque de Eventos Beira-Rio at\u00e9 o pr\u00f3ximo dia 12. O objetivo \u00e9 proporcionar aos estudantes do Munic\u00edpio uma experi\u00eancia educativa e esportiva al\u00e9m da sala de aula. A programa\u00e7\u00e3o, gratuita, \u00e9 realizada pela Prefeitura do Paudalho por meio do Minist\u00e9rio do Esporte e Governo Federal e vai atender 4.320 alunos. Mas, todos os n\u00fameros e grandiosidade da estrutura se tornam secund\u00e1rios diante do sorriso e da alegria dos pequenos mun\u00edcipes, que s\u00e3o o principal alvo da programa\u00e7\u00e3o.<\/p>\n<p>A estudante do Col\u00e9gio Municipal do Paudalho, Alice Maria, de 14, anos n\u00e3o esconde a satisfa\u00e7\u00e3o de participar do momento. &#8220;\u00c9 bem diferente, bem legal e bem divertido&#8221;. Entre os brinquedos em que se divertiu, a estudante destacou o estilingue e sobre a oficina ela foi enf\u00e1tica: &#8220;Livre como se fosse um passarinho voando; \u00e9 uma sensa\u00e7\u00e3o bem legal&#8221;.<\/p>\n<div id=\"attachment_3054\" style=\"width: 509px\" class=\"wp-caption alignnone\"><img loading=\"lazy\" decoding=\"async\" aria-describedby=\"caption-attachment-3054\" data-attachment-id=\"3054\" data-permalink=\"https:\/\/www.paudalho.pe.gov.br\/portal\/livre-como-se-fosse-um-passarinho-diz-aluna-sobre-semana-radical-em-paudalho\/1e049a34-59a9-4806-a21c-e6828914043b\/\" data-orig-file=\"https:\/\/www.paudalho.pe.gov.br\/portal\/wp-content\/uploads\/2018\/06\/1e049a34-59a9-4806-a21c-e6828914043b.jpg\" data-orig-size=\"1040,780\" data-comments-opened=\"1\" data-image-meta=\"{&quot;aperture&quot;:&quot;0&quot;,&quot;credit&quot;:&quot;&quot;,&quot;camera&quot;:&quot;&quot;,&quot;caption&quot;:&quot;&quot;,&quot;created_timestamp&quot;:&quot;0&quot;,&quot;copyright&quot;:&quot;&quot;,&quot;focal_length&quot;:&quot;0&quot;,&quot;iso&quot;:&quot;0&quot;,&quot;shutter_speed&quot;:&quot;0&quot;,&quot;title&quot;:&quot;&quot;,&quot;orientation&quot;:&quot;0&quot;}\" data-image-title=\"1e049a34-59a9-4806-a21c-e6828914043b\" data-image-description=\"\" data-image-caption=\"&lt;p&gt;Foto: Thales K\u00edrion\/PMP&lt;\/p&gt;\n\" data-medium-file=\"https:\/\/www.paudalho.pe.gov.br\/portal\/wp-content\/uploads\/2018\/06\/1e049a34-59a9-4806-a21c-e6828914043b-350x230.jpg\" data-large-file=\"https:\/\/www.paudalho.pe.gov.br\/portal\/wp-content\/uploads\/2018\/06\/1e049a34-59a9-4806-a21c-e6828914043b-800x450.jpg\" class=\" wp-image-3054\" src=\"http:\/\/www.paudalho.pe.gov.br\/portal\/wp-content\/uploads\/2018\/06\/1e049a34-59a9-4806-a21c-e6828914043b-350x230.jpg\" alt=\"\" width=\"499\" height=\"328\" \/><p id=\"caption-attachment-3054\" class=\"wp-caption-text\">Foto: Thales K\u00edrion\/PMP<\/p><\/div>\n<div id=\"attachment_3056\" style=\"width: 509px\" class=\"wp-caption alignnone\"><img loading=\"lazy\" decoding=\"async\" aria-describedby=\"caption-attachment-3056\" data-attachment-id=\"3056\" data-permalink=\"https:\/\/www.paudalho.pe.gov.br\/portal\/livre-como-se-fosse-um-passarinho-diz-aluna-sobre-semana-radical-em-paudalho\/6bae47b7-d649-4f70-9cb0-cd55bd08dc72\/\" data-orig-file=\"https:\/\/www.paudalho.pe.gov.br\/portal\/wp-content\/uploads\/2018\/06\/6bae47b7-d649-4f70-9cb0-cd55bd08dc72.jpg\" data-orig-size=\"1040,780\" data-comments-opened=\"1\" data-image-meta=\"{&quot;aperture&quot;:&quot;0&quot;,&quot;credit&quot;:&quot;&quot;,&quot;camera&quot;:&quot;&quot;,&quot;caption&quot;:&quot;&quot;,&quot;created_timestamp&quot;:&quot;0&quot;,&quot;copyright&quot;:&quot;&quot;,&quot;focal_length&quot;:&quot;0&quot;,&quot;iso&quot;:&quot;0&quot;,&quot;shutter_speed&quot;:&quot;0&quot;,&quot;title&quot;:&quot;&quot;,&quot;orientation&quot;:&quot;0&quot;}\" data-image-title=\"6bae47b7-d649-4f70-9cb0-cd55bd08dc72\" data-image-description=\"\" data-image-caption=\"&lt;p&gt;Foto: Thales K\u00edrion\/PMP&lt;\/p&gt;\n\" data-medium-file=\"https:\/\/www.paudalho.pe.gov.br\/portal\/wp-content\/uploads\/2018\/06\/6bae47b7-d649-4f70-9cb0-cd55bd08dc72-350x230.jpg\" data-large-file=\"https:\/\/www.paudalho.pe.gov.br\/portal\/wp-content\/uploads\/2018\/06\/6bae47b7-d649-4f70-9cb0-cd55bd08dc72-800x450.jpg\" class=\" wp-image-3056\" src=\"http:\/\/www.paudalho.pe.gov.br\/portal\/wp-content\/uploads\/2018\/06\/6bae47b7-d649-4f70-9cb0-cd55bd08dc72-350x230.jpg\" alt=\"\" width=\"499\" height=\"328\" \/><p id=\"caption-attachment-3056\" class=\"wp-caption-text\">Foto: Thales K\u00edrion\/PMP<\/p><\/div>\n<div id=\"attachment_3057\" style=\"width: 509px\" class=\"wp-caption alignnone\"><img loading=\"lazy\" decoding=\"async\" aria-describedby=\"caption-attachment-3057\" data-attachment-id=\"3057\" data-permalink=\"https:\/\/www.paudalho.pe.gov.br\/portal\/livre-como-se-fosse-um-passarinho-diz-aluna-sobre-semana-radical-em-paudalho\/829214da-2b25-43a5-ba4c-161360bc9b01\/\" data-orig-file=\"https:\/\/www.paudalho.pe.gov.br\/portal\/wp-content\/uploads\/2018\/06\/829214da-2b25-43a5-ba4c-161360bc9b01.jpg\" data-orig-size=\"1040,780\" data-comments-opened=\"1\" data-image-meta=\"{&quot;aperture&quot;:&quot;0&quot;,&quot;credit&quot;:&quot;&quot;,&quot;camera&quot;:&quot;&quot;,&quot;caption&quot;:&quot;&quot;,&quot;created_timestamp&quot;:&quot;0&quot;,&quot;copyright&quot;:&quot;&quot;,&quot;focal_length&quot;:&quot;0&quot;,&quot;iso&quot;:&quot;0&quot;,&quot;shutter_speed&quot;:&quot;0&quot;,&quot;title&quot;:&quot;&quot;,&quot;orientation&quot;:&quot;0&quot;}\" data-image-title=\"829214da-2b25-43a5-ba4c-161360bc9b01\" data-image-description=\"\" data-image-caption=\"&lt;p&gt;Foto: Thales K\u00edrion\/PMP&lt;\/p&gt;\n\" data-medium-file=\"https:\/\/www.paudalho.pe.gov.br\/portal\/wp-content\/uploads\/2018\/06\/829214da-2b25-43a5-ba4c-161360bc9b01-350x230.jpg\" data-large-file=\"https:\/\/www.paudalho.pe.gov.br\/portal\/wp-content\/uploads\/2018\/06\/829214da-2b25-43a5-ba4c-161360bc9b01-800x450.jpg\" class=\" wp-image-3057\" src=\"http:\/\/www.paudalho.pe.gov.br\/portal\/wp-content\/uploads\/2018\/06\/829214da-2b25-43a5-ba4c-161360bc9b01-350x230.jpg\" alt=\"\" width=\"499\" height=\"328\" \/><p id=\"caption-attachment-3057\" class=\"wp-caption-text\">Foto: Thales K\u00edrion\/PMP<\/p><\/div>\n<div id=\"attachment_3058\" style=\"width: 509px\" class=\"wp-caption alignnone\"><img loading=\"lazy\" decoding=\"async\" aria-describedby=\"caption-attachment-3058\" data-attachment-id=\"3058\" data-permalink=\"https:\/\/www.paudalho.pe.gov.br\/portal\/livre-como-se-fosse-um-passarinho-diz-aluna-sobre-semana-radical-em-paudalho\/e35ebfbe-f2b8-4c3a-9fcd-fc804e4873e6\/\" data-orig-file=\"https:\/\/www.paudalho.pe.gov.br\/portal\/wp-content\/uploads\/2018\/06\/e35ebfbe-f2b8-4c3a-9fcd-fc804e4873e6.jpg\" data-orig-size=\"1040,780\" data-comments-opened=\"1\" data-image-meta=\"{&quot;aperture&quot;:&quot;0&quot;,&quot;credit&quot;:&quot;&quot;,&quot;camera&quot;:&quot;&quot;,&quot;caption&quot;:&quot;&quot;,&quot;created_timestamp&quot;:&quot;0&quot;,&quot;copyright&quot;:&quot;&quot;,&quot;focal_length&quot;:&quot;0&quot;,&quot;iso&quot;:&quot;0&quot;,&quot;shutter_speed&quot;:&quot;0&quot;,&quot;title&quot;:&quot;&quot;,&quot;orientation&quot;:&quot;0&quot;}\" data-image-title=\"e35ebfbe-f2b8-4c3a-9fcd-fc804e4873e6\" data-image-description=\"\" data-image-caption=\"&lt;p&gt;Foto: Thales K\u00edrion\/PMP&lt;\/p&gt;\n\" data-medium-file=\"https:\/\/www.paudalho.pe.gov.br\/portal\/wp-content\/uploads\/2018\/06\/e35ebfbe-f2b8-4c3a-9fcd-fc804e4873e6-350x230.jpg\" data-large-file=\"https:\/\/www.paudalho.pe.gov.br\/portal\/wp-content\/uploads\/2018\/06\/e35ebfbe-f2b8-4c3a-9fcd-fc804e4873e6-800x450.jpg\" class=\" wp-image-3058\" src=\"http:\/\/www.paudalho.pe.gov.br\/portal\/wp-content\/uploads\/2018\/06\/e35ebfbe-f2b8-4c3a-9fcd-fc804e4873e6-350x230.jpg\" alt=\"\" width=\"499\" height=\"328\" \/><p id=\"caption-attachment-3058\" class=\"wp-caption-text\">Foto: Thales K\u00edrion\/PMP<\/p><\/div>\n<h2>Apoio e tranquilidade<\/h2>\n<p>A estrutura impressiona e conta com diversos profissionais, como os da educa\u00e7\u00e3o f\u00edsica para auxiliar os alunos na hora das atividades. Na Sa\u00fade, uma equipe estar\u00e1 sempre de prontid\u00e3o para qualquer eventualidade. As t\u00e9cnicas em enfermagem, Maria Gimenes, de 30 anos e Delisangela Alves,34, comentam que os pais podem ficar tranquilos que as atividades est\u00e3o sendo ofertadas de forma segura e com apoio. &#8220;Podem vir tranquilos que estamos aqui para dar os primeiros socorros com seguran\u00e7a e rapidez&#8221;, destacou.<\/p>\n<div id=\"attachment_3055\" style=\"width: 509px\" class=\"wp-caption alignnone\"><img loading=\"lazy\" decoding=\"async\" aria-describedby=\"caption-attachment-3055\" data-attachment-id=\"3055\" data-permalink=\"https:\/\/www.paudalho.pe.gov.br\/portal\/livre-como-se-fosse-um-passarinho-diz-aluna-sobre-semana-radical-em-paudalho\/2b32cfef-0405-44d3-b087-b17a0b182a77\/\" data-orig-file=\"https:\/\/www.paudalho.pe.gov.br\/portal\/wp-content\/uploads\/2018\/06\/2b32cfef-0405-44d3-b087-b17a0b182a77.jpg\" data-orig-size=\"1040,780\" data-comments-opened=\"1\" data-image-meta=\"{&quot;aperture&quot;:&quot;0&quot;,&quot;credit&quot;:&quot;&quot;,&quot;camera&quot;:&quot;&quot;,&quot;caption&quot;:&quot;&quot;,&quot;created_timestamp&quot;:&quot;0&quot;,&quot;copyright&quot;:&quot;&quot;,&quot;focal_length&quot;:&quot;0&quot;,&quot;iso&quot;:&quot;0&quot;,&quot;shutter_speed&quot;:&quot;0&quot;,&quot;title&quot;:&quot;&quot;,&quot;orientation&quot;:&quot;0&quot;}\" data-image-title=\"2b32cfef-0405-44d3-b087-b17a0b182a77\" data-image-description=\"\" data-image-caption=\"&lt;p&gt;Foto: Thales K\u00edrion\/PMP&lt;\/p&gt;\n\" data-medium-file=\"https:\/\/www.paudalho.pe.gov.br\/portal\/wp-content\/uploads\/2018\/06\/2b32cfef-0405-44d3-b087-b17a0b182a77-350x230.jpg\" data-large-file=\"https:\/\/www.paudalho.pe.gov.br\/portal\/wp-content\/uploads\/2018\/06\/2b32cfef-0405-44d3-b087-b17a0b182a77-800x450.jpg\" class=\" wp-image-3055\" src=\"http:\/\/www.paudalho.pe.gov.br\/portal\/wp-content\/uploads\/2018\/06\/2b32cfef-0405-44d3-b087-b17a0b182a77-350x230.jpg\" alt=\"\" width=\"499\" height=\"328\" \/><p id=\"caption-attachment-3055\" class=\"wp-caption-text\">Foto: Thales K\u00edrion\/PMP<\/p><\/div>\n<p>At\u00e9 o final da Semana Radical, ser\u00e3o ofertadas diversas oficinas, entre elas: tirolesa, escalada, jogos e brinquedos, pistas de cordas, touro mec\u00e2nico, esportes radicais e voleibol. Cerca de 26 escolas devem ser contempladas.<\/p>\n<p>Confira a programa\u00e7\u00e3o:<\/p>\n<p><img loading=\"lazy\" decoding=\"async\" data-attachment-id=\"3059\" data-permalink=\"https:\/\/www.paudalho.pe.gov.br\/portal\/livre-como-se-fosse-um-passarinho-diz-aluna-sobre-semana-radical-em-paudalho\/48ac937f-311b-4f6c-84a8-9c0e2d4404dc\/\" data-orig-file=\"https:\/\/www.paudalho.pe.gov.br\/portal\/wp-content\/uploads\/2018\/06\/48ac937f-311b-4f6c-84a8-9c0e2d4404dc.jpg\" data-orig-size=\"887,1280\" data-comments-opened=\"1\" data-image-meta=\"{&quot;aperture&quot;:&quot;0&quot;,&quot;credit&quot;:&quot;&quot;,&quot;camera&quot;:&quot;&quot;,&quot;caption&quot;:&quot;&quot;,&quot;created_timestamp&quot;:&quot;0&quot;,&quot;copyright&quot;:&quot;&quot;,&quot;focal_length&quot;:&quot;0&quot;,&quot;iso&quot;:&quot;0&quot;,&quot;shutter_speed&quot;:&quot;0&quot;,&quot;title&quot;:&quot;&quot;,&quot;orientation&quot;:&quot;0&quot;}\" data-image-title=\"48ac937f-311b-4f6c-84a8-9c0e2d4404dc\" data-image-description=\"\" data-image-caption=\"\" data-medium-file=\"https:\/\/www.paudalho.pe.gov.br\/portal\/wp-content\/uploads\/2018\/06\/48ac937f-311b-4f6c-84a8-9c0e2d4404dc-350x230.jpg\" data-large-file=\"https:\/\/www.paudalho.pe.gov.br\/portal\/wp-content\/uploads\/2018\/06\/48ac937f-311b-4f6c-84a8-9c0e2d4404dc-800x450.jpg\" class=\"alignnone wp-image-3059 size-full\" src=\"http:\/\/www.paudalho.pe.gov.br\/portal\/wp-content\/uploads\/2018\/06\/48ac937f-311b-4f6c-84a8-9c0e2d4404dc.jpg\" alt=\"\" width=\"887\" height=\"1280\" srcset=\"https:\/\/www.paudalho.pe.gov.br\/portal\/wp-content\/uploads\/2018\/06\/48ac937f-311b-4f6c-84a8-9c0e2d4404dc.jpg 887w, https:\/\/www.paudalho.pe.gov.br\/portal\/wp-content\/uploads\/2018\/06\/48ac937f-311b-4f6c-84a8-9c0e2d4404dc-768x1108.jpg 768w\" sizes=\"auto, (max-width: 887px) 100vw, 887px\" \/><\/p>\n","protected":false},"excerpt":{"rendered":"<p>A Semana Radical em Paudalho segue ocorrendo no Parque de Eventos Beira-Rio at\u00e9 o pr\u00f3ximo dia 12. O objetivo \u00e9 proporcionar aos estudantes do Munic\u00edpio uma experi\u00eancia educativa e esportiva al\u00e9m da sala de aula. A programa\u00e7\u00e3o, gratuita, \u00e9 realizada pela Prefeitura do Paudalho por meio do Minist\u00e9rio do Esporte e Governo Federal e vai [&hellip;]<\/p>\n","protected":false},"author":4,"featured_media":3053,"comment_status":"open","ping_status":"open","sticky":false,"template":"","format":"standard","meta":{"_jetpack_newsletter_access":"","_jetpack_dont_email_post_to_subs":false,"_jetpack_newsletter_tier_id":0,"_jetpack_memberships_contains_paywalled_content":false,"_jetpack_memberships_contains_paid_content":false,"footnotes":""},"categories":[2,7,1],"tags":[],"class_list":["post-3052","post","type-post","status-publish","format-standard","has-post-thumbnail","hentry","category-destaque","category-esportes","category-noticias"],"jetpack_featured_media_url":"https:\/\/www.paudalho.pe.gov.br\/portal\/wp-content\/uploads\/2018\/06\/05942565-9737-4ac1-abc7-03986878efa1.jpg","jetpack_sharing_enabled":true,"jetpack_shortlink":"https:\/\/wp.me\/p98mS2-Ne","_links":{"self":[{"href":"https:\/\/www.paudalho.pe.gov.br\/portal\/wp-json\/wp\/v2\/posts\/3052","targetHints":{"allow":["GET"]}}],"collection":[{"href":"https:\/\/www.paudalho.pe.gov.br\/portal\/wp-json\/wp\/v2\/posts"}],"about":[{"href":"https:\/\/www.paudalho.pe.gov.br\/portal\/wp-json\/wp\/v2\/types\/post"}],"author":[{"embeddable":true,"href":"https:\/\/www.paudalho.pe.gov.br\/portal\/wp-json\/wp\/v2\/users\/4"}],"replies":[{"embeddable":true,"href":"https:\/\/www.paudalho.pe.gov.br\/portal\/wp-json\/wp\/v2\/comments?post=3052"}],"version-history":[{"count":5,"href":"https:\/\/www.paudalho.pe.gov.br\/portal\/wp-json\/wp\/v2\/posts\/3052\/revisions"}],"predecessor-version":[{"id":3129,"href":"https:\/\/www.paudalho.pe.gov.br\/portal\/wp-json\/wp\/v2\/posts\/3052\/revisions\/3129"}],"wp:featuredmedia":[{"embeddable":true,"href":"https:\/\/www.paudalho.pe.gov.br\/portal\/wp-json\/wp\/v2\/media\/3053"}],"wp:attachment":[{"href":"https:\/\/www.paudalho.pe.gov.br\/portal\/wp-json\/wp\/v2\/media?parent=3052"}],"wp:term":[{"taxonomy":"category","embeddable":true,"href":"https:\/\/www.paudalho.pe.gov.br\/portal\/wp-json\/wp\/v2\/categories?post=3052"},{"taxonomy":"post_tag","embeddable":true,"href":"https:\/\/www.paudalho.pe.gov.br\/portal\/wp-json\/wp\/v2\/tags?post=3052"}],"curies":[{"name":"wp","href":"https:\/\/api.w.org\/{rel}","templated":true}]}}