{"id":3038,"date":"2018-06-01T11:46:07","date_gmt":"2018-06-01T14:46:07","guid":{"rendered":"http:\/\/www.paudalho.pe.gov.br\/portal\/?p=3038"},"modified":"2018-06-11T19:29:38","modified_gmt":"2018-06-11T22:29:38","slug":"nota-10-diz-estudante-sobre-semana-radical-em-paudalho","status":"publish","type":"post","link":"https:\/\/www.paudalho.pe.gov.br\/portal\/nota-10-diz-estudante-sobre-semana-radical-em-paudalho\/","title":{"rendered":"\u201cNota 10\u201d, diz estudante sobre Semana Radical em Paudalho"},"content":{"rendered":"<p>Segundo a Organiza\u00e7\u00e3o das Na\u00e7\u00f5es Unidas (ONU), o acesso aos esportes \u00e9 um direito humano. J\u00e1 o Artigo 6\u00ba da Constitui\u00e7\u00e3o Federal de 1988 prev\u00ea que o lazer \u00e9 um direito de todo brasileiro. Assegurando essas medidas, a Prefeitura deu in\u00edcio nesta sexta-feira (1) \u00e0 Semana Radical em Paudalho. O evento, gratuito, \u00e9 idealizado pelo Minist\u00e9rio do Esporte, Governo Federal e segue at\u00e9 o dia 12 de junho no Parque de Eventos Beira-Rio, no Centro da cidade.<\/p>\n<p>De acordo com a organiza\u00e7\u00e3o, a Semana Radical vai atender 4.320\u00a0alunos. S\u00e3o ofertadas diversas oficinas, entre elas: tirolesa, escalada, jogos e brinquedos, pistas de cordas, touro mec\u00e2nico, esportes radicais e voleibol. A a\u00e7\u00e3o visa promover o bem-estar da juventude paudalhense. As alunas da Escola Municipal Manoel da Rosa, Jamily Mayara de 12 anos, Maria Vit\u00f3ria, 11, e Carolina Mayara, 12, participam do primeiro dia do evento e foram enf\u00e1ticas ao avaliar a semana Radical. \u201cMuito legal,nota 10\u201d.<\/p>\n<div id=\"attachment_3040\" style=\"width: 612px\" class=\"wp-caption alignnone\"><img loading=\"lazy\" decoding=\"async\" aria-describedby=\"caption-attachment-3040\" data-attachment-id=\"3040\" data-permalink=\"https:\/\/www.paudalho.pe.gov.br\/portal\/nota-10-diz-estudante-sobre-semana-radical-em-paudalho\/02330d0b-8260-4439-914f-db65903c3d08\/\" data-orig-file=\"https:\/\/www.paudalho.pe.gov.br\/portal\/wp-content\/uploads\/2018\/06\/02330d0b-8260-4439-914f-db65903c3d08.jpg\" data-orig-size=\"1040,780\" data-comments-opened=\"1\" data-image-meta=\"{&quot;aperture&quot;:&quot;0&quot;,&quot;credit&quot;:&quot;&quot;,&quot;camera&quot;:&quot;&quot;,&quot;caption&quot;:&quot;&quot;,&quot;created_timestamp&quot;:&quot;0&quot;,&quot;copyright&quot;:&quot;&quot;,&quot;focal_length&quot;:&quot;0&quot;,&quot;iso&quot;:&quot;0&quot;,&quot;shutter_speed&quot;:&quot;0&quot;,&quot;title&quot;:&quot;&quot;,&quot;orientation&quot;:&quot;0&quot;}\" data-image-title=\"02330d0b-8260-4439-914f-db65903c3d08\" data-image-description=\"\" data-image-caption=\"&lt;p&gt;Foto: Isak de Castro\/PMP&lt;\/p&gt;\n\" data-medium-file=\"https:\/\/www.paudalho.pe.gov.br\/portal\/wp-content\/uploads\/2018\/06\/02330d0b-8260-4439-914f-db65903c3d08-350x230.jpg\" data-large-file=\"https:\/\/www.paudalho.pe.gov.br\/portal\/wp-content\/uploads\/2018\/06\/02330d0b-8260-4439-914f-db65903c3d08-800x450.jpg\" class=\"wp-image-3040\" src=\"http:\/\/www.paudalho.pe.gov.br\/portal\/wp-content\/uploads\/2018\/06\/02330d0b-8260-4439-914f-db65903c3d08-350x230.jpg\" alt=\"\" width=\"602\" height=\"395\" \/><p id=\"caption-attachment-3040\" class=\"wp-caption-text\">Foto: Thales K\u00edrion\/PMP<\/p><\/div>\n<h2><strong>Gest\u00e3o com compromisso<\/strong><\/h2>\n<p>O secret\u00e1rio de Esportes, Juventude, Lazer e Desenvolvimento Econ\u00f4mico, Leonardo Coutinho, destacou a import\u00e2ncia do evento para a vida dos mun\u00edcipes. \u201cO jovem de hoje \u00e9 o nosso futuro. E um evento dessa grandeza, em toda Zona da Mata Norte e Paudalho, ser contemplado atrav\u00e9s de muito trabalho, a gente s\u00f3 pode agradecer e eu n\u00e3o acredito na mudan\u00e7a se n\u00e3o a partir da educa\u00e7\u00e3o. E este evento tem esse objetivo\u201d, comentou.<\/p>\n<p>O secret\u00e1rio- executivo de Esportes do Munic\u00edpio, Di\u00f3genes Porf\u00edrio, detalhou que as expectativas s\u00e3o as melhores poss\u00edveis. \u201cA gente est\u00e1 muito contente com esse evento. \u00c9 uma alegria poder proporcionar um evento desses para as crian\u00e7as e nossa expectativa \u00e9 que os alunos participem\u201d, disse. Neste s\u00e1bado (2), o evento continua ocorrendo com os alunos do Col\u00e9gio Municipal do Paudalho (CMP).<\/p>\n<div id=\"attachment_3039\" style=\"width: 612px\" class=\"wp-caption alignnone\"><img loading=\"lazy\" decoding=\"async\" aria-describedby=\"caption-attachment-3039\" data-attachment-id=\"3039\" data-permalink=\"https:\/\/www.paudalho.pe.gov.br\/portal\/nota-10-diz-estudante-sobre-semana-radical-em-paudalho\/32765925_943286472461769_3388777051069612032_n\/\" data-orig-file=\"https:\/\/www.paudalho.pe.gov.br\/portal\/wp-content\/uploads\/2018\/06\/32765925_943286472461769_3388777051069612032_n.jpg\" data-orig-size=\"960,639\" data-comments-opened=\"1\" data-image-meta=\"{&quot;aperture&quot;:&quot;0&quot;,&quot;credit&quot;:&quot;&quot;,&quot;camera&quot;:&quot;&quot;,&quot;caption&quot;:&quot;&quot;,&quot;created_timestamp&quot;:&quot;0&quot;,&quot;copyright&quot;:&quot;&quot;,&quot;focal_length&quot;:&quot;0&quot;,&quot;iso&quot;:&quot;0&quot;,&quot;shutter_speed&quot;:&quot;0&quot;,&quot;title&quot;:&quot;&quot;,&quot;orientation&quot;:&quot;0&quot;}\" data-image-title=\"32765925_943286472461769_3388777051069612032_n\" data-image-description=\"\" data-image-caption=\"&lt;p&gt;Foto: Isak de Castro\/PMP&lt;\/p&gt;\n\" data-medium-file=\"https:\/\/www.paudalho.pe.gov.br\/portal\/wp-content\/uploads\/2018\/06\/32765925_943286472461769_3388777051069612032_n-350x230.jpg\" data-large-file=\"https:\/\/www.paudalho.pe.gov.br\/portal\/wp-content\/uploads\/2018\/06\/32765925_943286472461769_3388777051069612032_n-800x450.jpg\" class=\" wp-image-3039\" src=\"http:\/\/www.paudalho.pe.gov.br\/portal\/wp-content\/uploads\/2018\/06\/32765925_943286472461769_3388777051069612032_n-350x230.jpg\" alt=\"\" width=\"602\" height=\"395\" \/><p id=\"caption-attachment-3039\" class=\"wp-caption-text\">Foto: Isak de Castro\/PMP<\/p><\/div>\n<p><strong>Confira algumas fotos:\u00a0<\/strong><\/p>\n<div id=\"attachment_3043\" style=\"width: 613px\" class=\"wp-caption alignnone\"><img loading=\"lazy\" decoding=\"async\" aria-describedby=\"caption-attachment-3043\" data-attachment-id=\"3043\" data-permalink=\"https:\/\/www.paudalho.pe.gov.br\/portal\/nota-10-diz-estudante-sobre-semana-radical-em-paudalho\/34015567_953188341471582_3290946423440277504_n\/\" data-orig-file=\"https:\/\/www.paudalho.pe.gov.br\/portal\/wp-content\/uploads\/2018\/06\/34015567_953188341471582_3290946423440277504_n.jpg\" data-orig-size=\"960,640\" data-comments-opened=\"1\" data-image-meta=\"{&quot;aperture&quot;:&quot;0&quot;,&quot;credit&quot;:&quot;&quot;,&quot;camera&quot;:&quot;&quot;,&quot;caption&quot;:&quot;&quot;,&quot;created_timestamp&quot;:&quot;0&quot;,&quot;copyright&quot;:&quot;&quot;,&quot;focal_length&quot;:&quot;0&quot;,&quot;iso&quot;:&quot;0&quot;,&quot;shutter_speed&quot;:&quot;0&quot;,&quot;title&quot;:&quot;&quot;,&quot;orientation&quot;:&quot;0&quot;}\" data-image-title=\"34015567_953188341471582_3290946423440277504_n\" data-image-description=\"\" data-image-caption=\"&lt;p&gt;Foto: Isak de Castro\/PMP&lt;\/p&gt;\n\" data-medium-file=\"https:\/\/www.paudalho.pe.gov.br\/portal\/wp-content\/uploads\/2018\/06\/34015567_953188341471582_3290946423440277504_n-350x230.jpg\" data-large-file=\"https:\/\/www.paudalho.pe.gov.br\/portal\/wp-content\/uploads\/2018\/06\/34015567_953188341471582_3290946423440277504_n-800x450.jpg\" class=\" wp-image-3043\" src=\"http:\/\/www.paudalho.pe.gov.br\/portal\/wp-content\/uploads\/2018\/06\/34015567_953188341471582_3290946423440277504_n-350x230.jpg\" alt=\"\" width=\"603\" height=\"396\" \/><p id=\"caption-attachment-3043\" class=\"wp-caption-text\">Foto: Isak de Castro\/PMP<\/p><\/div>\n<div id=\"attachment_3044\" style=\"width: 610px\" class=\"wp-caption alignnone\"><img loading=\"lazy\" decoding=\"async\" aria-describedby=\"caption-attachment-3044\" data-attachment-id=\"3044\" data-permalink=\"https:\/\/www.paudalho.pe.gov.br\/portal\/nota-10-diz-estudante-sobre-semana-radical-em-paudalho\/34157750_953188561471560_3198743332545101824_n\/\" data-orig-file=\"https:\/\/www.paudalho.pe.gov.br\/portal\/wp-content\/uploads\/2018\/06\/34157750_953188561471560_3198743332545101824_n.jpg\" data-orig-size=\"960,640\" data-comments-opened=\"1\" data-image-meta=\"{&quot;aperture&quot;:&quot;0&quot;,&quot;credit&quot;:&quot;&quot;,&quot;camera&quot;:&quot;&quot;,&quot;caption&quot;:&quot;&quot;,&quot;created_timestamp&quot;:&quot;0&quot;,&quot;copyright&quot;:&quot;&quot;,&quot;focal_length&quot;:&quot;0&quot;,&quot;iso&quot;:&quot;0&quot;,&quot;shutter_speed&quot;:&quot;0&quot;,&quot;title&quot;:&quot;&quot;,&quot;orientation&quot;:&quot;0&quot;}\" data-image-title=\"34157750_953188561471560_3198743332545101824_n\" data-image-description=\"\" data-image-caption=\"&lt;p&gt;Foto: Isak de Castro\/PMP&lt;\/p&gt;\n\" data-medium-file=\"https:\/\/www.paudalho.pe.gov.br\/portal\/wp-content\/uploads\/2018\/06\/34157750_953188561471560_3198743332545101824_n-350x230.jpg\" data-large-file=\"https:\/\/www.paudalho.pe.gov.br\/portal\/wp-content\/uploads\/2018\/06\/34157750_953188561471560_3198743332545101824_n-800x450.jpg\" class=\" wp-image-3044\" src=\"http:\/\/www.paudalho.pe.gov.br\/portal\/wp-content\/uploads\/2018\/06\/34157750_953188561471560_3198743332545101824_n-350x230.jpg\" alt=\"\" width=\"600\" height=\"394\" \/><p id=\"caption-attachment-3044\" class=\"wp-caption-text\">Foto: Isak de Castro\/PMP<\/p><\/div>\n<h2><img loading=\"lazy\" decoding=\"async\" data-attachment-id=\"3045\" data-permalink=\"https:\/\/www.paudalho.pe.gov.br\/portal\/nota-10-diz-estudante-sobre-semana-radical-em-paudalho\/23ceb419-27ed-4d3c-b291-a99bfee6b791\/\" data-orig-file=\"https:\/\/www.paudalho.pe.gov.br\/portal\/wp-content\/uploads\/2018\/06\/23ceb419-27ed-4d3c-b291-a99bfee6b791.jpg\" data-orig-size=\"1040,780\" data-comments-opened=\"1\" data-image-meta=\"{&quot;aperture&quot;:&quot;0&quot;,&quot;credit&quot;:&quot;&quot;,&quot;camera&quot;:&quot;&quot;,&quot;caption&quot;:&quot;&quot;,&quot;created_timestamp&quot;:&quot;0&quot;,&quot;copyright&quot;:&quot;&quot;,&quot;focal_length&quot;:&quot;0&quot;,&quot;iso&quot;:&quot;0&quot;,&quot;shutter_speed&quot;:&quot;0&quot;,&quot;title&quot;:&quot;&quot;,&quot;orientation&quot;:&quot;0&quot;}\" data-image-title=\"23ceb419-27ed-4d3c-b291-a99bfee6b791\" data-image-description=\"\" data-image-caption=\"\" data-medium-file=\"https:\/\/www.paudalho.pe.gov.br\/portal\/wp-content\/uploads\/2018\/06\/23ceb419-27ed-4d3c-b291-a99bfee6b791-350x230.jpg\" data-large-file=\"https:\/\/www.paudalho.pe.gov.br\/portal\/wp-content\/uploads\/2018\/06\/23ceb419-27ed-4d3c-b291-a99bfee6b791-800x450.jpg\" class=\"alignnone wp-image-3045\" src=\"http:\/\/www.paudalho.pe.gov.br\/portal\/wp-content\/uploads\/2018\/06\/23ceb419-27ed-4d3c-b291-a99bfee6b791-350x230.jpg\" alt=\"\" width=\"608\" height=\"399\" \/><\/h2>\n<h2><img loading=\"lazy\" decoding=\"async\" data-attachment-id=\"3046\" data-permalink=\"https:\/\/www.paudalho.pe.gov.br\/portal\/nota-10-diz-estudante-sobre-semana-radical-em-paudalho\/a2665556-8e13-4507-be73-92953ee2b43a-1\/\" data-orig-file=\"https:\/\/www.paudalho.pe.gov.br\/portal\/wp-content\/uploads\/2018\/06\/a2665556-8e13-4507-be73-92953ee2b43a-1.jpg\" data-orig-size=\"1040,780\" data-comments-opened=\"1\" data-image-meta=\"{&quot;aperture&quot;:&quot;0&quot;,&quot;credit&quot;:&quot;&quot;,&quot;camera&quot;:&quot;&quot;,&quot;caption&quot;:&quot;&quot;,&quot;created_timestamp&quot;:&quot;0&quot;,&quot;copyright&quot;:&quot;&quot;,&quot;focal_length&quot;:&quot;0&quot;,&quot;iso&quot;:&quot;0&quot;,&quot;shutter_speed&quot;:&quot;0&quot;,&quot;title&quot;:&quot;&quot;,&quot;orientation&quot;:&quot;0&quot;}\" data-image-title=\"a2665556-8e13-4507-be73-92953ee2b43a (1)\" data-image-description=\"\" data-image-caption=\"\" data-medium-file=\"https:\/\/www.paudalho.pe.gov.br\/portal\/wp-content\/uploads\/2018\/06\/a2665556-8e13-4507-be73-92953ee2b43a-1-350x230.jpg\" data-large-file=\"https:\/\/www.paudalho.pe.gov.br\/portal\/wp-content\/uploads\/2018\/06\/a2665556-8e13-4507-be73-92953ee2b43a-1-800x450.jpg\" class=\"alignnone wp-image-3046\" src=\"http:\/\/www.paudalho.pe.gov.br\/portal\/wp-content\/uploads\/2018\/06\/a2665556-8e13-4507-be73-92953ee2b43a-1-350x230.jpg\" alt=\"\" width=\"609\" height=\"400\" \/><\/h2>\n<div id=\"attachment_3047\" style=\"width: 616px\" class=\"wp-caption alignnone\"><img loading=\"lazy\" decoding=\"async\" aria-describedby=\"caption-attachment-3047\" data-attachment-id=\"3047\" data-permalink=\"https:\/\/www.paudalho.pe.gov.br\/portal\/nota-10-diz-estudante-sobre-semana-radical-em-paudalho\/34087877_953188271471589_2614237002689675264_n\/\" data-orig-file=\"https:\/\/www.paudalho.pe.gov.br\/portal\/wp-content\/uploads\/2018\/06\/34087877_953188271471589_2614237002689675264_n.jpg\" data-orig-size=\"683,683\" data-comments-opened=\"1\" data-image-meta=\"{&quot;aperture&quot;:&quot;0&quot;,&quot;credit&quot;:&quot;&quot;,&quot;camera&quot;:&quot;&quot;,&quot;caption&quot;:&quot;&quot;,&quot;created_timestamp&quot;:&quot;0&quot;,&quot;copyright&quot;:&quot;&quot;,&quot;focal_length&quot;:&quot;0&quot;,&quot;iso&quot;:&quot;0&quot;,&quot;shutter_speed&quot;:&quot;0&quot;,&quot;title&quot;:&quot;&quot;,&quot;orientation&quot;:&quot;0&quot;}\" data-image-title=\"34087877_953188271471589_2614237002689675264_n\" data-image-description=\"\" data-image-caption=\"&lt;p&gt;Foto: Isak de Castro\/PMP&lt;\/p&gt;\n\" data-medium-file=\"https:\/\/www.paudalho.pe.gov.br\/portal\/wp-content\/uploads\/2018\/06\/34087877_953188271471589_2614237002689675264_n-350x230.jpg\" data-large-file=\"https:\/\/www.paudalho.pe.gov.br\/portal\/wp-content\/uploads\/2018\/06\/34087877_953188271471589_2614237002689675264_n-683x450.jpg\" class=\" wp-image-3047\" src=\"http:\/\/www.paudalho.pe.gov.br\/portal\/wp-content\/uploads\/2018\/06\/34087877_953188271471589_2614237002689675264_n-350x230.jpg\" alt=\"\" width=\"606\" height=\"398\" srcset=\"https:\/\/www.paudalho.pe.gov.br\/portal\/wp-content\/uploads\/2018\/06\/34087877_953188271471589_2614237002689675264_n-350x230.jpg 350w, https:\/\/www.paudalho.pe.gov.br\/portal\/wp-content\/uploads\/2018\/06\/34087877_953188271471589_2614237002689675264_n-683x450.jpg 683w\" sizes=\"auto, (max-width: 606px) 100vw, 606px\" \/><p id=\"caption-attachment-3047\" class=\"wp-caption-text\">Foto: Isak de Castro\/PMP<\/p><\/div>\n<h2>Servi\u00e7o<\/h2>\n<p>Semana Radical em Paudalho<\/p>\n<p>Data: 01 at\u00e9 12 de Junho de 2018<\/p>\n<p>Local: Parque de Eventos Beira-Rio<\/p>\n<p>Entrada Franca<\/p>\n","protected":false},"excerpt":{"rendered":"<p>Segundo a Organiza\u00e7\u00e3o das Na\u00e7\u00f5es Unidas (ONU), o acesso aos esportes \u00e9 um direito humano. J\u00e1 o Artigo 6\u00ba da Constitui\u00e7\u00e3o Federal de 1988 prev\u00ea que o lazer \u00e9 um direito de todo brasileiro. Assegurando essas medidas, a Prefeitura deu in\u00edcio nesta sexta-feira (1) \u00e0 Semana Radical em Paudalho. O evento, gratuito, \u00e9 idealizado pelo [&hellip;]<\/p>\n","protected":false},"author":4,"featured_media":3041,"comment_status":"open","ping_status":"open","sticky":false,"template":"","format":"standard","meta":{"_jetpack_newsletter_access":"","_jetpack_dont_email_post_to_subs":false,"_jetpack_newsletter_tier_id":0,"_jetpack_memberships_contains_paywalled_content":false,"_jetpack_memberships_contains_paid_content":false,"footnotes":""},"categories":[2,7],"tags":[],"class_list":["post-3038","post","type-post","status-publish","format-standard","has-post-thumbnail","hentry","category-destaque","category-esportes"],"jetpack_featured_media_url":"https:\/\/www.paudalho.pe.gov.br\/portal\/wp-content\/uploads\/2018\/06\/34158616_953188228138260_8694705560362156032_n.jpg","jetpack_sharing_enabled":true,"jetpack_shortlink":"https:\/\/wp.me\/p98mS2-N0","_links":{"self":[{"href":"https:\/\/www.paudalho.pe.gov.br\/portal\/wp-json\/wp\/v2\/posts\/3038","targetHints":{"allow":["GET"]}}],"collection":[{"href":"https:\/\/www.paudalho.pe.gov.br\/portal\/wp-json\/wp\/v2\/posts"}],"about":[{"href":"https:\/\/www.paudalho.pe.gov.br\/portal\/wp-json\/wp\/v2\/types\/post"}],"author":[{"embeddable":true,"href":"https:\/\/www.paudalho.pe.gov.br\/portal\/wp-json\/wp\/v2\/users\/4"}],"replies":[{"embeddable":true,"href":"https:\/\/www.paudalho.pe.gov.br\/portal\/wp-json\/wp\/v2\/comments?post=3038"}],"version-history":[{"count":6,"href":"https:\/\/www.paudalho.pe.gov.br\/portal\/wp-json\/wp\/v2\/posts\/3038\/revisions"}],"predecessor-version":[{"id":3130,"href":"https:\/\/www.paudalho.pe.gov.br\/portal\/wp-json\/wp\/v2\/posts\/3038\/revisions\/3130"}],"wp:featuredmedia":[{"embeddable":true,"href":"https:\/\/www.paudalho.pe.gov.br\/portal\/wp-json\/wp\/v2\/media\/3041"}],"wp:attachment":[{"href":"https:\/\/www.paudalho.pe.gov.br\/portal\/wp-json\/wp\/v2\/media?parent=3038"}],"wp:term":[{"taxonomy":"category","embeddable":true,"href":"https:\/\/www.paudalho.pe.gov.br\/portal\/wp-json\/wp\/v2\/categories?post=3038"},{"taxonomy":"post_tag","embeddable":true,"href":"https:\/\/www.paudalho.pe.gov.br\/portal\/wp-json\/wp\/v2\/tags?post=3038"}],"curies":[{"name":"wp","href":"https:\/\/api.w.org\/{rel}","templated":true}]}}