{"id":3033,"date":"2018-05-29T22:46:16","date_gmt":"2018-05-30T01:46:16","guid":{"rendered":"http:\/\/www.paudalho.pe.gov.br\/portal\/?p=3033"},"modified":"2018-06-11T19:35:50","modified_gmt":"2018-06-11T22:35:50","slug":"semana-radical-tem-reprogramacao-de-data","status":"publish","type":"post","link":"https:\/\/www.paudalho.pe.gov.br\/portal\/semana-radical-tem-reprogramacao-de-data\/","title":{"rendered":"Semana Radical tem reprograma\u00e7\u00e3o de data"},"content":{"rendered":"<p>Devido \u00e0 paralisa\u00e7\u00e3o dos caminhoneiros que afeta o abastecimento de combust\u00edveis em todo o Brasil, a Semana Radical, que seria realizada nesta segunda-feira (27), foi adiada. O evento vai ser executado de 01 a 12 de junho. Prontos para o maior evento de esportes radicais que o Munic\u00edpio j\u00e1 viu? A programa\u00e7\u00e3o, gratuita, \u00e9 realizada pela Prefeitura do Paudalho por meio do Minist\u00e9rio do Esporte e Governo Federal e vai atender 4.320 alunos.<\/p>\n<h2>Evento gratuito<\/h2>\n<p>O objetivo \u00e9 proporcionar ao p\u00fablico, atividades de esporte e lazer com seguran\u00e7a e dinamismo. Ser\u00e3o ofertadas diversas oficinas, entre elas: tirolesa, escalada, jogos e brinquedos, pistas de cordas, touro mec\u00e2nico, esportes radicais e voleibol. A a\u00e7\u00e3o visa promover o bem-estar dos alunos das unidades de ensino da Rede Municipal.<\/p>\n","protected":false},"excerpt":{"rendered":"<p>Devido \u00e0 paralisa\u00e7\u00e3o dos caminhoneiros que afeta o abastecimento de combust\u00edveis em todo o Brasil, a Semana Radical, que seria realizada nesta segunda-feira (27), foi adiada. O evento vai ser executado de 01 a 12 de junho. Prontos para o maior evento de esportes radicais que o Munic\u00edpio j\u00e1 viu? A programa\u00e7\u00e3o, gratuita, \u00e9 realizada [&hellip;]<\/p>\n","protected":false},"author":4,"featured_media":2954,"comment_status":"open","ping_status":"open","sticky":false,"template":"","format":"standard","meta":{"_jetpack_newsletter_access":"","_jetpack_dont_email_post_to_subs":false,"_jetpack_newsletter_tier_id":0,"_jetpack_memberships_contains_paywalled_content":false,"_jetpack_memberships_contains_paid_content":false,"footnotes":""},"categories":[2,7],"tags":[121,22,323],"class_list":["post-3033","post","type-post","status-publish","format-standard","has-post-thumbnail","hentry","category-destaque","category-esportes","tag-esporte","tag-prefeitura-do-paudalho","tag-semana-radical-do-paudalho"],"jetpack_featured_media_url":"https:\/\/www.paudalho.pe.gov.br\/portal\/wp-content\/uploads\/2018\/05\/thumbnail_Cartaz-01-Semana-Radical-de-Paudalho.jpg","jetpack_sharing_enabled":true,"jetpack_shortlink":"https:\/\/wp.me\/p98mS2-MV","_links":{"self":[{"href":"https:\/\/www.paudalho.pe.gov.br\/portal\/wp-json\/wp\/v2\/posts\/3033","targetHints":{"allow":["GET"]}}],"collection":[{"href":"https:\/\/www.paudalho.pe.gov.br\/portal\/wp-json\/wp\/v2\/posts"}],"about":[{"href":"https:\/\/www.paudalho.pe.gov.br\/portal\/wp-json\/wp\/v2\/types\/post"}],"author":[{"embeddable":true,"href":"https:\/\/www.paudalho.pe.gov.br\/portal\/wp-json\/wp\/v2\/users\/4"}],"replies":[{"embeddable":true,"href":"https:\/\/www.paudalho.pe.gov.br\/portal\/wp-json\/wp\/v2\/comments?post=3033"}],"version-history":[{"count":4,"href":"https:\/\/www.paudalho.pe.gov.br\/portal\/wp-json\/wp\/v2\/posts\/3033\/revisions"}],"predecessor-version":[{"id":3133,"href":"https:\/\/www.paudalho.pe.gov.br\/portal\/wp-json\/wp\/v2\/posts\/3033\/revisions\/3133"}],"wp:featuredmedia":[{"embeddable":true,"href":"https:\/\/www.paudalho.pe.gov.br\/portal\/wp-json\/wp\/v2\/media\/2954"}],"wp:attachment":[{"href":"https:\/\/www.paudalho.pe.gov.br\/portal\/wp-json\/wp\/v2\/media?parent=3033"}],"wp:term":[{"taxonomy":"category","embeddable":true,"href":"https:\/\/www.paudalho.pe.gov.br\/portal\/wp-json\/wp\/v2\/categories?post=3033"},{"taxonomy":"post_tag","embeddable":true,"href":"https:\/\/www.paudalho.pe.gov.br\/portal\/wp-json\/wp\/v2\/tags?post=3033"}],"curies":[{"name":"wp","href":"https:\/\/api.w.org\/{rel}","templated":true}]}}