{"id":30293,"date":"2023-11-27T15:07:36","date_gmt":"2023-11-27T18:07:36","guid":{"rendered":"https:\/\/www.paudalho.pe.gov.br\/portal\/?p=30293"},"modified":"2025-01-08T00:38:24","modified_gmt":"2025-01-08T03:38:24","slug":"ubs-primavera-1-3-e-4-passam-a-atender-em-horario-estendido-em-paudalho","status":"publish","type":"post","link":"https:\/\/www.paudalho.pe.gov.br\/portal\/ubs-primavera-1-3-e-4-passam-a-atender-em-horario-estendido-em-paudalho\/","title":{"rendered":"UBS Primavera 1, 3 e 4 integra o Programa Sa\u00fade na Hora e passam a atender em hor\u00e1rio estendido em Paudalho"},"content":{"rendered":"\n<p>As Unidades B\u00e1sicas de Sa\u00fade (UBS) s\u00e3o a porta de entrada da popula\u00e7\u00e3o para o atendimento de sa\u00fade, \u00e9 onde se inicia o cuidado com o bem-estar do povo. Por\u00e9m, com a correria do dia a dia, seja pela rotina de trabalho e\/ou estudo, muitas pessoas n\u00e3o conseguem acessar os servi\u00e7os das UBSs no hor\u00e1rio comercial. Pensando nisso, a Prefeitura do Paudalho, atrav\u00e9s da Secretaria de Sa\u00fade, lan\u00e7a o Programa Sa\u00fade na Hora no dia 11 de novembro na UBS Primavera 1,3 e 4, que ir\u00e3o funcionar em hor\u00e1rio estendido, todos os dias de segunda a sexta-feira, das 7h \u00e0s 20h.<\/p>\n\n\n\n<p>A sede das UBS Primavera 1 e 2, localizada na R. F\u00e1bio Gomes da Mota, no Loteamento Primavera, foram reconstru\u00eddas, al\u00e9m de ter sido inaugurada, no mesmo local, a UBS Primavera 4. Com a nova unidade, as UBSs juntas contam com 3 equipes completas, cada uma formada por m\u00e9dicos, dentistas, enfermeiros, t\u00e9cnicos de enfermagem, recepcionista e equipe de servi\u00e7os gerais, al\u00e9m das consultas a domic\u00edlio para os pacientes que n\u00e3o t\u00eam condi\u00e7\u00f5es de se deslocar at\u00e9 \u00e0s unidades.&nbsp;<\/p>\n\n\n\n<figure class=\"wp-block-gallery has-nested-images columns-default is-cropped wp-block-gallery-1 is-layout-flex wp-block-gallery-is-layout-flex\">\n<figure class=\"wp-block-image size-large\"><img loading=\"lazy\" decoding=\"async\" width=\"800\" height=\"450\" data-attachment-id=\"30298\" data-permalink=\"https:\/\/www.paudalho.pe.gov.br\/portal\/ubs-primavera-1-3-e-4-passam-a-atender-em-horario-estendido-em-paudalho\/h5a7206\/\" data-orig-file=\"https:\/\/www.paudalho.pe.gov.br\/portal\/wp-content\/uploads\/2023\/11\/H5A7206-scaled.jpg\" data-orig-size=\"2560,1707\" data-comments-opened=\"1\" data-image-meta=\"{&quot;aperture&quot;:&quot;2.8&quot;,&quot;credit&quot;:&quot;CHARLES JOHNSON&quot;,&quot;camera&quot;:&quot;Canon EOS 5D Mark IV&quot;,&quot;caption&quot;:&quot;&quot;,&quot;created_timestamp&quot;:&quot;1700753557&quot;,&quot;copyright&quot;:&quot;CHARLES JOHNSON 81 986016133&quot;,&quot;focal_length&quot;:&quot;50&quot;,&quot;iso&quot;:&quot;250&quot;,&quot;shutter_speed&quot;:&quot;0.033333333333333&quot;,&quot;title&quot;:&quot;&quot;,&quot;orientation&quot;:&quot;1&quot;}\" data-image-title=\"H5A7206\" data-image-description=\"\" data-image-caption=\"\" data-medium-file=\"https:\/\/www.paudalho.pe.gov.br\/portal\/wp-content\/uploads\/2023\/11\/H5A7206-350x230.jpg\" data-large-file=\"https:\/\/www.paudalho.pe.gov.br\/portal\/wp-content\/uploads\/2023\/11\/H5A7206-800x450.jpg\" data-id=\"30298\" src=\"https:\/\/www.paudalho.pe.gov.br\/portal\/wp-content\/uploads\/2023\/11\/H5A7206-800x450.jpg\" alt=\"\" class=\"wp-image-30298\"\/><figcaption class=\"wp-element-caption\">Cr\u00e9ditos: Josu\u00e9 J\u00fanior\/PMP<\/figcaption><\/figure>\n\n\n\n<figure class=\"wp-block-image size-large\"><img loading=\"lazy\" decoding=\"async\" width=\"800\" height=\"450\" data-attachment-id=\"30653\" data-permalink=\"https:\/\/www.paudalho.pe.gov.br\/portal\/ubs-primavera-1-3-e-4-passam-a-atender-em-horario-estendido-em-paudalho\/design-sem-nome-3-2\/\" data-orig-file=\"https:\/\/www.paudalho.pe.gov.br\/portal\/wp-content\/uploads\/2023\/12\/Design-sem-nome-3.png\" data-orig-size=\"2560,1440\" data-comments-opened=\"1\" data-image-meta=\"{&quot;aperture&quot;:&quot;0&quot;,&quot;credit&quot;:&quot;&quot;,&quot;camera&quot;:&quot;&quot;,&quot;caption&quot;:&quot;&quot;,&quot;created_timestamp&quot;:&quot;0&quot;,&quot;copyright&quot;:&quot;&quot;,&quot;focal_length&quot;:&quot;0&quot;,&quot;iso&quot;:&quot;0&quot;,&quot;shutter_speed&quot;:&quot;0&quot;,&quot;title&quot;:&quot;&quot;,&quot;orientation&quot;:&quot;0&quot;}\" data-image-title=\"Design-sem-nome-3\" data-image-description=\"\" data-image-caption=\"\" data-medium-file=\"https:\/\/www.paudalho.pe.gov.br\/portal\/wp-content\/uploads\/2023\/12\/Design-sem-nome-3-350x230.png\" data-large-file=\"https:\/\/www.paudalho.pe.gov.br\/portal\/wp-content\/uploads\/2023\/12\/Design-sem-nome-3-800x450.png\" data-id=\"30653\" src=\"https:\/\/www.paudalho.pe.gov.br\/portal\/wp-content\/uploads\/2023\/12\/Design-sem-nome-3-800x450.png\" alt=\"\" class=\"wp-image-30653\" srcset=\"https:\/\/www.paudalho.pe.gov.br\/portal\/wp-content\/uploads\/2023\/12\/Design-sem-nome-3-800x450.png 800w, https:\/\/www.paudalho.pe.gov.br\/portal\/wp-content\/uploads\/2023\/12\/Design-sem-nome-3-768x432.png 768w, https:\/\/www.paudalho.pe.gov.br\/portal\/wp-content\/uploads\/2023\/12\/Design-sem-nome-3-1536x864.png 1536w, https:\/\/www.paudalho.pe.gov.br\/portal\/wp-content\/uploads\/2023\/12\/Design-sem-nome-3-2048x1152.png 2048w\" sizes=\"auto, (max-width: 800px) 100vw, 800px\" \/><figcaption class=\"wp-element-caption\">Cr\u00e9ditos: Fernanda Vasconcelos\/PMP<\/figcaption><\/figure>\n\n\n\n<figure class=\"wp-block-image size-large\"><img loading=\"lazy\" decoding=\"async\" width=\"2560\" height=\"1707\" data-attachment-id=\"30303\" data-permalink=\"https:\/\/www.paudalho.pe.gov.br\/portal\/ubs-primavera-1-3-e-4-passam-a-atender-em-horario-estendido-em-paudalho\/h5a7179\/\" data-orig-file=\"https:\/\/www.paudalho.pe.gov.br\/portal\/wp-content\/uploads\/2023\/11\/H5A7179-scaled.jpg\" data-orig-size=\"2560,1707\" data-comments-opened=\"1\" data-image-meta=\"{&quot;aperture&quot;:&quot;3.2&quot;,&quot;credit&quot;:&quot;CHARLES JOHNSON&quot;,&quot;camera&quot;:&quot;Canon EOS 5D Mark IV&quot;,&quot;caption&quot;:&quot;&quot;,&quot;created_timestamp&quot;:&quot;1700753029&quot;,&quot;copyright&quot;:&quot;CHARLES JOHNSON 81 986016133&quot;,&quot;focal_length&quot;:&quot;50&quot;,&quot;iso&quot;:&quot;1000&quot;,&quot;shutter_speed&quot;:&quot;0.01&quot;,&quot;title&quot;:&quot;&quot;,&quot;orientation&quot;:&quot;1&quot;}\" data-image-title=\"H5A7179\" data-image-description=\"\" data-image-caption=\"\" data-medium-file=\"https:\/\/www.paudalho.pe.gov.br\/portal\/wp-content\/uploads\/2023\/11\/H5A7179-scaled.jpg\" data-large-file=\"https:\/\/www.paudalho.pe.gov.br\/portal\/wp-content\/uploads\/2023\/11\/H5A7179-scaled.jpg\" data-id=\"30303\" src=\"https:\/\/www.paudalho.pe.gov.br\/portal\/wp-content\/uploads\/2023\/11\/H5A7179-scaled.jpg\" alt=\"\" class=\"wp-image-30303\"\/><figcaption class=\"wp-element-caption\">Cr\u00e9ditos: Josu\u00e9 J\u00fanior\/PMP<\/figcaption><\/figure>\n\n\n\n<figure class=\"wp-block-image size-large\"><img loading=\"lazy\" decoding=\"async\" width=\"800\" height=\"450\" data-attachment-id=\"30656\" data-permalink=\"https:\/\/www.paudalho.pe.gov.br\/portal\/ubs-primavera-1-3-e-4-passam-a-atender-em-horario-estendido-em-paudalho\/h5a7202\/\" data-orig-file=\"https:\/\/www.paudalho.pe.gov.br\/portal\/wp-content\/uploads\/2023\/12\/H5A7202-scaled.jpg\" data-orig-size=\"2560,1707\" data-comments-opened=\"1\" data-image-meta=\"{&quot;aperture&quot;:&quot;3.2&quot;,&quot;credit&quot;:&quot;CHARLES JOHNSON&quot;,&quot;camera&quot;:&quot;Canon EOS 5D Mark IV&quot;,&quot;caption&quot;:&quot;&quot;,&quot;created_timestamp&quot;:&quot;1700753458&quot;,&quot;copyright&quot;:&quot;CHARLES JOHNSON 81 986016133&quot;,&quot;focal_length&quot;:&quot;24&quot;,&quot;iso&quot;:&quot;250&quot;,&quot;shutter_speed&quot;:&quot;0.033333333333333&quot;,&quot;title&quot;:&quot;&quot;,&quot;orientation&quot;:&quot;1&quot;}\" data-image-title=\"H5A7202\" data-image-description=\"\" data-image-caption=\"\" data-medium-file=\"https:\/\/www.paudalho.pe.gov.br\/portal\/wp-content\/uploads\/2023\/12\/H5A7202-350x230.jpg\" data-large-file=\"https:\/\/www.paudalho.pe.gov.br\/portal\/wp-content\/uploads\/2023\/12\/H5A7202-800x450.jpg\" data-id=\"30656\" src=\"https:\/\/www.paudalho.pe.gov.br\/portal\/wp-content\/uploads\/2023\/12\/H5A7202-800x450.jpg\" alt=\"\" class=\"wp-image-30656\"\/><figcaption class=\"wp-element-caption\">Cr\u00e9ditos: Josu\u00e9 J\u00fanior\/PMP<\/figcaption><\/figure>\n\n\n\n<figure class=\"wp-block-image size-large\"><img loading=\"lazy\" decoding=\"async\" width=\"800\" height=\"450\" data-attachment-id=\"30299\" data-permalink=\"https:\/\/www.paudalho.pe.gov.br\/portal\/ubs-primavera-1-3-e-4-passam-a-atender-em-horario-estendido-em-paudalho\/h5a7175\/\" data-orig-file=\"https:\/\/www.paudalho.pe.gov.br\/portal\/wp-content\/uploads\/2023\/11\/H5A7175-scaled.jpg\" data-orig-size=\"2560,1707\" data-comments-opened=\"1\" data-image-meta=\"{&quot;aperture&quot;:&quot;2.8&quot;,&quot;credit&quot;:&quot;CHARLES JOHNSON&quot;,&quot;camera&quot;:&quot;Canon EOS 5D Mark IV&quot;,&quot;caption&quot;:&quot;&quot;,&quot;created_timestamp&quot;:&quot;1700752935&quot;,&quot;copyright&quot;:&quot;CHARLES JOHNSON 81 986016133&quot;,&quot;focal_length&quot;:&quot;50&quot;,&quot;iso&quot;:&quot;1000&quot;,&quot;shutter_speed&quot;:&quot;0.01&quot;,&quot;title&quot;:&quot;&quot;,&quot;orientation&quot;:&quot;1&quot;}\" data-image-title=\"H5A7175\" data-image-description=\"\" data-image-caption=\"\" data-medium-file=\"https:\/\/www.paudalho.pe.gov.br\/portal\/wp-content\/uploads\/2023\/11\/H5A7175-350x230.jpg\" data-large-file=\"https:\/\/www.paudalho.pe.gov.br\/portal\/wp-content\/uploads\/2023\/11\/H5A7175-800x450.jpg\" data-id=\"30299\" src=\"https:\/\/www.paudalho.pe.gov.br\/portal\/wp-content\/uploads\/2023\/11\/H5A7175-800x450.jpg\" alt=\"\" class=\"wp-image-30299\"\/><figcaption class=\"wp-element-caption\">Cr\u00e9ditos: Josu\u00e9 J\u00fanior\/PMP<\/figcaption><\/figure>\n\n\n\n<figure class=\"wp-block-image size-large\"><img loading=\"lazy\" decoding=\"async\" width=\"800\" height=\"450\" data-attachment-id=\"30654\" data-permalink=\"https:\/\/www.paudalho.pe.gov.br\/portal\/ubs-primavera-1-3-e-4-passam-a-atender-em-horario-estendido-em-paudalho\/whatsapp-image-2023-12-05-at-14-41-44\/\" data-orig-file=\"https:\/\/www.paudalho.pe.gov.br\/portal\/wp-content\/uploads\/2023\/12\/WhatsApp-Image-2023-12-05-at-14.41.44.jpeg\" data-orig-size=\"1600,1200\" data-comments-opened=\"1\" data-image-meta=\"{&quot;aperture&quot;:&quot;0&quot;,&quot;credit&quot;:&quot;&quot;,&quot;camera&quot;:&quot;&quot;,&quot;caption&quot;:&quot;&quot;,&quot;created_timestamp&quot;:&quot;0&quot;,&quot;copyright&quot;:&quot;&quot;,&quot;focal_length&quot;:&quot;0&quot;,&quot;iso&quot;:&quot;0&quot;,&quot;shutter_speed&quot;:&quot;0&quot;,&quot;title&quot;:&quot;&quot;,&quot;orientation&quot;:&quot;0&quot;}\" data-image-title=\"WhatsApp-Image-2023-12-05-at-14.41.44\" data-image-description=\"\" data-image-caption=\"\" data-medium-file=\"https:\/\/www.paudalho.pe.gov.br\/portal\/wp-content\/uploads\/2023\/12\/WhatsApp-Image-2023-12-05-at-14.41.44-350x230.jpeg\" data-large-file=\"https:\/\/www.paudalho.pe.gov.br\/portal\/wp-content\/uploads\/2023\/12\/WhatsApp-Image-2023-12-05-at-14.41.44-800x450.jpeg\" data-id=\"30654\" src=\"https:\/\/www.paudalho.pe.gov.br\/portal\/wp-content\/uploads\/2023\/12\/WhatsApp-Image-2023-12-05-at-14.41.44-800x450.jpeg\" alt=\"\" class=\"wp-image-30654\"\/><figcaption class=\"wp-element-caption\">Cr\u00e9ditos: Fernanda Vasconcelos\/PMP<\/figcaption><\/figure>\n<\/figure>\n\n\n\n<p>Al\u00e9m do hor\u00e1rio noturno, as UBSs ganharam uma nova sala de coleta de exame preventivo para atender a comunidade. Fique por dentro dos servi\u00e7os ofertados nas unidades:<\/p>\n\n\n\n<ul class=\"wp-block-list\">\n<li>Sala de vacina, com t\u00e9cnicas de enfermagem \u00e0 disposi\u00e7\u00e3o para vacinar a popula\u00e7\u00e3o todos os dias, das 7h \u00e0s 20h<\/li>\n\n\n\n<li>Sala de curativos e retirada de pontos p\u00f3s-cir\u00fargicos e de procedimentos em gerais<\/li>\n\n\n\n<li>Farm\u00e1cia \u00e0 disposi\u00e7\u00e3o da popula\u00e7\u00e3o<\/li>\n\n\n\n<li>Consultas m\u00e9dicas por agendamento e demanda espont\u00e2nea<\/li>\n\n\n\n<li>Consulta de enfermagem, ofertando servi\u00e7os como planejamento sexual e reprodutivo, puericultura, pr\u00e9-natal, exame preventivo, entre outros<\/li>\n\n\n\n<li>Consultas a domic\u00edlio de m\u00e9dico, enfermeira e t\u00e9cnicas de enfermagem<\/li>\n\n\n\n<li>Consult\u00f3rio odontol\u00f3gico todos os dias, das 7h \u00e0s 17h30&nbsp;<\/li>\n\n\n\n<li>Sala de atividades para palestras e orienta\u00e7\u00f5es<\/li>\n<\/ul>\n\n\n\n<p>A UBS Primavera 1,3 e 4 \u00e9 a unidade piloto do novo programa de hor\u00e1rio estendido, o Sa\u00fade na Hora. Fernanda Vasconcelos, uma das gerentes e enfermeiras da UBS Primavera 1, ressalta os benef\u00edcios do programa.\u201cTer mais uma UBS \u00e9 garantir ainda mais o cuidado de forma integral e cont\u00ednua a nossa popula\u00e7\u00e3o. O SUS \u00e9 um servi\u00e7o universal e nosso principal objetivo com o Sa\u00fade na Hora ser\u00e1 atender \u00e0quela popula\u00e7\u00e3o que n\u00e3o consegue ter acesso em hor\u00e1rio comercial, por trabalhar, e ir a UBS nesse per\u00edodo. Nosso hor\u00e1rio, que antes era de 7h \u00e0s 17h30, com o Sa\u00fade na Hora, teve os atendimentos estendidos para toda popula\u00e7\u00e3o da Primavera at\u00e9 \u00e0s 20h\u201d, destaca Fernanda.<\/p>\n\n\n\n<figure class=\"wp-block-gallery has-nested-images columns-default is-cropped wp-block-gallery-2 is-layout-flex wp-block-gallery-is-layout-flex\">\n<figure class=\"wp-block-image size-large\"><img loading=\"lazy\" decoding=\"async\" width=\"2560\" height=\"1707\" data-attachment-id=\"30304\" data-permalink=\"https:\/\/www.paudalho.pe.gov.br\/portal\/ubs-primavera-1-3-e-4-passam-a-atender-em-horario-estendido-em-paudalho\/h5a7173\/\" data-orig-file=\"https:\/\/www.paudalho.pe.gov.br\/portal\/wp-content\/uploads\/2023\/11\/H5A7173-scaled.jpg\" data-orig-size=\"2560,1707\" data-comments-opened=\"1\" data-image-meta=\"{&quot;aperture&quot;:&quot;3.5&quot;,&quot;credit&quot;:&quot;CHARLES JOHNSON&quot;,&quot;camera&quot;:&quot;Canon EOS 5D Mark IV&quot;,&quot;caption&quot;:&quot;&quot;,&quot;created_timestamp&quot;:&quot;1700752876&quot;,&quot;copyright&quot;:&quot;CHARLES JOHNSON 81 986016133&quot;,&quot;focal_length&quot;:&quot;50&quot;,&quot;iso&quot;:&quot;1000&quot;,&quot;shutter_speed&quot;:&quot;0.01&quot;,&quot;title&quot;:&quot;&quot;,&quot;orientation&quot;:&quot;1&quot;}\" data-image-title=\"H5A7173\" data-image-description=\"\" data-image-caption=\"\" data-medium-file=\"https:\/\/www.paudalho.pe.gov.br\/portal\/wp-content\/uploads\/2023\/11\/H5A7173-scaled.jpg\" data-large-file=\"https:\/\/www.paudalho.pe.gov.br\/portal\/wp-content\/uploads\/2023\/11\/H5A7173-scaled.jpg\" data-id=\"30304\" src=\"https:\/\/www.paudalho.pe.gov.br\/portal\/wp-content\/uploads\/2023\/11\/H5A7173-scaled.jpg\" alt=\"\" class=\"wp-image-30304\"\/><figcaption class=\"wp-element-caption\">Cr\u00e9ditos: Josu\u00e9 J\u00fanior\/PMP<\/figcaption><\/figure>\n\n\n\n<figure class=\"wp-block-image size-large\"><img loading=\"lazy\" decoding=\"async\" width=\"800\" height=\"450\" data-attachment-id=\"30309\" data-permalink=\"https:\/\/www.paudalho.pe.gov.br\/portal\/ubs-primavera-1-3-e-4-passam-a-atender-em-horario-estendido-em-paudalho\/_h5a7177\/\" data-orig-file=\"https:\/\/www.paudalho.pe.gov.br\/portal\/wp-content\/uploads\/2023\/11\/H5A7177-scaled.jpg\" data-orig-size=\"2560,1707\" data-comments-opened=\"1\" data-image-meta=\"{&quot;aperture&quot;:&quot;2.5&quot;,&quot;credit&quot;:&quot;CHARLES JOHNSON&quot;,&quot;camera&quot;:&quot;Canon EOS 5D Mark IV&quot;,&quot;caption&quot;:&quot;&quot;,&quot;created_timestamp&quot;:&quot;1700752948&quot;,&quot;copyright&quot;:&quot;CHARLES JOHNSON 81 986016133&quot;,&quot;focal_length&quot;:&quot;50&quot;,&quot;iso&quot;:&quot;1000&quot;,&quot;shutter_speed&quot;:&quot;0.01&quot;,&quot;title&quot;:&quot;&quot;,&quot;orientation&quot;:&quot;1&quot;}\" data-image-title=\"_H5A7177\" data-image-description=\"\" data-image-caption=\"\" data-medium-file=\"https:\/\/www.paudalho.pe.gov.br\/portal\/wp-content\/uploads\/2023\/11\/H5A7177-350x230.jpg\" data-large-file=\"https:\/\/www.paudalho.pe.gov.br\/portal\/wp-content\/uploads\/2023\/11\/H5A7177-800x450.jpg\" data-id=\"30309\" src=\"https:\/\/www.paudalho.pe.gov.br\/portal\/wp-content\/uploads\/2023\/11\/H5A7177-800x450.jpg\" alt=\"\" class=\"wp-image-30309\"\/><figcaption class=\"wp-element-caption\">Cr\u00e9ditos: Josu\u00e9 J\u00fanior\/PMP<\/figcaption><\/figure>\n<\/figure>\n\n\n\n<p><\/p>\n","protected":false},"excerpt":{"rendered":"<p>As Unidades B\u00e1sicas de Sa\u00fade (UBS) s\u00e3o a porta de entrada da popula\u00e7\u00e3o para o atendimento de sa\u00fade, \u00e9 onde se inicia o cuidado com o bem-estar do povo. Por\u00e9m, com a correria do dia a dia, seja pela rotina de trabalho e\/ou estudo, muitas pessoas n\u00e3o conseguem acessar os servi\u00e7os das UBSs no hor\u00e1rio [&hellip;]<\/p>\n","protected":false},"author":10,"featured_media":30306,"comment_status":"open","ping_status":"open","sticky":false,"template":"","format":"standard","meta":{"_jetpack_newsletter_access":"","_jetpack_dont_email_post_to_subs":false,"_jetpack_newsletter_tier_id":0,"_jetpack_memberships_contains_paywalled_content":false,"_jetpack_memberships_contains_paid_content":false,"footnotes":""},"categories":[2,1,3,1227],"tags":[14,22,16,168,297,1434,1285,1433],"class_list":["post-30293","post","type-post","status-publish","format-standard","has-post-thumbnail","hentry","category-destaque","category-noticias","category-saude","category-saude-2","tag-paudalho","tag-prefeitura-do-paudalho","tag-saude","tag-secretaria-de-saude","tag-ubs","tag-ubs-paudalho","tag-ubs-primavera","tag-unidade-basica-de-saude"],"jetpack_featured_media_url":"https:\/\/www.paudalho.pe.gov.br\/portal\/wp-content\/uploads\/2023\/11\/H5A7186-scaled.jpg","jetpack_sharing_enabled":true,"jetpack_shortlink":"https:\/\/wp.me\/p98mS2-7SB","_links":{"self":[{"href":"https:\/\/www.paudalho.pe.gov.br\/portal\/wp-json\/wp\/v2\/posts\/30293","targetHints":{"allow":["GET"]}}],"collection":[{"href":"https:\/\/www.paudalho.pe.gov.br\/portal\/wp-json\/wp\/v2\/posts"}],"about":[{"href":"https:\/\/www.paudalho.pe.gov.br\/portal\/wp-json\/wp\/v2\/types\/post"}],"author":[{"embeddable":true,"href":"https:\/\/www.paudalho.pe.gov.br\/portal\/wp-json\/wp\/v2\/users\/10"}],"replies":[{"embeddable":true,"href":"https:\/\/www.paudalho.pe.gov.br\/portal\/wp-json\/wp\/v2\/comments?post=30293"}],"version-history":[{"count":4,"href":"https:\/\/www.paudalho.pe.gov.br\/portal\/wp-json\/wp\/v2\/posts\/30293\/revisions"}],"predecessor-version":[{"id":30659,"href":"https:\/\/www.paudalho.pe.gov.br\/portal\/wp-json\/wp\/v2\/posts\/30293\/revisions\/30659"}],"wp:featuredmedia":[{"embeddable":true,"href":"https:\/\/www.paudalho.pe.gov.br\/portal\/wp-json\/wp\/v2\/media\/30306"}],"wp:attachment":[{"href":"https:\/\/www.paudalho.pe.gov.br\/portal\/wp-json\/wp\/v2\/media?parent=30293"}],"wp:term":[{"taxonomy":"category","embeddable":true,"href":"https:\/\/www.paudalho.pe.gov.br\/portal\/wp-json\/wp\/v2\/categories?post=30293"},{"taxonomy":"post_tag","embeddable":true,"href":"https:\/\/www.paudalho.pe.gov.br\/portal\/wp-json\/wp\/v2\/tags?post=30293"}],"curies":[{"name":"wp","href":"https:\/\/api.w.org\/{rel}","templated":true}]}}