{"id":30257,"date":"2023-11-23T16:35:51","date_gmt":"2023-11-23T19:35:51","guid":{"rendered":"https:\/\/www.paudalho.pe.gov.br\/portal\/?p=30257"},"modified":"2025-01-08T00:38:24","modified_gmt":"2025-01-08T03:38:24","slug":"paudalho-divulga-novo-calendario-de-entrega-do-resultado-final-dos-recursos-da-lei-paulo-gustavo","status":"publish","type":"post","link":"https:\/\/www.paudalho.pe.gov.br\/portal\/paudalho-divulga-novo-calendario-de-entrega-do-resultado-final-dos-recursos-da-lei-paulo-gustavo\/","title":{"rendered":"Paudalho divulga novo calend\u00e1rio de entrega do resultado final dos recursos da Lei Paulo Gustavo"},"content":{"rendered":"\n<p>A Prefeitura do Paudalho, atrav\u00e9s da Secretaria de Cultura, Turismo, Lazer e Juventude (SecultJuv),\u00a0lan\u00e7a a retifica\u00e7\u00e3o do calend\u00e1rio dos editais da Lei Paulo Gustavo. Devido o volume de recursos solicitados e o interesse da equipe em efetivar a aplica\u00e7\u00e3o dos recursos para dar oportunidade de acesso leg\u00edtimo aos participantes, a Secultjuv divulga a nova data de publica\u00e7\u00e3o do resultado final dos recursos da avalia\u00e7\u00e3o art\u00edstica, que foi alterada do dia 23 de novembro para o dia 1\u00ba de dezembro. Tamb\u00e9m foi alterado o per\u00edodo de entrega da documenta\u00e7\u00e3o para contrata\u00e7\u00e3o para os dias 4 e 5 de dezembro e a data da publica\u00e7\u00e3o da lista final dos projetos contemplados, para o dia 6 de dezembro.<\/p>\n\n\n\n<p>Confira a Retifica\u00e7\u00e3o do Calend\u00e1rio dos Editais da Lei Paulo Gustavo:<\/p>\n\n\n\n<div data-wp-interactive=\"core\/file\" class=\"wp-block-file\"><object data-wp-bind--hidden=\"!state.hasPdfPreview\" hidden class=\"wp-block-file__embed\" data=\"https:\/\/www.paudalho.pe.gov.br\/portal\/wp-content\/uploads\/2023\/11\/Retificacao-do-Calendario-dos-Editais-da-Lei-Paulo-Gustavo23.11.23.pdf\" type=\"application\/pdf\" style=\"width:100%;height:600px\" aria-label=\"Incorporado de Retificacao-do-Calendario-dos-Editais-da-Lei-Paulo-Gustavo23.11.23.\"><\/object><a id=\"wp-block-file--media-fa7dbd97-65a1-4e3b-8210-c8dfd90c4f45\" href=\"https:\/\/www.paudalho.pe.gov.br\/portal\/wp-content\/uploads\/2023\/11\/Retificacao-do-Calendario-dos-Editais-da-Lei-Paulo-Gustavo23.11.23.pdf\">Retificacao-do-Calendario-dos-Editais-da-Lei-Paulo-Gustavo23.11.23<\/a><a href=\"https:\/\/www.paudalho.pe.gov.br\/portal\/wp-content\/uploads\/2023\/11\/Retificacao-do-Calendario-dos-Editais-da-Lei-Paulo-Gustavo23.11.23.pdf\" class=\"wp-block-file__button wp-element-button\" download aria-describedby=\"wp-block-file--media-fa7dbd97-65a1-4e3b-8210-c8dfd90c4f45\">Baixar<\/a><\/div>\n","protected":false},"excerpt":{"rendered":"<p>A Prefeitura do Paudalho, atrav\u00e9s da Secretaria de Cultura, Turismo, Lazer e Juventude (SecultJuv),\u00a0lan\u00e7a a retifica\u00e7\u00e3o do calend\u00e1rio dos editais da Lei Paulo Gustavo. Devido o volume de recursos solicitados e o interesse da equipe em efetivar a aplica\u00e7\u00e3o dos recursos para dar oportunidade de acesso leg\u00edtimo aos participantes, a Secultjuv divulga a nova data [&hellip;]<\/p>\n","protected":false},"author":10,"featured_media":29334,"comment_status":"open","ping_status":"open","sticky":false,"template":"","format":"standard","meta":{"_jetpack_newsletter_access":"","_jetpack_dont_email_post_to_subs":false,"_jetpack_newsletter_tier_id":0,"_jetpack_memberships_contains_paywalled_content":false,"_jetpack_memberships_contains_paid_content":false,"footnotes":""},"categories":[6,2,1],"tags":[],"class_list":["post-30257","post","type-post","status-publish","format-standard","has-post-thumbnail","hentry","category-cultura","category-destaque","category-noticias"],"jetpack_featured_media_url":"https:\/\/www.paudalho.pe.gov.br\/portal\/wp-content\/uploads\/2023\/09\/prefeitura-scaled.jpg","jetpack_sharing_enabled":true,"jetpack_shortlink":"https:\/\/wp.me\/p98mS2-7S1","_links":{"self":[{"href":"https:\/\/www.paudalho.pe.gov.br\/portal\/wp-json\/wp\/v2\/posts\/30257","targetHints":{"allow":["GET"]}}],"collection":[{"href":"https:\/\/www.paudalho.pe.gov.br\/portal\/wp-json\/wp\/v2\/posts"}],"about":[{"href":"https:\/\/www.paudalho.pe.gov.br\/portal\/wp-json\/wp\/v2\/types\/post"}],"author":[{"embeddable":true,"href":"https:\/\/www.paudalho.pe.gov.br\/portal\/wp-json\/wp\/v2\/users\/10"}],"replies":[{"embeddable":true,"href":"https:\/\/www.paudalho.pe.gov.br\/portal\/wp-json\/wp\/v2\/comments?post=30257"}],"version-history":[{"count":4,"href":"https:\/\/www.paudalho.pe.gov.br\/portal\/wp-json\/wp\/v2\/posts\/30257\/revisions"}],"predecessor-version":[{"id":30270,"href":"https:\/\/www.paudalho.pe.gov.br\/portal\/wp-json\/wp\/v2\/posts\/30257\/revisions\/30270"}],"wp:featuredmedia":[{"embeddable":true,"href":"https:\/\/www.paudalho.pe.gov.br\/portal\/wp-json\/wp\/v2\/media\/29334"}],"wp:attachment":[{"href":"https:\/\/www.paudalho.pe.gov.br\/portal\/wp-json\/wp\/v2\/media?parent=30257"}],"wp:term":[{"taxonomy":"category","embeddable":true,"href":"https:\/\/www.paudalho.pe.gov.br\/portal\/wp-json\/wp\/v2\/categories?post=30257"},{"taxonomy":"post_tag","embeddable":true,"href":"https:\/\/www.paudalho.pe.gov.br\/portal\/wp-json\/wp\/v2\/tags?post=30257"}],"curies":[{"name":"wp","href":"https:\/\/api.w.org\/{rel}","templated":true}]}}