{"id":30255,"date":"2023-11-24T09:03:48","date_gmt":"2023-11-24T12:03:48","guid":{"rendered":"https:\/\/www.paudalho.pe.gov.br\/portal\/?p=30255"},"modified":"2025-01-08T00:38:24","modified_gmt":"2025-01-08T03:38:24","slug":"paudalho-realiza-acao-novembro-azul-nesta-sexta-feira24","status":"publish","type":"post","link":"https:\/\/www.paudalho.pe.gov.br\/portal\/paudalho-realiza-acao-novembro-azul-nesta-sexta-feira24\/","title":{"rendered":"Paudalho realiza a\u00e7\u00e3o Novembro Azul nesta sexta-feira(28)"},"content":{"rendered":"\n<p>O Novembro Azul \u00e9 uma campanha mundial de preven\u00e7\u00e3o do c\u00e2ncer de pr\u00f3stata, mas tamb\u00e9m de conscientiza\u00e7\u00e3o e cuidado da sa\u00fade integral do homem. Pensando nisso, a Prefeitura do Paudalho, atrav\u00e9s da Secretaria de Educa\u00e7\u00e3o e Esportes (Seduc), Coordenadoria da Mulher e o Centro Universit\u00e1rio Planalto do Distrito Federal (Uniplan), com apoio da Guarda Municipal de Paudalho e da Pol\u00edcia Militar de Pernambuco, realiza a a\u00e7\u00e3o Novembro Azul nesta ter\u00e7a-feira (28), \u00e0s 19h, no audit\u00f3rio da Seduc, localizado na Pra\u00e7a Pedro Coutinho, conhecida como Pra\u00e7a dos Lenhadores.<\/p>\n\n\n\n<p>Na a\u00e7\u00e3o, ser\u00e3o ofertados servi\u00e7os de aferi\u00e7\u00e3o de press\u00e3o e glicose, avalia\u00e7\u00e3o f\u00edsica e prescri\u00e7\u00e3o de atividades f\u00edsicas. Al\u00e9m disso, o evento contar\u00e1 com diversas palestras, como:<\/p>\n\n\n\n<ul class=\"wp-block-list\">\n<li>Palestra Ele tamb\u00e9m precisa saber, com Rebeca Figueiredo, comandante da Guarda Municipal de Paudalho;<\/li>\n\n\n\n<li>Preven\u00e7\u00e3o e conscientiza\u00e7\u00e3o, com o Cabo Eduardo Rodrigues, da Pol\u00edcia Militar de Pernambuco; <\/li>\n\n\n\n<li>Vergonha \u00e9 n\u00e3o se cuidar, com a Viviane Priscila, enfermeira.<\/li>\n<\/ul>\n\n\n\n<p>A a\u00e7\u00e3o \u00e9 gratuita e aberta ao p\u00fablico, sendo mais uma atividade que busca promover sa\u00fade e bem-estar a popula\u00e7\u00e3o paudalhense.<\/p>\n","protected":false},"excerpt":{"rendered":"<p>O Novembro Azul \u00e9 uma campanha mundial de preven\u00e7\u00e3o do c\u00e2ncer de pr\u00f3stata, mas tamb\u00e9m de conscientiza\u00e7\u00e3o e cuidado da sa\u00fade integral do homem. Pensando nisso, a Prefeitura do Paudalho, atrav\u00e9s da Secretaria de Educa\u00e7\u00e3o e Esportes (Seduc), Coordenadoria da Mulher e o Centro Universit\u00e1rio Planalto do Distrito Federal (Uniplan), com apoio da Guarda Municipal [&hellip;]<\/p>\n","protected":false},"author":10,"featured_media":30465,"comment_status":"open","ping_status":"open","sticky":false,"template":"","format":"standard","meta":{"_jetpack_newsletter_access":"","_jetpack_dont_email_post_to_subs":false,"_jetpack_newsletter_tier_id":0,"_jetpack_memberships_contains_paywalled_content":false,"_jetpack_memberships_contains_paid_content":false,"footnotes":""},"categories":[1],"tags":[179,14,22,16],"class_list":["post-30255","post","type-post","status-publish","format-standard","has-post-thumbnail","hentry","category-noticias","tag-novembro-azul","tag-paudalho","tag-prefeitura-do-paudalho","tag-saude"],"jetpack_featured_media_url":"https:\/\/www.paudalho.pe.gov.br\/portal\/wp-content\/uploads\/2023\/11\/WhatsApp-Image-2023-11-29-at-21.18.39-scaled-e1701370363973.jpeg","jetpack_sharing_enabled":true,"jetpack_shortlink":"https:\/\/wp.me\/p98mS2-7RZ","_links":{"self":[{"href":"https:\/\/www.paudalho.pe.gov.br\/portal\/wp-json\/wp\/v2\/posts\/30255","targetHints":{"allow":["GET"]}}],"collection":[{"href":"https:\/\/www.paudalho.pe.gov.br\/portal\/wp-json\/wp\/v2\/posts"}],"about":[{"href":"https:\/\/www.paudalho.pe.gov.br\/portal\/wp-json\/wp\/v2\/types\/post"}],"author":[{"embeddable":true,"href":"https:\/\/www.paudalho.pe.gov.br\/portal\/wp-json\/wp\/v2\/users\/10"}],"replies":[{"embeddable":true,"href":"https:\/\/www.paudalho.pe.gov.br\/portal\/wp-json\/wp\/v2\/comments?post=30255"}],"version-history":[{"count":4,"href":"https:\/\/www.paudalho.pe.gov.br\/portal\/wp-json\/wp\/v2\/posts\/30255\/revisions"}],"predecessor-version":[{"id":30292,"href":"https:\/\/www.paudalho.pe.gov.br\/portal\/wp-json\/wp\/v2\/posts\/30255\/revisions\/30292"}],"wp:featuredmedia":[{"embeddable":true,"href":"https:\/\/www.paudalho.pe.gov.br\/portal\/wp-json\/wp\/v2\/media\/30465"}],"wp:attachment":[{"href":"https:\/\/www.paudalho.pe.gov.br\/portal\/wp-json\/wp\/v2\/media?parent=30255"}],"wp:term":[{"taxonomy":"category","embeddable":true,"href":"https:\/\/www.paudalho.pe.gov.br\/portal\/wp-json\/wp\/v2\/categories?post=30255"},{"taxonomy":"post_tag","embeddable":true,"href":"https:\/\/www.paudalho.pe.gov.br\/portal\/wp-json\/wp\/v2\/tags?post=30255"}],"curies":[{"name":"wp","href":"https:\/\/api.w.org\/{rel}","templated":true}]}}