{"id":30245,"date":"2023-11-23T16:07:01","date_gmt":"2023-11-23T19:07:01","guid":{"rendered":"https:\/\/www.paudalho.pe.gov.br\/portal\/?p=30245"},"modified":"2025-01-08T00:38:24","modified_gmt":"2025-01-08T03:38:24","slug":"paudalho-finaliza-a-semana-do-bebe-2023-com-pintura-gestacional-e-diversas-palestras-para-a-populacao","status":"publish","type":"post","link":"https:\/\/www.paudalho.pe.gov.br\/portal\/paudalho-finaliza-a-semana-do-bebe-2023-com-pintura-gestacional-e-diversas-palestras-para-a-populacao\/","title":{"rendered":"Paudalho finaliza a Semana do Beb\u00ea 2023 com pintura gestacional e diversas palestras para a popula\u00e7\u00e3o"},"content":{"rendered":"\n<p>A Prefeitura do Paudalho, atrav\u00e9s da Secretaria de Sa\u00fade, finaliza a Semana do Beb\u00ea 2023 com mais uma a\u00e7\u00e3o, realizada nesta sexta-feira (24), \u00e0s 14h, no Centro de Parto Normal Gabrielly Ramos, localizado no Alto do Hospital. A a\u00e7\u00e3o ir\u00e1 ofertar diversos servi\u00e7os para a popula\u00e7\u00e3o, como a pintura gestacional (tamb\u00e9m conhecida como ultrassonografia natural) gratuita em gestantes acima de 36 semanas, al\u00e9m de palestras sobre aleitamento materno, cuidados b\u00e1sicos com rec\u00e9m-nascido (RN) e roda de conversa com equipe da Secretaria de Desenvolvimento e Assist\u00eancia Social de Paudalho.<\/p>\n\n\n\n<p>O evento culmina uma semana intensa de palestras realizadas em todas as Unidades B\u00e1sicas de Sa\u00fade de Paudalho, tanto da Zona Rural, como da Zona Urbana, levando para as m\u00e3es e pais de crian\u00e7as entre zero e seis anos (fase da primeira inf\u00e2ncia) palestra com o tema \u201cA sa\u00fade promovendo o cuidado integral na primeira inf\u00e2ncia\u201d.<\/p>\n\n\n\n<p>A Semana do Beb\u00ea \u00e9 uma das principais e mais bem-sucedidas estrat\u00e9gias de mobiliza\u00e7\u00e3o social pela primeira inf\u00e2ncia no Brasil. O evento faz parte de umas das metas do Selo Unicef, que, ao aderir, o munic\u00edpio assume o compromisso de manter a inf\u00e2ncia e adolesc\u00eancia como prioridade da agenda de suas pol\u00edticas p\u00fablicas.<\/p>\n","protected":false},"excerpt":{"rendered":"<p>A Prefeitura do Paudalho, atrav\u00e9s da Secretaria de Sa\u00fade, finaliza a Semana do Beb\u00ea 2023 com mais uma a\u00e7\u00e3o, realizada nesta sexta-feira (24), \u00e0s 14h, no Centro de Parto Normal Gabrielly Ramos, localizado no Alto do Hospital. A a\u00e7\u00e3o ir\u00e1 ofertar diversos servi\u00e7os para a popula\u00e7\u00e3o, como a pintura gestacional (tamb\u00e9m conhecida como ultrassonografia natural) [&hellip;]<\/p>\n","protected":false},"author":10,"featured_media":30253,"comment_status":"open","ping_status":"open","sticky":false,"template":"","format":"standard","meta":{"_jetpack_newsletter_access":"","_jetpack_dont_email_post_to_subs":false,"_jetpack_newsletter_tier_id":0,"_jetpack_memberships_contains_paywalled_content":false,"_jetpack_memberships_contains_paid_content":false,"footnotes":""},"categories":[2,1,3,1227],"tags":[14,22,16,168,1278],"class_list":["post-30245","post","type-post","status-publish","format-standard","has-post-thumbnail","hentry","category-destaque","category-noticias","category-saude","category-saude-2","tag-paudalho","tag-prefeitura-do-paudalho","tag-saude","tag-secretaria-de-saude","tag-semana-do-bebe"],"jetpack_featured_media_url":"https:\/\/www.paudalho.pe.gov.br\/portal\/wp-content\/uploads\/2023\/11\/H5A7091-scaled.jpg","jetpack_sharing_enabled":true,"jetpack_shortlink":"https:\/\/wp.me\/p98mS2-7RP","_links":{"self":[{"href":"https:\/\/www.paudalho.pe.gov.br\/portal\/wp-json\/wp\/v2\/posts\/30245","targetHints":{"allow":["GET"]}}],"collection":[{"href":"https:\/\/www.paudalho.pe.gov.br\/portal\/wp-json\/wp\/v2\/posts"}],"about":[{"href":"https:\/\/www.paudalho.pe.gov.br\/portal\/wp-json\/wp\/v2\/types\/post"}],"author":[{"embeddable":true,"href":"https:\/\/www.paudalho.pe.gov.br\/portal\/wp-json\/wp\/v2\/users\/10"}],"replies":[{"embeddable":true,"href":"https:\/\/www.paudalho.pe.gov.br\/portal\/wp-json\/wp\/v2\/comments?post=30245"}],"version-history":[{"count":2,"href":"https:\/\/www.paudalho.pe.gov.br\/portal\/wp-json\/wp\/v2\/posts\/30245\/revisions"}],"predecessor-version":[{"id":30268,"href":"https:\/\/www.paudalho.pe.gov.br\/portal\/wp-json\/wp\/v2\/posts\/30245\/revisions\/30268"}],"wp:featuredmedia":[{"embeddable":true,"href":"https:\/\/www.paudalho.pe.gov.br\/portal\/wp-json\/wp\/v2\/media\/30253"}],"wp:attachment":[{"href":"https:\/\/www.paudalho.pe.gov.br\/portal\/wp-json\/wp\/v2\/media?parent=30245"}],"wp:term":[{"taxonomy":"category","embeddable":true,"href":"https:\/\/www.paudalho.pe.gov.br\/portal\/wp-json\/wp\/v2\/categories?post=30245"},{"taxonomy":"post_tag","embeddable":true,"href":"https:\/\/www.paudalho.pe.gov.br\/portal\/wp-json\/wp\/v2\/tags?post=30245"}],"curies":[{"name":"wp","href":"https:\/\/api.w.org\/{rel}","templated":true}]}}