{"id":30167,"date":"2023-11-22T12:45:16","date_gmt":"2023-11-22T15:45:16","guid":{"rendered":"https:\/\/www.paudalho.pe.gov.br\/portal\/?p=30167"},"modified":"2025-01-08T00:38:25","modified_gmt":"2025-01-08T03:38:25","slug":"paudalho-promove-dia-d-da-semana-do-bebe-nesta-quarta-feira22","status":"publish","type":"post","link":"https:\/\/www.paudalho.pe.gov.br\/portal\/paudalho-promove-dia-d-da-semana-do-bebe-nesta-quarta-feira22\/","title":{"rendered":"Paudalho promove Dia D da Semana do Beb\u00ea nesta quarta-feira(22)"},"content":{"rendered":"\n<p>Com palestras, parque e distribui\u00e7\u00e3o gratuita de algod\u00e3o-doce e pipoca, a Prefeitura do Paudalho, atrav\u00e9s do Programa Sa\u00fade com Preven\u00e7\u00e3o, da Secretaria de Sa\u00fade, com apoio de Secretaria de Desenvolvimento e Assist\u00eancia Social (Sedas), promove o Dia D da Semana do Beb\u00ea nesta quarta-feira (22), \u00e0s 14h, na UBS Centro, localizado nas proximidades do Col\u00e9gio Municipal de Paudalho (CMP).<\/p>\n\n\n\n<p>Al\u00e9m de parque e distribui\u00e7\u00e3o de algod\u00e3o-doce e pipoca para a crian\u00e7ada, a a\u00e7\u00e3o reunir\u00e1 m\u00e3es e pais de crian\u00e7as com idade de zero a seis anos (per\u00edodo da primeira inf\u00e2ncia), ofertando palestras sobre os seguintes temas: calend\u00e1rio vacinal, aleitamento materno, cuidados com o rec\u00e9m-nascido (RN) e alimenta\u00e7\u00e3o saud\u00e1vel. O Dia D tamb\u00e9m ir\u00e1 contar com intera\u00e7\u00e3o pedag\u00f3gica pela equipe municipal do Programa Crian\u00e7a Feliz, programa nacional promovido pela Sedas, que oferta apoio para crian\u00e7as da primeira inf\u00e2ncia, por meio de visitas domiciliares, oferecendo aos pequenos e aos familiares meios de estimular desenvolvimento integral da crian\u00e7a e a constru\u00e7\u00e3o de v\u00ednculo familiar.<\/p>\n\n\n\n<p>O Dia D faz parte de uma programa\u00e7\u00e3o extensa realizada pela Semana do Beb\u00ea 2023. Entre os dias 20 e 24 de novembro, \u00e0s 9h, a Semana estar\u00e1 promovendo em todas as UBSs de Paudalho, da Zona Rural e Urbana do munic\u00edpio, palestras com o tema \u201cA sa\u00fade promovendo o cuidado integral na primeira inf\u00e2ncia\u201d.<\/p>\n\n\n\n<p>A Semana do Beb\u00ea \u00e9 uma das principais e mais bem-sucedidas estrat\u00e9gias de mobiliza\u00e7\u00e3o social pela primeira inf\u00e2ncia no Brasil. O evento faz parte de umas das metas do Selo Unicef, que, ao aderir, o munic\u00edpio assume o compromisso de manter a inf\u00e2ncia e adolesc\u00eancia como prioridade da agenda de suas pol\u00edticas p\u00fablicas. <\/p>\n","protected":false},"excerpt":{"rendered":"<p>Com palestras, parque e distribui\u00e7\u00e3o gratuita de algod\u00e3o-doce e pipoca, a Prefeitura do Paudalho, atrav\u00e9s do Programa Sa\u00fade com Preven\u00e7\u00e3o, da Secretaria de Sa\u00fade, com apoio de Secretaria de Desenvolvimento e Assist\u00eancia Social (Sedas), promove o Dia D da Semana do Beb\u00ea nesta quarta-feira (22), \u00e0s 14h, na UBS Centro, localizado nas proximidades do Col\u00e9gio [&hellip;]<\/p>\n","protected":false},"author":10,"featured_media":24760,"comment_status":"open","ping_status":"open","sticky":false,"template":"","format":"standard","meta":{"_jetpack_newsletter_access":"","_jetpack_dont_email_post_to_subs":false,"_jetpack_newsletter_tier_id":0,"_jetpack_memberships_contains_paywalled_content":false,"_jetpack_memberships_contains_paid_content":false,"footnotes":""},"categories":[2,1,3],"tags":[14,22,16,124,168],"class_list":["post-30167","post","type-post","status-publish","format-standard","has-post-thumbnail","hentry","category-destaque","category-noticias","category-saude","tag-paudalho","tag-prefeitura-do-paudalho","tag-saude","tag-secretaria-de-desenvolvimento-e-assistencia-social","tag-secretaria-de-saude"],"jetpack_featured_media_url":"https:\/\/www.paudalho.pe.gov.br\/portal\/wp-content\/uploads\/2023\/02\/BANHO-DE-FREVO-INFANTIL-PAUDALHO18-e1700667902733.jpg","jetpack_sharing_enabled":true,"jetpack_shortlink":"https:\/\/wp.me\/p98mS2-7Qz","_links":{"self":[{"href":"https:\/\/www.paudalho.pe.gov.br\/portal\/wp-json\/wp\/v2\/posts\/30167","targetHints":{"allow":["GET"]}}],"collection":[{"href":"https:\/\/www.paudalho.pe.gov.br\/portal\/wp-json\/wp\/v2\/posts"}],"about":[{"href":"https:\/\/www.paudalho.pe.gov.br\/portal\/wp-json\/wp\/v2\/types\/post"}],"author":[{"embeddable":true,"href":"https:\/\/www.paudalho.pe.gov.br\/portal\/wp-json\/wp\/v2\/users\/10"}],"replies":[{"embeddable":true,"href":"https:\/\/www.paudalho.pe.gov.br\/portal\/wp-json\/wp\/v2\/comments?post=30167"}],"version-history":[{"count":2,"href":"https:\/\/www.paudalho.pe.gov.br\/portal\/wp-json\/wp\/v2\/posts\/30167\/revisions"}],"predecessor-version":[{"id":30169,"href":"https:\/\/www.paudalho.pe.gov.br\/portal\/wp-json\/wp\/v2\/posts\/30167\/revisions\/30169"}],"wp:featuredmedia":[{"embeddable":true,"href":"https:\/\/www.paudalho.pe.gov.br\/portal\/wp-json\/wp\/v2\/media\/24760"}],"wp:attachment":[{"href":"https:\/\/www.paudalho.pe.gov.br\/portal\/wp-json\/wp\/v2\/media?parent=30167"}],"wp:term":[{"taxonomy":"category","embeddable":true,"href":"https:\/\/www.paudalho.pe.gov.br\/portal\/wp-json\/wp\/v2\/categories?post=30167"},{"taxonomy":"post_tag","embeddable":true,"href":"https:\/\/www.paudalho.pe.gov.br\/portal\/wp-json\/wp\/v2\/tags?post=30167"}],"curies":[{"name":"wp","href":"https:\/\/api.w.org\/{rel}","templated":true}]}}