{"id":30149,"date":"2023-11-21T13:24:38","date_gmt":"2023-11-21T16:24:38","guid":{"rendered":"https:\/\/www.paudalho.pe.gov.br\/portal\/?p=30149"},"modified":"2025-01-08T00:38:25","modified_gmt":"2025-01-08T03:38:25","slug":"paudalho-anuncia-a-v-feira-de-natal-de-paudalho-fenapa-e-conta-com-stands-disponiveis-para-empreendedores","status":"publish","type":"post","link":"https:\/\/www.paudalho.pe.gov.br\/portal\/paudalho-anuncia-a-v-feira-de-natal-de-paudalho-fenapa-e-conta-com-stands-disponiveis-para-empreendedores\/","title":{"rendered":"Paudalho anuncia a V Feira de Natal de Paudalho (FENAPA) e conta com stands dispon\u00edveis para empreendedores"},"content":{"rendered":"\n<p>O empreendedorismo \u00e9 uma pauta em alta no munic\u00edpio de Paudalho, com diversas a\u00e7\u00f5es para ofertar ao empreendedor o suporte, oportunidade, capacita\u00e7\u00e3o e espa\u00e7o que o mesmo precisa para alavancar o seu neg\u00f3cio. Entre as a\u00e7\u00f5es de incentivo, a Prefeitura do Paudalho, por meio da Secretaria Executiva de Desenvolvimento Econ\u00f4mico, Meio Ambiente e Qualifica\u00e7\u00e3o Profissional (Sedemaq), em parceria com o Servi\u00e7o Brasileiro de Apoio \u00e0s Micro e Pequenas Empresas (Sebrae), realiza a V Feira de Natal de Paudalho, entre os dias 14 e 17 de dezembro, das 17h \u00e0s 22h. O evento ser\u00e1 no P\u00e1tio de Eventos Beira-Rio.<\/p>\n\n\n\n<p>A edi\u00e7\u00e3o deste ano conta com stands dispon\u00edveis para os empreendedores locais que desejam comercializar seus produtos e\/ou servi\u00e7os na feira. Para garantir um stand na V Fenapa, basta comparecer \u00e0 Sala do Empreendedor, localizado na sede da Sedemaq, no P\u00e1tio da Feira, das 8h \u00e0s 14h, e apresentar os seguintes documentos: RG, CPF ou qualquer documento com foto; e comprovante de resid\u00eancia. Em caso de d\u00favidas, o empreendedor pode entrar em contato pelo whatsapp da Sala do Empreendedor, atrav\u00e9s do n\u00famero (81) 9 9817-0053.<\/p>\n\n\n\n<figure class=\"wp-block-gallery has-nested-images columns-default is-cropped wp-block-gallery-1 is-layout-flex wp-block-gallery-is-layout-flex\">\n<figure class=\"wp-block-image size-large\"><img loading=\"lazy\" decoding=\"async\" width=\"800\" height=\"450\" data-attachment-id=\"30155\" data-permalink=\"https:\/\/www.paudalho.pe.gov.br\/portal\/paudalho-anuncia-a-v-feira-de-natal-de-paudalho-fenapa-e-conta-com-stands-disponiveis-para-empreendedores\/80038583_1668184906638585_7078213727098503168_n\/\" data-orig-file=\"https:\/\/www.paudalho.pe.gov.br\/portal\/wp-content\/uploads\/2023\/11\/80038583_1668184906638585_7078213727098503168_n.jpg\" data-orig-size=\"1440,960\" data-comments-opened=\"1\" data-image-meta=\"{&quot;aperture&quot;:&quot;0&quot;,&quot;credit&quot;:&quot;&quot;,&quot;camera&quot;:&quot;&quot;,&quot;caption&quot;:&quot;&quot;,&quot;created_timestamp&quot;:&quot;0&quot;,&quot;copyright&quot;:&quot;&quot;,&quot;focal_length&quot;:&quot;0&quot;,&quot;iso&quot;:&quot;0&quot;,&quot;shutter_speed&quot;:&quot;0&quot;,&quot;title&quot;:&quot;&quot;,&quot;orientation&quot;:&quot;0&quot;}\" data-image-title=\"80038583_1668184906638585_7078213727098503168_n\" data-image-description=\"\" data-image-caption=\"\" data-medium-file=\"https:\/\/www.paudalho.pe.gov.br\/portal\/wp-content\/uploads\/2023\/11\/80038583_1668184906638585_7078213727098503168_n-350x230.jpg\" data-large-file=\"https:\/\/www.paudalho.pe.gov.br\/portal\/wp-content\/uploads\/2023\/11\/80038583_1668184906638585_7078213727098503168_n-800x450.jpg\" data-id=\"30155\" src=\"https:\/\/www.paudalho.pe.gov.br\/portal\/wp-content\/uploads\/2023\/11\/80038583_1668184906638585_7078213727098503168_n-800x450.jpg\" alt=\"\" class=\"wp-image-30155\"\/><\/figure>\n\n\n\n<figure class=\"wp-block-image size-large\"><img loading=\"lazy\" decoding=\"async\" width=\"800\" height=\"450\" data-attachment-id=\"30154\" data-permalink=\"https:\/\/www.paudalho.pe.gov.br\/portal\/paudalho-anuncia-a-v-feira-de-natal-de-paudalho-fenapa-e-conta-com-stands-disponiveis-para-empreendedores\/78534214_1668184616638614_3940725754999865344_n\/\" data-orig-file=\"https:\/\/www.paudalho.pe.gov.br\/portal\/wp-content\/uploads\/2023\/11\/78534214_1668184616638614_3940725754999865344_n.jpg\" data-orig-size=\"1440,960\" data-comments-opened=\"1\" data-image-meta=\"{&quot;aperture&quot;:&quot;0&quot;,&quot;credit&quot;:&quot;&quot;,&quot;camera&quot;:&quot;&quot;,&quot;caption&quot;:&quot;&quot;,&quot;created_timestamp&quot;:&quot;0&quot;,&quot;copyright&quot;:&quot;&quot;,&quot;focal_length&quot;:&quot;0&quot;,&quot;iso&quot;:&quot;0&quot;,&quot;shutter_speed&quot;:&quot;0&quot;,&quot;title&quot;:&quot;&quot;,&quot;orientation&quot;:&quot;0&quot;}\" data-image-title=\"78534214_1668184616638614_3940725754999865344_n\" data-image-description=\"\" data-image-caption=\"\" data-medium-file=\"https:\/\/www.paudalho.pe.gov.br\/portal\/wp-content\/uploads\/2023\/11\/78534214_1668184616638614_3940725754999865344_n-350x230.jpg\" data-large-file=\"https:\/\/www.paudalho.pe.gov.br\/portal\/wp-content\/uploads\/2023\/11\/78534214_1668184616638614_3940725754999865344_n-800x450.jpg\" data-id=\"30154\" src=\"https:\/\/www.paudalho.pe.gov.br\/portal\/wp-content\/uploads\/2023\/11\/78534214_1668184616638614_3940725754999865344_n-800x450.jpg\" alt=\"\" class=\"wp-image-30154\"\/><\/figure>\n\n\n\n<figure class=\"wp-block-image size-large\"><img loading=\"lazy\" decoding=\"async\" width=\"800\" height=\"450\" data-attachment-id=\"30151\" data-permalink=\"https:\/\/www.paudalho.pe.gov.br\/portal\/paudalho-anuncia-a-v-feira-de-natal-de-paudalho-fenapa-e-conta-com-stands-disponiveis-para-empreendedores\/263034877_6897326766951625_5160124212039294263_n\/\" data-orig-file=\"https:\/\/www.paudalho.pe.gov.br\/portal\/wp-content\/uploads\/2023\/11\/263034877_6897326766951625_5160124212039294263_n.jpg\" data-orig-size=\"1280,853\" data-comments-opened=\"1\" data-image-meta=\"{&quot;aperture&quot;:&quot;0&quot;,&quot;credit&quot;:&quot;&quot;,&quot;camera&quot;:&quot;&quot;,&quot;caption&quot;:&quot;&quot;,&quot;created_timestamp&quot;:&quot;0&quot;,&quot;copyright&quot;:&quot;&quot;,&quot;focal_length&quot;:&quot;0&quot;,&quot;iso&quot;:&quot;0&quot;,&quot;shutter_speed&quot;:&quot;0&quot;,&quot;title&quot;:&quot;&quot;,&quot;orientation&quot;:&quot;0&quot;}\" data-image-title=\"263034877_6897326766951625_5160124212039294263_n\" data-image-description=\"\" data-image-caption=\"\" data-medium-file=\"https:\/\/www.paudalho.pe.gov.br\/portal\/wp-content\/uploads\/2023\/11\/263034877_6897326766951625_5160124212039294263_n-350x230.jpg\" data-large-file=\"https:\/\/www.paudalho.pe.gov.br\/portal\/wp-content\/uploads\/2023\/11\/263034877_6897326766951625_5160124212039294263_n-800x450.jpg\" data-id=\"30151\" src=\"https:\/\/www.paudalho.pe.gov.br\/portal\/wp-content\/uploads\/2023\/11\/263034877_6897326766951625_5160124212039294263_n-800x450.jpg\" alt=\"\" class=\"wp-image-30151\"\/><\/figure>\n\n\n\n<figure class=\"wp-block-image size-large\"><img loading=\"lazy\" decoding=\"async\" width=\"800\" height=\"450\" data-attachment-id=\"30152\" data-permalink=\"https:\/\/www.paudalho.pe.gov.br\/portal\/paudalho-anuncia-a-v-feira-de-natal-de-paudalho-fenapa-e-conta-com-stands-disponiveis-para-empreendedores\/262803075_6897326530284982_7287513687159637280_n\/\" data-orig-file=\"https:\/\/www.paudalho.pe.gov.br\/portal\/wp-content\/uploads\/2023\/11\/262803075_6897326530284982_7287513687159637280_n.jpg\" data-orig-size=\"1280,853\" data-comments-opened=\"1\" data-image-meta=\"{&quot;aperture&quot;:&quot;0&quot;,&quot;credit&quot;:&quot;&quot;,&quot;camera&quot;:&quot;&quot;,&quot;caption&quot;:&quot;&quot;,&quot;created_timestamp&quot;:&quot;0&quot;,&quot;copyright&quot;:&quot;&quot;,&quot;focal_length&quot;:&quot;0&quot;,&quot;iso&quot;:&quot;0&quot;,&quot;shutter_speed&quot;:&quot;0&quot;,&quot;title&quot;:&quot;&quot;,&quot;orientation&quot;:&quot;0&quot;}\" data-image-title=\"262803075_6897326530284982_7287513687159637280_n\" data-image-description=\"\" data-image-caption=\"\" data-medium-file=\"https:\/\/www.paudalho.pe.gov.br\/portal\/wp-content\/uploads\/2023\/11\/262803075_6897326530284982_7287513687159637280_n-350x230.jpg\" data-large-file=\"https:\/\/www.paudalho.pe.gov.br\/portal\/wp-content\/uploads\/2023\/11\/262803075_6897326530284982_7287513687159637280_n-800x450.jpg\" data-id=\"30152\" src=\"https:\/\/www.paudalho.pe.gov.br\/portal\/wp-content\/uploads\/2023\/11\/262803075_6897326530284982_7287513687159637280_n-800x450.jpg\" alt=\"\" class=\"wp-image-30152\"\/><\/figure>\n\n\n\n<figure class=\"wp-block-image size-large\"><img loading=\"lazy\" decoding=\"async\" width=\"800\" height=\"450\" data-attachment-id=\"30153\" data-permalink=\"https:\/\/www.paudalho.pe.gov.br\/portal\/paudalho-anuncia-a-v-feira-de-natal-de-paudalho-fenapa-e-conta-com-stands-disponiveis-para-empreendedores\/48170959_1164742870316127_9118142280086061056_n-2\/\" data-orig-file=\"https:\/\/www.paudalho.pe.gov.br\/portal\/wp-content\/uploads\/2023\/11\/48170959_1164742870316127_9118142280086061056_n.jpg\" data-orig-size=\"960,640\" data-comments-opened=\"1\" data-image-meta=\"{&quot;aperture&quot;:&quot;0&quot;,&quot;credit&quot;:&quot;&quot;,&quot;camera&quot;:&quot;&quot;,&quot;caption&quot;:&quot;&quot;,&quot;created_timestamp&quot;:&quot;0&quot;,&quot;copyright&quot;:&quot;&quot;,&quot;focal_length&quot;:&quot;0&quot;,&quot;iso&quot;:&quot;0&quot;,&quot;shutter_speed&quot;:&quot;0&quot;,&quot;title&quot;:&quot;&quot;,&quot;orientation&quot;:&quot;0&quot;}\" data-image-title=\"48170959_1164742870316127_9118142280086061056_n\" data-image-description=\"\" data-image-caption=\"\" data-medium-file=\"https:\/\/www.paudalho.pe.gov.br\/portal\/wp-content\/uploads\/2023\/11\/48170959_1164742870316127_9118142280086061056_n-350x230.jpg\" data-large-file=\"https:\/\/www.paudalho.pe.gov.br\/portal\/wp-content\/uploads\/2023\/11\/48170959_1164742870316127_9118142280086061056_n-800x450.jpg\" data-id=\"30153\" src=\"https:\/\/www.paudalho.pe.gov.br\/portal\/wp-content\/uploads\/2023\/11\/48170959_1164742870316127_9118142280086061056_n-800x450.jpg\" alt=\"\" class=\"wp-image-30153\"\/><\/figure>\n<\/figure>\n\n\n\n<p>A Fenapa tem o objetivo de oferecer um espa\u00e7o de comercializa\u00e7\u00e3o durante o per\u00edodo natalino aos empreendedores locais. Na feira, o consumidor poder\u00e1 encontrar uma variedade de ramos de neg\u00f3cios, como cal\u00e7ados, confec\u00e7\u00e3o, eletr\u00f4nicos, artesanatos, gastronomias, bijuterias, servi\u00e7os, entre outras \u00e1reas; al\u00e9m de prestigiar apresenta\u00e7\u00f5es culturais convidadas.<\/p>\n","protected":false},"excerpt":{"rendered":"<p>O empreendedorismo \u00e9 uma pauta em alta no munic\u00edpio de Paudalho, com diversas a\u00e7\u00f5es para ofertar ao empreendedor o suporte, oportunidade, capacita\u00e7\u00e3o e espa\u00e7o que o mesmo precisa para alavancar o seu neg\u00f3cio. Entre as a\u00e7\u00f5es de incentivo, a Prefeitura do Paudalho, por meio da Secretaria Executiva de Desenvolvimento Econ\u00f4mico, Meio Ambiente e Qualifica\u00e7\u00e3o Profissional [&hellip;]<\/p>\n","protected":false},"author":10,"featured_media":30156,"comment_status":"open","ping_status":"open","sticky":false,"template":"","format":"standard","meta":{"_jetpack_newsletter_access":"","_jetpack_dont_email_post_to_subs":false,"_jetpack_newsletter_tier_id":0,"_jetpack_memberships_contains_paywalled_content":false,"_jetpack_memberships_contains_paid_content":false,"footnotes":""},"categories":[1,753],"tags":[823,582,1277,14,22,755,754],"class_list":["post-30149","post","type-post","status-publish","format-standard","has-post-thumbnail","hentry","category-noticias","category-qualificacao-profissional","tag-feira-de-natal-de-paudalho","tag-fenapa","tag-meio-ambiente-e-qualificacao-profissional-sedemaq","tag-paudalho","tag-prefeitura-do-paudalho","tag-qualificacao-profissional","tag-sedemaq"],"jetpack_featured_media_url":"https:\/\/www.paudalho.pe.gov.br\/portal\/wp-content\/uploads\/2023\/11\/78929773_1668184699971939_8537240849426153472_n.jpg","jetpack_sharing_enabled":true,"jetpack_shortlink":"https:\/\/wp.me\/p98mS2-7Qh","_links":{"self":[{"href":"https:\/\/www.paudalho.pe.gov.br\/portal\/wp-json\/wp\/v2\/posts\/30149","targetHints":{"allow":["GET"]}}],"collection":[{"href":"https:\/\/www.paudalho.pe.gov.br\/portal\/wp-json\/wp\/v2\/posts"}],"about":[{"href":"https:\/\/www.paudalho.pe.gov.br\/portal\/wp-json\/wp\/v2\/types\/post"}],"author":[{"embeddable":true,"href":"https:\/\/www.paudalho.pe.gov.br\/portal\/wp-json\/wp\/v2\/users\/10"}],"replies":[{"embeddable":true,"href":"https:\/\/www.paudalho.pe.gov.br\/portal\/wp-json\/wp\/v2\/comments?post=30149"}],"version-history":[{"count":6,"href":"https:\/\/www.paudalho.pe.gov.br\/portal\/wp-json\/wp\/v2\/posts\/30149\/revisions"}],"predecessor-version":[{"id":30273,"href":"https:\/\/www.paudalho.pe.gov.br\/portal\/wp-json\/wp\/v2\/posts\/30149\/revisions\/30273"}],"wp:featuredmedia":[{"embeddable":true,"href":"https:\/\/www.paudalho.pe.gov.br\/portal\/wp-json\/wp\/v2\/media\/30156"}],"wp:attachment":[{"href":"https:\/\/www.paudalho.pe.gov.br\/portal\/wp-json\/wp\/v2\/media?parent=30149"}],"wp:term":[{"taxonomy":"category","embeddable":true,"href":"https:\/\/www.paudalho.pe.gov.br\/portal\/wp-json\/wp\/v2\/categories?post=30149"},{"taxonomy":"post_tag","embeddable":true,"href":"https:\/\/www.paudalho.pe.gov.br\/portal\/wp-json\/wp\/v2\/tags?post=30149"}],"curies":[{"name":"wp","href":"https:\/\/api.w.org\/{rel}","templated":true}]}}