{"id":30135,"date":"2023-11-20T15:51:28","date_gmt":"2023-11-20T18:51:28","guid":{"rendered":"https:\/\/www.paudalho.pe.gov.br\/portal\/?p=30135"},"modified":"2025-01-08T00:38:25","modified_gmt":"2025-01-08T03:38:25","slug":"paudalho-inicia-semana-do-bebe-2023-com-dia-d-com-acoes-e-diversas-palestras","status":"publish","type":"post","link":"https:\/\/www.paudalho.pe.gov.br\/portal\/paudalho-inicia-semana-do-bebe-2023-com-dia-d-com-acoes-e-diversas-palestras\/","title":{"rendered":"Paudalho inicia Semana do Beb\u00ea 2023 com Dia D recheado de a\u00e7\u00f5es e diversas palestras"},"content":{"rendered":"\n<p>A Prefeitura do Paudalho, atrav\u00e9s do Programa Sa\u00fade com Preven\u00e7\u00e3o, da Secretaria de Sa\u00fade, realiza a Semana do Beb\u00ea 2023, com in\u00edcio nesta segunda-feira(20).<\/p>\n\n\n\n<p> A a\u00e7\u00e3o percorrer\u00e1 todas as comunidades das Zonas Rural e Urbana do munic\u00edpio nos dias 20, 23 e 24 de novembro, com a palestra &#8220;A sa\u00fade promovendo o cuidado integral na primeira inf\u00e2ncia&#8221;, a partir das 9h. J\u00e1 no dia 22, \u00e0s 14h, na UBS Centro, a a\u00e7\u00e3o promove o Dia D da Semana do Beb\u00ea, com palestras sobre calend\u00e1rio vacinal, aleitamento materno, cuidados com rec\u00e9m-nascido (RN), alimenta\u00e7\u00e3o saud\u00e1vel e intera\u00e7\u00e3o pedag\u00f3gica com a equipe do Programa Crian\u00e7a Feliz. Al\u00e9m disso, o Dia D ir\u00e1 contar com parque, distribui\u00e7\u00e3o pipoca e algod\u00e3o-doce para a crian\u00e7ada.<\/p>\n\n\n\n<p>O evento \u00e9 gratuito e aberto a todo o p\u00fablico.<\/p>\n\n\n\n<p><strong>Confira o calend\u00e1rio de palestras da Semana do Beb\u00ea 2023:<\/strong><\/p>\n\n\n\n<figure class=\"wp-block-table\"><table><tbody><tr><td>Data<\/td><td>Local<\/td><td>Hor\u00e1rio<\/td><td>Programa\u00e7\u00e3o<\/td><\/tr><tr><td>20\/11<\/td><td>UBS Primavera 2<\/td><td>9h<\/td><td>Palestra, com o tema &#8220;A sa\u00fade promovendo o cuidado integral na primeira inf\u00e2ncia&#8221;<\/td><\/tr><tr><td><\/td><td>UBS Equador<\/td><td>9h<\/td><td>Palestra, com o tema &#8220;A sa\u00fade promovendo o cuidado integral na primeira inf\u00e2ncia&#8221;<\/td><\/tr><tr><td><\/td><td>UBS Guadalajara 1, 2, 3 e 5<\/td><td>9h<\/td><td>Palestra, com o tema &#8220;A sa\u00fade promovendo o cuidado integral na primeira inf\u00e2ncia&#8221;<\/td><\/tr><tr><td><\/td><td>UBS Boboc\u00e3o<\/td><td>9h<\/td><td>Palestra, com o tema &#8220;A sa\u00fade promovendo o cuidado integral na primeira inf\u00e2ncia&#8221;<\/td><\/tr><tr><td><\/td><td>UBS Ch\u00e3 Alegre<\/td><td>9h<\/td><td>Palestra, com o tema &#8220;A sa\u00fade promovendo o cuidado integral na primeira inf\u00e2ncia&#8221;<\/td><\/tr><tr><td><\/td><td>UBS Ch\u00e3 de Cruz 1 e 2<\/td><td>9h<\/td><td>Palestra, com o tema &#8220;A sa\u00fade promovendo o cuidado integral na primeira inf\u00e2ncia&#8221;<\/td><\/tr><tr><td>21\/11<\/td><td>UBS Primavera 1, 3 e 4<\/td><td>9h<\/td><td>Palestra, com o tema &#8220;A sa\u00fade promovendo o cuidado integral na primeira inf\u00e2ncia&#8221;<\/td><\/tr><tr><td><\/td><td>UBS Ch\u00e3 do Conselho<\/td><td>9h<\/td><td>Palestra, com o tema &#8220;A sa\u00fade promovendo o cuidado integral na primeira inf\u00e2ncia&#8221;<\/td><\/tr><tr><td><\/td><td>UBS Centro<\/td><td>9h<\/td><td>Palestra, com o tema &#8220;A sa\u00fade promovendo o cuidado integral na primeira inf\u00e2ncia&#8221;<\/td><\/tr><tr><td><\/td><td>UBS Bel\u00e9m<\/td><td>9h<\/td><td>Palestra, com o tema &#8220;A sa\u00fade promovendo o cuidado integral na primeira inf\u00e2ncia&#8221;<\/td><\/tr><tr><td><\/td><td>UBS Dois Irm\u00e3os <\/td><td>9h<\/td><td>Palestra, com o tema &#8220;A sa\u00fade promovendo o cuidado integral na primeira inf\u00e2ncia&#8221;<\/td><\/tr><tr><td><\/td><td>UBS Mussurepe<\/td><td>9h<\/td><td>Palestra, com o tema &#8220;A sa\u00fade promovendo o cuidado integral na primeira inf\u00e2ncia&#8221;<\/td><\/tr><tr><td><\/td><td>UBS Asa Branca<\/td><td>9h<\/td><td>Palestra, com o tema &#8220;A sa\u00fade promovendo o cuidado integral na primeira inf\u00e2ncia&#8221;<\/td><\/tr><tr><td>22\/11<\/td><td>UBS Centro<\/td><td>14h<\/td><td>Dia D, com palestras sobre calend\u00e1rio vacinal, aleitamento materno, cuidados com rec\u00e9m-nascido (RN), alimenta\u00e7\u00e3o saud\u00e1vel e intera\u00e7\u00e3o pedag\u00f3gica com a equipe do Programa Crian\u00e7a Feliz; e promo\u00e7\u00e3o de parque gratuito, distribui\u00e7\u00e3o de pipoca e algod\u00e3o-doce<\/td><\/tr><tr><td>23\/11<\/td><td>UBS Cruzeiro<\/td><td>9h<\/td><td>Palestra, com o tema &#8220;A sa\u00fade promovendo o cuidado integral na primeira inf\u00e2ncia&#8221;<\/td><\/tr><tr><td><\/td><td>UBS Santa Tereza<\/td><td>9h<\/td><td>Palestra, com o tema &#8220;A sa\u00fade promovendo o cuidado integral na primeira inf\u00e2ncia&#8221;<\/td><\/tr><tr><td><\/td><td>UBS Vila S\u00e3o Sebasti\u00e3o<\/td><td>9h<\/td><td>Palestra, com o tema &#8220;A sa\u00fade promovendo o cuidado integral na primeira inf\u00e2ncia&#8221;<\/td><\/tr><tr><td>24\/11<\/td><td>UBS Desterro<\/td><td>9h<\/td><td>Palestra, com o tema &#8220;A sa\u00fade promovendo o cuidado integral na primeira inf\u00e2ncia&#8221;<\/td><\/tr><tr><td><\/td><td>A\u00e7\u00e3o no Centro de Parto Normal Gabrielly Ramos, no Alto do Hospital<\/td><td>14h<\/td><td>Pintura gestacional (ultrassografia natural) em gestantes a partir de 36 semanas; e palestras sobre aleitamento materno, cuidados b\u00e1sicos com rec\u00e9m-nascido (RN) e roda de conversa com equipe da Secretaria de Desenvolvimento e Assist\u00eancia Social<\/td><\/tr><\/tbody><\/table><\/figure>\n","protected":false},"excerpt":{"rendered":"<p>A Prefeitura do Paudalho, atrav\u00e9s do Programa Sa\u00fade com Preven\u00e7\u00e3o, da Secretaria de Sa\u00fade, realiza a Semana do Beb\u00ea 2023, com in\u00edcio nesta segunda-feira(20). A a\u00e7\u00e3o percorrer\u00e1 todas as comunidades das Zonas Rural e Urbana do munic\u00edpio nos dias 20, 23 e 24 de novembro, com a palestra &#8220;A sa\u00fade promovendo o cuidado integral na [&hellip;]<\/p>\n","protected":false},"author":10,"featured_media":24758,"comment_status":"open","ping_status":"open","sticky":false,"template":"","format":"standard","meta":{"_jetpack_newsletter_access":"","_jetpack_dont_email_post_to_subs":false,"_jetpack_newsletter_tier_id":0,"_jetpack_memberships_contains_paywalled_content":false,"_jetpack_memberships_contains_paid_content":false,"footnotes":""},"categories":[2,1,3,1227],"tags":[14,22,16,168,1278],"class_list":["post-30135","post","type-post","status-publish","format-standard","has-post-thumbnail","hentry","category-destaque","category-noticias","category-saude","category-saude-2","tag-paudalho","tag-prefeitura-do-paudalho","tag-saude","tag-secretaria-de-saude","tag-semana-do-bebe"],"jetpack_featured_media_url":"https:\/\/www.paudalho.pe.gov.br\/portal\/wp-content\/uploads\/2023\/02\/BANHO-DE-FREVO-INFANTIL-PAUDALHO22-e1700506349282.jpg","jetpack_sharing_enabled":true,"jetpack_shortlink":"https:\/\/wp.me\/p98mS2-7Q3","_links":{"self":[{"href":"https:\/\/www.paudalho.pe.gov.br\/portal\/wp-json\/wp\/v2\/posts\/30135","targetHints":{"allow":["GET"]}}],"collection":[{"href":"https:\/\/www.paudalho.pe.gov.br\/portal\/wp-json\/wp\/v2\/posts"}],"about":[{"href":"https:\/\/www.paudalho.pe.gov.br\/portal\/wp-json\/wp\/v2\/types\/post"}],"author":[{"embeddable":true,"href":"https:\/\/www.paudalho.pe.gov.br\/portal\/wp-json\/wp\/v2\/users\/10"}],"replies":[{"embeddable":true,"href":"https:\/\/www.paudalho.pe.gov.br\/portal\/wp-json\/wp\/v2\/comments?post=30135"}],"version-history":[{"count":5,"href":"https:\/\/www.paudalho.pe.gov.br\/portal\/wp-json\/wp\/v2\/posts\/30135\/revisions"}],"predecessor-version":[{"id":30238,"href":"https:\/\/www.paudalho.pe.gov.br\/portal\/wp-json\/wp\/v2\/posts\/30135\/revisions\/30238"}],"wp:featuredmedia":[{"embeddable":true,"href":"https:\/\/www.paudalho.pe.gov.br\/portal\/wp-json\/wp\/v2\/media\/24758"}],"wp:attachment":[{"href":"https:\/\/www.paudalho.pe.gov.br\/portal\/wp-json\/wp\/v2\/media?parent=30135"}],"wp:term":[{"taxonomy":"category","embeddable":true,"href":"https:\/\/www.paudalho.pe.gov.br\/portal\/wp-json\/wp\/v2\/categories?post=30135"},{"taxonomy":"post_tag","embeddable":true,"href":"https:\/\/www.paudalho.pe.gov.br\/portal\/wp-json\/wp\/v2\/tags?post=30135"}],"curies":[{"name":"wp","href":"https:\/\/api.w.org\/{rel}","templated":true}]}}