{"id":30130,"date":"2023-11-20T14:09:30","date_gmt":"2023-11-20T17:09:30","guid":{"rendered":"https:\/\/www.paudalho.pe.gov.br\/portal\/?p=30130"},"modified":"2025-01-08T00:38:25","modified_gmt":"2025-01-08T03:38:25","slug":"paudalho-lanca-programacao-da-semana-da-consciencia-negra-2023-com-cinema-oficinas-palestra-e-roda-de-conversa","status":"publish","type":"post","link":"https:\/\/www.paudalho.pe.gov.br\/portal\/paudalho-lanca-programacao-da-semana-da-consciencia-negra-2023-com-cinema-oficinas-palestra-e-roda-de-conversa\/","title":{"rendered":"Paudalho lan\u00e7a programa\u00e7\u00e3o da Semana da Consci\u00eancia Negra 2023, com cinema, oficinas, palestra e roda de conversa"},"content":{"rendered":"\n<p>A Prefeitura de Paudalho, atrav\u00e9s da Secretaria de Educa\u00e7\u00e3o e Esportes e da Casa das Juventudes, realiza a Semana da Consci\u00eancia Negra 2023 de Paudalho. A a\u00e7\u00e3o \u00e9 realizada entre os dias 20 e 24 de novembro, no per\u00edodo da manh\u00e3 e da tarde, na Casa das Juventudes, localizada no Alto do Cruzeiro.<\/p>\n\n\n\n<p>Entre as atividades promovidas, a popula\u00e7\u00e3o poder\u00e1 prestigiar o Cine Consci\u00eancia Negra todos os dias pela manh\u00e3, oficinas de capoeira e hip hop, al\u00e9m de palestra e roda de conversa.<\/p>\n\n\n\n<p>Todas as atividades s\u00e3o abertas ao p\u00fablico e visam celebrar o Dia da Consci\u00eancia Negra, comemorado no dia 20 de novembro. Confira o calend\u00e1rio de programa\u00e7\u00f5es:<\/p>\n\n\n\n<figure class=\"wp-block-table\"><table><tbody><tr><td>Data<\/td><td>Hor\u00e1rio<\/td><td>Programa\u00e7\u00e3o<\/td><\/tr><tr><td>20\/11<\/td><td>9h30<\/td><td>Cine Consci\u00eancia Negra<\/td><\/tr><tr><td><\/td><td>14h<\/td><td>Cine Consci\u00eancia Negra<\/td><\/tr><tr><td>21\/11<\/td><td>9h30<\/td><td>Cine Consci\u00eancia Negra, com o filme \u00d3 Pa\u00ed, \u00d3: de passagem a alegria, nem que seja por um dia (2007)<\/td><\/tr><tr><td><\/td><td>14h<\/td><td>Oficina de Capoeira<\/td><\/tr><tr><td>22\/11<\/td><td>9h30<\/td><td>Cine Consci\u00eancia Negra, com o filme Cidade de Deus (2022)<\/td><\/tr><tr><td><\/td><td>14h<\/td><td>Roda de conversa, com o tema &#8220;Produ\u00e7\u00e3o Cultural Negra: Estrat\u00e9gias de Sobreviv\u00eancia e Revolu\u00e7\u00e3o&#8221;<\/td><\/tr><tr><td>23\/11<\/td><td>9h30<\/td><td>Cine Consci\u00eancia Negra, com o filme Medida Provis\u00f3ria (2020)<\/td><\/tr><tr><td><\/td><td>14h<\/td><td>Oficina de Hip Hop<\/td><\/tr><tr><td>24\/11<\/td><td>9h30<\/td><td>Cine Consci\u00eancia Negra, com o filme Zumbi<\/td><\/tr><tr><td><\/td><td>14h<\/td><td>Palestra com Eduardo Freitas, com o tema &#8220;Ros\u00e1rio dos Pretos: Espa\u00e7o de Sociabilidade e Resist\u00eancia&#8221;<\/td><\/tr><\/tbody><\/table><\/figure>\n","protected":false},"excerpt":{"rendered":"<p>A Prefeitura de Paudalho, atrav\u00e9s da Secretaria de Educa\u00e7\u00e3o e Esportes e da Casa das Juventudes, realiza a Semana da Consci\u00eancia Negra 2023 de Paudalho. A a\u00e7\u00e3o \u00e9 realizada entre os dias 20 e 24 de novembro, no per\u00edodo da manh\u00e3 e da tarde, na Casa das Juventudes, localizada no Alto do Cruzeiro. Entre as [&hellip;]<\/p>\n","protected":false},"author":10,"featured_media":30133,"comment_status":"open","ping_status":"open","sticky":false,"template":"","format":"standard","meta":{"_jetpack_newsletter_access":"","_jetpack_dont_email_post_to_subs":false,"_jetpack_newsletter_tier_id":0,"_jetpack_memberships_contains_paywalled_content":false,"_jetpack_memberships_contains_paid_content":false,"footnotes":""},"categories":[6,2,4,1],"tags":[816,68,832,30,14,22,106,1201,201],"class_list":["post-30130","post","type-post","status-publish","format-standard","has-post-thumbnail","hentry","category-cultura","category-destaque","category-educacao","category-noticias","tag-casa-das-juventudes","tag-cultura","tag-dia-da-consciencia-negra","tag-educacao","tag-paudalho","tag-prefeitura-do-paudalho","tag-secretaria-de-educacao","tag-secretaria-de-educacao-e-esportes","tag-semana-da-consciencia-negra"],"jetpack_featured_media_url":"https:\/\/www.paudalho.pe.gov.br\/portal\/wp-content\/uploads\/2023\/11\/WhatsApp-Image-2023-11-20-at-14.08.03-e1700500127653.jpeg","jetpack_sharing_enabled":true,"jetpack_shortlink":"https:\/\/wp.me\/p98mS2-7PY","_links":{"self":[{"href":"https:\/\/www.paudalho.pe.gov.br\/portal\/wp-json\/wp\/v2\/posts\/30130","targetHints":{"allow":["GET"]}}],"collection":[{"href":"https:\/\/www.paudalho.pe.gov.br\/portal\/wp-json\/wp\/v2\/posts"}],"about":[{"href":"https:\/\/www.paudalho.pe.gov.br\/portal\/wp-json\/wp\/v2\/types\/post"}],"author":[{"embeddable":true,"href":"https:\/\/www.paudalho.pe.gov.br\/portal\/wp-json\/wp\/v2\/users\/10"}],"replies":[{"embeddable":true,"href":"https:\/\/www.paudalho.pe.gov.br\/portal\/wp-json\/wp\/v2\/comments?post=30130"}],"version-history":[{"count":2,"href":"https:\/\/www.paudalho.pe.gov.br\/portal\/wp-json\/wp\/v2\/posts\/30130\/revisions"}],"predecessor-version":[{"id":30134,"href":"https:\/\/www.paudalho.pe.gov.br\/portal\/wp-json\/wp\/v2\/posts\/30130\/revisions\/30134"}],"wp:featuredmedia":[{"embeddable":true,"href":"https:\/\/www.paudalho.pe.gov.br\/portal\/wp-json\/wp\/v2\/media\/30133"}],"wp:attachment":[{"href":"https:\/\/www.paudalho.pe.gov.br\/portal\/wp-json\/wp\/v2\/media?parent=30130"}],"wp:term":[{"taxonomy":"category","embeddable":true,"href":"https:\/\/www.paudalho.pe.gov.br\/portal\/wp-json\/wp\/v2\/categories?post=30130"},{"taxonomy":"post_tag","embeddable":true,"href":"https:\/\/www.paudalho.pe.gov.br\/portal\/wp-json\/wp\/v2\/tags?post=30130"}],"curies":[{"name":"wp","href":"https:\/\/api.w.org\/{rel}","templated":true}]}}