{"id":30127,"date":"2023-11-23T09:36:25","date_gmt":"2023-11-23T12:36:25","guid":{"rendered":"https:\/\/www.paudalho.pe.gov.br\/portal\/?p=30127"},"modified":"2025-01-08T00:38:25","modified_gmt":"2025-01-08T03:38:25","slug":"vai-ser-otimo-para-todas-as-criancas-que-vao-ter-um-espaco-maior-para-brincar-e-se-divertir-diz-moradora-sobre-a-inauguracao-da-quadra-poliesportiva-da-escola-municipal-sinho-bandeira","status":"publish","type":"post","link":"https:\/\/www.paudalho.pe.gov.br\/portal\/vai-ser-otimo-para-todas-as-criancas-que-vao-ter-um-espaco-maior-para-brincar-e-se-divertir-diz-moradora-sobre-a-inauguracao-da-quadra-poliesportiva-da-escola-municipal-sinho-bandeira\/","title":{"rendered":"&#8220;Vai ser \u00f3timo para todas as crian\u00e7as&#8221;, diz moradora sobre a inaugura\u00e7\u00e3o da Quadra Poliesportiva da Escola Municipal Sinh\u00f4 Bandeira"},"content":{"rendered":"\n<p>&#8220;Vai ser \u00f3timo para todas as crian\u00e7as que v\u00e3o ter um espa\u00e7o maior para brincar e se divertir, sem falar na recompensa que elas v\u00e3o ter. O desenvolvimento delas vai ser bem melhor\u201d, destacou Rafaela Rita, 33 anos, empreendedora e m\u00e3e de um dos alunos da Escola Municipal Sinh\u00f4 Bandeira, que recebeu, na \u00faltima ter\u00e7a-feira (21), a inaugura\u00e7\u00e3o da Quadra Poliesportiva, realizada pela Prefeitura do Paudalho, atrav\u00e9s da Secretaria de Educa\u00e7\u00e3o e Esportes e da Secretaria de Desenvolvimento Urbano e Meio Ambiente. <\/p>\n\n\n\n<p>Esta \u00e9 a nona quadra inaugurada nos \u00faltimos sete anos e conta com estrutura para a pr\u00e1tica de diversos esportes, como futsal, handebol, v\u00f4lei, basquete, entre outras pr\u00e1ticas esportivas, pedag\u00f3gicas e culturais. A quadra \u00e9 tamb\u00e9m um local de lazer para toda a comunidade da Usina Mussurepe, com espa\u00e7o adequado para promo\u00e7\u00e3o de eventos e atividades em geral.<\/p>\n\n\n\n<p>&#8220;Essa quadra \u00e9 um equipamento multidisciplinar que vai atender as necessidades da comunidade. Aqui a popula\u00e7\u00e3o poder\u00e1 realizar um evento, um casamento, um anivers\u00e1rio, uma partida de futebol e, o principal, atividades f\u00edsicas e culturais para os alunos da Escola Municipal Sinh\u00f4 Bandeira. Esse \u00e9 mais um sonho que se realiza na comunidade da Usina Mussurepe&#8221;, comentou Marcelo Gouveia, prefeito do munic\u00edpio de Paudalho<\/p>\n\n\n\n<p>A quadra conta com investimento de aproximadamente R$ 1.034.717,56 milh\u00e3o e faz parte do projeto municipal de investimento em educa\u00e7\u00e3o e esportes atrav\u00e9s da infraestrutura e promo\u00e7\u00e3o de um local adequado para as crian\u00e7as e popula\u00e7\u00e3o paudalhense em geral.<\/p>\n\n\n\n<p>\u201cSabemos que, para o desenvolvimento de uma crian\u00e7a, existe uma tr\u00edade, a sa\u00fade, a educa\u00e7\u00e3o e o esporte. Eles se completam e esse equipamento vai permitir isso. Porque o nosso foco \u00e9 a crian\u00e7a, os alunos paudalhenses, e \u00e9 isso que n\u00f3s almejamos, que o aluno alcance o pleno desenvolvimento.\u201d, destacou Paula Marinho, secret\u00e1ria de Educa\u00e7\u00e3o e Esportes.<\/p>\n\n\n\n<figure class=\"wp-block-gallery has-nested-images columns-default is-cropped wp-block-gallery-1 is-layout-flex wp-block-gallery-is-layout-flex\">\n<figure class=\"wp-block-image size-large\"><img loading=\"lazy\" decoding=\"async\" width=\"800\" height=\"450\" data-attachment-id=\"30191\" data-permalink=\"https:\/\/www.paudalho.pe.gov.br\/portal\/vai-ser-otimo-para-todas-as-criancas-que-vao-ter-um-espaco-maior-para-brincar-e-se-divertir-diz-moradora-sobre-a-inauguracao-da-quadra-poliesportiva-da-escola-municipal-sinho-bandeira\/_h5a6839-1\/\" data-orig-file=\"https:\/\/www.paudalho.pe.gov.br\/portal\/wp-content\/uploads\/2023\/11\/H5A6839-1-scaled.jpg\" data-orig-size=\"2560,1707\" data-comments-opened=\"1\" data-image-meta=\"{&quot;aperture&quot;:&quot;5&quot;,&quot;credit&quot;:&quot;CHARLES JOHNSON&quot;,&quot;camera&quot;:&quot;Canon EOS 5D Mark IV&quot;,&quot;caption&quot;:&quot;&quot;,&quot;created_timestamp&quot;:&quot;1700589938&quot;,&quot;copyright&quot;:&quot;CHARLES JOHNSON 81 986016133&quot;,&quot;focal_length&quot;:&quot;24&quot;,&quot;iso&quot;:&quot;3200&quot;,&quot;shutter_speed&quot;:&quot;0.01&quot;,&quot;title&quot;:&quot;&quot;,&quot;orientation&quot;:&quot;1&quot;}\" data-image-title=\"_H5A6839 (1)\" data-image-description=\"\" data-image-caption=\"&lt;p&gt;Imagem: Josu\u00e9 J\u00fanior\/PMP&lt;\/p&gt;\n\" data-medium-file=\"https:\/\/www.paudalho.pe.gov.br\/portal\/wp-content\/uploads\/2023\/11\/H5A6839-1-350x230.jpg\" data-large-file=\"https:\/\/www.paudalho.pe.gov.br\/portal\/wp-content\/uploads\/2023\/11\/H5A6839-1-800x450.jpg\" data-id=\"30191\" src=\"https:\/\/www.paudalho.pe.gov.br\/portal\/wp-content\/uploads\/2023\/11\/H5A6839-1-800x450.jpg\" alt=\"\" class=\"wp-image-30191\"\/><figcaption class=\"wp-element-caption\">Imagem: Josu\u00e9 J\u00fanior\/PMP<\/figcaption><\/figure>\n\n\n\n<figure class=\"wp-block-image size-large\"><img loading=\"lazy\" decoding=\"async\" width=\"800\" height=\"450\" data-attachment-id=\"30189\" data-permalink=\"https:\/\/www.paudalho.pe.gov.br\/portal\/vai-ser-otimo-para-todas-as-criancas-que-vao-ter-um-espaco-maior-para-brincar-e-se-divertir-diz-moradora-sobre-a-inauguracao-da-quadra-poliesportiva-da-escola-municipal-sinho-bandeira\/_h5a6846\/\" data-orig-file=\"https:\/\/www.paudalho.pe.gov.br\/portal\/wp-content\/uploads\/2023\/11\/H5A6846-scaled.jpg\" data-orig-size=\"2560,1707\" data-comments-opened=\"1\" data-image-meta=\"{&quot;aperture&quot;:&quot;5&quot;,&quot;credit&quot;:&quot;CHARLES JOHNSON&quot;,&quot;camera&quot;:&quot;Canon EOS 5D Mark IV&quot;,&quot;caption&quot;:&quot;&quot;,&quot;created_timestamp&quot;:&quot;1700590020&quot;,&quot;copyright&quot;:&quot;CHARLES JOHNSON 81 986016133&quot;,&quot;focal_length&quot;:&quot;24&quot;,&quot;iso&quot;:&quot;3200&quot;,&quot;shutter_speed&quot;:&quot;0.01&quot;,&quot;title&quot;:&quot;&quot;,&quot;orientation&quot;:&quot;1&quot;}\" data-image-title=\"_H5A6846\" data-image-description=\"\" data-image-caption=\"&lt;p&gt;Imagem: Josu\u00e9 J\u00fanior\/PMP&lt;\/p&gt;\n\" data-medium-file=\"https:\/\/www.paudalho.pe.gov.br\/portal\/wp-content\/uploads\/2023\/11\/H5A6846-350x230.jpg\" data-large-file=\"https:\/\/www.paudalho.pe.gov.br\/portal\/wp-content\/uploads\/2023\/11\/H5A6846-800x450.jpg\" data-id=\"30189\" src=\"https:\/\/www.paudalho.pe.gov.br\/portal\/wp-content\/uploads\/2023\/11\/H5A6846-800x450.jpg\" alt=\"\" class=\"wp-image-30189\"\/><figcaption class=\"wp-element-caption\">Imagem: Josu\u00e9 J\u00fanior\/PMP<\/figcaption><\/figure>\n\n\n\n<figure class=\"wp-block-image size-large\"><img loading=\"lazy\" decoding=\"async\" width=\"800\" height=\"450\" data-attachment-id=\"30186\" data-permalink=\"https:\/\/www.paudalho.pe.gov.br\/portal\/vai-ser-otimo-para-todas-as-criancas-que-vao-ter-um-espaco-maior-para-brincar-e-se-divertir-diz-moradora-sobre-a-inauguracao-da-quadra-poliesportiva-da-escola-municipal-sinho-bandeira\/_h5a6853\/\" data-orig-file=\"https:\/\/www.paudalho.pe.gov.br\/portal\/wp-content\/uploads\/2023\/11\/H5A6853-scaled.jpg\" data-orig-size=\"2560,1707\" data-comments-opened=\"1\" data-image-meta=\"{&quot;aperture&quot;:&quot;5&quot;,&quot;credit&quot;:&quot;CHARLES JOHNSON&quot;,&quot;camera&quot;:&quot;Canon EOS 5D Mark IV&quot;,&quot;caption&quot;:&quot;&quot;,&quot;created_timestamp&quot;:&quot;1700590255&quot;,&quot;copyright&quot;:&quot;CHARLES JOHNSON 81 986016133&quot;,&quot;focal_length&quot;:&quot;24&quot;,&quot;iso&quot;:&quot;3200&quot;,&quot;shutter_speed&quot;:&quot;0.025&quot;,&quot;title&quot;:&quot;&quot;,&quot;orientation&quot;:&quot;1&quot;}\" data-image-title=\"_H5A6853\" data-image-description=\"\" data-image-caption=\"&lt;p&gt;Imagem: Josu\u00e9 J\u00fanior\/PMP&lt;\/p&gt;\n\" data-medium-file=\"https:\/\/www.paudalho.pe.gov.br\/portal\/wp-content\/uploads\/2023\/11\/H5A6853-350x230.jpg\" data-large-file=\"https:\/\/www.paudalho.pe.gov.br\/portal\/wp-content\/uploads\/2023\/11\/H5A6853-800x450.jpg\" data-id=\"30186\" src=\"https:\/\/www.paudalho.pe.gov.br\/portal\/wp-content\/uploads\/2023\/11\/H5A6853-800x450.jpg\" alt=\"\" class=\"wp-image-30186\"\/><figcaption class=\"wp-element-caption\">Imagem: Josu\u00e9 J\u00fanior\/PMP<\/figcaption><\/figure>\n\n\n\n<figure class=\"wp-block-image size-large\"><img loading=\"lazy\" decoding=\"async\" width=\"800\" height=\"450\" data-attachment-id=\"30184\" data-permalink=\"https:\/\/www.paudalho.pe.gov.br\/portal\/vai-ser-otimo-para-todas-as-criancas-que-vao-ter-um-espaco-maior-para-brincar-e-se-divertir-diz-moradora-sobre-a-inauguracao-da-quadra-poliesportiva-da-escola-municipal-sinho-bandeira\/_h5a6872\/\" data-orig-file=\"https:\/\/www.paudalho.pe.gov.br\/portal\/wp-content\/uploads\/2023\/11\/H5A6872-scaled.jpg\" data-orig-size=\"2560,1707\" data-comments-opened=\"1\" data-image-meta=\"{&quot;aperture&quot;:&quot;3.5&quot;,&quot;credit&quot;:&quot;CHARLES JOHNSON&quot;,&quot;camera&quot;:&quot;Canon EOS 5D Mark IV&quot;,&quot;caption&quot;:&quot;&quot;,&quot;created_timestamp&quot;:&quot;1700594222&quot;,&quot;copyright&quot;:&quot;CHARLES JOHNSON 81 986016133&quot;,&quot;focal_length&quot;:&quot;50&quot;,&quot;iso&quot;:&quot;4000&quot;,&quot;shutter_speed&quot;:&quot;0.01&quot;,&quot;title&quot;:&quot;&quot;,&quot;orientation&quot;:&quot;1&quot;}\" data-image-title=\"_H5A6872\" data-image-description=\"\" data-image-caption=\"&lt;p&gt;Imagem: Josu\u00e9 J\u00fanior\/PMP&lt;\/p&gt;\n\" data-medium-file=\"https:\/\/www.paudalho.pe.gov.br\/portal\/wp-content\/uploads\/2023\/11\/H5A6872-350x230.jpg\" data-large-file=\"https:\/\/www.paudalho.pe.gov.br\/portal\/wp-content\/uploads\/2023\/11\/H5A6872-800x450.jpg\" data-id=\"30184\" src=\"https:\/\/www.paudalho.pe.gov.br\/portal\/wp-content\/uploads\/2023\/11\/H5A6872-800x450.jpg\" alt=\"\" class=\"wp-image-30184\"\/><figcaption class=\"wp-element-caption\">Imagem: Josu\u00e9 J\u00fanior\/PMP<\/figcaption><\/figure>\n\n\n\n<figure class=\"wp-block-image size-large\"><img loading=\"lazy\" decoding=\"async\" width=\"800\" height=\"450\" data-attachment-id=\"30181\" data-permalink=\"https:\/\/www.paudalho.pe.gov.br\/portal\/vai-ser-otimo-para-todas-as-criancas-que-vao-ter-um-espaco-maior-para-brincar-e-se-divertir-diz-moradora-sobre-a-inauguracao-da-quadra-poliesportiva-da-escola-municipal-sinho-bandeira\/_h5a6949\/\" data-orig-file=\"https:\/\/www.paudalho.pe.gov.br\/portal\/wp-content\/uploads\/2023\/11\/H5A6949-scaled.jpg\" data-orig-size=\"2560,1707\" data-comments-opened=\"1\" data-image-meta=\"{&quot;aperture&quot;:&quot;4&quot;,&quot;credit&quot;:&quot;CHARLES JOHNSON&quot;,&quot;camera&quot;:&quot;Canon EOS 5D Mark IV&quot;,&quot;caption&quot;:&quot;&quot;,&quot;created_timestamp&quot;:&quot;1700596263&quot;,&quot;copyright&quot;:&quot;CHARLES JOHNSON 81 986016133&quot;,&quot;focal_length&quot;:&quot;24&quot;,&quot;iso&quot;:&quot;2000&quot;,&quot;shutter_speed&quot;:&quot;0.008&quot;,&quot;title&quot;:&quot;&quot;,&quot;orientation&quot;:&quot;1&quot;}\" data-image-title=\"_H5A6949\" data-image-description=\"\" data-image-caption=\"&lt;p&gt;Imagem: Josu\u00e9 J\u00fanior\/PMP&lt;\/p&gt;\n\" data-medium-file=\"https:\/\/www.paudalho.pe.gov.br\/portal\/wp-content\/uploads\/2023\/11\/H5A6949-350x230.jpg\" data-large-file=\"https:\/\/www.paudalho.pe.gov.br\/portal\/wp-content\/uploads\/2023\/11\/H5A6949-800x450.jpg\" data-id=\"30181\" src=\"https:\/\/www.paudalho.pe.gov.br\/portal\/wp-content\/uploads\/2023\/11\/H5A6949-800x450.jpg\" alt=\"\" class=\"wp-image-30181\"\/><figcaption class=\"wp-element-caption\">Imagem: Josu\u00e9 J\u00fanior\/PMP<\/figcaption><\/figure>\n\n\n\n<figure class=\"wp-block-image size-large\"><img loading=\"lazy\" decoding=\"async\" width=\"800\" height=\"450\" data-attachment-id=\"30177\" data-permalink=\"https:\/\/www.paudalho.pe.gov.br\/portal\/vai-ser-otimo-para-todas-as-criancas-que-vao-ter-um-espaco-maior-para-brincar-e-se-divertir-diz-moradora-sobre-a-inauguracao-da-quadra-poliesportiva-da-escola-municipal-sinho-bandeira\/_h5a7011\/\" data-orig-file=\"https:\/\/www.paudalho.pe.gov.br\/portal\/wp-content\/uploads\/2023\/11\/H5A7011-scaled.jpg\" data-orig-size=\"2560,1707\" data-comments-opened=\"1\" data-image-meta=\"{&quot;aperture&quot;:&quot;2.8&quot;,&quot;credit&quot;:&quot;CHARLES JOHNSON&quot;,&quot;camera&quot;:&quot;Canon EOS 5D Mark IV&quot;,&quot;caption&quot;:&quot;&quot;,&quot;created_timestamp&quot;:&quot;1700596876&quot;,&quot;copyright&quot;:&quot;CHARLES JOHNSON 81 986016133&quot;,&quot;focal_length&quot;:&quot;24&quot;,&quot;iso&quot;:&quot;5000&quot;,&quot;shutter_speed&quot;:&quot;0.005&quot;,&quot;title&quot;:&quot;&quot;,&quot;orientation&quot;:&quot;1&quot;}\" data-image-title=\"_H5A7011\" data-image-description=\"\" data-image-caption=\"&lt;p&gt;Imagem: Josu\u00e9 J\u00fanior\/PMP&lt;\/p&gt;\n\" data-medium-file=\"https:\/\/www.paudalho.pe.gov.br\/portal\/wp-content\/uploads\/2023\/11\/H5A7011-350x230.jpg\" data-large-file=\"https:\/\/www.paudalho.pe.gov.br\/portal\/wp-content\/uploads\/2023\/11\/H5A7011-800x450.jpg\" data-id=\"30177\" src=\"https:\/\/www.paudalho.pe.gov.br\/portal\/wp-content\/uploads\/2023\/11\/H5A7011-800x450.jpg\" alt=\"\" class=\"wp-image-30177\"\/><figcaption class=\"wp-element-caption\">Imagem: Josu\u00e9 J\u00fanior\/PMP<\/figcaption><\/figure>\n\n\n\n<figure class=\"wp-block-image size-large\"><img loading=\"lazy\" decoding=\"async\" width=\"800\" height=\"450\" data-attachment-id=\"30179\" data-permalink=\"https:\/\/www.paudalho.pe.gov.br\/portal\/vai-ser-otimo-para-todas-as-criancas-que-vao-ter-um-espaco-maior-para-brincar-e-se-divertir-diz-moradora-sobre-a-inauguracao-da-quadra-poliesportiva-da-escola-municipal-sinho-bandeira\/_h5a6987\/\" data-orig-file=\"https:\/\/www.paudalho.pe.gov.br\/portal\/wp-content\/uploads\/2023\/11\/H5A6987-scaled.jpg\" data-orig-size=\"2560,1707\" data-comments-opened=\"1\" data-image-meta=\"{&quot;aperture&quot;:&quot;3.5&quot;,&quot;credit&quot;:&quot;CHARLES JOHNSON&quot;,&quot;camera&quot;:&quot;Canon EOS 5D Mark IV&quot;,&quot;caption&quot;:&quot;&quot;,&quot;created_timestamp&quot;:&quot;1700596473&quot;,&quot;copyright&quot;:&quot;CHARLES JOHNSON 81 986016133&quot;,&quot;focal_length&quot;:&quot;24&quot;,&quot;iso&quot;:&quot;6400&quot;,&quot;shutter_speed&quot;:&quot;0.003125&quot;,&quot;title&quot;:&quot;&quot;,&quot;orientation&quot;:&quot;1&quot;}\" data-image-title=\"_H5A6987\" data-image-description=\"\" data-image-caption=\"&lt;p&gt;Imagem: Josu\u00e9 J\u00fanior\/PMP&lt;\/p&gt;\n\" data-medium-file=\"https:\/\/www.paudalho.pe.gov.br\/portal\/wp-content\/uploads\/2023\/11\/H5A6987-350x230.jpg\" data-large-file=\"https:\/\/www.paudalho.pe.gov.br\/portal\/wp-content\/uploads\/2023\/11\/H5A6987-800x450.jpg\" data-id=\"30179\" src=\"https:\/\/www.paudalho.pe.gov.br\/portal\/wp-content\/uploads\/2023\/11\/H5A6987-800x450.jpg\" alt=\"\" class=\"wp-image-30179\"\/><figcaption class=\"wp-element-caption\">Imagem: Josu\u00e9 J\u00fanior\/PMP<\/figcaption><\/figure>\n\n\n\n<figure class=\"wp-block-image size-large\"><img loading=\"lazy\" decoding=\"async\" width=\"800\" height=\"450\" data-attachment-id=\"30182\" data-permalink=\"https:\/\/www.paudalho.pe.gov.br\/portal\/vai-ser-otimo-para-todas-as-criancas-que-vao-ter-um-espaco-maior-para-brincar-e-se-divertir-diz-moradora-sobre-a-inauguracao-da-quadra-poliesportiva-da-escola-municipal-sinho-bandeira\/_h5a6939\/\" data-orig-file=\"https:\/\/www.paudalho.pe.gov.br\/portal\/wp-content\/uploads\/2023\/11\/H5A6939-scaled.jpg\" data-orig-size=\"2560,1707\" data-comments-opened=\"1\" data-image-meta=\"{&quot;aperture&quot;:&quot;2.8&quot;,&quot;credit&quot;:&quot;CHARLES JOHNSON&quot;,&quot;camera&quot;:&quot;Canon EOS 5D Mark IV&quot;,&quot;caption&quot;:&quot;&quot;,&quot;created_timestamp&quot;:&quot;1700596117&quot;,&quot;copyright&quot;:&quot;CHARLES JOHNSON 81 986016133&quot;,&quot;focal_length&quot;:&quot;24&quot;,&quot;iso&quot;:&quot;2500&quot;,&quot;shutter_speed&quot;:&quot;0.008&quot;,&quot;title&quot;:&quot;&quot;,&quot;orientation&quot;:&quot;1&quot;}\" data-image-title=\"_H5A6939\" data-image-description=\"\" data-image-caption=\"&lt;p&gt;Imagem: Josu\u00e9 J\u00fanior\/PMP&lt;\/p&gt;\n\" data-medium-file=\"https:\/\/www.paudalho.pe.gov.br\/portal\/wp-content\/uploads\/2023\/11\/H5A6939-350x230.jpg\" data-large-file=\"https:\/\/www.paudalho.pe.gov.br\/portal\/wp-content\/uploads\/2023\/11\/H5A6939-800x450.jpg\" data-id=\"30182\" src=\"https:\/\/www.paudalho.pe.gov.br\/portal\/wp-content\/uploads\/2023\/11\/H5A6939-800x450.jpg\" alt=\"\" class=\"wp-image-30182\"\/><figcaption class=\"wp-element-caption\">Imagem: Josu\u00e9 J\u00fanior\/PMP<\/figcaption><\/figure>\n\n\n\n<figure class=\"wp-block-image size-large\"><img loading=\"lazy\" decoding=\"async\" width=\"800\" height=\"450\" data-attachment-id=\"30187\" data-permalink=\"https:\/\/www.paudalho.pe.gov.br\/portal\/vai-ser-otimo-para-todas-as-criancas-que-vao-ter-um-espaco-maior-para-brincar-e-se-divertir-diz-moradora-sobre-a-inauguracao-da-quadra-poliesportiva-da-escola-municipal-sinho-bandeira\/_h5a6852\/\" data-orig-file=\"https:\/\/www.paudalho.pe.gov.br\/portal\/wp-content\/uploads\/2023\/11\/H5A6852-scaled.jpg\" data-orig-size=\"2560,1707\" data-comments-opened=\"1\" data-image-meta=\"{&quot;aperture&quot;:&quot;5.6&quot;,&quot;credit&quot;:&quot;CHARLES JOHNSON&quot;,&quot;camera&quot;:&quot;Canon EOS 5D Mark IV&quot;,&quot;caption&quot;:&quot;&quot;,&quot;created_timestamp&quot;:&quot;1700590225&quot;,&quot;copyright&quot;:&quot;CHARLES JOHNSON 81 986016133&quot;,&quot;focal_length&quot;:&quot;24&quot;,&quot;iso&quot;:&quot;3200&quot;,&quot;shutter_speed&quot;:&quot;0.01&quot;,&quot;title&quot;:&quot;&quot;,&quot;orientation&quot;:&quot;1&quot;}\" data-image-title=\"_H5A6852\" data-image-description=\"\" data-image-caption=\"&lt;p&gt;Imagem: Josu\u00e9 J\u00fanior\/PMP&lt;\/p&gt;\n\" data-medium-file=\"https:\/\/www.paudalho.pe.gov.br\/portal\/wp-content\/uploads\/2023\/11\/H5A6852-350x230.jpg\" data-large-file=\"https:\/\/www.paudalho.pe.gov.br\/portal\/wp-content\/uploads\/2023\/11\/H5A6852-800x450.jpg\" data-id=\"30187\" src=\"https:\/\/www.paudalho.pe.gov.br\/portal\/wp-content\/uploads\/2023\/11\/H5A6852-800x450.jpg\" alt=\"\" class=\"wp-image-30187\"\/><figcaption class=\"wp-element-caption\">Imagem: Josu\u00e9 J\u00fanior\/PMP<\/figcaption><\/figure>\n\n\n\n<figure class=\"wp-block-image size-large\"><img loading=\"lazy\" decoding=\"async\" width=\"800\" height=\"450\" data-attachment-id=\"30188\" data-permalink=\"https:\/\/www.paudalho.pe.gov.br\/portal\/vai-ser-otimo-para-todas-as-criancas-que-vao-ter-um-espaco-maior-para-brincar-e-se-divertir-diz-moradora-sobre-a-inauguracao-da-quadra-poliesportiva-da-escola-municipal-sinho-bandeira\/_h5a6848\/\" data-orig-file=\"https:\/\/www.paudalho.pe.gov.br\/portal\/wp-content\/uploads\/2023\/11\/H5A6848-scaled.jpg\" data-orig-size=\"2560,1707\" data-comments-opened=\"1\" data-image-meta=\"{&quot;aperture&quot;:&quot;4.5&quot;,&quot;credit&quot;:&quot;CHARLES JOHNSON&quot;,&quot;camera&quot;:&quot;Canon EOS 5D Mark IV&quot;,&quot;caption&quot;:&quot;&quot;,&quot;created_timestamp&quot;:&quot;1700590059&quot;,&quot;copyright&quot;:&quot;CHARLES JOHNSON 81 986016133&quot;,&quot;focal_length&quot;:&quot;24&quot;,&quot;iso&quot;:&quot;3200&quot;,&quot;shutter_speed&quot;:&quot;0.01&quot;,&quot;title&quot;:&quot;&quot;,&quot;orientation&quot;:&quot;1&quot;}\" data-image-title=\"_H5A6848\" data-image-description=\"\" data-image-caption=\"&lt;p&gt;Imagem: Josu\u00e9 J\u00fanior\/PMP&lt;\/p&gt;\n\" data-medium-file=\"https:\/\/www.paudalho.pe.gov.br\/portal\/wp-content\/uploads\/2023\/11\/H5A6848-350x230.jpg\" data-large-file=\"https:\/\/www.paudalho.pe.gov.br\/portal\/wp-content\/uploads\/2023\/11\/H5A6848-800x450.jpg\" data-id=\"30188\" src=\"https:\/\/www.paudalho.pe.gov.br\/portal\/wp-content\/uploads\/2023\/11\/H5A6848-800x450.jpg\" alt=\"\" class=\"wp-image-30188\"\/><figcaption class=\"wp-element-caption\">Imagem: Josu\u00e9 J\u00fanior\/PMP<\/figcaption><\/figure>\n<\/figure>\n\n\n\n<p>O munic\u00edpio segue com diversas obras voltadas para a educa\u00e7\u00e3o e esportes, como as novas quadras das comunidades de Ch\u00e3 Alegre, Rosarinho e Ch\u00e3 do Ouro; al\u00e9m da constru\u00e7\u00e3o da nova Escola Municipal de Guadalajara, nova Escola Municipal de Asa Branca e da nova Escola Municipal de Bel\u00e9m.<\/p>\n","protected":false},"excerpt":{"rendered":"<p>&#8220;Vai ser \u00f3timo para todas as crian\u00e7as que v\u00e3o ter um espa\u00e7o maior para brincar e se divertir, sem falar na recompensa que elas v\u00e3o ter. O desenvolvimento delas vai ser bem melhor\u201d, destacou Rafaela Rita, 33 anos, empreendedora e m\u00e3e de um dos alunos da Escola Municipal Sinh\u00f4 Bandeira, que recebeu, na \u00faltima ter\u00e7a-feira [&hellip;]<\/p>\n","protected":false},"author":10,"featured_media":30178,"comment_status":"open","ping_status":"open","sticky":false,"template":"","format":"standard","meta":{"_jetpack_newsletter_access":"","_jetpack_dont_email_post_to_subs":false,"_jetpack_newsletter_tier_id":0,"_jetpack_memberships_contains_paywalled_content":false,"_jetpack_memberships_contains_paid_content":false,"footnotes":""},"categories":[2,520,35],"tags":[30,36,14,22,1279,106,1201],"class_list":["post-30127","post","type-post","status-publish","format-standard","has-post-thumbnail","hentry","category-destaque","category-educacao-2","category-obras","tag-educacao","tag-obras","tag-paudalho","tag-prefeitura-do-paudalho","tag-quadra-poliesportiva-da-escola-municipal-sinho-bandeira","tag-secretaria-de-educacao","tag-secretaria-de-educacao-e-esportes"],"jetpack_featured_media_url":"https:\/\/www.paudalho.pe.gov.br\/portal\/wp-content\/uploads\/2023\/11\/H5A7010-scaled.jpg","jetpack_sharing_enabled":true,"jetpack_shortlink":"https:\/\/wp.me\/p98mS2-7PV","_links":{"self":[{"href":"https:\/\/www.paudalho.pe.gov.br\/portal\/wp-json\/wp\/v2\/posts\/30127","targetHints":{"allow":["GET"]}}],"collection":[{"href":"https:\/\/www.paudalho.pe.gov.br\/portal\/wp-json\/wp\/v2\/posts"}],"about":[{"href":"https:\/\/www.paudalho.pe.gov.br\/portal\/wp-json\/wp\/v2\/types\/post"}],"author":[{"embeddable":true,"href":"https:\/\/www.paudalho.pe.gov.br\/portal\/wp-json\/wp\/v2\/users\/10"}],"replies":[{"embeddable":true,"href":"https:\/\/www.paudalho.pe.gov.br\/portal\/wp-json\/wp\/v2\/comments?post=30127"}],"version-history":[{"count":5,"href":"https:\/\/www.paudalho.pe.gov.br\/portal\/wp-json\/wp\/v2\/posts\/30127\/revisions"}],"predecessor-version":[{"id":30230,"href":"https:\/\/www.paudalho.pe.gov.br\/portal\/wp-json\/wp\/v2\/posts\/30127\/revisions\/30230"}],"wp:featuredmedia":[{"embeddable":true,"href":"https:\/\/www.paudalho.pe.gov.br\/portal\/wp-json\/wp\/v2\/media\/30178"}],"wp:attachment":[{"href":"https:\/\/www.paudalho.pe.gov.br\/portal\/wp-json\/wp\/v2\/media?parent=30127"}],"wp:term":[{"taxonomy":"category","embeddable":true,"href":"https:\/\/www.paudalho.pe.gov.br\/portal\/wp-json\/wp\/v2\/categories?post=30127"},{"taxonomy":"post_tag","embeddable":true,"href":"https:\/\/www.paudalho.pe.gov.br\/portal\/wp-json\/wp\/v2\/tags?post=30127"}],"curies":[{"name":"wp","href":"https:\/\/api.w.org\/{rel}","templated":true}]}}