{"id":30123,"date":"2023-11-23T12:05:03","date_gmt":"2023-11-23T15:05:03","guid":{"rendered":"https:\/\/www.paudalho.pe.gov.br\/portal\/?p=30123"},"modified":"2025-01-08T00:38:25","modified_gmt":"2025-01-08T03:38:25","slug":"contra-o-racismo-e-preconceito-religioso-a-iii-caminhada-dos-terreiros-de-paudalho-acontece-neste-domingo26","status":"publish","type":"post","link":"https:\/\/www.paudalho.pe.gov.br\/portal\/contra-o-racismo-e-preconceito-religioso-a-iii-caminhada-dos-terreiros-de-paudalho-acontece-neste-domingo26\/","title":{"rendered":"Contra o racismo e o preconceito religioso, a III Caminhada dos Terreiros de Paudalho acontece neste domingo(26)"},"content":{"rendered":"\n<p>Com apoio da Prefeitura do Paudalho, atrav\u00e9s da Secretaria Municipal de Cultura, Turismo, Lazer e Juventude e Secretaria Municipal de Educa\u00e7\u00e3o e Esportes, a Associa\u00e7\u00e3o Mista do Culto Afro Brasileiro (Amcab) promove a III Caminhada dos Terreiros de Paudalho 2023, no pr\u00f3ximo domingo (26), com sa\u00edda \u00e0s 15h, da concentra\u00e7\u00e3o na Pra\u00e7a do Ros\u00e1rio, localizada no Centro do munic\u00edpio.<\/p>\n\n\n\n<p>Com a caminhada, os povos tradicionais de terreiros buscam mobilizar o munic\u00edpio e conscientizar a popula\u00e7\u00e3o em favor da liberdade de culto, contra a intoler\u00e2ncia religiosa, preconceito e racismo.<\/p>\n","protected":false},"excerpt":{"rendered":"<p>Com apoio da Prefeitura do Paudalho, atrav\u00e9s da Secretaria Municipal de Cultura, Turismo, Lazer e Juventude e Secretaria Municipal de Educa\u00e7\u00e3o e Esportes, a Associa\u00e7\u00e3o Mista do Culto Afro Brasileiro (Amcab) promove a III Caminhada dos Terreiros de Paudalho 2023, no pr\u00f3ximo domingo (26), com sa\u00edda \u00e0s 15h, da concentra\u00e7\u00e3o na Pra\u00e7a do Ros\u00e1rio, localizada [&hellip;]<\/p>\n","protected":false},"author":10,"featured_media":30240,"comment_status":"open","ping_status":"open","sticky":false,"template":"","format":"standard","meta":{"_jetpack_newsletter_access":"","_jetpack_dont_email_post_to_subs":false,"_jetpack_newsletter_tier_id":0,"_jetpack_memberships_contains_paywalled_content":false,"_jetpack_memberships_contains_paid_content":false,"footnotes":""},"categories":[6,2,1],"tags":[1281,68,1283,14,22,1282],"class_list":["post-30123","post","type-post","status-publish","format-standard","has-post-thumbnail","hentry","category-cultura","category-destaque","category-noticias","tag-caminhada-de-terreiros","tag-cultura","tag-mes-da-consciencia-negra","tag-paudalho","tag-prefeitura-do-paudalho","tag-terreiros"],"jetpack_featured_media_url":"https:\/\/www.paudalho.pe.gov.br\/portal\/wp-content\/uploads\/2023\/11\/IMG_4769-e1700751826329.jpg","jetpack_sharing_enabled":true,"jetpack_shortlink":"https:\/\/wp.me\/p98mS2-7PR","_links":{"self":[{"href":"https:\/\/www.paudalho.pe.gov.br\/portal\/wp-json\/wp\/v2\/posts\/30123","targetHints":{"allow":["GET"]}}],"collection":[{"href":"https:\/\/www.paudalho.pe.gov.br\/portal\/wp-json\/wp\/v2\/posts"}],"about":[{"href":"https:\/\/www.paudalho.pe.gov.br\/portal\/wp-json\/wp\/v2\/types\/post"}],"author":[{"embeddable":true,"href":"https:\/\/www.paudalho.pe.gov.br\/portal\/wp-json\/wp\/v2\/users\/10"}],"replies":[{"embeddable":true,"href":"https:\/\/www.paudalho.pe.gov.br\/portal\/wp-json\/wp\/v2\/comments?post=30123"}],"version-history":[{"count":6,"href":"https:\/\/www.paudalho.pe.gov.br\/portal\/wp-json\/wp\/v2\/posts\/30123\/revisions"}],"predecessor-version":[{"id":30242,"href":"https:\/\/www.paudalho.pe.gov.br\/portal\/wp-json\/wp\/v2\/posts\/30123\/revisions\/30242"}],"wp:featuredmedia":[{"embeddable":true,"href":"https:\/\/www.paudalho.pe.gov.br\/portal\/wp-json\/wp\/v2\/media\/30240"}],"wp:attachment":[{"href":"https:\/\/www.paudalho.pe.gov.br\/portal\/wp-json\/wp\/v2\/media?parent=30123"}],"wp:term":[{"taxonomy":"category","embeddable":true,"href":"https:\/\/www.paudalho.pe.gov.br\/portal\/wp-json\/wp\/v2\/categories?post=30123"},{"taxonomy":"post_tag","embeddable":true,"href":"https:\/\/www.paudalho.pe.gov.br\/portal\/wp-json\/wp\/v2\/tags?post=30123"}],"curies":[{"name":"wp","href":"https:\/\/api.w.org\/{rel}","templated":true}]}}