{"id":30060,"date":"2023-11-13T20:00:00","date_gmt":"2023-11-13T23:00:00","guid":{"rendered":"https:\/\/www.paudalho.pe.gov.br\/portal\/?p=30060"},"modified":"2025-01-08T00:38:26","modified_gmt":"2025-01-08T03:38:26","slug":"prefeitura-do-paudalho-lanca-relacao-definitiva-dos-habilitados-e-inabilitados-da-fase-1-na-lei-paulo-gustavo","status":"publish","type":"post","link":"https:\/\/www.paudalho.pe.gov.br\/portal\/prefeitura-do-paudalho-lanca-relacao-definitiva-dos-habilitados-e-inabilitados-da-fase-1-na-lei-paulo-gustavo\/","title":{"rendered":"Prefeitura do Paudalho lan\u00e7a rela\u00e7\u00e3o definitiva dos habilitados e inabilitados da fase 1 na Lei Paulo Gustavo"},"content":{"rendered":"\n<p>A Prefeitura de Paudalho, atrav\u00e9s da Secret\u00e1ria de Cultura, Turismo, Lazer e Juventude,\u00a0divulga a rela\u00e7\u00e3o definitiva dos habilitados e inabilitados da fase 1 na Lei Paulo Gustavo.<\/p>\n\n\n\n<p><strong>Confira a rela\u00e7\u00e3o definitiva dos habilitados e inabilitados da fase 1 na Lei Paudalho Gustavo:<\/strong><\/p>\n\n\n\n<div data-wp-interactive=\"core\/file\" class=\"wp-block-file\"><object data-wp-bind--hidden=\"!state.hasPdfPreview\" hidden class=\"wp-block-file__embed\" data=\"https:\/\/www.paudalho.pe.gov.br\/portal\/wp-content\/uploads\/2023\/11\/Publicacao-HABILITADOS-e-INABILITADOS-da-Paulo-Gustavo-Multicultural-ELVIRA-GUSMAO-Definitivo-13.11.23.pdf\" type=\"application\/pdf\" style=\"width:100%;height:600px\" aria-label=\"Incorporado de Publicacao-HABILITADOS-e-INABILITADOS-da-Paulo-Gustavo-Multicultural-ELVIRA-GUSMAO-Definitivo-13.11.23.\"><\/object><a id=\"wp-block-file--media-c11e8108-4e84-44fb-8021-bd0395f2a533\" href=\"https:\/\/www.paudalho.pe.gov.br\/portal\/wp-content\/uploads\/2023\/11\/Publicacao-HABILITADOS-e-INABILITADOS-da-Paulo-Gustavo-Multicultural-ELVIRA-GUSMAO-Definitivo-13.11.23.pdf\">Publicacao-HABILITADOS-e-INABILITADOS-da-Paulo-Gustavo-Multicultural-ELVIRA-GUSMAO-Definitivo-13.11.23<\/a><a href=\"https:\/\/www.paudalho.pe.gov.br\/portal\/wp-content\/uploads\/2023\/11\/Publicacao-HABILITADOS-e-INABILITADOS-da-Paulo-Gustavo-Multicultural-ELVIRA-GUSMAO-Definitivo-13.11.23.pdf\" class=\"wp-block-file__button wp-element-button\" download aria-describedby=\"wp-block-file--media-c11e8108-4e84-44fb-8021-bd0395f2a533\">Baixar<\/a><\/div>\n\n\n\n<div data-wp-interactive=\"core\/file\" class=\"wp-block-file\"><object data-wp-bind--hidden=\"!state.hasPdfPreview\" hidden class=\"wp-block-file__embed\" data=\"https:\/\/www.paudalho.pe.gov.br\/portal\/wp-content\/uploads\/2023\/11\/Publicacao-HABILITADOS-e-INABILITADOS-da-Paulo-Gustavo-Audiovisual-JEFF-MANDU-Defintivo-13.11.23.pdf\" type=\"application\/pdf\" style=\"width:100%;height:600px\" aria-label=\"Incorporado de Publicacao-HABILITADOS-e-INABILITADOS-da-Paulo-Gustavo-Audiovisual-JEFF-MANDU-Defintivo-13.11.23.\"><\/object><a id=\"wp-block-file--media-f7f1c09b-4aea-4985-b7cf-9f634ea46ed3\" href=\"https:\/\/www.paudalho.pe.gov.br\/portal\/wp-content\/uploads\/2023\/11\/Publicacao-HABILITADOS-e-INABILITADOS-da-Paulo-Gustavo-Audiovisual-JEFF-MANDU-Defintivo-13.11.23.pdf\">Publicacao-HABILITADOS-e-INABILITADOS-da-Paulo-Gustavo-Audiovisual-JEFF-MANDU-Defintivo-13.11.23<\/a><a href=\"https:\/\/www.paudalho.pe.gov.br\/portal\/wp-content\/uploads\/2023\/11\/Publicacao-HABILITADOS-e-INABILITADOS-da-Paulo-Gustavo-Audiovisual-JEFF-MANDU-Defintivo-13.11.23.pdf\" class=\"wp-block-file__button wp-element-button\" download aria-describedby=\"wp-block-file--media-f7f1c09b-4aea-4985-b7cf-9f634ea46ed3\">Baixar<\/a><\/div>\n","protected":false},"excerpt":{"rendered":"<p>A Prefeitura de Paudalho, atrav\u00e9s da Secret\u00e1ria de Cultura, Turismo, Lazer e Juventude,\u00a0divulga a rela\u00e7\u00e3o definitiva dos habilitados e inabilitados da fase 1 na Lei Paulo Gustavo. Confira a rela\u00e7\u00e3o definitiva dos habilitados e inabilitados da fase 1 na Lei Paudalho Gustavo:<\/p>\n","protected":false},"author":10,"featured_media":29914,"comment_status":"open","ping_status":"open","sticky":false,"template":"","format":"standard","meta":{"_jetpack_newsletter_access":"","_jetpack_dont_email_post_to_subs":false,"_jetpack_newsletter_tier_id":0,"_jetpack_memberships_contains_paywalled_content":false,"_jetpack_memberships_contains_paid_content":false,"footnotes":""},"categories":[6,2,1],"tags":[68,1193,14,22],"class_list":["post-30060","post","type-post","status-publish","format-standard","has-post-thumbnail","hentry","category-cultura","category-destaque","category-noticias","tag-cultura","tag-lei-paulo-gustavo","tag-paudalho","tag-prefeitura-do-paudalho"],"jetpack_featured_media_url":"https:\/\/www.paudalho.pe.gov.br\/portal\/wp-content\/uploads\/2023\/11\/H5A3265-scaled.jpg","jetpack_sharing_enabled":true,"jetpack_shortlink":"https:\/\/wp.me\/p98mS2-7OQ","_links":{"self":[{"href":"https:\/\/www.paudalho.pe.gov.br\/portal\/wp-json\/wp\/v2\/posts\/30060","targetHints":{"allow":["GET"]}}],"collection":[{"href":"https:\/\/www.paudalho.pe.gov.br\/portal\/wp-json\/wp\/v2\/posts"}],"about":[{"href":"https:\/\/www.paudalho.pe.gov.br\/portal\/wp-json\/wp\/v2\/types\/post"}],"author":[{"embeddable":true,"href":"https:\/\/www.paudalho.pe.gov.br\/portal\/wp-json\/wp\/v2\/users\/10"}],"replies":[{"embeddable":true,"href":"https:\/\/www.paudalho.pe.gov.br\/portal\/wp-json\/wp\/v2\/comments?post=30060"}],"version-history":[{"count":3,"href":"https:\/\/www.paudalho.pe.gov.br\/portal\/wp-json\/wp\/v2\/posts\/30060\/revisions"}],"predecessor-version":[{"id":30115,"href":"https:\/\/www.paudalho.pe.gov.br\/portal\/wp-json\/wp\/v2\/posts\/30060\/revisions\/30115"}],"wp:featuredmedia":[{"embeddable":true,"href":"https:\/\/www.paudalho.pe.gov.br\/portal\/wp-json\/wp\/v2\/media\/29914"}],"wp:attachment":[{"href":"https:\/\/www.paudalho.pe.gov.br\/portal\/wp-json\/wp\/v2\/media?parent=30060"}],"wp:term":[{"taxonomy":"category","embeddable":true,"href":"https:\/\/www.paudalho.pe.gov.br\/portal\/wp-json\/wp\/v2\/categories?post=30060"},{"taxonomy":"post_tag","embeddable":true,"href":"https:\/\/www.paudalho.pe.gov.br\/portal\/wp-json\/wp\/v2\/tags?post=30060"}],"curies":[{"name":"wp","href":"https:\/\/api.w.org\/{rel}","templated":true}]}}