{"id":30045,"date":"2023-11-09T15:34:36","date_gmt":"2023-11-09T18:34:36","guid":{"rendered":"https:\/\/www.paudalho.pe.gov.br\/portal\/?p=30045"},"modified":"2025-01-08T00:38:26","modified_gmt":"2025-01-08T03:38:26","slug":"prefeitura-do-paudalho-divulga-errata-da-relacao-de-habilitados-e-inabilitados-na-fase-1-dos-editais-a-lei-paulo-gustavo","status":"publish","type":"post","link":"https:\/\/www.paudalho.pe.gov.br\/portal\/prefeitura-do-paudalho-divulga-errata-da-relacao-de-habilitados-e-inabilitados-na-fase-1-dos-editais-a-lei-paulo-gustavo\/","title":{"rendered":"Prefeitura do Paudalho divulga errata da rela\u00e7\u00e3o de habilitados e inabilitados na fase 1 dos editais a Lei Paulo Gustavo"},"content":{"rendered":"\n<p>A Prefeitura de Paudalho, atrav\u00e9s da Secret\u00e1ria de Cultura, Turismo, Lazer e Juventude,\u00a0divulga errata a rela\u00e7\u00e3o de habilitados e inabilitados na fase 1 dos editais a Lei Paulo Gustavo, em que disponibiliza aos inabilitados o anexo VI, dispon\u00edvel no Edital para Pedido de Recurso.<\/p>\n\n\n\n<p><strong>Confira a errata da rela\u00e7\u00e3o de habilitados e inabilitados da fase 1 do Edital Multicultural Elvira Gusm\u00e3o:<\/strong><\/p>\n\n\n\n<div data-wp-interactive=\"core\/file\" class=\"wp-block-file\"><object data-wp-bind--hidden=\"!state.hasPdfPreview\" hidden class=\"wp-block-file__embed\" data=\"https:\/\/www.paudalho.pe.gov.br\/portal\/wp-content\/uploads\/2023\/11\/Publicacao-HABILITADOS-e-INABILITADOS-da-Paulo-Gustavo-Multicultural-ELVIRA-GUSMAO-09.11-1.pdf\" type=\"application\/pdf\" style=\"width:100%;height:600px\" aria-label=\"Incorporado de Publicacao-HABILITADOS-e-INABILITADOS-da-Paulo-Gustavo-Multicultural-ELVIRA-GUSMAO-09.11-1.\"><\/object><a id=\"wp-block-file--media-110bce49-b4ef-442e-9f29-dff40ed28a54\" href=\"https:\/\/www.paudalho.pe.gov.br\/portal\/wp-content\/uploads\/2023\/11\/Publicacao-HABILITADOS-e-INABILITADOS-da-Paulo-Gustavo-Multicultural-ELVIRA-GUSMAO-09.11-1.pdf\">Publicacao-HABILITADOS-e-INABILITADOS-da-Paulo-Gustavo-Multicultural-ELVIRA-GUSMAO-09.11-1<\/a><a href=\"https:\/\/www.paudalho.pe.gov.br\/portal\/wp-content\/uploads\/2023\/11\/Publicacao-HABILITADOS-e-INABILITADOS-da-Paulo-Gustavo-Multicultural-ELVIRA-GUSMAO-09.11-1.pdf\" class=\"wp-block-file__button wp-element-button\" download aria-describedby=\"wp-block-file--media-110bce49-b4ef-442e-9f29-dff40ed28a54\">Baixar<\/a><\/div>\n\n\n\n<p><strong>Confira a errata da rela\u00e7\u00e3o de habilitados e inabilitados da fase 1 do Edital Audiovisual Jeff Mand\u00fa:<\/strong><\/p>\n\n\n\n<div data-wp-interactive=\"core\/file\" class=\"wp-block-file\"><object data-wp-bind--hidden=\"!state.hasPdfPreview\" hidden class=\"wp-block-file__embed\" data=\"https:\/\/www.paudalho.pe.gov.br\/portal\/wp-content\/uploads\/2023\/11\/Publicacao-HABILITADOS-e-INABILITADOS-da-Paulo-Gustavo-Audiovisual-JEFF-MANDU-09.11.pdf\" type=\"application\/pdf\" style=\"width:100%;height:600px\" aria-label=\"Incorporado de Publicacao-HABILITADOS-e-INABILITADOS-da-Paulo-Gustavo-Audiovisual-JEFF-MANDU-09.11.\"><\/object><a id=\"wp-block-file--media-234dd731-794a-4319-a38d-3fb20baa4dcf\" href=\"https:\/\/www.paudalho.pe.gov.br\/portal\/wp-content\/uploads\/2023\/11\/Publicacao-HABILITADOS-e-INABILITADOS-da-Paulo-Gustavo-Audiovisual-JEFF-MANDU-09.11.pdf\">Publicacao-HABILITADOS-e-INABILITADOS-da-Paulo-Gustavo-Audiovisual-JEFF-MANDU-09.11<\/a><a href=\"https:\/\/www.paudalho.pe.gov.br\/portal\/wp-content\/uploads\/2023\/11\/Publicacao-HABILITADOS-e-INABILITADOS-da-Paulo-Gustavo-Audiovisual-JEFF-MANDU-09.11.pdf\" class=\"wp-block-file__button wp-element-button\" download aria-describedby=\"wp-block-file--media-234dd731-794a-4319-a38d-3fb20baa4dcf\">Baixar<\/a><\/div>\n","protected":false},"excerpt":{"rendered":"<p>A Prefeitura de Paudalho, atrav\u00e9s da Secret\u00e1ria de Cultura, Turismo, Lazer e Juventude,\u00a0divulga errata a rela\u00e7\u00e3o de habilitados e inabilitados na fase 1 dos editais a Lei Paulo Gustavo, em que disponibiliza aos inabilitados o anexo VI, dispon\u00edvel no Edital para Pedido de Recurso. Confira a errata da rela\u00e7\u00e3o de habilitados e inabilitados da fase [&hellip;]<\/p>\n","protected":false},"author":10,"featured_media":30048,"comment_status":"open","ping_status":"open","sticky":false,"template":"","format":"standard","meta":{"_jetpack_newsletter_access":"","_jetpack_dont_email_post_to_subs":false,"_jetpack_newsletter_tier_id":0,"_jetpack_memberships_contains_paywalled_content":false,"_jetpack_memberships_contains_paid_content":false,"footnotes":""},"categories":[1184,2,1],"tags":[68,14,22],"class_list":["post-30045","post","type-post","status-publish","format-standard","has-post-thumbnail","hentry","category-cultura-2","category-destaque","category-noticias","tag-cultura","tag-paudalho","tag-prefeitura-do-paudalho"],"jetpack_featured_media_url":"https:\/\/www.paudalho.pe.gov.br\/portal\/wp-content\/uploads\/2023\/11\/H5A1640-scaled.jpg","jetpack_sharing_enabled":true,"jetpack_shortlink":"https:\/\/wp.me\/p98mS2-7OB","_links":{"self":[{"href":"https:\/\/www.paudalho.pe.gov.br\/portal\/wp-json\/wp\/v2\/posts\/30045","targetHints":{"allow":["GET"]}}],"collection":[{"href":"https:\/\/www.paudalho.pe.gov.br\/portal\/wp-json\/wp\/v2\/posts"}],"about":[{"href":"https:\/\/www.paudalho.pe.gov.br\/portal\/wp-json\/wp\/v2\/types\/post"}],"author":[{"embeddable":true,"href":"https:\/\/www.paudalho.pe.gov.br\/portal\/wp-json\/wp\/v2\/users\/10"}],"replies":[{"embeddable":true,"href":"https:\/\/www.paudalho.pe.gov.br\/portal\/wp-json\/wp\/v2\/comments?post=30045"}],"version-history":[{"count":1,"href":"https:\/\/www.paudalho.pe.gov.br\/portal\/wp-json\/wp\/v2\/posts\/30045\/revisions"}],"predecessor-version":[{"id":30049,"href":"https:\/\/www.paudalho.pe.gov.br\/portal\/wp-json\/wp\/v2\/posts\/30045\/revisions\/30049"}],"wp:featuredmedia":[{"embeddable":true,"href":"https:\/\/www.paudalho.pe.gov.br\/portal\/wp-json\/wp\/v2\/media\/30048"}],"wp:attachment":[{"href":"https:\/\/www.paudalho.pe.gov.br\/portal\/wp-json\/wp\/v2\/media?parent=30045"}],"wp:term":[{"taxonomy":"category","embeddable":true,"href":"https:\/\/www.paudalho.pe.gov.br\/portal\/wp-json\/wp\/v2\/categories?post=30045"},{"taxonomy":"post_tag","embeddable":true,"href":"https:\/\/www.paudalho.pe.gov.br\/portal\/wp-json\/wp\/v2\/tags?post=30045"}],"curies":[{"name":"wp","href":"https:\/\/api.w.org\/{rel}","templated":true}]}}